{"id":33437,"date":"2023-09-11T23:27:56","date_gmt":"2023-09-12T02:27:56","guid":{"rendered":"https:\/\/larevistadigital.com.ar\/blog\/?p=33437"},"modified":"2023-09-11T23:27:56","modified_gmt":"2023-09-12T02:27:56","slug":"mar-del-plata-apunalo-a-su-primo-con-un-destornillador","status":"publish","type":"post","link":"https:\/\/larevistadigital.com.ar\/blog\/mar-del-plata-apunalo-a-su-primo-con-un-destornillador\/","title":{"rendered":"MAR DEL PLATA: APU\u00d1AL\u00d3 A SU PRIMO CON UN DESTORNILLADOR"},"content":{"rendered":"<h2 class=\"intro\">El agresor de 27 a\u00f1os qued\u00f3 alojado en la Unidad Pena N\u00b044 de Bat\u00e1n imputado de homicidio en grado de tentativa.<\/h2>\n<p>11 de septiembre de 2023<\/p>\n<p><strong>MAR DEL PLATA &#8211;\u00a0 <\/strong>Un hombre de 27 a\u00f1os que el lunes por la tarde, apu\u00f1al\u00f3 con un destornillador a su primo fue aprehendido por personal policial tras un llamado al 911. Imputado del delito de homicidio en grado de tentativa deber\u00e1 declarar este martes en Tribunales.<\/p>\n<blockquote>\n<h3>Autoridades policiales confirmaron que tras el alerta a la Central de Emergencias sobre un conflicto de instancias privadas, personal de la comisar\u00eda tercera lleg\u00f3 a la zona de Irala y Cerrito. All\u00ed redujeron al sujeto que con un destornillador apu\u00f1al\u00f3 por la espalda a su primo.<\/h3>\n<\/blockquote>\n<p><em><strong>\u201cLa v\u00edctima fue trasladada por familiares en veh\u00edculo particular, lucido y consciente al Hospital Interzonal General de Agudos (Higa) donde qued\u00f3 internado bajo evaluaci\u00f3n m\u00e9dica\u201d<\/strong><\/em>, agregaron.<\/p>\n<div class=\"link_nota_propia\">\n<p class=\"subtitulo\">\n<\/div>\n","protected":false},"excerpt":{"rendered":"<div class=\"mh-excerpt\"><p>El agresor de 27 a\u00f1os qued\u00f3 alojado en la Unidad Pena N\u00b044 de Bat\u00e1n imputado de homicidio en grado de tentativa. 11 de septiembre de 2023 MAR DEL PLATA &#8211;\u00a0 Un hombre de 27 a\u00f1os <a class=\"mh-excerpt-more\" href=\"https:\/\/larevistadigital.com.ar\/blog\/mar-del-plata-apunalo-a-su-primo-con-un-destornillador\/\" title=\"MAR DEL PLATA: APU\u00d1AL\u00d3 A SU PRIMO CON UN DESTORNILLADOR\">[Leer M\u00e1s]<\/a><\/p>\n<\/div>","protected":false},"author":3,"featured_media":33438,"comment_status":"open","ping_status":"open","sticky":false,"template":"","format":"standard","meta":{"_jetpack_memberships_contains_paid_content":false,"footnotes":"","jetpack_publicize_message":"","jetpack_publicize_feature_enabled":true,"jetpack_social_post_already_shared":true,"jetpack_social_options":{"image_generator_settings":{"template":"highway","default_image_id":0,"font":"","enabled":false},"version":2}},"categories":[44,51],"tags":[],"class_list":{"0":"post-33437","1":"post","2":"type-post","3":"status-publish","4":"format-standard","5":"has-post-thumbnail","7":"category-policiales","8":"category-regionales"},"jetpack_publicize_connections":[],"jetpack_featured_media_url":"https:\/\/i0.wp.com\/larevistadigital.com.ar\/blog\/wp-content\/uploads\/Captura-de-pantalla-2023-09-11-232500.png?fit=795%2C437&ssl=1","jetpack_sharing_enabled":true,"jetpack_shortlink":"https:\/\/wp.me\/p8qtrQ-8Hj","jetpack-related-posts":[{"id":15692,"url":"https:\/\/larevistadigital.com.ar\/blog\/la-plata-atrapan-a-joven-que-apunalo-a-otro-en-romero\/","url_meta":{"origin":33437,"position":0},"title":"LA PLATA: ATRAPAN A JOVEN QUE APU\u00d1AL\u00d3 A OTRO EN ROMERO","author":"Alejandro Sosa Ruda","date":"17 junio, 2020","format":false,"excerpt":"La polic\u00eda de la comisar\u00eda 14ta de Melchor Romero atrap\u00f3 este mediod\u00eda al autor de una tentativa de homicidio ocurrida en las \u00faltimas horas en 160 entre 42 y 43. All\u00ed hab\u00eda resultado apu\u00f1alado en el abdomen y el cuello un joven de 24 a\u00f1os quien qued\u00f3 tendido en el\u2026","rel":"","context":"En \u00abPOLICIALES\u00bb","block_context":{"text":"POLICIALES","link":"https:\/\/larevistadigital.com.ar\/blog\/category\/policiales\/"},"img":{"alt_text":"","src":"https:\/\/i0.wp.com\/larevistadigital.com.ar\/blog\/wp-content\/uploads\/20200617131213_8f2585e9_e380_4867_b1c1_e4e2a1856f0e.jpg?fit=880%2C586&ssl=1&resize=350%2C200","width":350,"height":200,"srcset":"https:\/\/i0.wp.com\/larevistadigital.com.ar\/blog\/wp-content\/uploads\/20200617131213_8f2585e9_e380_4867_b1c1_e4e2a1856f0e.jpg?fit=880%2C586&ssl=1&resize=350%2C200 1x, https:\/\/i0.wp.com\/larevistadigital.com.ar\/blog\/wp-content\/uploads\/20200617131213_8f2585e9_e380_4867_b1c1_e4e2a1856f0e.jpg?fit=880%2C586&ssl=1&resize=525%2C300 1.5x, https:\/\/i0.wp.com\/larevistadigital.com.ar\/blog\/wp-content\/uploads\/20200617131213_8f2585e9_e380_4867_b1c1_e4e2a1856f0e.jpg?fit=880%2C586&ssl=1&resize=700%2C400 2x"},"classes":[]},{"id":29838,"url":"https:\/\/larevistadigital.com.ar\/blog\/la-plata-apunalan-a-un-hombre-con-un-destornillador-y-le-perforan-un-pulmon\/","url_meta":{"origin":33437,"position":1},"title":"LA PLATA: APU\u00d1ALAN A UN HOMBRE CON UN DESTORNILLADOR Y LE PERFORAN UN PULM\u00d3N.","author":"Alejandro Sosa Ruda","date":"19 enero, 2023","format":false,"excerpt":"Todo ocurri\u00f3 en medio de una tremenda pelea que se desat\u00f3 a metros del Hospital Rossi, en 37 entre 116 y 117. Por el hecho hay dos detenidos. 19 de enero de 2023 Durante una tremenda pelea callejera en barrio Hip\u00f3dromo\u00a0apu\u00f1alaron a un hombre con un destornillador, fue internado y\u2026","rel":"","context":"En \u00abPOLICIALES\u00bb","block_context":{"text":"POLICIALES","link":"https:\/\/larevistadigital.com.ar\/blog\/category\/policiales\/"},"img":{"alt_text":"","src":"https:\/\/i0.wp.com\/larevistadigital.com.ar\/blog\/wp-content\/uploads\/1537797217891.jpeg?fit=1200%2C594&ssl=1&resize=350%2C200","width":350,"height":200,"srcset":"https:\/\/i0.wp.com\/larevistadigital.com.ar\/blog\/wp-content\/uploads\/1537797217891.jpeg?fit=1200%2C594&ssl=1&resize=350%2C200 1x, https:\/\/i0.wp.com\/larevistadigital.com.ar\/blog\/wp-content\/uploads\/1537797217891.jpeg?fit=1200%2C594&ssl=1&resize=525%2C300 1.5x, https:\/\/i0.wp.com\/larevistadigital.com.ar\/blog\/wp-content\/uploads\/1537797217891.jpeg?fit=1200%2C594&ssl=1&resize=700%2C400 2x, https:\/\/i0.wp.com\/larevistadigital.com.ar\/blog\/wp-content\/uploads\/1537797217891.jpeg?fit=1200%2C594&ssl=1&resize=1050%2C600 3x"},"classes":[]},{"id":26847,"url":"https:\/\/larevistadigital.com.ar\/blog\/miramar-chico-de-15-anos-apunalo-a-otro-de-16-luego-de-una-discusion\/","url_meta":{"origin":33437,"position":2},"title":"MIRAMAR: CHICO DE 15 A\u00d1OS APU\u00d1AL\u00d3 A OTRO DE 16 LUEGO DE UNA DISCUSI\u00d3N","author":"Alejandro Sosa Ruda","date":"28 julio, 2022","format":false,"excerpt":"La v\u00edctima recibi\u00f3 dos cortes en el abdomen y fue derivado al Hospital Municipal, donde se encuentra fuera de peligro. El agresor fue detenido y alojado en el centro de contenci\u00f3n de Bat\u00e1n. Un menor de 15 a\u00f1os fue aprehendido y derivado al\u00a0Centro de Contenci\u00f3n de Bat\u00e1n, tras apu\u00f1alar a\u2026","rel":"","context":"En \u00abPOLICIALES\u00bb","block_context":{"text":"POLICIALES","link":"https:\/\/larevistadigital.com.ar\/blog\/category\/policiales\/"},"img":{"alt_text":"","src":"https:\/\/i0.wp.com\/larevistadigital.com.ar\/blog\/wp-content\/uploads\/723ee390d0a8d9f473239c2bc460840410c919e9.jpg?fit=1140%2C594&ssl=1&resize=350%2C200","width":350,"height":200,"srcset":"https:\/\/i0.wp.com\/larevistadigital.com.ar\/blog\/wp-content\/uploads\/723ee390d0a8d9f473239c2bc460840410c919e9.jpg?fit=1140%2C594&ssl=1&resize=350%2C200 1x, https:\/\/i0.wp.com\/larevistadigital.com.ar\/blog\/wp-content\/uploads\/723ee390d0a8d9f473239c2bc460840410c919e9.jpg?fit=1140%2C594&ssl=1&resize=525%2C300 1.5x, https:\/\/i0.wp.com\/larevistadigital.com.ar\/blog\/wp-content\/uploads\/723ee390d0a8d9f473239c2bc460840410c919e9.jpg?fit=1140%2C594&ssl=1&resize=700%2C400 2x, https:\/\/i0.wp.com\/larevistadigital.com.ar\/blog\/wp-content\/uploads\/723ee390d0a8d9f473239c2bc460840410c919e9.jpg?fit=1140%2C594&ssl=1&resize=1050%2C600 3x"},"classes":[]},{"id":26464,"url":"https:\/\/larevistadigital.com.ar\/blog\/mar-del-plata-fue-detenido-por-dispararle-en-la-cara-a-su-ex-pareja\/","url_meta":{"origin":33437,"position":3},"title":"MAR DEL PLATA: FUE DETENIDO POR DISPARARLE EN LA CARA A SU EX PAREJA","author":"Alejandro Sosa Ruda","date":"11 julio, 2022","format":false,"excerpt":"Ocurri\u00f3 el domingo a la noche en Avenida Jacinto Peralta Ramos y Puan. La v\u00edctima tiene 36 a\u00f1os y qued\u00f3 internada en el Hospital Interzonal, mientras que el agresor, de 75, fue imputado por \"homicidio en grado de tentativa\". MAR DEL PLATA -\u00a0 Un hombre de 75 a\u00f1os\u00a0fue detenido el\u2026","rel":"","context":"En \u00abPOLICIALES\u00bb","block_context":{"text":"POLICIALES","link":"https:\/\/larevistadigital.com.ar\/blog\/category\/policiales\/"},"img":{"alt_text":"","src":"https:\/\/i0.wp.com\/larevistadigital.com.ar\/blog\/wp-content\/uploads\/Captura-de-pantalla-2022-07-11-114528.png?fit=618%2C455&ssl=1&resize=350%2C200","width":350,"height":200,"srcset":"https:\/\/i0.wp.com\/larevistadigital.com.ar\/blog\/wp-content\/uploads\/Captura-de-pantalla-2022-07-11-114528.png?fit=618%2C455&ssl=1&resize=350%2C200 1x, https:\/\/i0.wp.com\/larevistadigital.com.ar\/blog\/wp-content\/uploads\/Captura-de-pantalla-2022-07-11-114528.png?fit=618%2C455&ssl=1&resize=525%2C300 1.5x"},"classes":[]},{"id":38447,"url":"https:\/\/larevistadigital.com.ar\/blog\/en-una-pelea-un-hombre-apunalo-a-su-hermano-fue-detenido\/","url_meta":{"origin":33437,"position":4},"title":"En una pelea, un hombre apu\u00f1al\u00f3 a su hermano. Fue detenido","author":"Alejandro Sosa Ruda","date":"8 enero, 2025","format":false,"excerpt":"Se lo detuvo m\u00e1s tarde, en inmediaciones de la calle Yrigoyen. 08 de Enero de 2025 CHASCOM\u00daS -\u00a0 El dia Jueves 2 del corriente personal policial se traslado hasta un domicilio de calle Peru al 700 ya que en el lugar se encontraba una persona herida producto de una pelea.\u2026","rel":"","context":"En \u00abINTERES GENERAL\u00bb","block_context":{"text":"INTERES GENERAL","link":"https:\/\/larevistadigital.com.ar\/blog\/category\/interes-general\/"},"img":{"alt_text":"","src":"https:\/\/i0.wp.com\/larevistadigital.com.ar\/blog\/wp-content\/uploads\/Polic%C3%ADa-Bonaerense-Patrulleros-3.jpg?fit=772%2C434&ssl=1&resize=350%2C200","width":350,"height":200,"srcset":"https:\/\/i0.wp.com\/larevistadigital.com.ar\/blog\/wp-content\/uploads\/Polic%C3%ADa-Bonaerense-Patrulleros-3.jpg?fit=772%2C434&ssl=1&resize=350%2C200 1x, https:\/\/i0.wp.com\/larevistadigital.com.ar\/blog\/wp-content\/uploads\/Polic%C3%ADa-Bonaerense-Patrulleros-3.jpg?fit=772%2C434&ssl=1&resize=525%2C300 1.5x, https:\/\/i0.wp.com\/larevistadigital.com.ar\/blog\/wp-content\/uploads\/Polic%C3%ADa-Bonaerense-Patrulleros-3.jpg?fit=772%2C434&ssl=1&resize=700%2C400 2x"},"classes":[]},{"id":21600,"url":"https:\/\/larevistadigital.com.ar\/blog\/padre-e-hijo-escucharon-ruidos-en-el-patio-terminaron-atrapando-a-un-ladron\/","url_meta":{"origin":33437,"position":5},"title":"PADRE E HIJO ESCUCHARON RUIDOS EN EL PATIO. TERMINARON ATRAPANDO A UN LADR\u00d3N","author":"Alejandro Sosa Ruda","date":"17 agosto, 2021","format":false,"excerpt":"El hecho ocurri\u00f3 ayer por la noche. El detenido tiene 22 a\u00f1os, mientras que otros dos delincuentes lograron escapar. MAR DEL PLATA -\u00a0 Padre e hijo\u00a0atraparon ayer a la noche a un ladr\u00f3n\u00a0que hab\u00eda ingresado al patio de su casa del barrio\u00a0Peralta Ramos Oeste\u00a0y lo retuvieron hasta la llegada de\u2026","rel":"","context":"En \u00abPOLICIALES\u00bb","block_context":{"text":"POLICIALES","link":"https:\/\/larevistadigital.com.ar\/blog\/category\/policiales\/"},"img":{"alt_text":"","src":"https:\/\/i0.wp.com\/larevistadigital.com.ar\/blog\/wp-content\/uploads\/CACO-MDQ-e1629211250256.png?fit=786%2C283&ssl=1&resize=350%2C200","width":350,"height":200,"srcset":"https:\/\/i0.wp.com\/larevistadigital.com.ar\/blog\/wp-content\/uploads\/CACO-MDQ-e1629211250256.png?fit=786%2C283&ssl=1&resize=350%2C200 1x, https:\/\/i0.wp.com\/larevistadigital.com.ar\/blog\/wp-content\/uploads\/CACO-MDQ-e1629211250256.png?fit=786%2C283&ssl=1&resize=525%2C300 1.5x, https:\/\/i0.wp.com\/larevistadigital.com.ar\/blog\/wp-content\/uploads\/CACO-MDQ-e1629211250256.png?fit=786%2C283&ssl=1&resize=700%2C400 2x"},"classes":[]}],"_links":{"self":[{"href":"https:\/\/larevistadigital.com.ar\/blog\/wp-json\/wp\/v2\/posts\/33437","targetHints":{"allow":["GET"]}}],"collection":[{"href":"https:\/\/larevistadigital.com.ar\/blog\/wp-json\/wp\/v2\/posts"}],"about":[{"href":"https:\/\/larevistadigital.com.ar\/blog\/wp-json\/wp\/v2\/types\/post"}],"author":[{"embeddable":true,"href":"https:\/\/larevistadigital.com.ar\/blog\/wp-json\/wp\/v2\/users\/3"}],"replies":[{"embeddable":true,"href":"https:\/\/larevistadigital.com.ar\/blog\/wp-json\/wp\/v2\/comments?post=33437"}],"version-history":[{"count":1,"href":"https:\/\/larevistadigital.com.ar\/blog\/wp-json\/wp\/v2\/posts\/33437\/revisions"}],"predecessor-version":[{"id":33439,"href":"https:\/\/larevistadigital.com.ar\/blog\/wp-json\/wp\/v2\/posts\/33437\/revisions\/33439"}],"wp:featuredmedia":[{"embeddable":true,"href":"https:\/\/larevistadigital.com.ar\/blog\/wp-json\/wp\/v2\/media\/33438"}],"wp:attachment":[{"href":"https:\/\/larevistadigital.com.ar\/blog\/wp-json\/wp\/v2\/media?parent=33437"}],"wp:term":[{"taxonomy":"category","embeddable":true,"href":"https:\/\/larevistadigital.com.ar\/blog\/wp-json\/wp\/v2\/categories?post=33437"},{"taxonomy":"post_tag","embeddable":true,"href":"https:\/\/larevistadigital.com.ar\/blog\/wp-json\/wp\/v2\/tags?post=33437"}],"curies":[{"name":"wp","href":"https:\/\/api.w.org\/{rel}","templated":true}]}}