{"id":33444,"date":"2023-09-13T12:55:26","date_gmt":"2023-09-13T15:55:26","guid":{"rendered":"https:\/\/larevistadigital.com.ar\/blog\/?p=33444"},"modified":"2023-09-13T12:56:00","modified_gmt":"2023-09-13T15:56:00","slug":"provincia-el-parkinson-se-trata-con-cirugias-en-hospitales-publicos-bonaerenses","status":"publish","type":"post","link":"https:\/\/larevistadigital.com.ar\/blog\/provincia-el-parkinson-se-trata-con-cirugias-en-hospitales-publicos-bonaerenses\/","title":{"rendered":"PROVINCIA: EL PARKINSON SE TRATA CON CIRUG\u00cdAS EN HOSPITALES P\u00daBLICOS BONAERENSES"},"content":{"rendered":"<h2 class=\"fparrafo ctext fz18 lh25\">Se trata de neuromodulaci\u00f3n cerebral. Son microcirug\u00edas que equilibran el sistema nervioso. Modulan \u00e1reas que son las que generan el trastorno o se implanta dispositivo que aten\u00faa los s\u00edntomas.<\/h2>\n<p>13 de septiembre de 2023<\/p>\n<p><strong>BUENOS AIRES &#8211;\u00a0 <\/strong>Los hospitales \u201cPresidente Per\u00f3n\u201d de Avellaneda, \u201cSan Martin\u201d y \u201cSan Roque\u201d de La Plata, operaron a seis personas en lo que va del 2023, con t\u00e9cnicas de neuromodulaci\u00f3n para tratar el temblor, la lentitud o la rigidez que genera la enfermedad de Parkinson. Los pacientes logran autonom\u00eda en sus movimientos mejorando as\u00ed la calidad de vida.<\/p>\n<p><strong><em>\u201cEl Ministerio de Salud, a trav\u00e9s del programa provincial de Neuromodulaci\u00f2n, que se implementa en varios hospitales provinciales permite el acceso de pacientes con trastornos neurol\u00f3gicos severos, entre los que se encuentra los s\u00edntomas del Parkinson mediante intervenciones cerebrales e implantes electr\u00f3nicos que mejorar sus s\u00edntomas. Es una muestra m\u00e1s que la Provincia garantiza en todos los niveles de atenci\u00f3n las \u00f3ptimas condiciones de cuidados y los tratamientos necesarios, incluso de \u00faltima tecnolog\u00eda\u201d<\/em><\/strong>, destac\u00f3 el director provincial de Hospitales, <strong>Juan Riera.<\/strong><\/p>\n<blockquote>\n<h3>Seg\u00fan supo InfoGEI, en lo que va del a\u00f1o, operaron a dos pacientes en el \u201cPresidente Per\u00f3n\u201d; uno en el \u201cSan Mart\u00edn\u201d y tres en el \u201cSan Roque\u201d. Los dispositivos electr\u00f3nicos son neuro estimuladores: una especie de \u201cmarcapasos\u201d y los provee el Banco de Pr\u00f3tesis provincial.<\/h3>\n<\/blockquote>\n<p>La intervenci\u00f3n consiste en colocar el dispositivo en la profundidad del cerebro del paciente, en el \u00e1rea espec\u00edfica que regula la alteraci\u00f3n del movimiento. La realizan los servicios de neuro-intervencionismo de los hospitales provinciales luego de una evaluaci\u00f3n multidisciplinaria de cada caso.<\/p>\n<blockquote>\n<h3>Se trata de una cirug\u00eda de alta complejidad, que se realiza con el paciente despierto para evaluar el estado neurol\u00f3gico y el efecto terap\u00e9utico. El neuro estimulador que se implanta permite disminuir el dolor, atenuar los s\u00edntomas y ayuda a vivir mejor a las personas.<\/h3>\n<\/blockquote>\n<p>Entre otras patolog\u00edas que se abordan con t\u00e9cnicas de neuro modulaci\u00f3n se encuentran pacientes con espasticidad (m\u00fasculos tensos o r\u00edgidos), dolor neurop\u00e1tico cr\u00f3nico (trastorno neurol\u00f3gico) y s\u00edndrome de espalda fallida (dolor posterior a cirug\u00edas de columna) y se realizan en los hospitales \u201cRodolfo Rossi\u201d, \u201cAlejandro Korn\u201d de La Plata; \u201cSimplemente Evita\u201d de Gonz\u00e1lez Cat\u00e1n; \u201cEva Per\u00f3n\u201d de San Mart\u00edn; \u201cCordero\u201d de San Fernando; \u201cVicente L\u00f3pez y Planes\u201d de General Rodr\u00edguez. Algunas de estas pr\u00e1cticas se realizan junto con el hospital nacional \u201cProfesor Alejandro Posadas\u201d.<\/p>\n<p>El tratamiento es un gran avance contra la enfermedad del Parkinson, que no tiene cura, pero se puede tratar con t\u00e9cnicas de neuromodulaci\u00f3n. Se mejora as\u00ed la calidad de vida de los pacientes, junto con la de sus familias, ya que retoman las tareas de la vida cotidiana como alimentarse, ba\u00f1arse o tomar agua, y su tarea laboral, con el control de los movimientos de su cuerpo. (<b>InfoGEI<\/b>) Mg<\/p>\n","protected":false},"excerpt":{"rendered":"<div class=\"mh-excerpt\"><p>Se trata de neuromodulaci\u00f3n cerebral. Son microcirug\u00edas que equilibran el sistema nervioso. Modulan \u00e1reas que son las que generan el trastorno o se implanta dispositivo que aten\u00faa los s\u00edntomas. 13 de septiembre de 2023 BUENOS <a class=\"mh-excerpt-more\" href=\"https:\/\/larevistadigital.com.ar\/blog\/provincia-el-parkinson-se-trata-con-cirugias-en-hospitales-publicos-bonaerenses\/\" title=\"PROVINCIA: EL PARKINSON SE TRATA CON CIRUG\u00cdAS EN HOSPITALES P\u00daBLICOS BONAERENSES\">[Leer M\u00e1s]<\/a><\/p>\n<\/div>","protected":false},"author":3,"featured_media":33445,"comment_status":"open","ping_status":"open","sticky":false,"template":"","format":"standard","meta":{"_jetpack_memberships_contains_paid_content":false,"footnotes":"","jetpack_publicize_message":"","jetpack_publicize_feature_enabled":true,"jetpack_social_post_already_shared":true,"jetpack_social_options":{"image_generator_settings":{"template":"highway","default_image_id":0,"font":"","enabled":false},"version":2}},"categories":[50,24],"tags":[],"class_list":{"0":"post-33444","1":"post","2":"type-post","3":"status-publish","4":"format-standard","5":"has-post-thumbnail","7":"category-interes-general","8":"category-politica-provincial"},"jetpack_publicize_connections":[],"jetpack_featured_media_url":"https:\/\/i0.wp.com\/larevistadigital.com.ar\/blog\/wp-content\/uploads\/20230913122022_parki.jpg?fit=880%2C512&ssl=1","jetpack_sharing_enabled":true,"jetpack_shortlink":"https:\/\/wp.me\/p8qtrQ-8Hq","jetpack-related-posts":[{"id":23865,"url":"https:\/\/larevistadigital.com.ar\/blog\/mar-del-plata-hazana-medica-en-los-hospitales-alende-y-tetamanti\/","url_meta":{"origin":33444,"position":0},"title":"MAR DEL PLATA: HAZA\u00d1A MEDICA EN LOS HOSPITALES ALENDE Y TETAMANTI","author":"Alejandro Sosa Ruda","date":"7 febrero, 2022","format":false,"excerpt":"El paciente de 10 a\u00f1os padec\u00eda del s\u00edndrome Wolff-Parkinson-White, una anomal\u00eda cong\u00e9nita, por la cual hay una alteraci\u00f3n en la conducci\u00f3n del impulso del coraz\u00f3n. Gracias a esta intervenci\u00f3n se subsan\u00f3 la arritmia que afectaba su calidad de vida. Se trata de la primera ablaci\u00f3n por navegador electroanat\u00f3mico 3D realizada\u2026","rel":"","context":"En \u00abREGIONALES\u00bb","block_context":{"text":"REGIONALES","link":"https:\/\/larevistadigital.com.ar\/blog\/category\/regionales\/"},"img":{"alt_text":"","src":"https:\/\/i0.wp.com\/larevistadigital.com.ar\/blog\/wp-content\/uploads\/20220206140021_hospitales-alende-tetamanti-procedimiento-inedito.jpg?fit=880%2C512&ssl=1&resize=350%2C200","width":350,"height":200,"srcset":"https:\/\/i0.wp.com\/larevistadigital.com.ar\/blog\/wp-content\/uploads\/20220206140021_hospitales-alende-tetamanti-procedimiento-inedito.jpg?fit=880%2C512&ssl=1&resize=350%2C200 1x, https:\/\/i0.wp.com\/larevistadigital.com.ar\/blog\/wp-content\/uploads\/20220206140021_hospitales-alende-tetamanti-procedimiento-inedito.jpg?fit=880%2C512&ssl=1&resize=525%2C300 1.5x, https:\/\/i0.wp.com\/larevistadigital.com.ar\/blog\/wp-content\/uploads\/20220206140021_hospitales-alende-tetamanti-procedimiento-inedito.jpg?fit=880%2C512&ssl=1&resize=700%2C400 2x"},"classes":[]},{"id":36561,"url":"https:\/\/larevistadigital.com.ar\/blog\/kicillof-y-kreplak-anunciaron-la-ampliacion-de-la-cobertura-de-medicamentos-oncologicos\/","url_meta":{"origin":33444,"position":1},"title":"KICILLOF Y KREPLAK ANUNCIARON LA AMPLIACI\u00d3N DE LA COBERTURA DE MEDICAMENTOS ONCOL\u00d3GICOS","author":"Alejandro Sosa Ruda","date":"3 julio, 2024","format":false,"excerpt":"La Provincia invertir\u00e1 $12.000 millones para brindar m\u00e1s y mejores tratamientos contra el c\u00e1ncer. 03 de Julio de 2024 BUENOS AIRES -\u00a0 El gobernador Axel Kicillof anunci\u00f3 este martes junto al ministro de Salud, Nicol\u00e1s Kreplak, la ampliaci\u00f3n del vadem\u00e9cum provincial de medicamentos oncol\u00f3gicos, que con una inversi\u00f3n de $12.000\u2026","rel":"","context":"En \u00abDESTACADAS\u00bb","block_context":{"text":"DESTACADAS","link":"https:\/\/larevistadigital.com.ar\/blog\/category\/destacadas\/"},"img":{"alt_text":"","src":"https:\/\/i0.wp.com\/larevistadigital.com.ar\/blog\/wp-content\/uploads\/DAE3236.jpg?fit=743%2C530&ssl=1&resize=350%2C200","width":350,"height":200,"srcset":"https:\/\/i0.wp.com\/larevistadigital.com.ar\/blog\/wp-content\/uploads\/DAE3236.jpg?fit=743%2C530&ssl=1&resize=350%2C200 1x, https:\/\/i0.wp.com\/larevistadigital.com.ar\/blog\/wp-content\/uploads\/DAE3236.jpg?fit=743%2C530&ssl=1&resize=525%2C300 1.5x, https:\/\/i0.wp.com\/larevistadigital.com.ar\/blog\/wp-content\/uploads\/DAE3236.jpg?fit=743%2C530&ssl=1&resize=700%2C400 2x"},"classes":[]},{"id":12283,"url":"https:\/\/larevistadigital.com.ar\/blog\/la-plata-importante-el-instituto-de-hemoterapia-se-quedo-sin-sangre-0-y-piden-dadores\/","url_meta":{"origin":33444,"position":2},"title":"LA PLATA: \u00a1IMPORTANTE! &#8211; EL INSTITUTO DE HEMOTERAPIA SE QUED\u00d3 SIN SANGRE 0 (-) Y PIDEN DADORES","author":"Alejandro Sosa Ruda","date":"26 septiembre, 2019","format":false,"excerpt":"A partir de un comunicado, el instituto de Hemoterapia de La Plata, ubicado en 15 y 66 comunic\u00f3 que necesitan con urgencia dadores de sangre de todo tipo para abastecer a hospitales de toda la regi\u00f3n. Asimismo, aclararon que se trata de un \"caso especial\", por lo que solicitaron la\u2026","rel":"","context":"En \u00abREGIONALES\u00bb","block_context":{"text":"REGIONALES","link":"https:\/\/larevistadigital.com.ar\/blog\/category\/regionales\/"},"img":{"alt_text":"","src":"https:\/\/i0.wp.com\/larevistadigital.com.ar\/blog\/wp-content\/uploads\/2780.jpg?fit=663%2C450&ssl=1&resize=350%2C200","width":350,"height":200,"srcset":"https:\/\/i0.wp.com\/larevistadigital.com.ar\/blog\/wp-content\/uploads\/2780.jpg?fit=663%2C450&ssl=1&resize=350%2C200 1x, https:\/\/i0.wp.com\/larevistadigital.com.ar\/blog\/wp-content\/uploads\/2780.jpg?fit=663%2C450&ssl=1&resize=525%2C300 1.5x"},"classes":[]},{"id":26049,"url":"https:\/\/larevistadigital.com.ar\/blog\/incendio-tragico-en-recoleta-mueren-3-chicos-y-2-mujeres\/","url_meta":{"origin":33444,"position":3},"title":"INCENDIO TR\u00c1GICO EN RECOLETA, MUEREN 3 CHICOS Y 2 MUJERES","author":"Alejandro Sosa Ruda","date":"23 junio, 2022","format":false,"excerpt":"Un incendio desatado en el s\u00e9ptimo piso de un edificio de Recoleta dej\u00f3 el saldo tr\u00e1gico de 5 muertos y 18 heridos. Un impactante\u00a0incendio\u00a0se desat\u00f3 este jueves en un edificio del barrio porte\u00f1o de\u00a0Recoleta. El fuego se inici\u00f3 en el s\u00e9ptimo piso y se propag\u00f3 al octavo de la torre\u2026","rel":"","context":"En \u00abDESTACADAS\u00bb","block_context":{"text":"DESTACADAS","link":"https:\/\/larevistadigital.com.ar\/blog\/category\/destacadas\/"},"img":{"alt_text":"","src":"https:\/\/i0.wp.com\/larevistadigital.com.ar\/blog\/wp-content\/uploads\/incendio-recoleta.jpg?fit=1200%2C662&ssl=1&resize=350%2C200","width":350,"height":200,"srcset":"https:\/\/i0.wp.com\/larevistadigital.com.ar\/blog\/wp-content\/uploads\/incendio-recoleta.jpg?fit=1200%2C662&ssl=1&resize=350%2C200 1x, https:\/\/i0.wp.com\/larevistadigital.com.ar\/blog\/wp-content\/uploads\/incendio-recoleta.jpg?fit=1200%2C662&ssl=1&resize=525%2C300 1.5x, https:\/\/i0.wp.com\/larevistadigital.com.ar\/blog\/wp-content\/uploads\/incendio-recoleta.jpg?fit=1200%2C662&ssl=1&resize=700%2C400 2x, https:\/\/i0.wp.com\/larevistadigital.com.ar\/blog\/wp-content\/uploads\/incendio-recoleta.jpg?fit=1200%2C662&ssl=1&resize=1050%2C600 3x"},"classes":[]},{"id":33158,"url":"https:\/\/larevistadigital.com.ar\/blog\/viene-recorriendo-el-pais-en-bicicleta-para-concientizar-sobre-el-parkinson-y-paso-ayer-por-chascomus\/","url_meta":{"origin":33444,"position":4},"title":"VIENE RECORRIENDO EL PA\u00cdS EN BICICLETA PARA CONCIENTIZAR SOBRE EL P\u00c1RKINSON Y PAS\u00d3 AYER POR CHASCOM\u00daS","author":"Alejandro Sosa Ruda","date":"31 agosto, 2023","format":false,"excerpt":"Es sanjuanino, tiene 58 a\u00f1os y 16 a\u00f1os de diagn\u00f3stico. Su deseo es concientizar a la gente acerca de que \"se puede luchar contra las limitaciones del p\u00e1rkinson\". 31 de agosto de 2023 CHASCOM\u00daS -\u00a0\u00a0Su nombre es Omar Rojas y es nativo de San Juan. Omar tiene 58 a\u00f1os de\u2026","rel":"","context":"En \u00abDEPORTES\u00bb","block_context":{"text":"DEPORTES","link":"https:\/\/larevistadigital.com.ar\/blog\/category\/deportes\/"},"img":{"alt_text":"","src":"https:\/\/i0.wp.com\/larevistadigital.com.ar\/blog\/wp-content\/uploads\/OMAR-EN-EL-MUNICIPIO.jpg?fit=960%2C998&ssl=1&resize=350%2C200","width":350,"height":200,"srcset":"https:\/\/i0.wp.com\/larevistadigital.com.ar\/blog\/wp-content\/uploads\/OMAR-EN-EL-MUNICIPIO.jpg?fit=960%2C998&ssl=1&resize=350%2C200 1x, https:\/\/i0.wp.com\/larevistadigital.com.ar\/blog\/wp-content\/uploads\/OMAR-EN-EL-MUNICIPIO.jpg?fit=960%2C998&ssl=1&resize=525%2C300 1.5x, https:\/\/i0.wp.com\/larevistadigital.com.ar\/blog\/wp-content\/uploads\/OMAR-EN-EL-MUNICIPIO.jpg?fit=960%2C998&ssl=1&resize=700%2C400 2x"},"classes":[]},{"id":45367,"url":"https:\/\/larevistadigital.com.ar\/blog\/la-provincia-avanzara-con-un-refuerzo-de-entrega-de-medicamentos-a-municipios\/","url_meta":{"origin":33444,"position":5},"title":"La Provincia avanzar\u00e1 con un refuerzo de entrega de medicamentos a municipios","author":"Alejandro Sosa Ruda","date":"27 abril, 2026","format":false,"excerpt":"Lo adelant\u00f3 el ministro Carlos Bianco. El gobernador Axel Kicillof anunciar\u00e1 el jueves un refuerzo del programa en medio de la pol\u00e9mica por el Plan Remediar. 27 de abril de 2026 El gobernador de la\u00a0provincia de Buenos Aires,\u00a0Axel Kicillof, avanzar\u00e1 con un refuerzo del programa\u00a0Medicamentos Bonaerenses, que garantiza a la\u2026","rel":"","context":"En \u00abPOLITICA\u00bb","block_context":{"text":"POLITICA","link":"https:\/\/larevistadigital.com.ar\/blog\/category\/politica\/"},"img":{"alt_text":"","src":"https:\/\/i0.wp.com\/larevistadigital.com.ar\/blog\/wp-content\/uploads\/Captura-de-pantalla-2026-04-27-182155.jpg?fit=626%2C417&ssl=1&resize=350%2C200","width":350,"height":200,"srcset":"https:\/\/i0.wp.com\/larevistadigital.com.ar\/blog\/wp-content\/uploads\/Captura-de-pantalla-2026-04-27-182155.jpg?fit=626%2C417&ssl=1&resize=350%2C200 1x, https:\/\/i0.wp.com\/larevistadigital.com.ar\/blog\/wp-content\/uploads\/Captura-de-pantalla-2026-04-27-182155.jpg?fit=626%2C417&ssl=1&resize=525%2C300 1.5x"},"classes":[]}],"_links":{"self":[{"href":"https:\/\/larevistadigital.com.ar\/blog\/wp-json\/wp\/v2\/posts\/33444","targetHints":{"allow":["GET"]}}],"collection":[{"href":"https:\/\/larevistadigital.com.ar\/blog\/wp-json\/wp\/v2\/posts"}],"about":[{"href":"https:\/\/larevistadigital.com.ar\/blog\/wp-json\/wp\/v2\/types\/post"}],"author":[{"embeddable":true,"href":"https:\/\/larevistadigital.com.ar\/blog\/wp-json\/wp\/v2\/users\/3"}],"replies":[{"embeddable":true,"href":"https:\/\/larevistadigital.com.ar\/blog\/wp-json\/wp\/v2\/comments?post=33444"}],"version-history":[{"count":1,"href":"https:\/\/larevistadigital.com.ar\/blog\/wp-json\/wp\/v2\/posts\/33444\/revisions"}],"predecessor-version":[{"id":33446,"href":"https:\/\/larevistadigital.com.ar\/blog\/wp-json\/wp\/v2\/posts\/33444\/revisions\/33446"}],"wp:featuredmedia":[{"embeddable":true,"href":"https:\/\/larevistadigital.com.ar\/blog\/wp-json\/wp\/v2\/media\/33445"}],"wp:attachment":[{"href":"https:\/\/larevistadigital.com.ar\/blog\/wp-json\/wp\/v2\/media?parent=33444"}],"wp:term":[{"taxonomy":"category","embeddable":true,"href":"https:\/\/larevistadigital.com.ar\/blog\/wp-json\/wp\/v2\/categories?post=33444"},{"taxonomy":"post_tag","embeddable":true,"href":"https:\/\/larevistadigital.com.ar\/blog\/wp-json\/wp\/v2\/tags?post=33444"}],"curies":[{"name":"wp","href":"https:\/\/api.w.org\/{rel}","templated":true}]}}