{"id":33447,"date":"2023-09-13T16:17:28","date_gmt":"2023-09-13T19:17:28","guid":{"rendered":"https:\/\/larevistadigital.com.ar\/blog\/?p=33447"},"modified":"2023-09-13T16:17:28","modified_gmt":"2023-09-13T19:17:28","slug":"castelli-un-hombre-fue-asesinado-y-otro-gravemente-herido-tras-una-pelea-con-otros-dos-sujetos","status":"publish","type":"post","link":"https:\/\/larevistadigital.com.ar\/blog\/castelli-un-hombre-fue-asesinado-y-otro-gravemente-herido-tras-una-pelea-con-otros-dos-sujetos\/","title":{"rendered":"CASTELLI: UN HOMBRE FUE ASESINADO Y OTRO GRAVEMENTE HERIDO TRAS UNA PELEA CON OTROS DOS SUJETOS"},"content":{"rendered":"<h2>Hay dos detenidos. Todo sucedi\u00f3\u00a0 en el Barrio Matadero. Los dos heridos fueron llevados al Hospital, donde lamentablemente uno no sobrevivi\u00f3.<\/h2>\n<p>13 de Septiembre de 2023<\/p>\n<p><strong>CASTELLI &#8211;\u00a0 <\/strong>Un luctuoso incidente sacudi\u00f3 la tranquila localidad de Castelli, cobr\u00e1ndose la vida de un hombre y dejando a su hermano herido de gravedad, como resultado de un violento enfrentamiento que tuvo lugar ayer en una vivienda situada en la calle Almirante Brown, n\u00famero 600, en el barrio Matadero de la ciudad.<\/p>\n<blockquote>\n<h3>Seg\u00fan la informaci\u00f3n recabada, los dos hermanos, cuyos apellidos responden al de Mart\u00ednez, se vieron envueltos en una acalorada disputa con otras dos personas, la cual lamentablemente deriv\u00f3 en violencia f\u00edsica, con el uso de armas blancas como arma letal.<\/h3>\n<\/blockquote>\n<p>La situaci\u00f3n se torn\u00f3 cr\u00edtica, y en respuesta a una llamada de emergencia, tanto la polic\u00eda como los servicios de atenci\u00f3n m\u00e9dica se dirigieron r\u00e1pidamente al lugar de los hechos. Los heridos, en estado grave, fueron trasladados de inmediato al Hospital \u00abRam\u00f3n Carrillo\u00bb de Castelli, en un intento desesperado por salvar sus vidas. Lamentablemente, a pesar de los incansables esfuerzos de los profesionales de la salud, uno de los hermanos, de tan solo 32 a\u00f1os de edad, falleci\u00f3 en el centro m\u00e9dico.<\/p>\n<p>Las autoridades actuaron con celeridad y procedieron a detener a los agresores, quienes fueron puestos bajo custodia en la comisar\u00eda local de Castelli, quedando a disposici\u00f3n de la Ayudant\u00eda Fiscal de la misma ciudad. Este tr\u00e1gico suceso pone de manifiesto una vez m\u00e1s la imperante necesidad de abordar de manera efectiva y contundente los problemas de violencia que afectan a nuestra sociedad.<\/p>\n<p>fuente; Entrel\u00edneas.info<\/p>\n","protected":false},"excerpt":{"rendered":"<div class=\"mh-excerpt\"><p>Hay dos detenidos. Todo sucedi\u00f3\u00a0 en el Barrio Matadero. Los dos heridos fueron llevados al Hospital, donde lamentablemente uno no sobrevivi\u00f3. 13 de Septiembre de 2023 CASTELLI &#8211;\u00a0 Un luctuoso incidente sacudi\u00f3 la tranquila localidad <a class=\"mh-excerpt-more\" href=\"https:\/\/larevistadigital.com.ar\/blog\/castelli-un-hombre-fue-asesinado-y-otro-gravemente-herido-tras-una-pelea-con-otros-dos-sujetos\/\" title=\"CASTELLI: UN HOMBRE FUE ASESINADO Y OTRO GRAVEMENTE HERIDO TRAS UNA PELEA CON OTROS DOS SUJETOS\">[Leer M\u00e1s]<\/a><\/p>\n<\/div>","protected":false},"author":3,"featured_media":33448,"comment_status":"open","ping_status":"open","sticky":false,"template":"","format":"standard","meta":{"_jetpack_memberships_contains_paid_content":false,"footnotes":"","jetpack_publicize_message":"","jetpack_publicize_feature_enabled":true,"jetpack_social_post_already_shared":true,"jetpack_social_options":{"image_generator_settings":{"template":"highway","default_image_id":0,"font":"","enabled":false},"version":2}},"categories":[4,44,51],"tags":[],"class_list":{"0":"post-33447","1":"post","2":"type-post","3":"status-publish","4":"format-standard","5":"has-post-thumbnail","7":"category-castelli","8":"category-policiales","9":"category-regionales"},"jetpack_publicize_connections":[],"jetpack_featured_media_url":"https:\/\/i0.wp.com\/larevistadigital.com.ar\/blog\/wp-content\/uploads\/20210829123255_castelli-carrillo.jpg?fit=880%2C493&ssl=1","jetpack_sharing_enabled":true,"jetpack_shortlink":"https:\/\/wp.me\/p8qtrQ-8Ht","jetpack-related-posts":[{"id":8176,"url":"https:\/\/larevistadigital.com.ar\/blog\/castelli-detienen-a-dos-jovenes-que-golpearon-a-otro-en-barrio-el-matadero\/","url_meta":{"origin":33447,"position":0},"title":"CASTELLI: DETIENEN A DOS J\u00d3VENES QUE GOLPEARON A OTRO EN BARRIO EL MATADERO","author":"Alejandro Sosa Ruda","date":"6 febrero, 2019","format":false,"excerpt":"Tras una pelea ocurrida el lunes por la tarde, la polic\u00eda detuvo a dos j\u00f3venes que agredieron a otro en una reyerta callejera ocurrida en el barrio Matadero. La polic\u00eda detuvo a dos hermanos de apellido S\u00e1nchez quienes quedaron a disposici\u00f3n de la justicia. Por otra parte seg\u00fan supo castellidiario;\u00a0\u2026","rel":"","context":"En \u00abCASTELLI\u00bb","block_context":{"text":"CASTELLI","link":"https:\/\/larevistadigital.com.ar\/blog\/category\/castelli\/"},"img":{"alt_text":"","src":"https:\/\/i0.wp.com\/larevistadigital.com.ar\/blog\/wp-content\/uploads\/2019\/02\/pelea.jpg?fit=800%2C450&ssl=1&resize=350%2C200","width":350,"height":200,"srcset":"https:\/\/i0.wp.com\/larevistadigital.com.ar\/blog\/wp-content\/uploads\/2019\/02\/pelea.jpg?fit=800%2C450&ssl=1&resize=350%2C200 1x, https:\/\/i0.wp.com\/larevistadigital.com.ar\/blog\/wp-content\/uploads\/2019\/02\/pelea.jpg?fit=800%2C450&ssl=1&resize=525%2C300 1.5x, https:\/\/i0.wp.com\/larevistadigital.com.ar\/blog\/wp-content\/uploads\/2019\/02\/pelea.jpg?fit=800%2C450&ssl=1&resize=700%2C400 2x"},"classes":[]},{"id":9135,"url":"https:\/\/larevistadigital.com.ar\/blog\/castelli-dos-personas-se-ahogaron-en-el-pesquero-la-cascada\/","url_meta":{"origin":33447,"position":1},"title":"CASTELLI: DOS PERSONAS SE AHOGARON EN EL PESQUERO \u00abLA CASCADA\u00bb","author":"Alejandro Sosa Ruda","date":"16 marzo, 2019","format":false,"excerpt":"Lamentablemente, pasadas las 10 de la ma\u00f1ana de este s\u00e1bado 16 fueron convocados los Bomberos Voluntarios de Castelli por la desaparici\u00f3n de dos personas de la superficie del agua en el pesquero \u201cLa Cascada\u201d Las primeras informaciones indican que no se trata de personas de Castelli sino de visitantes al\u2026","rel":"","context":"En \u00abCASTELLI\u00bb","block_context":{"text":"CASTELLI","link":"https:\/\/larevistadigital.com.ar\/blog\/category\/castelli\/"},"img":{"alt_text":"","src":"https:\/\/i0.wp.com\/larevistadigital.com.ar\/blog\/wp-content\/uploads\/2019\/03\/bomberos-castelli.jpg?fit=900%2C605&ssl=1&resize=350%2C200","width":350,"height":200,"srcset":"https:\/\/i0.wp.com\/larevistadigital.com.ar\/blog\/wp-content\/uploads\/2019\/03\/bomberos-castelli.jpg?fit=900%2C605&ssl=1&resize=350%2C200 1x, https:\/\/i0.wp.com\/larevistadigital.com.ar\/blog\/wp-content\/uploads\/2019\/03\/bomberos-castelli.jpg?fit=900%2C605&ssl=1&resize=525%2C300 1.5x, https:\/\/i0.wp.com\/larevistadigital.com.ar\/blog\/wp-content\/uploads\/2019\/03\/bomberos-castelli.jpg?fit=900%2C605&ssl=1&resize=700%2C400 2x"},"classes":[]},{"id":12538,"url":"https:\/\/larevistadigital.com.ar\/blog\/agua-y-cloacas-para-el-barrio-matadero-se-firmo-el-acuerdo-con-cuecca\/","url_meta":{"origin":33447,"position":2},"title":"AGUA Y CLOACAS PARA EL \u201cBARRIO MATADERO\u201d: SE FIRM\u00d3 EL ACUERDO CON CUECCA","author":"Alejandro Sosa Ruda","date":"9 octubre, 2019","format":false,"excerpt":"Este martes por la ma\u00f1ana, el Intendente Francisco Echarren en representaci\u00f3n de la Municipalidad de Castelli y las autoridades del Consejo de Administraci\u00f3n de CUECCA, Norberto Lacr\u00faa, Presidente y \u00c1ngel Echarren, Secretario, firmaron el acta de acuerdo para la ejecuci\u00f3n de esta importante obra en el \u201cBarrio Matadero\u201d. En concreto,\u2026","rel":"","context":"En \u00abCASTELLI\u00bb","block_context":{"text":"CASTELLI","link":"https:\/\/larevistadigital.com.ar\/blog\/category\/castelli\/"},"img":{"alt_text":"","src":"https:\/\/i0.wp.com\/larevistadigital.com.ar\/blog\/wp-content\/uploads\/72573711_1274681476034885_8065581606997327872_n.jpg?fit=960%2C720&ssl=1&resize=350%2C200","width":350,"height":200,"srcset":"https:\/\/i0.wp.com\/larevistadigital.com.ar\/blog\/wp-content\/uploads\/72573711_1274681476034885_8065581606997327872_n.jpg?fit=960%2C720&ssl=1&resize=350%2C200 1x, https:\/\/i0.wp.com\/larevistadigital.com.ar\/blog\/wp-content\/uploads\/72573711_1274681476034885_8065581606997327872_n.jpg?fit=960%2C720&ssl=1&resize=525%2C300 1.5x, https:\/\/i0.wp.com\/larevistadigital.com.ar\/blog\/wp-content\/uploads\/72573711_1274681476034885_8065581606997327872_n.jpg?fit=960%2C720&ssl=1&resize=700%2C400 2x"},"classes":[]},{"id":3687,"url":"https:\/\/larevistadigital.com.ar\/blog\/castelli-detuvieron-dos-personas-trata-menores\/","url_meta":{"origin":33447,"position":3},"title":"CASTELLI: DETUVIERON A DOS PERSONAS POR TRATA DE MENORES","author":"Alejandro Sosa Ruda","date":"3 noviembre, 2017","format":false,"excerpt":"La justicia determin\u00f3 que dos personas, una mujer y un hombre, ambos mayores de edad fueran detenidos por \u201ctrata de menores\u201d confi\u00f3 una fuente judicial de Dolores a Castellidiario. \u201cSon dos vecinos de Castelli los detenidos quienes, por los elementos recabados, est\u00e1n imputados del delito de trata de una menor\u2026","rel":"","context":"En \u00abCASTELLI\u00bb","block_context":{"text":"CASTELLI","link":"https:\/\/larevistadigital.com.ar\/blog\/category\/castelli\/"},"img":{"alt_text":"","src":"","width":0,"height":0},"classes":[]},{"id":24836,"url":"https:\/\/larevistadigital.com.ar\/blog\/castelli-fuerte-accidente-en-la-ruta-11-hay-dos-heridos\/","url_meta":{"origin":33447,"position":4},"title":"CASTELLI: FUERTE ACCIDENTE EN LA RUTA 11. HAY DOS HERIDOS","author":"Alejandro Sosa Ruda","date":"27 marzo, 2022","format":false,"excerpt":"El autom\u00f3vil en el que viajaban protagoniz\u00f3 un impactante vuelco. Los detalles. CASTELLI-\u00a0 Dos personas resultaron heridas tras despistar un autom\u00f3vil Citro\u00ebn C3 y terminar volcando en la Ruta N\u00b0 11, en el kil\u00f3metro 193 en jurisdicci\u00f3n del partido de Castelli. Como consecuencia del accidente, las dos personas que viajaban\u2026","rel":"","context":"En \u00abCASTELLI\u00bb","block_context":{"text":"CASTELLI","link":"https:\/\/larevistadigital.com.ar\/blog\/category\/castelli\/"},"img":{"alt_text":"","src":"https:\/\/i0.wp.com\/larevistadigital.com.ar\/blog\/wp-content\/uploads\/e9fa25361b0aa097e59246ab31e24d38d3c6580d.jpg?fit=1140%2C855&ssl=1&resize=350%2C200","width":350,"height":200,"srcset":"https:\/\/i0.wp.com\/larevistadigital.com.ar\/blog\/wp-content\/uploads\/e9fa25361b0aa097e59246ab31e24d38d3c6580d.jpg?fit=1140%2C855&ssl=1&resize=350%2C200 1x, https:\/\/i0.wp.com\/larevistadigital.com.ar\/blog\/wp-content\/uploads\/e9fa25361b0aa097e59246ab31e24d38d3c6580d.jpg?fit=1140%2C855&ssl=1&resize=525%2C300 1.5x, https:\/\/i0.wp.com\/larevistadigital.com.ar\/blog\/wp-content\/uploads\/e9fa25361b0aa097e59246ab31e24d38d3c6580d.jpg?fit=1140%2C855&ssl=1&resize=700%2C400 2x, https:\/\/i0.wp.com\/larevistadigital.com.ar\/blog\/wp-content\/uploads\/e9fa25361b0aa097e59246ab31e24d38d3c6580d.jpg?fit=1140%2C855&ssl=1&resize=1050%2C600 3x"},"classes":[]},{"id":13187,"url":"https:\/\/larevistadigital.com.ar\/blog\/castelli-campana-de-vacunacion-antirrabica\/","url_meta":{"origin":33447,"position":5},"title":"CASTELLI: CAMPA\u00d1A DE VACUNACI\u00d3N ANTIRR\u00c1BICA","author":"Alejandro Sosa Ruda","date":"13 noviembre, 2019","format":false,"excerpt":"Ma\u00f1ana jueves 14 de noviembre, la Direcci\u00f3n de Bromatolog\u00eda Municipal estar\u00e1 realizando la vacunaci\u00f3n antirr\u00e1bica de forma gratuita en Barrio Esperanza ( entre Maip\u00fa y Rivadavia, Dorrego y Saenz Pe\u00f1a desde las 9.30 horas. Se llevan vacunados m\u00e1s de 495 caninos y felinos en las zonas de Barrio Matadero, las\u2026","rel":"","context":"En \u00abCASTELLI\u00bb","block_context":{"text":"CASTELLI","link":"https:\/\/larevistadigital.com.ar\/blog\/category\/castelli\/"},"img":{"alt_text":"","src":"https:\/\/i0.wp.com\/larevistadigital.com.ar\/blog\/wp-content\/uploads\/74936953_1824618334504425_963051020609388544_n.jpg?fit=480%2C640&ssl=1&resize=350%2C200","width":350,"height":200},"classes":[]}],"_links":{"self":[{"href":"https:\/\/larevistadigital.com.ar\/blog\/wp-json\/wp\/v2\/posts\/33447","targetHints":{"allow":["GET"]}}],"collection":[{"href":"https:\/\/larevistadigital.com.ar\/blog\/wp-json\/wp\/v2\/posts"}],"about":[{"href":"https:\/\/larevistadigital.com.ar\/blog\/wp-json\/wp\/v2\/types\/post"}],"author":[{"embeddable":true,"href":"https:\/\/larevistadigital.com.ar\/blog\/wp-json\/wp\/v2\/users\/3"}],"replies":[{"embeddable":true,"href":"https:\/\/larevistadigital.com.ar\/blog\/wp-json\/wp\/v2\/comments?post=33447"}],"version-history":[{"count":1,"href":"https:\/\/larevistadigital.com.ar\/blog\/wp-json\/wp\/v2\/posts\/33447\/revisions"}],"predecessor-version":[{"id":33449,"href":"https:\/\/larevistadigital.com.ar\/blog\/wp-json\/wp\/v2\/posts\/33447\/revisions\/33449"}],"wp:featuredmedia":[{"embeddable":true,"href":"https:\/\/larevistadigital.com.ar\/blog\/wp-json\/wp\/v2\/media\/33448"}],"wp:attachment":[{"href":"https:\/\/larevistadigital.com.ar\/blog\/wp-json\/wp\/v2\/media?parent=33447"}],"wp:term":[{"taxonomy":"category","embeddable":true,"href":"https:\/\/larevistadigital.com.ar\/blog\/wp-json\/wp\/v2\/categories?post=33447"},{"taxonomy":"post_tag","embeddable":true,"href":"https:\/\/larevistadigital.com.ar\/blog\/wp-json\/wp\/v2\/tags?post=33447"}],"curies":[{"name":"wp","href":"https:\/\/api.w.org\/{rel}","templated":true}]}}