{"id":33587,"date":"2023-09-25T15:16:59","date_gmt":"2023-09-25T18:16:59","guid":{"rendered":"https:\/\/larevistadigital.com.ar\/blog\/?p=33587"},"modified":"2023-09-25T15:48:59","modified_gmt":"2023-09-25T18:48:59","slug":"chascomus-exito-rotundo-de-la-feria-de-sabores-bonaerenses-organidada-por-el-gobierno-de-la-provincia-de-buenos-aires","status":"publish","type":"post","link":"https:\/\/larevistadigital.com.ar\/blog\/chascomus-exito-rotundo-de-la-feria-de-sabores-bonaerenses-organidada-por-el-gobierno-de-la-provincia-de-buenos-aires\/","title":{"rendered":"CHASCOM\u00daS: EXITO ROTUNDO DE LA FERIA DE \u00abSABORES BONAERENSES\u00bb ORGANIZADA POR EL GOBIERNO DE LA PROVINCIA DE BUENOS AIRES"},"content":{"rendered":"<h2>Se trata de generar pol\u00edticas dirigidas a fortalecer el crecimiento y desarrollo de la actividad agropecuaria bonaerense para impulsar y mejorar el entramado socio productivo.<\/h2>\n<p>25 de Septiembre de 2023<\/p>\n<p><strong>CHASCOM\u00daS &#8211;\u00a0 <\/strong>Sabores Bonaerenses, es la Feria de Alimentos de la Provincia de Buenos Aires, que tuvo su exitoso paso por la ciudad de Chascom\u00fas.<\/p>\n<p>Con estrada libre y gratuita, m\u00e1s de 25.000 personas disfrutaron este s\u00e1bado en Chascom\u00fas de una nueva edici\u00f3n de Sabores Bonaerenses, la feria de alimentos m\u00e1s grande y representativa de la provincia de Buenos Aires. El encuentro, organizado por el Ministerio de Desarrollo Agrario con el acompa\u00f1amiento del Instituto Cultural de la provincia de Buenos Aires y el municipio local, cont\u00f3 con la presencia del ministro <strong>Javier Rodr\u00edguez.<\/strong><\/p>\n<blockquote>\n<h3>En el evento, tambi\u00e9n estuvo acompa\u00f1ando el intendente local <strong>Javier Gast\u00f3n<\/strong>\u00a0 que no quiso perderse esa excelente iniciativa de la Provincia de Buenos Aires.<\/h3>\n<\/blockquote>\n<p><img data-recalc-dims=\"1\" decoding=\"async\" src=\"https:\/\/i0.wp.com\/laquintadigital.com.ar\/uploads\/ckeditor\/2023\/09\/20230917223755_chascomus-sabores-3.jpg?ssl=1\" alt=\"\" \/><\/p>\n<p>En sus m\u00e1s de 150 puestos de venta, los asistentes pudieron encontrarse con producciones t\u00edpicas de las distintas regiones bonaerenses, elaboradas principalmente por productores artesanales, cooperativas y pymes de la provincia. Hubo dulces, embutidos, conservas, salsas, condimentos, miel, l\u00e1cteos, y bebidas alcoh\u00f3licas, entre muchas otras.<\/p>\n<blockquote>\n<h3><em><strong>\u201cEsta feria es una muestra de la gran variedad y de la calidad de sabores que se producen en nuestra provincia. Y, adem\u00e1s, re\u00fane varias de las acciones que venimos realizando desde el Ministerio de Desarrollo Agrario (MDA), como acercar a productores y consumidores, y nuestra idea de que es necesario pasar de producir s\u00f3lo materia prima a producir alimentos\u201d<\/strong><\/em>, se\u00f1al\u00f3 el ministro de Desarrollo Agrario, <strong>Javier Rodr\u00edguez<\/strong>.<\/h3>\n<\/blockquote>\n<p>Como en sus ediciones anteriores, la feria tambi\u00e9n incluy\u00f3 una clase abierta de pasteler\u00eda, en esta oportunidad a cargo de Delta Cuisiniere, y cocina en vivo con Juan Braceli.<\/p>\n<blockquote>\n<h3>Con la laguna de Chascom\u00fas como tel\u00f3n de fondo y un d\u00eda que invitaba a estar al aire libre, los asistentes adem\u00e1s pudieron disfrutar de las presentaciones musicales de Flor y Jos\u00e9 D\u00fao, y de La Nueve. Para los m\u00e1s chicos hubo un espacio con actividades l\u00fadicas, y foodtrucks con una amplia variedad gastron\u00f3mica para toda la familia.<\/h3>\n<\/blockquote>\n<p>En esta nueva edici\u00f3n de Sabores Bonaerenses tambi\u00e9n estuvieron presentes los beneficios de Cuenta DNI, que brinda un ahorro del 40% en las compras en Ferias y Mercados Bonaerenses.<\/p>\n<blockquote>\n<h3>Los productores presentes agradecieron esta nueva convocatoria por parte del MDA y el gobernador Axel Kicillof destacaron la gran asistencia de p\u00fablico.<\/h3>\n<\/blockquote>\n<p>Sabores Bonaerenses continuar\u00e1 recorriendo la Provincia y el pr\u00f3ximo s\u00e1bado 7 de octubre estar\u00e1 presente en Luj\u00e1n.<\/p>\n","protected":false},"excerpt":{"rendered":"<div class=\"mh-excerpt\"><p>Se trata de generar pol\u00edticas dirigidas a fortalecer el crecimiento y desarrollo de la actividad agropecuaria bonaerense para impulsar y mejorar el entramado socio productivo. 25 de Septiembre de 2023 CHASCOM\u00daS &#8211;\u00a0 Sabores Bonaerenses, es <a class=\"mh-excerpt-more\" href=\"https:\/\/larevistadigital.com.ar\/blog\/chascomus-exito-rotundo-de-la-feria-de-sabores-bonaerenses-organidada-por-el-gobierno-de-la-provincia-de-buenos-aires\/\" title=\"CHASCOM\u00daS: EXITO ROTUNDO DE LA FERIA DE \u00abSABORES BONAERENSES\u00bb ORGANIZADA POR EL GOBIERNO DE LA PROVINCIA DE BUENOS AIRES\">[Leer M\u00e1s]<\/a><\/p>\n<\/div>","protected":false},"author":3,"featured_media":33588,"comment_status":"open","ping_status":"open","sticky":false,"template":"","format":"standard","meta":{"_jetpack_memberships_contains_paid_content":false,"footnotes":"","jetpack_publicize_message":"","jetpack_publicize_feature_enabled":true,"jetpack_social_post_already_shared":true,"jetpack_social_options":{"image_generator_settings":{"template":"highway","default_image_id":0,"font":"","enabled":false},"version":2}},"categories":[41,24],"tags":[],"class_list":{"0":"post-33587","1":"post","2":"type-post","3":"status-publish","4":"format-standard","5":"has-post-thumbnail","7":"category-destacadas","8":"category-politica-provincial"},"jetpack_publicize_connections":[],"jetpack_featured_media_url":"https:\/\/i0.wp.com\/larevistadigital.com.ar\/blog\/wp-content\/uploads\/feria-sabores-bonaerenses-chascomus-696x464-1.jpg?fit=696%2C464&ssl=1","jetpack_sharing_enabled":true,"jetpack_shortlink":"https:\/\/wp.me\/p8qtrQ-8JJ","jetpack-related-posts":[{"id":33427,"url":"https:\/\/larevistadigital.com.ar\/blog\/chascomus-el-ministerio-de-desarrollo-agrario-organiza-el-proximo-sabado-la-feria-de-sabores-bonaerenses\/","url_meta":{"origin":33587,"position":0},"title":"CHASCOM\u00daS: EL MINISTERIO DE DESARROLLO AGRARIO ORGANIZA EL PR\u00d3XIMO S\u00c1BADO LA FERIA DE SABORES BONAERENSES.","author":"Alejandro Sosa Ruda","date":"11 septiembre, 2023","format":false,"excerpt":"El evento, que se llevar\u00e1 a cabo el s\u00e1bado 16 de septiembre de 11 a 19 horas en la Estaci\u00f3n Hidrobiol\u00f3gica de Chascom\u00fas, ofrece la oportunidad de disfrutar y adquirir productos aut\u00e9nticos de la regi\u00f3n. 11 De Septiembre de 2023 CHASCOM\u00daS -\u00a0 El gobierno de la Provincia de Buenos aires,\u2026","rel":"","context":"En \u00abINTERES GENERAL\u00bb","block_context":{"text":"INTERES GENERAL","link":"https:\/\/larevistadigital.com.ar\/blog\/category\/interes-general\/"},"img":{"alt_text":"","src":"https:\/\/i0.wp.com\/larevistadigital.com.ar\/blog\/wp-content\/uploads\/03528deb90b1a477092d1b20a096cb5e9a9a43ce.jpeg?fit=1140%2C642&ssl=1&resize=350%2C200","width":350,"height":200,"srcset":"https:\/\/i0.wp.com\/larevistadigital.com.ar\/blog\/wp-content\/uploads\/03528deb90b1a477092d1b20a096cb5e9a9a43ce.jpeg?fit=1140%2C642&ssl=1&resize=350%2C200 1x, https:\/\/i0.wp.com\/larevistadigital.com.ar\/blog\/wp-content\/uploads\/03528deb90b1a477092d1b20a096cb5e9a9a43ce.jpeg?fit=1140%2C642&ssl=1&resize=525%2C300 1.5x, https:\/\/i0.wp.com\/larevistadigital.com.ar\/blog\/wp-content\/uploads\/03528deb90b1a477092d1b20a096cb5e9a9a43ce.jpeg?fit=1140%2C642&ssl=1&resize=700%2C400 2x, https:\/\/i0.wp.com\/larevistadigital.com.ar\/blog\/wp-content\/uploads\/03528deb90b1a477092d1b20a096cb5e9a9a43ce.jpeg?fit=1140%2C642&ssl=1&resize=1050%2C600 3x"},"classes":[]},{"id":40740,"url":"https:\/\/larevistadigital.com.ar\/blog\/se-viene-sabores-bonaerenses-a-chascomus\/","url_meta":{"origin":33587,"position":1},"title":"Se viene Sabores Bonaerenses a Chascom\u00fas","author":"Alejandro Sosa Ruda","date":"4 agosto, 2025","format":false,"excerpt":"Se trata de la feria de alimentos m\u00e1s importante de la provincia de Buenos Aires, donde productores y productoras comercializan directamente sus creaciones. 04 de Agosto de 2025 CHASCOM\u00daS -\u00a0 \u00a0La Municipalidad de Chascom\u00fas en conjunto con el Ministerio Desarrollo Agrario invitan a la comunidad a participar de una nueva\u2026","rel":"","context":"En \u00abCHASCOM\u00daS\u00bb","block_context":{"text":"CHASCOM\u00daS","link":"https:\/\/larevistadigital.com.ar\/blog\/category\/chascomus\/"},"img":{"alt_text":"","src":"https:\/\/i0.wp.com\/larevistadigital.com.ar\/blog\/wp-content\/uploads\/6890f15d68be0.png?fit=668%2C445&ssl=1&resize=350%2C200","width":350,"height":200,"srcset":"https:\/\/i0.wp.com\/larevistadigital.com.ar\/blog\/wp-content\/uploads\/6890f15d68be0.png?fit=668%2C445&ssl=1&resize=350%2C200 1x, https:\/\/i0.wp.com\/larevistadigital.com.ar\/blog\/wp-content\/uploads\/6890f15d68be0.png?fit=668%2C445&ssl=1&resize=525%2C300 1.5x"},"classes":[]},{"id":40820,"url":"https:\/\/larevistadigital.com.ar\/blog\/chascomus-se-viene-una-impresionante-fiesta-de-sabores-en-el-fin-de-semana-largo\/","url_meta":{"origin":33587,"position":2},"title":"Chascom\u00fas: Se viene una impresionante Fiesta de Sabores en el fin de semana largo!","author":"Alejandro Sosa Ruda","date":"8 agosto, 2025","format":false,"excerpt":"Sabores Bonaerenses es la feria de alimentos m\u00e1s importante de la provincia de Buenos Aires, donde productores y productoras comercializan directamente sus creaciones. 08 de Agosto de 2025 CHASCOM\u00daS -\u00a0 \u00a0Con m\u00e1s de 100 inscriptos para los stands donde se multiplicar\u00e1n los sabores, la Municipalidad de Chascom\u00fas en conjunto con\u2026","rel":"","context":"En \u00abINTERES GENERAL\u00bb","block_context":{"text":"INTERES GENERAL","link":"https:\/\/larevistadigital.com.ar\/blog\/category\/interes-general\/"},"img":{"alt_text":"","src":"https:\/\/i0.wp.com\/larevistadigital.com.ar\/blog\/wp-content\/uploads\/6896283d2368f.png?fit=668%2C445&ssl=1&resize=350%2C200","width":350,"height":200,"srcset":"https:\/\/i0.wp.com\/larevistadigital.com.ar\/blog\/wp-content\/uploads\/6896283d2368f.png?fit=668%2C445&ssl=1&resize=350%2C200 1x, https:\/\/i0.wp.com\/larevistadigital.com.ar\/blog\/wp-content\/uploads\/6896283d2368f.png?fit=668%2C445&ssl=1&resize=525%2C300 1.5x"},"classes":[]},{"id":44952,"url":"https:\/\/larevistadigital.com.ar\/blog\/javier-rodriguez-defender-la-produccion-nacional-es-generar-mas-trabajo-y-mejores-alimentos\/","url_meta":{"origin":33587,"position":3},"title":"Javier Rodr\u00edguez: \u201cDefender la producci\u00f3n nacional es generar m\u00e1s trabajo y mejores alimentos\u201d","author":"Alejandro Sosa Ruda","date":"6 abril, 2026","format":false,"excerpt":"En una nueva edici\u00f3n de la Posta de Sabores, el ministro de Desarrollo Agrario bonaerense destac\u00f3 el rol de estas pol\u00edticas para fortalecer a los productores y acercar precios accesibles y alimentos de calidad a los consumidores. 06 de abril de 2026 BUENOS AIRES -\u00a0 \u00a0Este s\u00e1bado, el ministro de\u2026","rel":"","context":"En \u00abDESTACADAS\u00bb","block_context":{"text":"DESTACADAS","link":"https:\/\/larevistadigital.com.ar\/blog\/category\/destacadas\/"},"img":{"alt_text":"","src":"https:\/\/i0.wp.com\/larevistadigital.com.ar\/blog\/wp-content\/uploads\/DSC_7660-scaled.jpg?fit=1200%2C800&ssl=1&resize=350%2C200","width":350,"height":200,"srcset":"https:\/\/i0.wp.com\/larevistadigital.com.ar\/blog\/wp-content\/uploads\/DSC_7660-scaled.jpg?fit=1200%2C800&ssl=1&resize=350%2C200 1x, https:\/\/i0.wp.com\/larevistadigital.com.ar\/blog\/wp-content\/uploads\/DSC_7660-scaled.jpg?fit=1200%2C800&ssl=1&resize=525%2C300 1.5x, https:\/\/i0.wp.com\/larevistadigital.com.ar\/blog\/wp-content\/uploads\/DSC_7660-scaled.jpg?fit=1200%2C800&ssl=1&resize=700%2C400 2x, https:\/\/i0.wp.com\/larevistadigital.com.ar\/blog\/wp-content\/uploads\/DSC_7660-scaled.jpg?fit=1200%2C800&ssl=1&resize=1050%2C600 3x"},"classes":[]},{"id":36588,"url":"https:\/\/larevistadigital.com.ar\/blog\/caminos-y-sabores-chascomus-estara-presente-en-la-feria-gastronomica-mas-grande-del-pais\/","url_meta":{"origin":33587,"position":4},"title":"CAMINOS Y SABORES: CHASCOM\u00daS ESTAR\u00c1 PRESENTE EN LA FERIA GASTRON\u00d3MICA M\u00c1S GRANDE DEL PA\u00cdS","author":"Alejandro Sosa Ruda","date":"4 julio, 2024","format":false,"excerpt":"Desde el stand del municipio se promocionar\u00e1 producci\u00f3n gastron\u00f3mica local y la marca ciudad. 04 de Julio de 2024 CHASCOM\u00daS -\u00a0 \u00a0Del 6 al 9 de julio en el Predio Ferial La Rural de Palermo, Chascom\u00fas participar\u00e1 de la 18\u00b0 edici\u00f3n de Caminos y Sabores 2024. Este evento es reconocido\u2026","rel":"","context":"En \u00abCHASCOM\u00daS\u00bb","block_context":{"text":"CHASCOM\u00daS","link":"https:\/\/larevistadigital.com.ar\/blog\/category\/chascomus\/"},"img":{"alt_text":"","src":"https:\/\/i0.wp.com\/larevistadigital.com.ar\/blog\/wp-content\/uploads\/2024_07_05_01_07_08_6788641.jpg?fit=600%2C300&ssl=1&resize=350%2C200","width":350,"height":200,"srcset":"https:\/\/i0.wp.com\/larevistadigital.com.ar\/blog\/wp-content\/uploads\/2024_07_05_01_07_08_6788641.jpg?fit=600%2C300&ssl=1&resize=350%2C200 1x, https:\/\/i0.wp.com\/larevistadigital.com.ar\/blog\/wp-content\/uploads\/2024_07_05_01_07_08_6788641.jpg?fit=600%2C300&ssl=1&resize=525%2C300 1.5x"},"classes":[]},{"id":37253,"url":"https:\/\/larevistadigital.com.ar\/blog\/chascomus-en-el-coprotur\/","url_meta":{"origin":33587,"position":5},"title":"Chascom\u00fas en el CoProTur","author":"Alejandro Sosa Ruda","date":"19 septiembre, 2024","format":false,"excerpt":"Se realiz\u00f3 en Villa Gesell la tercera Asamblea del a\u00f1o organizada por el Ministerio de Producci\u00f3n, Ciencia e Innovaci\u00f3n Tecnol\u00f3gica de la Provincia de Buenos Aires 19 de Septiembre de 2024 Con la presencia de la subsecretaria de Desarrollo Tur\u00edstico y Productivo, Jimena Arano, y de los siete polos tur\u00edsticos\u2026","rel":"","context":"En \u00abSin categor\u00eda\u00bb","block_context":{"text":"Sin categor\u00eda","link":"https:\/\/larevistadigital.com.ar\/blog\/category\/sin-categoria\/"},"img":{"alt_text":"","src":"https:\/\/i0.wp.com\/larevistadigital.com.ar\/blog\/wp-content\/uploads\/66eb0bedc6050.png?fit=668%2C445&ssl=1&resize=350%2C200","width":350,"height":200,"srcset":"https:\/\/i0.wp.com\/larevistadigital.com.ar\/blog\/wp-content\/uploads\/66eb0bedc6050.png?fit=668%2C445&ssl=1&resize=350%2C200 1x, https:\/\/i0.wp.com\/larevistadigital.com.ar\/blog\/wp-content\/uploads\/66eb0bedc6050.png?fit=668%2C445&ssl=1&resize=525%2C300 1.5x"},"classes":[]}],"_links":{"self":[{"href":"https:\/\/larevistadigital.com.ar\/blog\/wp-json\/wp\/v2\/posts\/33587","targetHints":{"allow":["GET"]}}],"collection":[{"href":"https:\/\/larevistadigital.com.ar\/blog\/wp-json\/wp\/v2\/posts"}],"about":[{"href":"https:\/\/larevistadigital.com.ar\/blog\/wp-json\/wp\/v2\/types\/post"}],"author":[{"embeddable":true,"href":"https:\/\/larevistadigital.com.ar\/blog\/wp-json\/wp\/v2\/users\/3"}],"replies":[{"embeddable":true,"href":"https:\/\/larevistadigital.com.ar\/blog\/wp-json\/wp\/v2\/comments?post=33587"}],"version-history":[{"count":3,"href":"https:\/\/larevistadigital.com.ar\/blog\/wp-json\/wp\/v2\/posts\/33587\/revisions"}],"predecessor-version":[{"id":33596,"href":"https:\/\/larevistadigital.com.ar\/blog\/wp-json\/wp\/v2\/posts\/33587\/revisions\/33596"}],"wp:featuredmedia":[{"embeddable":true,"href":"https:\/\/larevistadigital.com.ar\/blog\/wp-json\/wp\/v2\/media\/33588"}],"wp:attachment":[{"href":"https:\/\/larevistadigital.com.ar\/blog\/wp-json\/wp\/v2\/media?parent=33587"}],"wp:term":[{"taxonomy":"category","embeddable":true,"href":"https:\/\/larevistadigital.com.ar\/blog\/wp-json\/wp\/v2\/categories?post=33587"},{"taxonomy":"post_tag","embeddable":true,"href":"https:\/\/larevistadigital.com.ar\/blog\/wp-json\/wp\/v2\/tags?post=33587"}],"curies":[{"name":"wp","href":"https:\/\/api.w.org\/{rel}","templated":true}]}}