{"id":33591,"date":"2023-09-25T15:30:54","date_gmt":"2023-09-25T18:30:54","guid":{"rendered":"https:\/\/larevistadigital.com.ar\/blog\/?p=33591"},"modified":"2023-09-25T15:45:39","modified_gmt":"2023-09-25T18:45:39","slug":"con-el-aporte-del-gobernador-kicillof-se-inyectaran-mas-de-50-millones-de-pesos-con-el-pago-del-bono-a-los-trabajadores-municipales","status":"publish","type":"post","link":"https:\/\/larevistadigital.com.ar\/blog\/con-el-aporte-del-gobernador-kicillof-se-inyectaran-mas-de-50-millones-de-pesos-con-el-pago-del-bono-a-los-trabajadores-municipales\/","title":{"rendered":"CON EL APORTE DEL GOBERNADOR KICILLOF, SE INYECTAR\u00c1N  M\u00c1S DE 50 MILLONES DE PESOS CON EL PAGO DEL BONO A LOS TRABAJADORES MUNICIPALES"},"content":{"rendered":"<h2>Es para abonar el bono de 60 mil pesos que gener\u00f3 el ministro de econom\u00eda Sergio Massa.<\/h2>\n<p>25 de Septiembre de 2023<\/p>\n<p><strong>CHASCOM\u00daS &#8211;\u00a0<\/strong> Con este pago, ingresaron 57 millones de pesos al circuito comercial, lo que implica un importante impulso a la econom\u00eda local en esta etapa.<\/p>\n<blockquote>\n<h3 class=\"notaTexto\">La Municipalidad deposit\u00f3 este mi\u00e9rcoles la primera cuota del bono no remunerativo y no reintegrable.<\/h3>\n<\/blockquote>\n<p class=\"notaTexto\">Cabe recordar que el pago extra, de $60 mil pesos, se abona en dos cuotas iguales y consecutivas. La primera, el 20 de septiembre y la segunda, el 20 de octubre.<\/p>\n<p>Al mismo tiempo, la planta municipal tendr\u00e1 un aumento del 15% en los haberes de septiembre que se cobrar\u00e1n el 4 de octubre, as\u00ed como tambi\u00e9n el pago de las asignaciones familiares con un 23% de incremento. Adem\u00e1s, a partir del 1\u00b0 de octubre, quienes pagaban el Impuesto a las Ganancias dejar\u00e1n de hacerlo.<\/p>\n<p>Por otra parte, el 27 de septiembre ser\u00e1n abonadas las horas extras y adicionales, y durante octubre se pagar\u00e1n el 20 de ese mes con un aumento del 15%.<\/p>\n","protected":false},"excerpt":{"rendered":"<div class=\"mh-excerpt\"><p>Es para abonar el bono de 60 mil pesos que gener\u00f3 el ministro de econom\u00eda Sergio Massa. 25 de Septiembre de 2023 CHASCOM\u00daS &#8211;\u00a0 Con este pago, ingresaron 57 millones de pesos al circuito comercial, <a class=\"mh-excerpt-more\" href=\"https:\/\/larevistadigital.com.ar\/blog\/con-el-aporte-del-gobernador-kicillof-se-inyectaran-mas-de-50-millones-de-pesos-con-el-pago-del-bono-a-los-trabajadores-municipales\/\" title=\"CON EL APORTE DEL GOBERNADOR KICILLOF, SE INYECTAR\u00c1N  M\u00c1S DE 50 MILLONES DE PESOS CON EL PAGO DEL BONO A LOS TRABAJADORES MUNICIPALES\">[Leer M\u00e1s]<\/a><\/p>\n<\/div>","protected":false},"author":3,"featured_media":33592,"comment_status":"open","ping_status":"open","sticky":false,"template":"","format":"standard","meta":{"_jetpack_memberships_contains_paid_content":false,"footnotes":"","jetpack_publicize_message":"","jetpack_publicize_feature_enabled":true,"jetpack_social_post_already_shared":true,"jetpack_social_options":{"image_generator_settings":{"template":"highway","default_image_id":0,"font":"","enabled":false},"version":2}},"categories":[6,24],"tags":[],"class_list":{"0":"post-33591","1":"post","2":"type-post","3":"status-publish","4":"format-standard","5":"has-post-thumbnail","7":"category-chascomus","8":"category-politica-provincial"},"jetpack_publicize_connections":[],"jetpack_featured_media_url":"https:\/\/i0.wp.com\/larevistadigital.com.ar\/blog\/wp-content\/uploads\/bono-de-60-mil.jpg?fit=960%2C640&ssl=1","jetpack_sharing_enabled":true,"jetpack_shortlink":"https:\/\/wp.me\/p8qtrQ-8JN","jetpack-related-posts":[{"id":33189,"url":"https:\/\/larevistadigital.com.ar\/blog\/municipios-bonaerenses-aseguraron-que-pagaran-el-bono-de-60-000-que-pasara-en-chascomus\/","url_meta":{"origin":33591,"position":0},"title":"MUNICIPIOS BONAERENSES ASEGURARON QUE PAGAR\u00c1N EL BONO DE $60.000.- \u00bfQU\u00c9 PASAR\u00c1 EN CHASCOM\u00daS?","author":"Alejandro Sosa Ruda","date":"1 septiembre, 2023","format":false,"excerpt":"Hasta el momento seis municipios bonaerenses aprobaron el pago del bono . Kicillof instrumentar\u00e1 un fondo especial de 12 mil millones de pesos, ya que pretende que todos puedan cobrarlo. 1\u00b0 de septiembre de 2023 BUENOS AIRES -\u00a0\u00a0Media docena de municipios bonaerenses gobernados por intendentes de Uni\u00f3n por la Patria\u2026","rel":"","context":"En \u00abINTERES GENERAL\u00bb","block_context":{"text":"INTERES GENERAL","link":"https:\/\/larevistadigital.com.ar\/blog\/category\/interes-general\/"},"img":{"alt_text":"","src":"https:\/\/i0.wp.com\/larevistadigital.com.ar\/blog\/wp-content\/uploads\/20230831190228_dinero.jpg?fit=880%2C512&ssl=1&resize=350%2C200","width":350,"height":200,"srcset":"https:\/\/i0.wp.com\/larevistadigital.com.ar\/blog\/wp-content\/uploads\/20230831190228_dinero.jpg?fit=880%2C512&ssl=1&resize=350%2C200 1x, https:\/\/i0.wp.com\/larevistadigital.com.ar\/blog\/wp-content\/uploads\/20230831190228_dinero.jpg?fit=880%2C512&ssl=1&resize=525%2C300 1.5x, https:\/\/i0.wp.com\/larevistadigital.com.ar\/blog\/wp-content\/uploads\/20230831190228_dinero.jpg?fit=880%2C512&ssl=1&resize=700%2C400 2x"},"classes":[]},{"id":12691,"url":"https:\/\/larevistadigital.com.ar\/blog\/el-intendente-echarren-pagara-un-bono-de-7-000-por-el-dia-de-la-madre\/","url_meta":{"origin":33591,"position":1},"title":"EL INTENDENTE ECHARREN PAGAR\u00c1 UN BONO DE $7.000.- POR EL D\u00cdA DE LA MADRE","author":"Alejandro Sosa Ruda","date":"18 octubre, 2019","format":false,"excerpt":"Este jueves 17 de octubre el Intendente Municipal Francisco Echarren anuncio en sus redes sociales que estar\u00e1 pagando un bono de $7000 a empleados municipales. Este pago especial de un plus salarial implic\u00f3 un desembolso de casi 2,3 millones de pesos que se reinsertar\u00e1n en el circuito econ\u00f3mico de Castelli\u2026","rel":"","context":"En \u00abCASTELLI\u00bb","block_context":{"text":"CASTELLI","link":"https:\/\/larevistadigital.com.ar\/blog\/category\/castelli\/"},"img":{"alt_text":"","src":"https:\/\/i0.wp.com\/larevistadigital.com.ar\/blog\/wp-content\/uploads\/5afa15dab4b66-1140x641.jpg?fit=1140%2C641&ssl=1&resize=350%2C200","width":350,"height":200,"srcset":"https:\/\/i0.wp.com\/larevistadigital.com.ar\/blog\/wp-content\/uploads\/5afa15dab4b66-1140x641.jpg?fit=1140%2C641&ssl=1&resize=350%2C200 1x, https:\/\/i0.wp.com\/larevistadigital.com.ar\/blog\/wp-content\/uploads\/5afa15dab4b66-1140x641.jpg?fit=1140%2C641&ssl=1&resize=525%2C300 1.5x, https:\/\/i0.wp.com\/larevistadigital.com.ar\/blog\/wp-content\/uploads\/5afa15dab4b66-1140x641.jpg?fit=1140%2C641&ssl=1&resize=700%2C400 2x, https:\/\/i0.wp.com\/larevistadigital.com.ar\/blog\/wp-content\/uploads\/5afa15dab4b66-1140x641.jpg?fit=1140%2C641&ssl=1&resize=1050%2C600 3x"},"classes":[]},{"id":44154,"url":"https:\/\/larevistadigital.com.ar\/blog\/chascomus-la-municipalidad-abona-asignaciones-familiares-por-mas-de-85-millones-de-pesos-y-actualiza-los-montos-desde-marzo\/","url_meta":{"origin":33591,"position":2},"title":"Chascom\u00fas: La Municipalidad abona asignaciones familiares por m\u00e1s de 85 millones de pesos y actualiza los montos desde marzo","author":"Alejandro Sosa Ruda","date":"24 febrero, 2026","format":false,"excerpt":"El pago alcanza a asignaciones por hijo, hijo con discapacidad, matrimonio, nacimiento y adopci\u00f3n, e implica una fuerte inyecci\u00f3n de recursos en la econom\u00eda local 24 de febrero de 2026 CHASCOM\u00daS -\u00a0 \u00a0La Municipalidad realizar\u00e1 el pago de asignaciones familiares a trabajadores y trabajadoras municipales por un monto total que\u2026","rel":"","context":"En \u00abCHASCOM\u00daS\u00bb","block_context":{"text":"CHASCOM\u00daS","link":"https:\/\/larevistadigital.com.ar\/blog\/category\/chascomus\/"},"img":{"alt_text":"","src":"https:\/\/i0.wp.com\/larevistadigital.com.ar\/blog\/wp-content\/uploads\/699ddb402e29e.png?fit=668%2C445&ssl=1&resize=350%2C200","width":350,"height":200,"srcset":"https:\/\/i0.wp.com\/larevistadigital.com.ar\/blog\/wp-content\/uploads\/699ddb402e29e.png?fit=668%2C445&ssl=1&resize=350%2C200 1x, https:\/\/i0.wp.com\/larevistadigital.com.ar\/blog\/wp-content\/uploads\/699ddb402e29e.png?fit=668%2C445&ssl=1&resize=525%2C300 1.5x"},"classes":[]},{"id":30122,"url":"https:\/\/larevistadigital.com.ar\/blog\/el-gobierno-anuncio-un-bono-de-15-mil-pesos-durante-tres-meses-para-los-jubilados-que-cobran-la-minima\/","url_meta":{"origin":33591,"position":3},"title":"EL GOBIERNO ANUNCI\u00d3 UN BONO DE 15 MIL PESOS DURANTE TRES MESES PARA LOS JUBILADOS QUE COBRAN LA M\u00cdNIMA.","author":"Alejandro Sosa Ruda","date":"11 febrero, 2023","format":false,"excerpt":"Las jubilaciones y pensiones aumentar\u00e1n un 17% en marzo y el haber m\u00ednimo ser\u00e1 de 73.665 pesos. El mismo porcentaje se aplicar\u00e1 para actualizar la Asignaci\u00f3n Universal por Hijo (AUH) y las asignaciones familiares 10 de febrero de 2023 Las jubilaciones y pensiones aumentar\u00e1n un 17,04% a partir de marzo\u2026","rel":"","context":"En \u00abECONOMIA\u00bb","block_context":{"text":"ECONOMIA","link":"https:\/\/larevistadigital.com.ar\/blog\/category\/economia\/"},"img":{"alt_text":"","src":"https:\/\/i0.wp.com\/larevistadigital.com.ar\/blog\/wp-content\/uploads\/descarga-17.jpg?fit=800%2C448&ssl=1&resize=350%2C200","width":350,"height":200,"srcset":"https:\/\/i0.wp.com\/larevistadigital.com.ar\/blog\/wp-content\/uploads\/descarga-17.jpg?fit=800%2C448&ssl=1&resize=350%2C200 1x, https:\/\/i0.wp.com\/larevistadigital.com.ar\/blog\/wp-content\/uploads\/descarga-17.jpg?fit=800%2C448&ssl=1&resize=525%2C300 1.5x, https:\/\/i0.wp.com\/larevistadigital.com.ar\/blog\/wp-content\/uploads\/descarga-17.jpg?fit=800%2C448&ssl=1&resize=700%2C400 2x"},"classes":[]},{"id":33543,"url":"https:\/\/larevistadigital.com.ar\/blog\/cuenta-dni-mas-de-335-mil-clientes-recibieron-el-reintegro-de-compre-sin-iva\/","url_meta":{"origin":33591,"position":4},"title":"CUENTA DNI: M\u00c1S DE 335 MIL CLIENTES RECIBIERON EL REINTEGRO DE \u00abCOMPRE SIN IVA\u00bb","author":"Alejandro Sosa Ruda","date":"22 septiembre, 2023","format":false,"excerpt":"La banca p\u00fablica bonaerense acredit\u00f3 esta jueves a sus clientes\/as m\u00e1s de 611 millones de pesos en reintegros correspondientes al programa Compre sin IVA. M\u00e1s de 335 mil personas usuarias de la billetera digital Cuenta DNI y de tarjetas de d\u00e9bito de Banco Provincia que realizaron compras el 18 y\u2026","rel":"","context":"En \u00abPOLITICA PROVINCIAL\u00bb","block_context":{"text":"POLITICA PROVINCIAL","link":"https:\/\/larevistadigital.com.ar\/blog\/category\/politica\/politica-provincial\/"},"img":{"alt_text":"","src":"https:\/\/i0.wp.com\/larevistadigital.com.ar\/blog\/wp-content\/uploads\/20230922103400_cuenta-dni-compre-sin-iva.jpg?fit=880%2C512&ssl=1&resize=350%2C200","width":350,"height":200,"srcset":"https:\/\/i0.wp.com\/larevistadigital.com.ar\/blog\/wp-content\/uploads\/20230922103400_cuenta-dni-compre-sin-iva.jpg?fit=880%2C512&ssl=1&resize=350%2C200 1x, https:\/\/i0.wp.com\/larevistadigital.com.ar\/blog\/wp-content\/uploads\/20230922103400_cuenta-dni-compre-sin-iva.jpg?fit=880%2C512&ssl=1&resize=525%2C300 1.5x, https:\/\/i0.wp.com\/larevistadigital.com.ar\/blog\/wp-content\/uploads\/20230922103400_cuenta-dni-compre-sin-iva.jpg?fit=880%2C512&ssl=1&resize=700%2C400 2x"},"classes":[]},{"id":34251,"url":"https:\/\/larevistadigital.com.ar\/blog\/pago-de-becas-universitarias-correspondientes-a-septiembre-octubre\/","url_meta":{"origin":33591,"position":5},"title":"PAGO DE BECAS UNIVERSITARIAS CORRESPONDIENTES A SEPTIEMBRE &#8211; OCTUBRE","author":"Alejandro Sosa Ruda","date":"31 octubre, 2023","format":false,"excerpt":"Hoy, martes 31 de octubre estar\u00e1 acreditado el pago para los beneficiarios, otorgado por el Decreto N\u00b0 279. CHASCOM\u00daS -\u00a0 Cabe recordar que las becas universitarias son contribuciones econ\u00f3micas, provenientes de la utilizaci\u00f3n de los recursos del Fondo de Financiamiento Educativo como parte del compromiso asumido con la educaci\u00f3n p\u00fablica\u2026","rel":"","context":"En \u00abCHASCOM\u00daS\u00bb","block_context":{"text":"CHASCOM\u00daS","link":"https:\/\/larevistadigital.com.ar\/blog\/category\/chascomus\/"},"img":{"alt_text":"","src":"https:\/\/i0.wp.com\/larevistadigital.com.ar\/blog\/wp-content\/uploads\/2023_10_31_01_30_09_8539894.jpeg?fit=600%2C401&ssl=1&resize=350%2C200","width":350,"height":200,"srcset":"https:\/\/i0.wp.com\/larevistadigital.com.ar\/blog\/wp-content\/uploads\/2023_10_31_01_30_09_8539894.jpeg?fit=600%2C401&ssl=1&resize=350%2C200 1x, https:\/\/i0.wp.com\/larevistadigital.com.ar\/blog\/wp-content\/uploads\/2023_10_31_01_30_09_8539894.jpeg?fit=600%2C401&ssl=1&resize=525%2C300 1.5x"},"classes":[]}],"_links":{"self":[{"href":"https:\/\/larevistadigital.com.ar\/blog\/wp-json\/wp\/v2\/posts\/33591","targetHints":{"allow":["GET"]}}],"collection":[{"href":"https:\/\/larevistadigital.com.ar\/blog\/wp-json\/wp\/v2\/posts"}],"about":[{"href":"https:\/\/larevistadigital.com.ar\/blog\/wp-json\/wp\/v2\/types\/post"}],"author":[{"embeddable":true,"href":"https:\/\/larevistadigital.com.ar\/blog\/wp-json\/wp\/v2\/users\/3"}],"replies":[{"embeddable":true,"href":"https:\/\/larevistadigital.com.ar\/blog\/wp-json\/wp\/v2\/comments?post=33591"}],"version-history":[{"count":2,"href":"https:\/\/larevistadigital.com.ar\/blog\/wp-json\/wp\/v2\/posts\/33591\/revisions"}],"predecessor-version":[{"id":33594,"href":"https:\/\/larevistadigital.com.ar\/blog\/wp-json\/wp\/v2\/posts\/33591\/revisions\/33594"}],"wp:featuredmedia":[{"embeddable":true,"href":"https:\/\/larevistadigital.com.ar\/blog\/wp-json\/wp\/v2\/media\/33592"}],"wp:attachment":[{"href":"https:\/\/larevistadigital.com.ar\/blog\/wp-json\/wp\/v2\/media?parent=33591"}],"wp:term":[{"taxonomy":"category","embeddable":true,"href":"https:\/\/larevistadigital.com.ar\/blog\/wp-json\/wp\/v2\/categories?post=33591"},{"taxonomy":"post_tag","embeddable":true,"href":"https:\/\/larevistadigital.com.ar\/blog\/wp-json\/wp\/v2\/tags?post=33591"}],"curies":[{"name":"wp","href":"https:\/\/api.w.org\/{rel}","templated":true}]}}