{"id":33597,"date":"2023-09-25T16:20:37","date_gmt":"2023-09-25T19:20:37","guid":{"rendered":"https:\/\/larevistadigital.com.ar\/blog\/?p=33597"},"modified":"2023-09-25T16:20:37","modified_gmt":"2023-09-25T19:20:37","slug":"hallan-el-cadaver-de-un-hombre-en-los-lagos-de-palermo","status":"publish","type":"post","link":"https:\/\/larevistadigital.com.ar\/blog\/hallan-el-cadaver-de-un-hombre-en-los-lagos-de-palermo\/","title":{"rendered":"HALLAN EL CAD\u00c1VER DE UN HOMBRE EN LOS LAGOS DE PALERMO"},"content":{"rendered":"<h2 class=\"com-subhead --bajada --m-xs-\">El hallazgo del cad\u00e1ver se hizo hoy a la ma\u00f1ana y fueron alertadas autoridades; se trata de un hombre de entre 35 y 40<\/h2>\n<p>25 de Septiembre de 2023<\/p>\n<p>El equipo de la Comisar\u00eda Vecinal 14 C de la Polic\u00eda de la Ciudad recibi\u00f3 una alerta temprano esta ma\u00f1ana sobre el hallazgo de un cuerpo sin vida en el lago Victoria Ocampo, situado en la Plaza Sicilia. Este mismo lugar fue escenario recientemente de un asalto violento en el que el ingeniero Mariano Barbieri result\u00f3 apu\u00f1alado. La zona, muy frecuentada por vecinos y deportistas, se vio impactada por este descubrimiento.<\/p>\n<blockquote>\n<h3>En respuesta al llamado, se moviliz\u00f3 personal de Bomberos de la Ciudad, quienes recuperaron el cuerpo que se encontraba a escasos cent\u00edmetros de la orilla. Hasta el momento, se ha confirmado que se trata de un hombre de entre 35 y 40 a\u00f1os de edad, estimando que habr\u00eda fallecido en un lapso de entre 8 y 12 horas.<\/h3>\n<\/blockquote>\n<p>Destacando detalles cruciales para su identificaci\u00f3n, fuentes del caso informaron que el individuo posee dos tatuajes distintivos: un escorpi\u00f3n o un dise\u00f1o similar en la espalda y un toro en el brazo izquierdo.<\/p>\n<blockquote>\n<h3><em><strong>\u00abNo se encontraron testigos ni objetos personales en las cercan\u00edas de donde se descubri\u00f3 el cuerpo\u00bb<\/strong><\/em>, se\u00f1alaron las fuentes consultadas por Infobae. Asimismo, describieron su atuendo compuesto por un short de color bord\u00f3, una remera negra, una campera polar, zapatillas y medias, adem\u00e1s de llevar un barbijo de tono celeste. Durante la inspecci\u00f3n, se encontr\u00f3 un cigarrillo armado y una bolsa conteniendo una sustancia vegetal que se presume podr\u00eda ser tabaco o yerba.<\/h3>\n<\/blockquote>\n<p>Fuentes policiales confirmaron la ausencia de lesiones visibles en el cuerpo y el descubrimiento de dos tarjetas SUBE entre sus pertenencias. La divisi\u00f3n de Investigaciones de la Comuna 14 de la Polic\u00eda de la Ciudad intentar\u00e1 determinar si estas tarjetas pueden ser sometidas a peritaje. Mientras tanto, el cuerpo ser\u00e1 sometido a la autopsia correspondiente en busca de m\u00e1s detalles sobre las circunstancias de su fallecimiento.<\/p>\n","protected":false},"excerpt":{"rendered":"<div class=\"mh-excerpt\"><p>El hallazgo del cad\u00e1ver se hizo hoy a la ma\u00f1ana y fueron alertadas autoridades; se trata de un hombre de entre 35 y 40 25 de Septiembre de 2023 El equipo de la Comisar\u00eda Vecinal <a class=\"mh-excerpt-more\" href=\"https:\/\/larevistadigital.com.ar\/blog\/hallan-el-cadaver-de-un-hombre-en-los-lagos-de-palermo\/\" title=\"HALLAN EL CAD\u00c1VER DE UN HOMBRE EN LOS LAGOS DE PALERMO\">[Leer M\u00e1s]<\/a><\/p>\n<\/div>","protected":false},"author":3,"featured_media":33598,"comment_status":"open","ping_status":"open","sticky":false,"template":"","format":"standard","meta":{"_jetpack_memberships_contains_paid_content":false,"footnotes":"","jetpack_publicize_message":"","jetpack_publicize_feature_enabled":true,"jetpack_social_post_already_shared":true,"jetpack_social_options":{"image_generator_settings":{"template":"highway","default_image_id":0,"font":"","enabled":false},"version":2}},"categories":[50,44],"tags":[],"class_list":{"0":"post-33597","1":"post","2":"type-post","3":"status-publish","4":"format-standard","5":"has-post-thumbnail","7":"category-interes-general","8":"category-policiales"},"jetpack_publicize_connections":[],"jetpack_featured_media_url":"https:\/\/i0.wp.com\/larevistadigital.com.ar\/blog\/wp-content\/uploads\/I3vIT_Ktx_1300x655__1.jpg?fit=1300%2C655&ssl=1","jetpack_sharing_enabled":true,"jetpack_shortlink":"https:\/\/wp.me\/p8qtrQ-8JT","jetpack-related-posts":[{"id":20869,"url":"https:\/\/larevistadigital.com.ar\/blog\/que-se-sabe-del-cadaver-hallado-en-brandsen\/","url_meta":{"origin":33597,"position":0},"title":"\u00bfQU\u00c9 SE SABE DEL CADAVER HALLADO EN BRANDSEN?","author":"Alejandro Sosa Ruda","date":"23 junio, 2021","format":false,"excerpt":"BRANDSEN - Tal como adelant\u00f3 en exclusiva DLN, en las \u00faltimas horas la localidad bonaerense de Brandsen\u00a0se vio conmocionada por\u00a0el hallazgo del cad\u00e1ver de un hombre debajo de un \u00e1rbol, al costado de una calle, en la zona rural de la ciudad. Todo ocurri\u00f3 en la tarde de ayer, cerca\u2026","rel":"","context":"En \u00abPOLICIALES\u00bb","block_context":{"text":"POLICIALES","link":"https:\/\/larevistadigital.com.ar\/blog\/category\/policiales\/"},"img":{"alt_text":"","src":"https:\/\/i0.wp.com\/larevistadigital.com.ar\/blog\/wp-content\/uploads\/Brandsenn.jpg?fit=1152%2C648&ssl=1&resize=350%2C200","width":350,"height":200,"srcset":"https:\/\/i0.wp.com\/larevistadigital.com.ar\/blog\/wp-content\/uploads\/Brandsenn.jpg?fit=1152%2C648&ssl=1&resize=350%2C200 1x, https:\/\/i0.wp.com\/larevistadigital.com.ar\/blog\/wp-content\/uploads\/Brandsenn.jpg?fit=1152%2C648&ssl=1&resize=525%2C300 1.5x, https:\/\/i0.wp.com\/larevistadigital.com.ar\/blog\/wp-content\/uploads\/Brandsenn.jpg?fit=1152%2C648&ssl=1&resize=700%2C400 2x, https:\/\/i0.wp.com\/larevistadigital.com.ar\/blog\/wp-content\/uploads\/Brandsenn.jpg?fit=1152%2C648&ssl=1&resize=1050%2C600 3x"},"classes":[]},{"id":2610,"url":"https:\/\/larevistadigital.com.ar\/blog\/crimen-mafioso-en-chascomus\/","url_meta":{"origin":33597,"position":1},"title":"\u00bfCRIMEN MAFIOSO EN CHASCOM\u00daS?","author":"Alejandro Sosa Ruda","date":"9 julio, 2017","format":false,"excerpt":"En la ma\u00f1ana de ayer fue encontrado el cuerpo sin vida de un hombre de unos 40 a\u00f1os, flotando en la laguna en la zona que se ubica entre un hotel de una cadena internacional y la rotonda del cementerio. El cad\u00e1ver presentaba lo que parec\u00eda ser un balazo en\u2026","rel":"","context":"En \u00abCHASCOM\u00daS\u00bb","block_context":{"text":"CHASCOM\u00daS","link":"https:\/\/larevistadigital.com.ar\/blog\/category\/chascomus\/"},"img":{"alt_text":"","src":"https:\/\/i0.wp.com\/larevistadigital.com.ar\/blog\/wp-content\/uploads\/2017\/07\/AHOGADO-CHASCOMUS.jpg?fit=851%2C638&ssl=1&resize=350%2C200","width":350,"height":200,"srcset":"https:\/\/i0.wp.com\/larevistadigital.com.ar\/blog\/wp-content\/uploads\/2017\/07\/AHOGADO-CHASCOMUS.jpg?fit=851%2C638&ssl=1&resize=350%2C200 1x, https:\/\/i0.wp.com\/larevistadigital.com.ar\/blog\/wp-content\/uploads\/2017\/07\/AHOGADO-CHASCOMUS.jpg?fit=851%2C638&ssl=1&resize=525%2C300 1.5x, https:\/\/i0.wp.com\/larevistadigital.com.ar\/blog\/wp-content\/uploads\/2017\/07\/AHOGADO-CHASCOMUS.jpg?fit=851%2C638&ssl=1&resize=700%2C400 2x"},"classes":[]},{"id":43587,"url":"https:\/\/larevistadigital.com.ar\/blog\/hallaron-un-cadaver-flotando-en-una-playa-centrica-de-mar-del-plata-y-fue-identificado\/","url_meta":{"origin":33597,"position":2},"title":"Hallaron un cad\u00e1ver flotando en una playa c\u00e9ntrica de Mar del Plata y fue identificado","author":"Alejandro Sosa Ruda","date":"24 enero, 2026","format":false,"excerpt":"Se trata de un joven de 27 a\u00f1os. El cuerpo apareci\u00f3 durante la madrugada en la playa Bristol y la Justicia investiga las causas de la muerte. 24 de enero de 2026 MAR DEL PLATA -\u00a0 \u00a0 El avance de la investigaci\u00f3n permiti\u00f3 identificar al hombre cuyo cuerpo fue hallado\u2026","rel":"","context":"En \u00abPOLICIALES\u00bb","block_context":{"text":"POLICIALES","link":"https:\/\/larevistadigital.com.ar\/blog\/category\/policiales\/"},"img":{"alt_text":"","src":"https:\/\/i0.wp.com\/larevistadigital.com.ar\/blog\/wp-content\/uploads\/Captura-de-pantalla-2026-01-24-132009.jpg?fit=792%2C334&ssl=1&resize=350%2C200","width":350,"height":200,"srcset":"https:\/\/i0.wp.com\/larevistadigital.com.ar\/blog\/wp-content\/uploads\/Captura-de-pantalla-2026-01-24-132009.jpg?fit=792%2C334&ssl=1&resize=350%2C200 1x, https:\/\/i0.wp.com\/larevistadigital.com.ar\/blog\/wp-content\/uploads\/Captura-de-pantalla-2026-01-24-132009.jpg?fit=792%2C334&ssl=1&resize=525%2C300 1.5x, https:\/\/i0.wp.com\/larevistadigital.com.ar\/blog\/wp-content\/uploads\/Captura-de-pantalla-2026-01-24-132009.jpg?fit=792%2C334&ssl=1&resize=700%2C400 2x"},"classes":[]},{"id":31000,"url":"https:\/\/larevistadigital.com.ar\/blog\/mar-del-plata-turistas-encontraron-el-cadaver-de-un-hombre-que-se-habia-tirado-al-mar\/","url_meta":{"origin":33597,"position":3},"title":"MAR DEL PLATA: TURISTAS ENCONTRARON EL CADAVER DE UN HOMBRE QUE SE HAB\u00cdA TIRADO AL MAR","author":"Alejandro Sosa Ruda","date":"12 abril, 2023","format":false,"excerpt":"MAR DEL PLATA -\u00a0 Luego de m\u00e1s de 24 hs. de b\u00fasqueda, finalmente encontraron en Mar del Plata el cuerpo de un hombre de 33 a\u00f1os de edad, que el d\u00eda viernes a la madrugada se arroj\u00f3 al mar para escapar de la polic\u00eda, que lo persegu\u00eda por el robo\u2026","rel":"","context":"En \u00abPOLICIALES\u00bb","block_context":{"text":"POLICIALES","link":"https:\/\/larevistadigital.com.ar\/blog\/category\/policiales\/"},"img":{"alt_text":"","src":"https:\/\/i0.wp.com\/larevistadigital.com.ar\/blog\/wp-content\/uploads\/fotojet_x98x_1.jpg_1833193316.jpg?fit=720%2C406&ssl=1&resize=350%2C200","width":350,"height":200,"srcset":"https:\/\/i0.wp.com\/larevistadigital.com.ar\/blog\/wp-content\/uploads\/fotojet_x98x_1.jpg_1833193316.jpg?fit=720%2C406&ssl=1&resize=350%2C200 1x, https:\/\/i0.wp.com\/larevistadigital.com.ar\/blog\/wp-content\/uploads\/fotojet_x98x_1.jpg_1833193316.jpg?fit=720%2C406&ssl=1&resize=525%2C300 1.5x, https:\/\/i0.wp.com\/larevistadigital.com.ar\/blog\/wp-content\/uploads\/fotojet_x98x_1.jpg_1833193316.jpg?fit=720%2C406&ssl=1&resize=700%2C400 2x"},"classes":[]},{"id":41542,"url":"https:\/\/larevistadigital.com.ar\/blog\/mar-del-plata-encontraron-sin-vida-a-un-hombre-desaparecido-en-los-acantilados\/","url_meta":{"origin":33597,"position":4},"title":"Mar del Plata: Encontraron sin vida a un hombre desaparecido en Los Acantilados","author":"Alejandro Sosa Ruda","date":"19 septiembre, 2025","format":false,"excerpt":"Mario Ra\u00fal Rodr\u00edguez hab\u00eda sido buscado durante varias horas tras ausentarse de su domicilio sin pertenencias. Su cuerpo fue hallado en un lote bald\u00edo de la zona sur de la ciudad. 19 de septiembre de 2025 Los Acantilados.- MAR DEL PLATA -\u00a0 Rodr\u00edguez hab\u00eda abandonado su casa sin llevar consigo\u2026","rel":"","context":"En \u00abPOLICIALES\u00bb","block_context":{"text":"POLICIALES","link":"https:\/\/larevistadigital.com.ar\/blog\/category\/policiales\/"},"img":{"alt_text":"","src":"https:\/\/i0.wp.com\/larevistadigital.com.ar\/blog\/wp-content\/uploads\/Captura-de-pantalla-2025-09-18-100905.webp?fit=881%2C543&ssl=1&resize=350%2C200","width":350,"height":200,"srcset":"https:\/\/i0.wp.com\/larevistadigital.com.ar\/blog\/wp-content\/uploads\/Captura-de-pantalla-2025-09-18-100905.webp?fit=881%2C543&ssl=1&resize=350%2C200 1x, https:\/\/i0.wp.com\/larevistadigital.com.ar\/blog\/wp-content\/uploads\/Captura-de-pantalla-2025-09-18-100905.webp?fit=881%2C543&ssl=1&resize=525%2C300 1.5x, https:\/\/i0.wp.com\/larevistadigital.com.ar\/blog\/wp-content\/uploads\/Captura-de-pantalla-2025-09-18-100905.webp?fit=881%2C543&ssl=1&resize=700%2C400 2x"},"classes":[]},{"id":24543,"url":"https:\/\/larevistadigital.com.ar\/blog\/imagenes-revelaron-la-identidad-del-cadaver-hallado-ayer-en-la-ruta-2\/","url_meta":{"origin":33597,"position":5},"title":"[IMAGENES] REVELARON LA IDENTIDAD DEL CADAVER HALLADO AYER EN LA RUTA 2","author":"Alejandro Sosa Ruda","date":"12 marzo, 2022","format":false,"excerpt":"Amordazado y atado con cables, as\u00ed hallaron el cuerpo sin vida de un hombre arrojado bajo un puente de la autov\u00eda, en las afueras de La Plata. El perturbador hallazgo de un cuerpo sin vida en el kil\u00f3metro 67 de la Ruta 2 sacudi\u00f3 a la ciudad durante la tarde\u2026","rel":"","context":"En \u00abPOLICIALES\u00bb","block_context":{"text":"POLICIALES","link":"https:\/\/larevistadigital.com.ar\/blog\/category\/policiales\/"},"img":{"alt_text":"","src":"https:\/\/i0.wp.com\/larevistadigital.com.ar\/blog\/wp-content\/uploads\/1647095527752.jpg?fit=1200%2C594&ssl=1&resize=350%2C200","width":350,"height":200,"srcset":"https:\/\/i0.wp.com\/larevistadigital.com.ar\/blog\/wp-content\/uploads\/1647095527752.jpg?fit=1200%2C594&ssl=1&resize=350%2C200 1x, https:\/\/i0.wp.com\/larevistadigital.com.ar\/blog\/wp-content\/uploads\/1647095527752.jpg?fit=1200%2C594&ssl=1&resize=525%2C300 1.5x, https:\/\/i0.wp.com\/larevistadigital.com.ar\/blog\/wp-content\/uploads\/1647095527752.jpg?fit=1200%2C594&ssl=1&resize=700%2C400 2x, https:\/\/i0.wp.com\/larevistadigital.com.ar\/blog\/wp-content\/uploads\/1647095527752.jpg?fit=1200%2C594&ssl=1&resize=1050%2C600 3x"},"classes":[]}],"_links":{"self":[{"href":"https:\/\/larevistadigital.com.ar\/blog\/wp-json\/wp\/v2\/posts\/33597","targetHints":{"allow":["GET"]}}],"collection":[{"href":"https:\/\/larevistadigital.com.ar\/blog\/wp-json\/wp\/v2\/posts"}],"about":[{"href":"https:\/\/larevistadigital.com.ar\/blog\/wp-json\/wp\/v2\/types\/post"}],"author":[{"embeddable":true,"href":"https:\/\/larevistadigital.com.ar\/blog\/wp-json\/wp\/v2\/users\/3"}],"replies":[{"embeddable":true,"href":"https:\/\/larevistadigital.com.ar\/blog\/wp-json\/wp\/v2\/comments?post=33597"}],"version-history":[{"count":1,"href":"https:\/\/larevistadigital.com.ar\/blog\/wp-json\/wp\/v2\/posts\/33597\/revisions"}],"predecessor-version":[{"id":33599,"href":"https:\/\/larevistadigital.com.ar\/blog\/wp-json\/wp\/v2\/posts\/33597\/revisions\/33599"}],"wp:featuredmedia":[{"embeddable":true,"href":"https:\/\/larevistadigital.com.ar\/blog\/wp-json\/wp\/v2\/media\/33598"}],"wp:attachment":[{"href":"https:\/\/larevistadigital.com.ar\/blog\/wp-json\/wp\/v2\/media?parent=33597"}],"wp:term":[{"taxonomy":"category","embeddable":true,"href":"https:\/\/larevistadigital.com.ar\/blog\/wp-json\/wp\/v2\/categories?post=33597"},{"taxonomy":"post_tag","embeddable":true,"href":"https:\/\/larevistadigital.com.ar\/blog\/wp-json\/wp\/v2\/tags?post=33597"}],"curies":[{"name":"wp","href":"https:\/\/api.w.org\/{rel}","templated":true}]}}