{"id":33600,"date":"2023-09-25T17:07:48","date_gmt":"2023-09-25T20:07:48","guid":{"rendered":"https:\/\/larevistadigital.com.ar\/blog\/?p=33600"},"modified":"2023-09-25T17:07:48","modified_gmt":"2023-09-25T20:07:48","slug":"general-villegas-joven-de-16-anos-asesino-a-otro-de-15-en-un-cumpleanos","status":"publish","type":"post","link":"https:\/\/larevistadigital.com.ar\/blog\/general-villegas-joven-de-16-anos-asesino-a-otro-de-15-en-un-cumpleanos\/","title":{"rendered":"GENERAL VILLEGAS: JOVEN DE 16 A\u00d1OS ASESIN\u00d3 A OTRO DE 15 EN UN CUMPLEA\u00d1OS"},"content":{"rendered":"<h2 class=\"nota__hero__summary\">Ocurri\u00f3 tras una discusi\u00f3n entre dos chicos que \u00abse ten\u00edan bronca\u00bb y la v\u00edctima, seg\u00fan cont\u00f3 su madre, \u00abse meti\u00f3 con sus amigos\u00bb.<\/h2>\n<p>25 de Septiembre de 2023<\/p>\n<p><strong>GENERAL VILLEGAS &#8211;\u00a0<\/strong> \u00a0En la localidad de General Villegas, en el noroeste de la provincia de Buenos Aires, un lamentable suceso cobr\u00f3 la vida de un joven de 18 a\u00f1os, quien perdi\u00f3 la vida a causa de una pu\u00f1alada durante una pelea que tuvo lugar en una fiesta de cumplea\u00f1os. Seg\u00fan informaron las autoridades, un adolescente de 16 a\u00f1os fue detenido como presunto autor del crimen.<\/p>\n<blockquote>\n<h3>El tr\u00e1gico incidente ocurri\u00f3 en la madrugada del s\u00e1bado, alrededor de las 5:30 a.m., al concluir una celebraci\u00f3n de un cumplea\u00f1os de 15 a\u00f1os en un sal\u00f3n de eventos. A poca distancia de donde se llevaba a cabo la festividad, dos j\u00f3venes iniciaron una discusi\u00f3n que escal\u00f3 r\u00e1pidamente, culminando con un fat\u00eddico desenlace: uno de ellos apu\u00f1al\u00f3 al otro en el est\u00f3mago, provoc\u00e1ndole la muerte.<\/h3>\n<\/blockquote>\n<p>La v\u00edctima fue identificada como <strong>Dar\u00edo Lombardo<\/strong>, de 18 a\u00f1os. Las autoridades de la Comisar\u00eda de General Villegas lograron identificar al supuesto autor del crimen, un menor de 16 a\u00f1os, quien, despu\u00e9s de su captura, fue trasladado a un Centro Juvenil en Bah\u00eda Blanca.<\/p>\n<blockquote>\n<h3>La Unidad Funcional de Instrucci\u00f3n (UFI) de Menores de la jurisdicci\u00f3n, bajo la direcci\u00f3n de Leandro Cortellezzi, se hizo cargo de la investigaci\u00f3n. Se incautaron pruebas de inter\u00e9s y se recopilaron testimonios de testigos y material audiovisual como parte del proceso.<\/h3>\n<\/blockquote>\n<p>La madre de Dar\u00edo, <strong>Norma Andrade<\/strong>, explic\u00f3 que la tragedia se desencaden\u00f3 durante un conflicto entre dos j\u00f3venes que \u00abten\u00edan rencillas\u00bb y que su hijo se involucr\u00f3 debido a su amistad con otros j\u00f3venes. <strong><em>\u00abUno de ellos portaba un cuchillo y el otro ten\u00eda un arma. A la salida, cuando comenzaron a pelear, mi hijo recibi\u00f3 una pu\u00f1alada en el abdomen. La herida fue grave, y perdi\u00f3 mucha sangre antes de desmayarse\u00bb<\/em><\/strong>, relat\u00f3 <strong>Norma<\/strong> en una entrevista con FM Peregrina de General Villegas.<\/p>\n<blockquote>\n<h3>Durante la entrevista, la afligida madre subray\u00f3 que Dar\u00edo <em><strong>\u00abno era una persona propensa a peleas ni a portar cuchillos\u00bb<\/strong><\/em> y expres\u00f3 su profundo dolor por su p\u00e9rdida. <strong><em>\u00abAhora me toca a m\u00ed, y mi vida se ha roto. Ya no tendr\u00e9 a mi hijo a mi lado; eso es lo que duele. Ya he perdido a un hijo por electrocuci\u00f3n, y este es el segundo hijo que pierdo. Imaginen el dolor\u00bb<\/em><\/strong>, a\u00f1adi\u00f3 Norma.<\/h3>\n<\/blockquote>\n<p>Por \u00faltimo, la madre de <strong>Dar\u00edo Lombardo<\/strong> concluy\u00f3: <strong><em>\u00abMe encuentro en una situaci\u00f3n econ\u00f3mica muy dif\u00edcil. El se\u00f1or Rojo, el secretario de Seguridad de Villegas, fue quien me compr\u00f3 las flores. No estaba preparada para esto. No tengo consuelo, no tengo nada\u00bb.<\/em><\/strong><\/p>\n","protected":false},"excerpt":{"rendered":"<div class=\"mh-excerpt\"><p>Ocurri\u00f3 tras una discusi\u00f3n entre dos chicos que \u00abse ten\u00edan bronca\u00bb y la v\u00edctima, seg\u00fan cont\u00f3 su madre, \u00abse meti\u00f3 con sus amigos\u00bb. 25 de Septiembre de 2023 GENERAL VILLEGAS &#8211;\u00a0 \u00a0En la localidad de <a class=\"mh-excerpt-more\" href=\"https:\/\/larevistadigital.com.ar\/blog\/general-villegas-joven-de-16-anos-asesino-a-otro-de-15-en-un-cumpleanos\/\" title=\"GENERAL VILLEGAS: JOVEN DE 16 A\u00d1OS ASESIN\u00d3 A OTRO DE 15 EN UN CUMPLEA\u00d1OS\">[Leer M\u00e1s]<\/a><\/p>\n<\/div>","protected":false},"author":3,"featured_media":33601,"comment_status":"open","ping_status":"open","sticky":false,"template":"","format":"standard","meta":{"_jetpack_memberships_contains_paid_content":false,"footnotes":"","jetpack_publicize_message":"","jetpack_publicize_feature_enabled":true,"jetpack_social_post_already_shared":true,"jetpack_social_options":{"image_generator_settings":{"template":"highway","default_image_id":0,"font":"","enabled":false},"version":2}},"categories":[44,51],"tags":[],"class_list":{"0":"post-33600","1":"post","2":"type-post","3":"status-publish","4":"format-standard","5":"has-post-thumbnail","7":"category-policiales","8":"category-regionales"},"jetpack_publicize_connections":[],"jetpack_featured_media_url":"https:\/\/i0.wp.com\/larevistadigital.com.ar\/blog\/wp-content\/uploads\/Captura-de-pantalla-2023-09-25-165608.png?fit=1131%2C503&ssl=1","jetpack_sharing_enabled":true,"jetpack_shortlink":"https:\/\/wp.me\/p8qtrQ-8JW","jetpack-related-posts":[{"id":16768,"url":"https:\/\/larevistadigital.com.ar\/blog\/mar-del-plata-apunalan-a-tres-jovenes-al-querer-entrar-a-una-fiesta-de-cumpleanos\/","url_meta":{"origin":33600,"position":0},"title":"MAR DEL PLATA: APU\u00d1ALAN A TRES J\u00d3VENES AL QUERER ENTRAR A UNA FIESTA DE CUMPLEA\u00d1OS","author":"Alejandro Sosa Ruda","date":"5 octubre, 2020","format":false,"excerpt":"Ocurri\u00f3 ayer a la madrugada en el barrio San Mart\u00edn. Las v\u00edctimas tienen 17, 18 y 19 a\u00f1os. Tres j\u00f3venes, de 17, 18 y 19 a\u00f1os, fueron apu\u00f1alados al querer ingresar a una fiesta clandestina en el barrio San Mart\u00edn donde un adolescente celebraba su cumplea\u00f1os. Cerca de las 5\u2026","rel":"","context":"En \u00abINTERES GENERAL\u00bb","block_context":{"text":"INTERES GENERAL","link":"https:\/\/larevistadigital.com.ar\/blog\/category\/interes-general\/"},"img":{"alt_text":"","src":"https:\/\/i0.wp.com\/larevistadigital.com.ar\/blog\/wp-content\/uploads\/Guardia-Higa-0311.jpg?fit=790%2C444&ssl=1&resize=350%2C200","width":350,"height":200,"srcset":"https:\/\/i0.wp.com\/larevistadigital.com.ar\/blog\/wp-content\/uploads\/Guardia-Higa-0311.jpg?fit=790%2C444&ssl=1&resize=350%2C200 1x, https:\/\/i0.wp.com\/larevistadigital.com.ar\/blog\/wp-content\/uploads\/Guardia-Higa-0311.jpg?fit=790%2C444&ssl=1&resize=525%2C300 1.5x, https:\/\/i0.wp.com\/larevistadigital.com.ar\/blog\/wp-content\/uploads\/Guardia-Higa-0311.jpg?fit=790%2C444&ssl=1&resize=700%2C400 2x"},"classes":[]},{"id":30752,"url":"https:\/\/larevistadigital.com.ar\/blog\/mar-del-plata-durante-un-cumpleanos-infantil-se-enojo-una-invitada-y-apunalo-a-la-duena-de-casa\/","url_meta":{"origin":33600,"position":1},"title":"MAR DEL PLATA: DURANTE UN CUMPLEA\u00d1OS INFANTIL, SE ENOJ\u00d3 UNA INVITADA, Y APU\u00d1AL\u00d3 A LA DUE\u00d1A DE CASA.","author":"Alejandro Sosa Ruda","date":"28 marzo, 2023","format":false,"excerpt":"El hecho ocurri\u00f3 en el barrio Libertad. Todo comenz\u00f3 con una discusi\u00f3n que fue subiendo de tono. 28 den marzo de 2023 MAR DEL PLATA -\u00a0 Un\u00a0cumplea\u00f1os infantil, fue el escenario que culmin\u00f3 con una discusi\u00f3n y una mujer de 33 a\u00f1os apu\u00f1alada\u00a0e internada de urgencia en el Hospital Interzonal\u2026","rel":"","context":"En \u00abPOLICIALES\u00bb","block_context":{"text":"POLICIALES","link":"https:\/\/larevistadigital.com.ar\/blog\/category\/policiales\/"},"img":{"alt_text":"","src":"https:\/\/i0.wp.com\/larevistadigital.com.ar\/blog\/wp-content\/uploads\/19051026e2bfaa580ec3ba230d835f185f1f3691.jpg?fit=1140%2C644&ssl=1&resize=350%2C200","width":350,"height":200,"srcset":"https:\/\/i0.wp.com\/larevistadigital.com.ar\/blog\/wp-content\/uploads\/19051026e2bfaa580ec3ba230d835f185f1f3691.jpg?fit=1140%2C644&ssl=1&resize=350%2C200 1x, https:\/\/i0.wp.com\/larevistadigital.com.ar\/blog\/wp-content\/uploads\/19051026e2bfaa580ec3ba230d835f185f1f3691.jpg?fit=1140%2C644&ssl=1&resize=525%2C300 1.5x, https:\/\/i0.wp.com\/larevistadigital.com.ar\/blog\/wp-content\/uploads\/19051026e2bfaa580ec3ba230d835f185f1f3691.jpg?fit=1140%2C644&ssl=1&resize=700%2C400 2x, https:\/\/i0.wp.com\/larevistadigital.com.ar\/blog\/wp-content\/uploads\/19051026e2bfaa580ec3ba230d835f185f1f3691.jpg?fit=1140%2C644&ssl=1&resize=1050%2C600 3x"},"classes":[]},{"id":24043,"url":"https:\/\/larevistadigital.com.ar\/blog\/escapaba-en-moto-de-la-policia-y-murio-al-chocar-con-un-patrullero\/","url_meta":{"origin":33600,"position":2},"title":"ESCAPABA EN MOTO DE LA POLIC\u00cdA Y MURI\u00d3 AL CHOCAR CON UN PATRULLERO","author":"Alejandro Sosa Ruda","date":"16 febrero, 2022","format":false,"excerpt":"El joven identificado como Agust\u00edn El\u00edas Villegas, escapaba por un presunto robo, y muri\u00f3 producto de las lesiones que le originaron el choque contra el m\u00f3vil policial durante la persecuci\u00f3n. ROSARIO -\u00a0 Un joven que escapaba de la polic\u00eda por un presunto hecho de robo muri\u00f3 en la zona norte\u2026","rel":"","context":"En \u00abINTERES GENERAL\u00bb","block_context":{"text":"INTERES GENERAL","link":"https:\/\/larevistadigital.com.ar\/blog\/category\/interes-general\/"},"img":{"alt_text":"","src":"https:\/\/i0.wp.com\/larevistadigital.com.ar\/blog\/wp-content\/uploads\/620d0a5394514_900.jpg?fit=900%2C507&ssl=1&resize=350%2C200","width":350,"height":200,"srcset":"https:\/\/i0.wp.com\/larevistadigital.com.ar\/blog\/wp-content\/uploads\/620d0a5394514_900.jpg?fit=900%2C507&ssl=1&resize=350%2C200 1x, https:\/\/i0.wp.com\/larevistadigital.com.ar\/blog\/wp-content\/uploads\/620d0a5394514_900.jpg?fit=900%2C507&ssl=1&resize=525%2C300 1.5x, https:\/\/i0.wp.com\/larevistadigital.com.ar\/blog\/wp-content\/uploads\/620d0a5394514_900.jpg?fit=900%2C507&ssl=1&resize=700%2C400 2x"},"classes":[]},{"id":27846,"url":"https:\/\/larevistadigital.com.ar\/blog\/intento-de-femicidio-en-del-viso-joven-de-22-anos-fue-prendida-fuego-por-su-pareja\/","url_meta":{"origin":33600,"position":3},"title":"INTENTO DE FEMICIDIO EN DEL VISO: JOVEN DE 22 A\u00d1OS FUE PRENDIDA FUEGO POR SU PAREJA","author":"Alejandro Sosa Ruda","date":"18 septiembre, 2022","format":false,"excerpt":"Una mujer joven de 22 a\u00f1os result\u00f3 con graves quemaduras en distintas partes del cuerpo tras una discusi\u00f3n que mantuvo en su casa de Del Viso con su pareja, quien fue detenida. 18 de septiembre de 2022 DEL VISO -\u00a0 El hecho ocurri\u00f3 en una casa de la calle Valent\u00edn\u2026","rel":"","context":"En \u00abINTERES GENERAL\u00bb","block_context":{"text":"INTERES GENERAL","link":"https:\/\/larevistadigital.com.ar\/blog\/category\/interes-general\/"},"img":{"alt_text":"","src":"https:\/\/i0.wp.com\/larevistadigital.com.ar\/blog\/wp-content\/uploads\/20220918160452_mujer-joven-quemada.jpg?fit=880%2C512&ssl=1&resize=350%2C200","width":350,"height":200,"srcset":"https:\/\/i0.wp.com\/larevistadigital.com.ar\/blog\/wp-content\/uploads\/20220918160452_mujer-joven-quemada.jpg?fit=880%2C512&ssl=1&resize=350%2C200 1x, https:\/\/i0.wp.com\/larevistadigital.com.ar\/blog\/wp-content\/uploads\/20220918160452_mujer-joven-quemada.jpg?fit=880%2C512&ssl=1&resize=525%2C300 1.5x, https:\/\/i0.wp.com\/larevistadigital.com.ar\/blog\/wp-content\/uploads\/20220918160452_mujer-joven-quemada.jpg?fit=880%2C512&ssl=1&resize=700%2C400 2x"},"classes":[]},{"id":26847,"url":"https:\/\/larevistadigital.com.ar\/blog\/miramar-chico-de-15-anos-apunalo-a-otro-de-16-luego-de-una-discusion\/","url_meta":{"origin":33600,"position":4},"title":"MIRAMAR: CHICO DE 15 A\u00d1OS APU\u00d1AL\u00d3 A OTRO DE 16 LUEGO DE UNA DISCUSI\u00d3N","author":"Alejandro Sosa Ruda","date":"28 julio, 2022","format":false,"excerpt":"La v\u00edctima recibi\u00f3 dos cortes en el abdomen y fue derivado al Hospital Municipal, donde se encuentra fuera de peligro. El agresor fue detenido y alojado en el centro de contenci\u00f3n de Bat\u00e1n. Un menor de 15 a\u00f1os fue aprehendido y derivado al\u00a0Centro de Contenci\u00f3n de Bat\u00e1n, tras apu\u00f1alar a\u2026","rel":"","context":"En \u00abPOLICIALES\u00bb","block_context":{"text":"POLICIALES","link":"https:\/\/larevistadigital.com.ar\/blog\/category\/policiales\/"},"img":{"alt_text":"","src":"https:\/\/i0.wp.com\/larevistadigital.com.ar\/blog\/wp-content\/uploads\/723ee390d0a8d9f473239c2bc460840410c919e9.jpg?fit=1140%2C594&ssl=1&resize=350%2C200","width":350,"height":200,"srcset":"https:\/\/i0.wp.com\/larevistadigital.com.ar\/blog\/wp-content\/uploads\/723ee390d0a8d9f473239c2bc460840410c919e9.jpg?fit=1140%2C594&ssl=1&resize=350%2C200 1x, https:\/\/i0.wp.com\/larevistadigital.com.ar\/blog\/wp-content\/uploads\/723ee390d0a8d9f473239c2bc460840410c919e9.jpg?fit=1140%2C594&ssl=1&resize=525%2C300 1.5x, https:\/\/i0.wp.com\/larevistadigital.com.ar\/blog\/wp-content\/uploads\/723ee390d0a8d9f473239c2bc460840410c919e9.jpg?fit=1140%2C594&ssl=1&resize=700%2C400 2x, https:\/\/i0.wp.com\/larevistadigital.com.ar\/blog\/wp-content\/uploads\/723ee390d0a8d9f473239c2bc460840410c919e9.jpg?fit=1140%2C594&ssl=1&resize=1050%2C600 3x"},"classes":[]},{"id":41490,"url":"https:\/\/larevistadigital.com.ar\/blog\/violencia-familiar-en-cordoba-joven-aspirante-a-policia-fue-apunalado-por-su-padrastro\/","url_meta":{"origin":33600,"position":5},"title":"Violencia familiar en C\u00f3rdoba: joven aspirante a polic\u00eda fue apu\u00f1alado por su padrastro","author":"Alejandro Sosa Ruda","date":"16 septiembre, 2025","format":false,"excerpt":"Un estudiante de la Escuela de Suboficiales de la Polic\u00eda de C\u00f3rdoba, de 24 a\u00f1os, permanece internado tras ser herido con un arma blanca durante una discusi\u00f3n con su padrastro en Villa Sarmiento. El agresor, de 61 a\u00f1os, fue detenido minutos despu\u00e9s. 16 de septiembre de 2025 CORDOBA -\u00a0 \u00a0Un\u2026","rel":"","context":"En \u00abINTERES GENERAL\u00bb","block_context":{"text":"INTERES GENERAL","link":"https:\/\/larevistadigital.com.ar\/blog\/category\/interes-general\/"},"img":{"alt_text":"","src":"https:\/\/i0.wp.com\/larevistadigital.com.ar\/blog\/wp-content\/uploads\/1620734310362-1.jpg?fit=1200%2C594&ssl=1&resize=350%2C200","width":350,"height":200,"srcset":"https:\/\/i0.wp.com\/larevistadigital.com.ar\/blog\/wp-content\/uploads\/1620734310362-1.jpg?fit=1200%2C594&ssl=1&resize=350%2C200 1x, https:\/\/i0.wp.com\/larevistadigital.com.ar\/blog\/wp-content\/uploads\/1620734310362-1.jpg?fit=1200%2C594&ssl=1&resize=525%2C300 1.5x, https:\/\/i0.wp.com\/larevistadigital.com.ar\/blog\/wp-content\/uploads\/1620734310362-1.jpg?fit=1200%2C594&ssl=1&resize=700%2C400 2x, https:\/\/i0.wp.com\/larevistadigital.com.ar\/blog\/wp-content\/uploads\/1620734310362-1.jpg?fit=1200%2C594&ssl=1&resize=1050%2C600 3x"},"classes":[]}],"_links":{"self":[{"href":"https:\/\/larevistadigital.com.ar\/blog\/wp-json\/wp\/v2\/posts\/33600","targetHints":{"allow":["GET"]}}],"collection":[{"href":"https:\/\/larevistadigital.com.ar\/blog\/wp-json\/wp\/v2\/posts"}],"about":[{"href":"https:\/\/larevistadigital.com.ar\/blog\/wp-json\/wp\/v2\/types\/post"}],"author":[{"embeddable":true,"href":"https:\/\/larevistadigital.com.ar\/blog\/wp-json\/wp\/v2\/users\/3"}],"replies":[{"embeddable":true,"href":"https:\/\/larevistadigital.com.ar\/blog\/wp-json\/wp\/v2\/comments?post=33600"}],"version-history":[{"count":1,"href":"https:\/\/larevistadigital.com.ar\/blog\/wp-json\/wp\/v2\/posts\/33600\/revisions"}],"predecessor-version":[{"id":33602,"href":"https:\/\/larevistadigital.com.ar\/blog\/wp-json\/wp\/v2\/posts\/33600\/revisions\/33602"}],"wp:featuredmedia":[{"embeddable":true,"href":"https:\/\/larevistadigital.com.ar\/blog\/wp-json\/wp\/v2\/media\/33601"}],"wp:attachment":[{"href":"https:\/\/larevistadigital.com.ar\/blog\/wp-json\/wp\/v2\/media?parent=33600"}],"wp:term":[{"taxonomy":"category","embeddable":true,"href":"https:\/\/larevistadigital.com.ar\/blog\/wp-json\/wp\/v2\/categories?post=33600"},{"taxonomy":"post_tag","embeddable":true,"href":"https:\/\/larevistadigital.com.ar\/blog\/wp-json\/wp\/v2\/tags?post=33600"}],"curies":[{"name":"wp","href":"https:\/\/api.w.org\/{rel}","templated":true}]}}