{"id":33608,"date":"2023-09-25T20:47:44","date_gmt":"2023-09-25T23:47:44","guid":{"rendered":"https:\/\/larevistadigital.com.ar\/blog\/?p=33608"},"modified":"2023-09-25T20:47:44","modified_gmt":"2023-09-25T23:47:44","slug":"chascomus-la-policia-recupero-en-un-operativo-una-moto-con-denuncia-de-robo","status":"publish","type":"post","link":"https:\/\/larevistadigital.com.ar\/blog\/chascomus-la-policia-recupero-en-un-operativo-una-moto-con-denuncia-de-robo\/","title":{"rendered":"CHASCOM\u00daS: LA POLIC\u00cdA RECUPER\u00d3 EN UN OPERATIVO UNA MOTO CON DENUNCIA DE ROBO"},"content":{"rendered":"<h2>El pedido de secuestro era por robo de motoveh\u00edculo en septiembre de 2021.<\/h2>\n<p>25 de Septiembre de 2023<\/p>\n<p><strong>CHASCOM\u00daS &#8211;\u00a0<\/strong> El pasado s\u00e1bado 23 en horas de la tarde noche, personal policial de EPC Chascomus Primera durante un operativo de interceptacion selectiva de veh\u00edculos, procedi\u00f3 a detener a una motocicleta marca KTM modelo DUKE 200 CC, que ten\u00eda pedido de <strong>SECUESTRO ACTIVO<\/strong> con fecha de alta del d\u00eda 14\/09\/2021.<\/p>\n<blockquote>\n<h3>El pedido de secuestro era por el delito de ROBO DE MOTOVEHICULO, solicitada por la UFI 3 de Avellaneda.<\/h3>\n<\/blockquote>\n<p>El conductor fue imputado por el delito de ENCUBRIMIENTO<\/p>\n","protected":false},"excerpt":{"rendered":"<div class=\"mh-excerpt\"><p>El pedido de secuestro era por robo de motoveh\u00edculo en septiembre de 2021. 25 de Septiembre de 2023 CHASCOM\u00daS &#8211;\u00a0 El pasado s\u00e1bado 23 en horas de la tarde noche, personal policial de EPC Chascomus <a class=\"mh-excerpt-more\" href=\"https:\/\/larevistadigital.com.ar\/blog\/chascomus-la-policia-recupero-en-un-operativo-una-moto-con-denuncia-de-robo\/\" title=\"CHASCOM\u00daS: LA POLIC\u00cdA RECUPER\u00d3 EN UN OPERATIVO UNA MOTO CON DENUNCIA DE ROBO\">[Leer M\u00e1s]<\/a><\/p>\n<\/div>","protected":false},"author":3,"featured_media":33609,"comment_status":"open","ping_status":"open","sticky":false,"template":"","format":"standard","meta":{"_jetpack_memberships_contains_paid_content":false,"footnotes":"","jetpack_publicize_message":"","jetpack_publicize_feature_enabled":true,"jetpack_social_post_already_shared":true,"jetpack_social_options":{"image_generator_settings":{"template":"highway","default_image_id":0,"font":"","enabled":false},"version":2}},"categories":[44,51],"tags":[],"class_list":{"0":"post-33608","1":"post","2":"type-post","3":"status-publish","4":"format-standard","5":"has-post-thumbnail","7":"category-policiales","8":"category-regionales"},"jetpack_publicize_connections":[],"jetpack_featured_media_url":"https:\/\/i0.wp.com\/larevistadigital.com.ar\/blog\/wp-content\/uploads\/WhatsApp-Image-2023-09-25-at-20.06.49.jpeg?fit=720%2C1280&ssl=1","jetpack_sharing_enabled":true,"jetpack_shortlink":"https:\/\/wp.me\/p8qtrQ-8K4","jetpack-related-posts":[{"id":33067,"url":"https:\/\/larevistadigital.com.ar\/blog\/chascomus-durante-un-operativo-de-control-la-policia-logro-recuperar-una-moto-robada\/","url_meta":{"origin":33608,"position":0},"title":"CHASCOM\u00daS: DURANTE UN OPERATIVO DE CONTROL, LA POLIC\u00cdA LOGR\u00d3 RECUPERAR UNA MOTO ROBADA","author":"Alejandro Sosa Ruda","date":"27 agosto, 2023","format":false,"excerpt":"El motoveh\u00edculo ten\u00eda pedido de secuestro. Se recuper\u00f3 en un operativo conjunto con el Centro de Monitoreo. 27 de agosto de 2023 CHASCOM\u00daS -\u00a0 \u00a0En horas de la tarde y tras realizar un operativo selectivo de moto veh\u00edculos articulado con el Centro de Monitoreo de Chascom\u00fas en distintos puntos de\u2026","rel":"","context":"En \u00abINTERES GENERAL\u00bb","block_context":{"text":"INTERES GENERAL","link":"https:\/\/larevistadigital.com.ar\/blog\/category\/interes-general\/"},"img":{"alt_text":"","src":"https:\/\/i0.wp.com\/larevistadigital.com.ar\/blog\/wp-content\/uploads\/WhatsApp-Image-2023-08-27-at-19.40.48.jpeg?fit=757%2C892&ssl=1&resize=350%2C200","width":350,"height":200,"srcset":"https:\/\/i0.wp.com\/larevistadigital.com.ar\/blog\/wp-content\/uploads\/WhatsApp-Image-2023-08-27-at-19.40.48.jpeg?fit=757%2C892&ssl=1&resize=350%2C200 1x, https:\/\/i0.wp.com\/larevistadigital.com.ar\/blog\/wp-content\/uploads\/WhatsApp-Image-2023-08-27-at-19.40.48.jpeg?fit=757%2C892&ssl=1&resize=525%2C300 1.5x, https:\/\/i0.wp.com\/larevistadigital.com.ar\/blog\/wp-content\/uploads\/WhatsApp-Image-2023-08-27-at-19.40.48.jpeg?fit=757%2C892&ssl=1&resize=700%2C400 2x"},"classes":[]},{"id":8435,"url":"https:\/\/larevistadigital.com.ar\/blog\/chascomus-policia-comunal-detiene-vehiculo-denunciado-por-robo\/","url_meta":{"origin":33608,"position":1},"title":"CHASCOM\u00daS: POLIC\u00cdA COMUNAL DETIENE VEH\u00cdCULO DENUNCIADO POR ROBO","author":"Alejandro Sosa Ruda","date":"13 febrero, 2019","format":false,"excerpt":"En horas del mediod\u00eda personal de la Estaci\u00f3n de Polic\u00eda comunal Chascom\u00fas durante un operativo de interceptaci\u00f3n de veh\u00edculos detienen un rodado marca Volkswagen Gol negro el cual era conducido por un ciudadano de Chascom\u00fas. El veh\u00edculo ten\u00eda cambiadas las chapas patentes y consultado numeraciones de motor y chasis surge\u2026","rel":"","context":"En \u00abPOLICIALES\u00bb","block_context":{"text":"POLICIALES","link":"https:\/\/larevistadigital.com.ar\/blog\/category\/policiales\/"},"img":{"alt_text":"","src":"https:\/\/i0.wp.com\/larevistadigital.com.ar\/blog\/wp-content\/uploads\/2019\/02\/WhatsApp-Image-2019-02-13-at-20.42.55.jpeg?fit=1049%2C1024&ssl=1&resize=350%2C200","width":350,"height":200,"srcset":"https:\/\/i0.wp.com\/larevistadigital.com.ar\/blog\/wp-content\/uploads\/2019\/02\/WhatsApp-Image-2019-02-13-at-20.42.55.jpeg?fit=1049%2C1024&ssl=1&resize=350%2C200 1x, https:\/\/i0.wp.com\/larevistadigital.com.ar\/blog\/wp-content\/uploads\/2019\/02\/WhatsApp-Image-2019-02-13-at-20.42.55.jpeg?fit=1049%2C1024&ssl=1&resize=525%2C300 1.5x, https:\/\/i0.wp.com\/larevistadigital.com.ar\/blog\/wp-content\/uploads\/2019\/02\/WhatsApp-Image-2019-02-13-at-20.42.55.jpeg?fit=1049%2C1024&ssl=1&resize=700%2C400 2x"},"classes":[]},{"id":32360,"url":"https:\/\/larevistadigital.com.ar\/blog\/chascomus-en-tareas-de-prevencion-la-policia-descubrio-una-persona-que-circulaba-en-una-moto-robada\/","url_meta":{"origin":33608,"position":2},"title":"CHASCOM\u00daS: EN TAREAS DE PREVENCI\u00d3N LA POLICIA DESCUBRI\u00d3 UNA PERSONA QUE CIRCULABA EN UNA MOTO ROBADA","author":"Alejandro Sosa Ruda","date":"11 julio, 2023","format":false,"excerpt":"La denuncia del robo data de 2021. Se inici\u00f3 una causa por \"encubrimiento\". 11 de julio de 2023 CHASCOM\u00daS -\u00a0 El d\u00eda s\u00e1bado en momentos en que el personal de la Polic\u00eda Comunal hacia tareas de prevenci\u00f3n interceptaron una motocicleta la cual al cursar su numeraci\u00f3n se estableci\u00f3 que sobre\u2026","rel":"","context":"En \u00abINTERES GENERAL\u00bb","block_context":{"text":"INTERES GENERAL","link":"https:\/\/larevistadigital.com.ar\/blog\/category\/interes-general\/"},"img":{"alt_text":"","src":"https:\/\/i0.wp.com\/larevistadigital.com.ar\/blog\/wp-content\/uploads\/WhatsApp-Image-2023-07-10-at-20.12.21.jpeg?fit=780%2C1040&ssl=1&resize=350%2C200","width":350,"height":200,"srcset":"https:\/\/i0.wp.com\/larevistadigital.com.ar\/blog\/wp-content\/uploads\/WhatsApp-Image-2023-07-10-at-20.12.21.jpeg?fit=780%2C1040&ssl=1&resize=350%2C200 1x, https:\/\/i0.wp.com\/larevistadigital.com.ar\/blog\/wp-content\/uploads\/WhatsApp-Image-2023-07-10-at-20.12.21.jpeg?fit=780%2C1040&ssl=1&resize=525%2C300 1.5x, https:\/\/i0.wp.com\/larevistadigital.com.ar\/blog\/wp-content\/uploads\/WhatsApp-Image-2023-07-10-at-20.12.21.jpeg?fit=780%2C1040&ssl=1&resize=700%2C400 2x"},"classes":[]},{"id":8105,"url":"https:\/\/larevistadigital.com.ar\/blog\/chascomus-se-recupero-moto-robada\/","url_meta":{"origin":33608,"position":3},"title":"CHASCOM\u00daS: SE RECUPER\u00d3 MOTO ROBADA","author":"Alejandro Sosa Ruda","date":"1 febrero, 2019","format":false,"excerpt":"Durante el d\u00eda de ayer y en horas de la tarde personal del GTO de la Estaci\u00f3n de Polic\u00eda comunal Chascom\u00fas en el barrio 30 de mayo intercepta una moto marca guerrero 110 cc conducida por un menor de 13 a\u00f1os. Dicho motovehiculo pose\u00eda pedido de secuestro por Robo la\u2026","rel":"","context":"En \u00abPOLICIALES\u00bb","block_context":{"text":"POLICIALES","link":"https:\/\/larevistadigital.com.ar\/blog\/category\/policiales\/"},"img":{"alt_text":"","src":"https:\/\/i0.wp.com\/larevistadigital.com.ar\/blog\/wp-content\/uploads\/2019\/01\/bbx_755050019_comisaria_chasco_01.jpg?fit=800%2C579&ssl=1&resize=350%2C200","width":350,"height":200,"srcset":"https:\/\/i0.wp.com\/larevistadigital.com.ar\/blog\/wp-content\/uploads\/2019\/01\/bbx_755050019_comisaria_chasco_01.jpg?fit=800%2C579&ssl=1&resize=350%2C200 1x, https:\/\/i0.wp.com\/larevistadigital.com.ar\/blog\/wp-content\/uploads\/2019\/01\/bbx_755050019_comisaria_chasco_01.jpg?fit=800%2C579&ssl=1&resize=525%2C300 1.5x, https:\/\/i0.wp.com\/larevistadigital.com.ar\/blog\/wp-content\/uploads\/2019\/01\/bbx_755050019_comisaria_chasco_01.jpg?fit=800%2C579&ssl=1&resize=700%2C400 2x"},"classes":[]},{"id":41404,"url":"https:\/\/larevistadigital.com.ar\/blog\/allanamiento-en-chascomus-detienen-a-un-hombre-acusado-de-venta-de-drogas\/","url_meta":{"origin":33608,"position":4},"title":"Allanamiento en Chascom\u00fas: detienen a un hombre acusado de venta de drogas","author":"Alejandro Sosa Ruda","date":"11 septiembre, 2025","format":false,"excerpt":"La Polic\u00eda secuestr\u00f3 estupefacientes fraccionados para la venta y una moto con pedido de secuestro activo. 11 de Septiembre de 2025 CHASCOM\u00daS\u00a0 -\u00a0 \u00a0Un operativo policial llevado a cabo en Chascom\u00fas termin\u00f3 con la detenci\u00f3n de un hombre acusado de comercializar drogas al menudeo en un barrio de la ciudad.\u2026","rel":"","context":"En \u00abDESTACADAS\u00bb","block_context":{"text":"DESTACADAS","link":"https:\/\/larevistadigital.com.ar\/blog\/category\/destacadas\/"},"img":{"alt_text":"","src":"https:\/\/i0.wp.com\/larevistadigital.com.ar\/blog\/wp-content\/uploads\/WhatsApp-Image-2025-09-11-at-09.20.11.jpeg?fit=1200%2C675&ssl=1&resize=350%2C200","width":350,"height":200,"srcset":"https:\/\/i0.wp.com\/larevistadigital.com.ar\/blog\/wp-content\/uploads\/WhatsApp-Image-2025-09-11-at-09.20.11.jpeg?fit=1200%2C675&ssl=1&resize=350%2C200 1x, https:\/\/i0.wp.com\/larevistadigital.com.ar\/blog\/wp-content\/uploads\/WhatsApp-Image-2025-09-11-at-09.20.11.jpeg?fit=1200%2C675&ssl=1&resize=525%2C300 1.5x, https:\/\/i0.wp.com\/larevistadigital.com.ar\/blog\/wp-content\/uploads\/WhatsApp-Image-2025-09-11-at-09.20.11.jpeg?fit=1200%2C675&ssl=1&resize=700%2C400 2x, https:\/\/i0.wp.com\/larevistadigital.com.ar\/blog\/wp-content\/uploads\/WhatsApp-Image-2025-09-11-at-09.20.11.jpeg?fit=1200%2C675&ssl=1&resize=1050%2C600 3x"},"classes":[]},{"id":30764,"url":"https:\/\/larevistadigital.com.ar\/blog\/chascomus-aprehendieron-a-un-joven-en-richieri-y\/","url_meta":{"origin":33608,"position":5},"title":"CHASCOM\u00daS: APREHENDIERON A UN JOVEN EN RICHIERI Y","author":"Alejandro Sosa Ruda","date":"28 marzo, 2023","format":false,"excerpt":"El aprehendido est\u00e1 alojado en la Comisar\u00eda local. Circulaba en una moto cuyo motor ten\u00eda pedido de secuestro activo. 28 de marzo de 2023 CHASCOM\u00daS -\u00a0 La Polic\u00eda Comunal, a trav\u00e9s del personal de GTO aprehendi\u00f3 a un sujeto de 18 a\u00f1os de edad en la intersecci\u00f3n de las calles\u2026","rel":"","context":"En \u00abCHASCOM\u00daS\u00bb","block_context":{"text":"CHASCOM\u00daS","link":"https:\/\/larevistadigital.com.ar\/blog\/category\/chascomus\/"},"img":{"alt_text":"","src":"https:\/\/i0.wp.com\/larevistadigital.com.ar\/blog\/wp-content\/uploads\/WhatsApp-Image-2023-03-28-at-14.45.01.jpeg?fit=1200%2C1200&ssl=1&resize=350%2C200","width":350,"height":200,"srcset":"https:\/\/i0.wp.com\/larevistadigital.com.ar\/blog\/wp-content\/uploads\/WhatsApp-Image-2023-03-28-at-14.45.01.jpeg?fit=1200%2C1200&ssl=1&resize=350%2C200 1x, https:\/\/i0.wp.com\/larevistadigital.com.ar\/blog\/wp-content\/uploads\/WhatsApp-Image-2023-03-28-at-14.45.01.jpeg?fit=1200%2C1200&ssl=1&resize=525%2C300 1.5x, https:\/\/i0.wp.com\/larevistadigital.com.ar\/blog\/wp-content\/uploads\/WhatsApp-Image-2023-03-28-at-14.45.01.jpeg?fit=1200%2C1200&ssl=1&resize=700%2C400 2x, https:\/\/i0.wp.com\/larevistadigital.com.ar\/blog\/wp-content\/uploads\/WhatsApp-Image-2023-03-28-at-14.45.01.jpeg?fit=1200%2C1200&ssl=1&resize=1050%2C600 3x"},"classes":[]}],"_links":{"self":[{"href":"https:\/\/larevistadigital.com.ar\/blog\/wp-json\/wp\/v2\/posts\/33608","targetHints":{"allow":["GET"]}}],"collection":[{"href":"https:\/\/larevistadigital.com.ar\/blog\/wp-json\/wp\/v2\/posts"}],"about":[{"href":"https:\/\/larevistadigital.com.ar\/blog\/wp-json\/wp\/v2\/types\/post"}],"author":[{"embeddable":true,"href":"https:\/\/larevistadigital.com.ar\/blog\/wp-json\/wp\/v2\/users\/3"}],"replies":[{"embeddable":true,"href":"https:\/\/larevistadigital.com.ar\/blog\/wp-json\/wp\/v2\/comments?post=33608"}],"version-history":[{"count":1,"href":"https:\/\/larevistadigital.com.ar\/blog\/wp-json\/wp\/v2\/posts\/33608\/revisions"}],"predecessor-version":[{"id":33610,"href":"https:\/\/larevistadigital.com.ar\/blog\/wp-json\/wp\/v2\/posts\/33608\/revisions\/33610"}],"wp:featuredmedia":[{"embeddable":true,"href":"https:\/\/larevistadigital.com.ar\/blog\/wp-json\/wp\/v2\/media\/33609"}],"wp:attachment":[{"href":"https:\/\/larevistadigital.com.ar\/blog\/wp-json\/wp\/v2\/media?parent=33608"}],"wp:term":[{"taxonomy":"category","embeddable":true,"href":"https:\/\/larevistadigital.com.ar\/blog\/wp-json\/wp\/v2\/categories?post=33608"},{"taxonomy":"post_tag","embeddable":true,"href":"https:\/\/larevistadigital.com.ar\/blog\/wp-json\/wp\/v2\/tags?post=33608"}],"curies":[{"name":"wp","href":"https:\/\/api.w.org\/{rel}","templated":true}]}}