{"id":33611,"date":"2023-09-25T20:57:07","date_gmt":"2023-09-25T23:57:07","guid":{"rendered":"https:\/\/larevistadigital.com.ar\/blog\/?p=33611"},"modified":"2023-09-25T20:57:07","modified_gmt":"2023-09-25T23:57:07","slug":"chascomus-luego-de-una-denuncia-la-policia-recupero-una-moto-robada-el-dia-sabado","status":"publish","type":"post","link":"https:\/\/larevistadigital.com.ar\/blog\/chascomus-luego-de-una-denuncia-la-policia-recupero-una-moto-robada-el-dia-sabado\/","title":{"rendered":"CHASCOM\u00daS: LUEGO DE UNA DENUNCIA, LA POLIC\u00cdA RECUPER\u00d3 UNA MOTO ROBADA EL D\u00cdA S\u00c1BADO"},"content":{"rendered":"<h2>Esto deja de manifiesto la importancia de realizar la denuncia correspondiente.<\/h2>\n<p>25 de Septiembre de 2023<\/p>\n<p><strong>CHASCOM\u00daS &#8211;\u00a0<\/strong> En horas de la madrugada del d\u00eda s\u00e1bado 23 la Polic\u00eda Comunal recibi\u00f3 una denuncia penal a una ciudadana de apellido <strong>Bona.<\/strong><\/p>\n<p>La mujer, denunci\u00f3 la sustracci\u00f3n de su motocicleta en momentos en que festejaba un cumplea\u00f1os en el club EL HUECO.<\/p>\n<blockquote>\n<h3>En el d\u00eda de la fecha y en horas de la tarde personal policial de EPC Chascomus 1ra y con la colaboraci\u00f3n de informaci\u00f3n suministrada por la v\u00edctima, procedi\u00f3 a dar con la motocicleta denunciada como sustraida, la cual se encontraba en el patio de un domicilio.<\/h3>\n<\/blockquote>\n<p>La polic\u00eda reuni\u00f3 pruebas para imputar a una persona de sexo masculino con antecedentes delictivos y mayor de edad por el delito investigado. Por \u00faltimo, la motocicleta recuperada con pedido de secuestro ACTIVO, fue reconocido por la v\u00edctima.<\/p>\n","protected":false},"excerpt":{"rendered":"<div class=\"mh-excerpt\"><p>Esto deja de manifiesto la importancia de realizar la denuncia correspondiente. 25 de Septiembre de 2023 CHASCOM\u00daS &#8211;\u00a0 En horas de la madrugada del d\u00eda s\u00e1bado 23 la Polic\u00eda Comunal recibi\u00f3 una denuncia penal a <a class=\"mh-excerpt-more\" href=\"https:\/\/larevistadigital.com.ar\/blog\/chascomus-luego-de-una-denuncia-la-policia-recupero-una-moto-robada-el-dia-sabado\/\" title=\"CHASCOM\u00daS: LUEGO DE UNA DENUNCIA, LA POLIC\u00cdA RECUPER\u00d3 UNA MOTO ROBADA EL D\u00cdA S\u00c1BADO\">[Leer M\u00e1s]<\/a><\/p>\n<\/div>","protected":false},"author":3,"featured_media":33612,"comment_status":"open","ping_status":"open","sticky":false,"template":"","format":"standard","meta":{"_jetpack_memberships_contains_paid_content":false,"footnotes":"","jetpack_publicize_message":"","jetpack_publicize_feature_enabled":true,"jetpack_social_post_already_shared":true,"jetpack_social_options":{"image_generator_settings":{"template":"highway","default_image_id":0,"font":"","enabled":false},"version":2}},"categories":[50,44],"tags":[],"class_list":{"0":"post-33611","1":"post","2":"type-post","3":"status-publish","4":"format-standard","5":"has-post-thumbnail","7":"category-interes-general","8":"category-policiales"},"jetpack_publicize_connections":[],"jetpack_featured_media_url":"https:\/\/i0.wp.com\/larevistadigital.com.ar\/blog\/wp-content\/uploads\/WhatsApp-Image-2023-09-25-at-20.11.13.jpeg?fit=899%2C1599&ssl=1","jetpack_sharing_enabled":true,"jetpack_shortlink":"https:\/\/wp.me\/p8qtrQ-8K7","jetpack-related-posts":[{"id":33608,"url":"https:\/\/larevistadigital.com.ar\/blog\/chascomus-la-policia-recupero-en-un-operativo-una-moto-con-denuncia-de-robo\/","url_meta":{"origin":33611,"position":0},"title":"CHASCOM\u00daS: LA POLIC\u00cdA RECUPER\u00d3 EN UN OPERATIVO UNA MOTO CON DENUNCIA DE ROBO","author":"Alejandro Sosa Ruda","date":"25 septiembre, 2023","format":false,"excerpt":"El pedido de secuestro era por robo de motoveh\u00edculo en septiembre de 2021. 25 de Septiembre de 2023 CHASCOM\u00daS -\u00a0 El pasado s\u00e1bado 23 en horas de la tarde noche, personal policial de EPC Chascomus Primera durante un operativo de interceptacion selectiva de veh\u00edculos, procedi\u00f3 a detener a una motocicleta\u2026","rel":"","context":"En \u00abPOLICIALES\u00bb","block_context":{"text":"POLICIALES","link":"https:\/\/larevistadigital.com.ar\/blog\/category\/policiales\/"},"img":{"alt_text":"","src":"https:\/\/i0.wp.com\/larevistadigital.com.ar\/blog\/wp-content\/uploads\/WhatsApp-Image-2023-09-25-at-20.06.49.jpeg?fit=675%2C1200&ssl=1&resize=350%2C200","width":350,"height":200,"srcset":"https:\/\/i0.wp.com\/larevistadigital.com.ar\/blog\/wp-content\/uploads\/WhatsApp-Image-2023-09-25-at-20.06.49.jpeg?fit=675%2C1200&ssl=1&resize=350%2C200 1x, https:\/\/i0.wp.com\/larevistadigital.com.ar\/blog\/wp-content\/uploads\/WhatsApp-Image-2023-09-25-at-20.06.49.jpeg?fit=675%2C1200&ssl=1&resize=525%2C300 1.5x"},"classes":[]},{"id":31666,"url":"https:\/\/larevistadigital.com.ar\/blog\/chascomus-la-policia-comunal-con-ayuda-de-monitoreo-lograron-recuperar-en-unas-horas-una-moto-robada-del-patio-de-una-casa\/","url_meta":{"origin":33611,"position":1},"title":"CHASCOM\u00daS: LA POLIC\u00cdA COMUNAL CON AYUDA DE \u00abMONITOREO\u00bb LOGRARON RECUPERAR EN UNAS HORAS UNA MOTO ROBADA DEL PATIO DE UNA CASA.","author":"Alejandro Sosa Ruda","date":"21 mayo, 2023","format":false,"excerpt":"En pocas horas recuperaron el veh\u00edculo. Esto demuestra la importancia de realizar la correspondiente denuncia policial. 21 de mayo de 2023 CHASCOM\u00daS -\u00a0 \u00a0Aproximadamente al mediod\u00eda de ayer, se tom\u00f3 una denuncia por la sustracci\u00f3n de una motocicleta del patio de un domicili21 o de calle M\u00e9xico. Personal policial,\u00a0 en\u2026","rel":"","context":"En \u00abPOLICIALES\u00bb","block_context":{"text":"POLICIALES","link":"https:\/\/larevistadigital.com.ar\/blog\/category\/policiales\/"},"img":{"alt_text":"","src":"https:\/\/i0.wp.com\/larevistadigital.com.ar\/blog\/wp-content\/uploads\/WhatsApp-Image-2023-05-20-at-19.46.11.jpeg?fit=903%2C1200&ssl=1&resize=350%2C200","width":350,"height":200,"srcset":"https:\/\/i0.wp.com\/larevistadigital.com.ar\/blog\/wp-content\/uploads\/WhatsApp-Image-2023-05-20-at-19.46.11.jpeg?fit=903%2C1200&ssl=1&resize=350%2C200 1x, https:\/\/i0.wp.com\/larevistadigital.com.ar\/blog\/wp-content\/uploads\/WhatsApp-Image-2023-05-20-at-19.46.11.jpeg?fit=903%2C1200&ssl=1&resize=525%2C300 1.5x, https:\/\/i0.wp.com\/larevistadigital.com.ar\/blog\/wp-content\/uploads\/WhatsApp-Image-2023-05-20-at-19.46.11.jpeg?fit=903%2C1200&ssl=1&resize=700%2C400 2x"},"classes":[]},{"id":34499,"url":"https:\/\/larevistadigital.com.ar\/blog\/chascomus-ayer-denuncian-el-robo-de-una-moto-y-la-policia-lo-recupero-a-las-pocas-horas\/","url_meta":{"origin":33611,"position":2},"title":"CHASCOM\u00daS: (AYER) DENUNCIAN EL ROBO DE UNA MOTO Y LA POLIC\u00cdA LO RECUPER\u00d3 A LAS POCAS HORAS.","author":"Alejandro Sosa Ruda","date":"10 noviembre, 2023","format":false,"excerpt":"La polic\u00eda comunal actu\u00f3 con rapidez y logr\u00f3 restitu\u00edr el veh\u00edculo sustra\u00eddo. 10 de Noviembre de 2023 CHASCOM\u00daS -\u00a0 Inform\u00f3 la Polic\u00eda Comunal, que en horas de la ma\u00f1ana del d\u00eda de ayer 9 de noviembre, se recibi\u00f3 una denuncia penal en la que la v\u00edctima plasmo que autores ignorados\u2026","rel":"","context":"En \u00abPOLICIALES\u00bb","block_context":{"text":"POLICIALES","link":"https:\/\/larevistadigital.com.ar\/blog\/category\/policiales\/"},"img":{"alt_text":"","src":"https:\/\/i0.wp.com\/larevistadigital.com.ar\/blog\/wp-content\/uploads\/WhatsApp-Image-2023-11-10-at-11.09.54.jpeg?fit=903%2C1200&ssl=1&resize=350%2C200","width":350,"height":200,"srcset":"https:\/\/i0.wp.com\/larevistadigital.com.ar\/blog\/wp-content\/uploads\/WhatsApp-Image-2023-11-10-at-11.09.54.jpeg?fit=903%2C1200&ssl=1&resize=350%2C200 1x, https:\/\/i0.wp.com\/larevistadigital.com.ar\/blog\/wp-content\/uploads\/WhatsApp-Image-2023-11-10-at-11.09.54.jpeg?fit=903%2C1200&ssl=1&resize=525%2C300 1.5x, https:\/\/i0.wp.com\/larevistadigital.com.ar\/blog\/wp-content\/uploads\/WhatsApp-Image-2023-11-10-at-11.09.54.jpeg?fit=903%2C1200&ssl=1&resize=700%2C400 2x"},"classes":[]},{"id":30934,"url":"https:\/\/larevistadigital.com.ar\/blog\/chascomus-la-policia-restituyo-a-su-propietaria-una-motocicleta-robada-esta-manana\/","url_meta":{"origin":33611,"position":3},"title":"CHASCOM\u00daS: LA POLIC\u00cdA RESTITUY\u00d3 A SU PROPIETARIA UNA MOTOCICLETA ROBADA ESTA MA\u00d1ANA","author":"Alejandro Sosa Ruda","date":"6 abril, 2023","format":false,"excerpt":"La damnificada hizo la denuncia del robo y la polic\u00eda logr\u00f3 dar con rapidez con el autor y restitu\u00edr la motocicleta. 6 de abril de 2023 CHASCOM\u00daS -\u00a0 Durante la ma\u00f1ana de hoy, una vecina denunci\u00f3 en la Comisar\u00eda que autores desconocidos ingresaron a su vivienda, y del interior de\u2026","rel":"","context":"En \u00abINTERES GENERAL\u00bb","block_context":{"text":"INTERES GENERAL","link":"https:\/\/larevistadigital.com.ar\/blog\/category\/interes-general\/"},"img":{"alt_text":"","src":"https:\/\/i0.wp.com\/larevistadigital.com.ar\/blog\/wp-content\/uploads\/MOTO-ROBADA.jpg?fit=800%2C1044&ssl=1&resize=350%2C200","width":350,"height":200,"srcset":"https:\/\/i0.wp.com\/larevistadigital.com.ar\/blog\/wp-content\/uploads\/MOTO-ROBADA.jpg?fit=800%2C1044&ssl=1&resize=350%2C200 1x, https:\/\/i0.wp.com\/larevistadigital.com.ar\/blog\/wp-content\/uploads\/MOTO-ROBADA.jpg?fit=800%2C1044&ssl=1&resize=525%2C300 1.5x, https:\/\/i0.wp.com\/larevistadigital.com.ar\/blog\/wp-content\/uploads\/MOTO-ROBADA.jpg?fit=800%2C1044&ssl=1&resize=700%2C400 2x"},"classes":[]},{"id":34505,"url":"https:\/\/larevistadigital.com.ar\/blog\/chascomus-la-policia-comunal-recupero-una-moto-robada-de-calle-libres-del-sur-y-soler\/","url_meta":{"origin":33611,"position":4},"title":"CHASCOM\u00daS: LA POLIC\u00cdA COMUNAL RECUPER\u00d3 UNA MOTO ROBADA DE CALLE LIBRES DEL SUR Y SOLER.","author":"Alejandro Sosa Ruda","date":"10 noviembre, 2023","format":false,"excerpt":"La Polic\u00eda recuper\u00f3 el veh\u00edculo que fue denunciado como robado por la ma\u00f1ana. 10 de Noviembre de 2023 CHASCOM\u00daS -\u00a0 En las \u00faltimas horas del d\u00eda de ayer, se recibi\u00f3 la denuncia del robo de una motocicleta que se hallaba estacionada en libres del sur y soler, iniciadas las tareas\u2026","rel":"","context":"En \u00abCHASCOM\u00daS\u00bb","block_context":{"text":"CHASCOM\u00daS","link":"https:\/\/larevistadigital.com.ar\/blog\/category\/chascomus\/"},"img":{"alt_text":"","src":"https:\/\/i0.wp.com\/larevistadigital.com.ar\/blog\/wp-content\/uploads\/WhatsApp-Image-2023-11-10-at-11.20.33.jpeg?fit=901%2C1200&ssl=1&resize=350%2C200","width":350,"height":200,"srcset":"https:\/\/i0.wp.com\/larevistadigital.com.ar\/blog\/wp-content\/uploads\/WhatsApp-Image-2023-11-10-at-11.20.33.jpeg?fit=901%2C1200&ssl=1&resize=350%2C200 1x, https:\/\/i0.wp.com\/larevistadigital.com.ar\/blog\/wp-content\/uploads\/WhatsApp-Image-2023-11-10-at-11.20.33.jpeg?fit=901%2C1200&ssl=1&resize=525%2C300 1.5x, https:\/\/i0.wp.com\/larevistadigital.com.ar\/blog\/wp-content\/uploads\/WhatsApp-Image-2023-11-10-at-11.20.33.jpeg?fit=901%2C1200&ssl=1&resize=700%2C400 2x"},"classes":[]},{"id":32606,"url":"https:\/\/larevistadigital.com.ar\/blog\/chascomus-la-policia-comunal-durante-una-recorrida-preventiva-descubrio-a-un-individuo-que-robo-una-moto\/","url_meta":{"origin":33611,"position":5},"title":"CHASCOM\u00daS: LA POLIC\u00cdA COMUNAL DURANTE UNA RECORRIDA PREVENTIVA, DESCUBRI\u00d3 A UN INDIVIDUO QUE ROB\u00d3 UNA MOTO","author":"Alejandro Sosa Ruda","date":"26 julio, 2023","format":false,"excerpt":"Nuevamente se obtienen resultados mediante las cada vez m\u00e1s frecuentes recorridas de prevenci\u00f3n. 26 de julio de 2023 CHASCOM\u00daS -\u00a0 Durante la madrugada mientras personal policial se encontraba recorriendo la jurisdicci\u00f3n por calle Malvinas, observaron a una persona de sexo masculino la cual se encontraba intentando arrancar una motocicleta 110\u2026","rel":"","context":"En \u00abINTERES GENERAL\u00bb","block_context":{"text":"INTERES GENERAL","link":"https:\/\/larevistadigital.com.ar\/blog\/category\/interes-general\/"},"img":{"alt_text":"","src":"https:\/\/i0.wp.com\/larevistadigital.com.ar\/blog\/wp-content\/uploads\/WhatsApp-Image-2023-07-26-at-11.17.00-e1690389013612.jpeg?fit=889%2C896&ssl=1&resize=350%2C200","width":350,"height":200,"srcset":"https:\/\/i0.wp.com\/larevistadigital.com.ar\/blog\/wp-content\/uploads\/WhatsApp-Image-2023-07-26-at-11.17.00-e1690389013612.jpeg?fit=889%2C896&ssl=1&resize=350%2C200 1x, https:\/\/i0.wp.com\/larevistadigital.com.ar\/blog\/wp-content\/uploads\/WhatsApp-Image-2023-07-26-at-11.17.00-e1690389013612.jpeg?fit=889%2C896&ssl=1&resize=525%2C300 1.5x, https:\/\/i0.wp.com\/larevistadigital.com.ar\/blog\/wp-content\/uploads\/WhatsApp-Image-2023-07-26-at-11.17.00-e1690389013612.jpeg?fit=889%2C896&ssl=1&resize=700%2C400 2x"},"classes":[]}],"_links":{"self":[{"href":"https:\/\/larevistadigital.com.ar\/blog\/wp-json\/wp\/v2\/posts\/33611","targetHints":{"allow":["GET"]}}],"collection":[{"href":"https:\/\/larevistadigital.com.ar\/blog\/wp-json\/wp\/v2\/posts"}],"about":[{"href":"https:\/\/larevistadigital.com.ar\/blog\/wp-json\/wp\/v2\/types\/post"}],"author":[{"embeddable":true,"href":"https:\/\/larevistadigital.com.ar\/blog\/wp-json\/wp\/v2\/users\/3"}],"replies":[{"embeddable":true,"href":"https:\/\/larevistadigital.com.ar\/blog\/wp-json\/wp\/v2\/comments?post=33611"}],"version-history":[{"count":1,"href":"https:\/\/larevistadigital.com.ar\/blog\/wp-json\/wp\/v2\/posts\/33611\/revisions"}],"predecessor-version":[{"id":33613,"href":"https:\/\/larevistadigital.com.ar\/blog\/wp-json\/wp\/v2\/posts\/33611\/revisions\/33613"}],"wp:featuredmedia":[{"embeddable":true,"href":"https:\/\/larevistadigital.com.ar\/blog\/wp-json\/wp\/v2\/media\/33612"}],"wp:attachment":[{"href":"https:\/\/larevistadigital.com.ar\/blog\/wp-json\/wp\/v2\/media?parent=33611"}],"wp:term":[{"taxonomy":"category","embeddable":true,"href":"https:\/\/larevistadigital.com.ar\/blog\/wp-json\/wp\/v2\/categories?post=33611"},{"taxonomy":"post_tag","embeddable":true,"href":"https:\/\/larevistadigital.com.ar\/blog\/wp-json\/wp\/v2\/tags?post=33611"}],"curies":[{"name":"wp","href":"https:\/\/api.w.org\/{rel}","templated":true}]}}