{"id":33700,"date":"2023-10-02T19:56:06","date_gmt":"2023-10-02T22:56:06","guid":{"rendered":"https:\/\/larevistadigital.com.ar\/blog\/?p=33700"},"modified":"2023-10-02T19:56:06","modified_gmt":"2023-10-02T22:56:06","slug":"desde-el-9-de-octubre-todas-las-motos-deberan-salir-de-la-concesionaria-con-un-seguro-contratado","status":"publish","type":"post","link":"https:\/\/larevistadigital.com.ar\/blog\/desde-el-9-de-octubre-todas-las-motos-deberan-salir-de-la-concesionaria-con-un-seguro-contratado\/","title":{"rendered":"DESDE EL 9 DE OCTUBRE TODAS LAS MOTOS DEBER\u00c1N SALIR DE LA CONCESIONARIA CON UN SEGURO CONTRATADO"},"content":{"rendered":"<h2 class=\"fparrafo ctext fz18 lh25\">Se trata de una medida dispuesta por el gobierno nacional, y entrar\u00e1 en vigencia a partir del lunes 9 de octubre.<\/h2>\n<p>02 de Octubre de 2023<\/p>\n<p>Desde el pr\u00f3ximo lunes 9 de octubre, los concesionarios y comerciantes de motos del pa\u00eds deber\u00e1n implementar y gestionar el denominado <strong>\u201cFormulario Digital Motocicletas 0KM &#8211; Seguro Obligatorio Anual\u201d.<\/strong><\/p>\n<p>Se trata de una herramienta creada por la Agencia Nacional de Seguridad Vial (ANSV) y la Direcci\u00f3n Nacional de los Registros Nacionales de la Propiedad Automotor y Cr\u00e9ditos Prendarios (DNRPA), para que las motos cuenten con el seguro vigente antes de ser liberadas al tr\u00e1nsito y circulen en la v\u00eda p\u00fablica por primera vez, en l\u00ednea con el art\u00edculo 68 de la Ley Nacional de Tr\u00e1nsito, que fija la obligatoriedad del seguro automotor.<\/p>\n<blockquote>\n<h3>La normativa, comunicada por el organismo del Ministerio de Transporte a trav\u00e9s de la disposici\u00f3n ANSV 544\/2021, tambi\u00e9n ser\u00e1 obligatoria para el tr\u00e1mite de patentamiento de motocicletas 0 km ante la DNRPA.<\/h3>\n<\/blockquote>\n<p>En este contexto, el director ejecutivo de la ANSV, Pablo Mart\u00ednez Carignano, expres\u00f3<strong><em> \u201cen los pr\u00f3ximos d\u00edas ninguna moto nueva podr\u00e1 circular por las calles si no tiene el seguro obligatorio contratado antes de salir del concesionario. Esto es algo que sucede hace muchos a\u00f1os con los autos y que por alg\u00fan motivo nunca se hizo con las motos. Con esto, el objetivo de la ANSV es modificar una vieja pr\u00e1ctica para continuar construyendo una nueva cultura vial para todos los argentinos\u00bb<\/em><\/strong>.<\/p>\n<blockquote>\n<h3>Al momento de la adquisici\u00f3n de la moto, el comprador tendr\u00e1 la opci\u00f3n de elegir la p\u00f3liza de seguro que se ajuste a sus necesidades.<\/h3>\n<\/blockquote>\n<p>Seg\u00fan detallaron desde la ANSV, la medida apunta a que si un motociclista se ve involucrado en un incidente de tr\u00e1nsito, <em><strong>\u201cpueda hacerse cargo del hecho y cubrir los da\u00f1os ocasionados a trav\u00e9s de un seguro legal y vigente\u201d<\/strong><\/em>. Adem\u00e1s, se busca continuar impulsando acciones que<strong><em> \u201cimpliquen un avance en la seguridad vial en el pa\u00eds y mejoren las condiciones de circulaci\u00f3n de los motociclistas, quienes en el 2022 representaron cuatro de cada diez v\u00edctimas fatales en hechos viales\u201d<\/em><\/strong>. (<b>InfoGEI<\/b>) Mg<\/p>\n","protected":false},"excerpt":{"rendered":"<div class=\"mh-excerpt\"><p>Se trata de una medida dispuesta por el gobierno nacional, y entrar\u00e1 en vigencia a partir del lunes 9 de octubre. 02 de Octubre de 2023 Desde el pr\u00f3ximo lunes 9 de octubre, los concesionarios <a class=\"mh-excerpt-more\" href=\"https:\/\/larevistadigital.com.ar\/blog\/desde-el-9-de-octubre-todas-las-motos-deberan-salir-de-la-concesionaria-con-un-seguro-contratado\/\" title=\"DESDE EL 9 DE OCTUBRE TODAS LAS MOTOS DEBER\u00c1N SALIR DE LA CONCESIONARIA CON UN SEGURO CONTRATADO\">[Leer M\u00e1s]<\/a><\/p>\n<\/div>","protected":false},"author":3,"featured_media":33701,"comment_status":"open","ping_status":"open","sticky":false,"template":"","format":"standard","meta":{"_jetpack_memberships_contains_paid_content":false,"footnotes":"","jetpack_publicize_message":"","jetpack_publicize_feature_enabled":true,"jetpack_social_post_already_shared":true,"jetpack_social_options":{"image_generator_settings":{"template":"highway","default_image_id":0,"font":"","enabled":false},"version":2}},"categories":[50,29],"tags":[],"class_list":{"0":"post-33700","1":"post","2":"type-post","3":"status-publish","4":"format-standard","5":"has-post-thumbnail","7":"category-interes-general","8":"category-sociedad"},"jetpack_publicize_connections":[],"jetpack_featured_media_url":"https:\/\/i0.wp.com\/larevistadigital.com.ar\/blog\/wp-content\/uploads\/20231002124404_moto.jpg?fit=880%2C512&ssl=1","jetpack_sharing_enabled":true,"jetpack_shortlink":"https:\/\/wp.me\/p8qtrQ-8Ly","jetpack-related-posts":[{"id":39945,"url":"https:\/\/larevistadigital.com.ar\/blog\/seguridad-vial-velocidades-maximas-y-documentacion-obligatoria-para-circular\/","url_meta":{"origin":33700,"position":0},"title":"Seguridad vial: Velocidades m\u00e1ximas y documentaci\u00f3n obligatoria para circular","author":"Alejandro Sosa Ruda","date":"30 mayo, 2025","format":false,"excerpt":"La Municipalidad de Chascom\u00fas trabaja de manera continua para fomentar el tr\u00e1nsito seguro y el respeto a las normas viales. 30 de Mayo de 2025 CHASCOM\u00daS -\u00a0 En ese sentido, es importante respetar los l\u00edmites de velocidad establecidos por la Ley Nacional de Tr\u00e1nsito N\u00b0 24.449, que rige en todo\u2026","rel":"","context":"En \u00abCHASCOM\u00daS\u00bb","block_context":{"text":"CHASCOM\u00daS","link":"https:\/\/larevistadigital.com.ar\/blog\/category\/chascomus\/"},"img":{"alt_text":"","src":"https:\/\/i0.wp.com\/larevistadigital.com.ar\/blog\/wp-content\/uploads\/6838969c4cee9.png?fit=668%2C445&ssl=1&resize=350%2C200","width":350,"height":200,"srcset":"https:\/\/i0.wp.com\/larevistadigital.com.ar\/blog\/wp-content\/uploads\/6838969c4cee9.png?fit=668%2C445&ssl=1&resize=350%2C200 1x, https:\/\/i0.wp.com\/larevistadigital.com.ar\/blog\/wp-content\/uploads\/6838969c4cee9.png?fit=668%2C445&ssl=1&resize=525%2C300 1.5x"},"classes":[]},{"id":28711,"url":"https:\/\/larevistadigital.com.ar\/blog\/detienen-a-un-presunto-homicida-en-un-control-de-transito\/","url_meta":{"origin":33700,"position":1},"title":"DETIENEN A UN PRESUNTO HOMICIDA EN UN CONTROL DE TR\u00c1NSITO","author":"Alejandro Sosa Ruda","date":"31 octubre, 2022","format":false,"excerpt":"El sospechoso fue capturado en un operativo\u00a0en Plaza Yrigoyen, luego de que los agentes lo interceptaran y averiguaran sus antecedentes. 31 de octubre de 2022 LA PLATA -\u00a0 El Municipio realiz\u00f3 durante la \u00faltima semana una serie de operativos simult\u00e1neos en distintos barrios de la ciudad que dejaron como resultado\u2026","rel":"","context":"En \u00abINTERES GENERAL\u00bb","block_context":{"text":"INTERES GENERAL","link":"https:\/\/larevistadigital.com.ar\/blog\/category\/interes-general\/"},"img":{"alt_text":"","src":"https:\/\/i0.wp.com\/larevistadigital.com.ar\/blog\/wp-content\/uploads\/1667241325338.jpg?fit=1200%2C594&ssl=1&resize=350%2C200","width":350,"height":200,"srcset":"https:\/\/i0.wp.com\/larevistadigital.com.ar\/blog\/wp-content\/uploads\/1667241325338.jpg?fit=1200%2C594&ssl=1&resize=350%2C200 1x, https:\/\/i0.wp.com\/larevistadigital.com.ar\/blog\/wp-content\/uploads\/1667241325338.jpg?fit=1200%2C594&ssl=1&resize=525%2C300 1.5x, https:\/\/i0.wp.com\/larevistadigital.com.ar\/blog\/wp-content\/uploads\/1667241325338.jpg?fit=1200%2C594&ssl=1&resize=700%2C400 2x, https:\/\/i0.wp.com\/larevistadigital.com.ar\/blog\/wp-content\/uploads\/1667241325338.jpg?fit=1200%2C594&ssl=1&resize=1050%2C600 3x"},"classes":[]},{"id":27684,"url":"https:\/\/larevistadigital.com.ar\/blog\/la-plata-mas-de-treinta-vehiculos-secuestrados-en-operativos-el-fin-de-semana\/","url_meta":{"origin":33700,"position":2},"title":"LA PLATA: M\u00c1S DE TREINTA VEH\u00cdCULOS SECUESTRADOS EN OPERATIVOS EL FIN DE SEMANA","author":"Alejandro Sosa Ruda","date":"12 septiembre, 2022","format":false,"excerpt":"Las tareas se llevaron a cabo en Plaza Moreno, diagonal 74 y esquina 10, el Paseo del Bosque y otros puntos neur\u00e1lgicos de la ciudad. 12 de septiembre de 2022 LA PLATA -\u00a0 La Municipalidad realiz\u00f3 durante este fin de semana controles viales en distintos puntos neur\u00e1lgicos de la ciudad\u2026","rel":"","context":"En \u00abPOLICIALES\u00bb","block_context":{"text":"POLICIALES","link":"https:\/\/larevistadigital.com.ar\/blog\/category\/policiales\/"},"img":{"alt_text":"","src":"https:\/\/i0.wp.com\/larevistadigital.com.ar\/blog\/wp-content\/uploads\/1649611007838.jpeg?fit=1200%2C594&ssl=1&resize=350%2C200","width":350,"height":200,"srcset":"https:\/\/i0.wp.com\/larevistadigital.com.ar\/blog\/wp-content\/uploads\/1649611007838.jpeg?fit=1200%2C594&ssl=1&resize=350%2C200 1x, https:\/\/i0.wp.com\/larevistadigital.com.ar\/blog\/wp-content\/uploads\/1649611007838.jpeg?fit=1200%2C594&ssl=1&resize=525%2C300 1.5x, https:\/\/i0.wp.com\/larevistadigital.com.ar\/blog\/wp-content\/uploads\/1649611007838.jpeg?fit=1200%2C594&ssl=1&resize=700%2C400 2x, https:\/\/i0.wp.com\/larevistadigital.com.ar\/blog\/wp-content\/uploads\/1649611007838.jpeg?fit=1200%2C594&ssl=1&resize=1050%2C600 3x"},"classes":[]},{"id":28383,"url":"https:\/\/larevistadigital.com.ar\/blog\/maipu-murio-un-joven-en-un-accidente-de-motos\/","url_meta":{"origin":33700,"position":3},"title":"MAIP\u00da: MURI\u00d3 UN JOVEN EN UN ACCIDENTE DE MOTOS","author":"Alejandro Sosa Ruda","date":"12 octubre, 2022","format":false,"excerpt":"El joven de ten\u00eda 25 a\u00f1os y sufri\u00f3 un accidente en moto. 12 de octubre de 2022 MAIP\u00da -\u00a0 Un joven de 25 a\u00f1os falleci\u00f3 tras protagonizar un fatal accidente de tr\u00e1nsito en la localidad de Maip\u00fa. Seg\u00fan fuentes policiales,\u00a0 dos personas circulaban a bordo de una Gilera Smash 110,\u2026","rel":"","context":"En \u00abPOLICIALES\u00bb","block_context":{"text":"POLICIALES","link":"https:\/\/larevistadigital.com.ar\/blog\/category\/policiales\/"},"img":{"alt_text":"","src":"https:\/\/i0.wp.com\/larevistadigital.com.ar\/blog\/wp-content\/uploads\/88381adc587fa8a1e6a1dc82a6ca4e1b93ba1bbe-1.jpg?fit=1140%2C757&ssl=1&resize=350%2C200","width":350,"height":200,"srcset":"https:\/\/i0.wp.com\/larevistadigital.com.ar\/blog\/wp-content\/uploads\/88381adc587fa8a1e6a1dc82a6ca4e1b93ba1bbe-1.jpg?fit=1140%2C757&ssl=1&resize=350%2C200 1x, https:\/\/i0.wp.com\/larevistadigital.com.ar\/blog\/wp-content\/uploads\/88381adc587fa8a1e6a1dc82a6ca4e1b93ba1bbe-1.jpg?fit=1140%2C757&ssl=1&resize=525%2C300 1.5x, https:\/\/i0.wp.com\/larevistadigital.com.ar\/blog\/wp-content\/uploads\/88381adc587fa8a1e6a1dc82a6ca4e1b93ba1bbe-1.jpg?fit=1140%2C757&ssl=1&resize=700%2C400 2x, https:\/\/i0.wp.com\/larevistadigital.com.ar\/blog\/wp-content\/uploads\/88381adc587fa8a1e6a1dc82a6ca4e1b93ba1bbe-1.jpg?fit=1140%2C757&ssl=1&resize=1050%2C600 3x"},"classes":[]},{"id":28502,"url":"https:\/\/larevistadigital.com.ar\/blog\/inedito-mas-de-300-operativos-de-control-contra-las-carreras-de-motos-en-pilar-malvinas-argentinas-y-escobar\/","url_meta":{"origin":33700,"position":4},"title":"IN\u00c9DITO: M\u00c1S DE 300 OPERATIVOS DE CONTROL CONTRA LAS CARRERAS DE MOTOS EN PILAR, MALVINAS ARGENTINAS Y ESCOBAR","author":"Alejandro Sosa Ruda","date":"18 octubre, 2022","format":false,"excerpt":"A menos de un mes de conformar una mesa de trabajo para combatir las carreras ilegales en la provincia de Buenos Aires, el Ministerio de Transporte lanz\u00f3 un operativo sin precedentes. 18 de octubre de 2022 El\u00a0In\u00e9dito operativo de la Direcci\u00f3n provincial de Fiscalizaci\u00f3n, Control de Tr\u00e1nsito y la Seguridad\u2026","rel":"","context":"En \u00abINTERES GENERAL\u00bb","block_context":{"text":"INTERES GENERAL","link":"https:\/\/larevistadigital.com.ar\/blog\/category\/interes-general\/"},"img":{"alt_text":"","src":"https:\/\/i0.wp.com\/larevistadigital.com.ar\/blog\/wp-content\/uploads\/20221018100926_transporte-control-picadas.jpg?fit=880%2C512&ssl=1&resize=350%2C200","width":350,"height":200,"srcset":"https:\/\/i0.wp.com\/larevistadigital.com.ar\/blog\/wp-content\/uploads\/20221018100926_transporte-control-picadas.jpg?fit=880%2C512&ssl=1&resize=350%2C200 1x, https:\/\/i0.wp.com\/larevistadigital.com.ar\/blog\/wp-content\/uploads\/20221018100926_transporte-control-picadas.jpg?fit=880%2C512&ssl=1&resize=525%2C300 1.5x, https:\/\/i0.wp.com\/larevistadigital.com.ar\/blog\/wp-content\/uploads\/20221018100926_transporte-control-picadas.jpg?fit=880%2C512&ssl=1&resize=700%2C400 2x"},"classes":[]},{"id":31719,"url":"https:\/\/larevistadigital.com.ar\/blog\/mar-del-plata-abren-una-investigacion-porque-11-personas-retiraron-vehiculos-secuestrados-con-documentacion-falsa\/","url_meta":{"origin":33700,"position":5},"title":"MAR DEL PLATA: ABREN UNA INVESTIGACI\u00d3N PORQUE 11 PERSONAS RETIRARON VEH\u00cdCULOS SECUESTRADOS CON DOCUMENTACI\u00d3N FALSA.","author":"Alejandro Sosa Ruda","date":"23 mayo, 2023","format":false,"excerpt":"El fiscal imput\u00f3 a las once personas por el delito de uso de documento p\u00fablico falso y los convoc\u00f3 para que presten declaraci\u00f3n en unas audiencias que se realizar\u00e1n en agosto en la Fiscal\u00eda de Delitos Econ\u00f3micos. 23 de mayo de 2023 MAR DEL PLATA -\u00a0 Once personas fueron imputadas\u2026","rel":"","context":"En \u00abPOLICIALES\u00bb","block_context":{"text":"POLICIALES","link":"https:\/\/larevistadigital.com.ar\/blog\/category\/policiales\/"},"img":{"alt_text":"","src":"https:\/\/i0.wp.com\/larevistadigital.com.ar\/blog\/wp-content\/uploads\/20230522165955_motos.jpg?fit=880%2C512&ssl=1&resize=350%2C200","width":350,"height":200,"srcset":"https:\/\/i0.wp.com\/larevistadigital.com.ar\/blog\/wp-content\/uploads\/20230522165955_motos.jpg?fit=880%2C512&ssl=1&resize=350%2C200 1x, https:\/\/i0.wp.com\/larevistadigital.com.ar\/blog\/wp-content\/uploads\/20230522165955_motos.jpg?fit=880%2C512&ssl=1&resize=525%2C300 1.5x, https:\/\/i0.wp.com\/larevistadigital.com.ar\/blog\/wp-content\/uploads\/20230522165955_motos.jpg?fit=880%2C512&ssl=1&resize=700%2C400 2x"},"classes":[]}],"_links":{"self":[{"href":"https:\/\/larevistadigital.com.ar\/blog\/wp-json\/wp\/v2\/posts\/33700","targetHints":{"allow":["GET"]}}],"collection":[{"href":"https:\/\/larevistadigital.com.ar\/blog\/wp-json\/wp\/v2\/posts"}],"about":[{"href":"https:\/\/larevistadigital.com.ar\/blog\/wp-json\/wp\/v2\/types\/post"}],"author":[{"embeddable":true,"href":"https:\/\/larevistadigital.com.ar\/blog\/wp-json\/wp\/v2\/users\/3"}],"replies":[{"embeddable":true,"href":"https:\/\/larevistadigital.com.ar\/blog\/wp-json\/wp\/v2\/comments?post=33700"}],"version-history":[{"count":1,"href":"https:\/\/larevistadigital.com.ar\/blog\/wp-json\/wp\/v2\/posts\/33700\/revisions"}],"predecessor-version":[{"id":33702,"href":"https:\/\/larevistadigital.com.ar\/blog\/wp-json\/wp\/v2\/posts\/33700\/revisions\/33702"}],"wp:featuredmedia":[{"embeddable":true,"href":"https:\/\/larevistadigital.com.ar\/blog\/wp-json\/wp\/v2\/media\/33701"}],"wp:attachment":[{"href":"https:\/\/larevistadigital.com.ar\/blog\/wp-json\/wp\/v2\/media?parent=33700"}],"wp:term":[{"taxonomy":"category","embeddable":true,"href":"https:\/\/larevistadigital.com.ar\/blog\/wp-json\/wp\/v2\/categories?post=33700"},{"taxonomy":"post_tag","embeddable":true,"href":"https:\/\/larevistadigital.com.ar\/blog\/wp-json\/wp\/v2\/tags?post=33700"}],"curies":[{"name":"wp","href":"https:\/\/api.w.org\/{rel}","templated":true}]}}