{"id":33707,"date":"2023-10-03T00:01:54","date_gmt":"2023-10-03T03:01:54","guid":{"rendered":"https:\/\/larevistadigital.com.ar\/blog\/?p=33707"},"modified":"2023-10-03T00:01:54","modified_gmt":"2023-10-03T03:01:54","slug":"chascomus-reconocimiento-al-destacado-trabajo-que-se-viene-haciendo-desde-la-policia-comunal","status":"publish","type":"post","link":"https:\/\/larevistadigital.com.ar\/blog\/chascomus-reconocimiento-al-destacado-trabajo-que-se-viene-haciendo-desde-la-policia-comunal\/","title":{"rendered":"CHASCOM\u00daS: RECONOCIMIENTO AL DESTACADO TRABAJO QUE SE VIENE HACIENDO DESDE LA POLIC\u00cdA COMUNAL"},"content":{"rendered":"<h2 class=\"notaIntro\">Javier Gast\u00f3n encabez\u00f3 una reuni\u00f3n, a la que se sumaron la secretaria de Seguridad Ciudadana, Mariela Moscarella; el jefe de la Estaci\u00f3n de Polic\u00eda Comunal, comisario inspector Federico Valdivia, y el titular de la comisar\u00eda primera, comisario Gerardo Ferreira.<\/h2>\n<p>02 de Octubre de 2023<\/p>\n<p class=\"notaTexto\"><strong>CHASCOM\u00daS &#8211;\u00a0<\/strong> El encuentro se desarroll\u00f3 en el despacho comunal y estuvo destinada a dialogar sobre la situaci\u00f3n del delito y de las violencias en el distrito.<br \/>\nEn ese sentido, el intendente reconoci\u00f3 el trabajo que se viene haciendo desde la polic\u00eda comunal en cuanto al esclarecimiento de los delitos.Por su parte, el Foro Vecinal de Seguridad, representado por <strong>Cristina Otondo<\/strong>, destac\u00f3 que en esta etapa es el mayor registro de delitos resueltos en el corto plazo.<\/p>\n<blockquote>\n<h3 class=\"notaTexto\">En ese marco, se acord\u00f3 continuar trabajando de manera articulada para continuar avanzando en el mismo sentido y darle impulso al Foro Municipal de Seguridad.<\/h3>\n<\/blockquote>\n<p class=\"notaTexto\">Tanto el intendente como la representante del foro destacaron la notoria presencia de los patrulleros en cada uno de los barrios de la ciudad que es reconocida por los vecinos y que contribuye a la prevenci\u00f3n de los delitos.<\/p>\n","protected":false},"excerpt":{"rendered":"<div class=\"mh-excerpt\"><p>Javier Gast\u00f3n encabez\u00f3 una reuni\u00f3n, a la que se sumaron la secretaria de Seguridad Ciudadana, Mariela Moscarella; el jefe de la Estaci\u00f3n de Polic\u00eda Comunal, comisario inspector Federico Valdivia, y el titular de la comisar\u00eda <a class=\"mh-excerpt-more\" href=\"https:\/\/larevistadigital.com.ar\/blog\/chascomus-reconocimiento-al-destacado-trabajo-que-se-viene-haciendo-desde-la-policia-comunal\/\" title=\"CHASCOM\u00daS: RECONOCIMIENTO AL DESTACADO TRABAJO QUE SE VIENE HACIENDO DESDE LA POLIC\u00cdA COMUNAL\">[Leer M\u00e1s]<\/a><\/p>\n<\/div>","protected":false},"author":3,"featured_media":33713,"comment_status":"open","ping_status":"open","sticky":false,"template":"","format":"standard","meta":{"_jetpack_memberships_contains_paid_content":false,"footnotes":"","jetpack_publicize_message":"","jetpack_publicize_feature_enabled":true,"jetpack_social_post_already_shared":true,"jetpack_social_options":{"image_generator_settings":{"template":"highway","default_image_id":0,"font":"","enabled":false},"version":2}},"categories":[6,44],"tags":[],"class_list":{"0":"post-33707","1":"post","2":"type-post","3":"status-publish","4":"format-standard","5":"has-post-thumbnail","7":"category-chascomus","8":"category-policiales"},"jetpack_publicize_connections":[],"jetpack_featured_media_url":"https:\/\/i0.wp.com\/larevistadigital.com.ar\/blog\/wp-content\/uploads\/4444.png?fit=800%2C500&ssl=1","jetpack_sharing_enabled":true,"jetpack_shortlink":"https:\/\/wp.me\/p8qtrQ-8LF","jetpack-related-posts":[{"id":35033,"url":"https:\/\/larevistadigital.com.ar\/blog\/chascomus-hay-nueva-jefe-de-policia-comunal\/","url_meta":{"origin":33707,"position":0},"title":"CHASCOM\u00daS: HAY NUEVA JEFE DE POLIC\u00cdA COMUNAL","author":"Alejandro Sosa Ruda","date":"20 enero, 2024","format":false,"excerpt":"Es una mujer que cumpl\u00eda funciones en Seguridad Vial de Chascom\u00fas, y toma el cargo desde ayer a la tarde. 20 de enero de 2023 CHASCOM\u00daS -\u00a0 En el d\u00eda de ayer a las 18 horas, se hizo cargo de la Jefatura de Polic\u00eda Comunal de Chascomus la Comisario Mariana\u2026","rel":"","context":"En \u00abSin categor\u00eda\u00bb","block_context":{"text":"Sin categor\u00eda","link":"https:\/\/larevistadigital.com.ar\/blog\/category\/sin-categoria\/"},"img":{"alt_text":"","src":"https:\/\/i0.wp.com\/larevistadigital.com.ar\/blog\/wp-content\/uploads\/2017\/08\/GEO_COMISARIA_1_CHASCOMUS-e1705762962297.jpg?fit=1200%2C548&ssl=1&resize=350%2C200","width":350,"height":200,"srcset":"https:\/\/i0.wp.com\/larevistadigital.com.ar\/blog\/wp-content\/uploads\/2017\/08\/GEO_COMISARIA_1_CHASCOMUS-e1705762962297.jpg?fit=1200%2C548&ssl=1&resize=350%2C200 1x, https:\/\/i0.wp.com\/larevistadigital.com.ar\/blog\/wp-content\/uploads\/2017\/08\/GEO_COMISARIA_1_CHASCOMUS-e1705762962297.jpg?fit=1200%2C548&ssl=1&resize=525%2C300 1.5x, https:\/\/i0.wp.com\/larevistadigital.com.ar\/blog\/wp-content\/uploads\/2017\/08\/GEO_COMISARIA_1_CHASCOMUS-e1705762962297.jpg?fit=1200%2C548&ssl=1&resize=700%2C400 2x, https:\/\/i0.wp.com\/larevistadigital.com.ar\/blog\/wp-content\/uploads\/2017\/08\/GEO_COMISARIA_1_CHASCOMUS-e1705762962297.jpg?fit=1200%2C548&ssl=1&resize=1050%2C600 3x"},"classes":[]},{"id":40753,"url":"https:\/\/larevistadigital.com.ar\/blog\/chascomus-la-nueva-titular-de-la-estacion-de-policia-comunal-fue-recibida-por-el-intendente-javier-gaston\/","url_meta":{"origin":33707,"position":1},"title":"Chascom\u00fas: La nueva titular de la Estaci\u00f3n de Polic\u00eda Comunal fue recibida por el intendente Javier Gast\u00f3n","author":"Alejandro Sosa Ruda","date":"5 agosto, 2025","format":false,"excerpt":"Marisa Islas asumir\u00e1 la conducci\u00f3n de la EPC y se acord\u00f3 fortalecer el trabajo conjunto en materia de seguridad. 05 de Agosto de 2025 CHASCOM\u00daS\u00a0 -\u00a0 Javier Gast\u00f3n recibi\u00f3 a la nueva titular de la Estaci\u00f3n de Polic\u00eda Comunal Marisa Islas asumir\u00e1 la conducci\u00f3n de la EPC y se acord\u00f3\u2026","rel":"","context":"En \u00abDESTACADAS\u00bb","block_context":{"text":"DESTACADAS","link":"https:\/\/larevistadigital.com.ar\/blog\/category\/destacadas\/"},"img":{"alt_text":"","src":"https:\/\/i0.wp.com\/larevistadigital.com.ar\/blog\/wp-content\/uploads\/68923689f253f.png?fit=668%2C445&ssl=1&resize=350%2C200","width":350,"height":200,"srcset":"https:\/\/i0.wp.com\/larevistadigital.com.ar\/blog\/wp-content\/uploads\/68923689f253f.png?fit=668%2C445&ssl=1&resize=350%2C200 1x, https:\/\/i0.wp.com\/larevistadigital.com.ar\/blog\/wp-content\/uploads\/68923689f253f.png?fit=668%2C445&ssl=1&resize=525%2C300 1.5x"},"classes":[]},{"id":29589,"url":"https:\/\/larevistadigital.com.ar\/blog\/chascomus-el-intendente-acompano-los-actos-por-la-creacion-de-la-policia-bonaerense\/","url_meta":{"origin":33707,"position":2},"title":"CHASCOM\u00daS: EL INTENDENTE ACOMPA\u00d1\u00d3 LOS ACTOS POR LA CREACI\u00d3N DE LA POLIC\u00cdA BONAERENSE","author":"Alejandro Sosa Ruda","date":"23 diciembre, 2022","format":false,"excerpt":"El intendente municipal Javier Gast\u00f3n, estuvo junto a la Secretaria de Seguridad Comunal Mariela Moscarellla en el acto de conmemoraci\u00f3n de los 201 a\u00f1os de la creaci\u00f3n de la Polic\u00eda Provincial, donde se entregaron reconocimientos y distinciones. CHASCOM\u00daS -\u00a0 En un muy emotivo acto, donde se percibi\u00f3 la gran camarader\u00eda\u2026","rel":"","context":"En \u00abCHASCOM\u00daS\u00bb","block_context":{"text":"CHASCOM\u00daS","link":"https:\/\/larevistadigital.com.ar\/blog\/category\/chascomus\/"},"img":{"alt_text":"","src":"https:\/\/i0.wp.com\/larevistadigital.com.ar\/blog\/wp-content\/uploads\/2022_12_23_00_27_06_1031904.jpg?fit=600%2C401&ssl=1&resize=350%2C200","width":350,"height":200,"srcset":"https:\/\/i0.wp.com\/larevistadigital.com.ar\/blog\/wp-content\/uploads\/2022_12_23_00_27_06_1031904.jpg?fit=600%2C401&ssl=1&resize=350%2C200 1x, https:\/\/i0.wp.com\/larevistadigital.com.ar\/blog\/wp-content\/uploads\/2022_12_23_00_27_06_1031904.jpg?fit=600%2C401&ssl=1&resize=525%2C300 1.5x"},"classes":[]},{"id":26412,"url":"https:\/\/larevistadigital.com.ar\/blog\/chascomus-la-secretaria-de-seguridad-y-la-estacion-de-policia-comunal-alertan-por-llamados-extorsivos\/","url_meta":{"origin":33707,"position":3},"title":"CHASCOM\u00daS: LA SECRETAR\u00cdA DE SEGURIDAD Y LA ESTACI\u00d3N DE POLIC\u00cdA COMUNAL ALERTAN POR LLAMADOS EXTORSIVOS","author":"Alejandro Sosa Ruda","date":"7 julio, 2022","format":false,"excerpt":"Desde la Secretar\u00eda de Seguridad y la Estaci\u00f3n de Polic\u00eda Comunal, se hace un llamado de alerta a la poblaci\u00f3n, por la proliferaci\u00f3n de este tipo de delito que se est\u00e1 produciendo con asiduidad. C\u00f3mo prevenir y c\u00f3mo actuar. CHASCOM\u00daS -\u00a0 Se difundi\u00f3 desde la Secretar\u00eda de Seguridad de Chascom\u00fas,\u2026","rel":"","context":"En \u00abCHASCOM\u00daS\u00bb","block_context":{"text":"CHASCOM\u00daS","link":"https:\/\/larevistadigital.com.ar\/blog\/category\/chascomus\/"},"img":{"alt_text":"","src":"https:\/\/i0.wp.com\/larevistadigital.com.ar\/blog\/wp-content\/uploads\/1542081283589.jpg?fit=800%2C459&ssl=1&resize=350%2C200","width":350,"height":200,"srcset":"https:\/\/i0.wp.com\/larevistadigital.com.ar\/blog\/wp-content\/uploads\/1542081283589.jpg?fit=800%2C459&ssl=1&resize=350%2C200 1x, https:\/\/i0.wp.com\/larevistadigital.com.ar\/blog\/wp-content\/uploads\/1542081283589.jpg?fit=800%2C459&ssl=1&resize=525%2C300 1.5x, https:\/\/i0.wp.com\/larevistadigital.com.ar\/blog\/wp-content\/uploads\/1542081283589.jpg?fit=800%2C459&ssl=1&resize=700%2C400 2x"},"classes":[]},{"id":44094,"url":"https:\/\/larevistadigital.com.ar\/blog\/chascomus-el-intendente-recibio-a-nuevas-cadetes-del-operativo-sol-a-sol\/","url_meta":{"origin":33707,"position":4},"title":"Chascom\u00fas: El Intendente recibi\u00f3 a nuevas cadetes del Operativo Sol a Sol","author":"Alejandro Sosa Ruda","date":"20 febrero, 2026","format":false,"excerpt":"Dos j\u00f3venes polic\u00edas chascomunenses se incorporaron al refuerzo de seguridad para la temporada de verano. 20 de febrero de 2026 CHASCOM\u00daS -\u00a0 \u00a0El intendente Javier Gast\u00f3n recibi\u00f3 en su despacho a dos nuevas cadetes de polic\u00eda chascomunenses que forman parte del Operativo Sol a Sol, el dispositivo que refuerza la\u2026","rel":"","context":"En \u00abCHASCOM\u00daS\u00bb","block_context":{"text":"CHASCOM\u00daS","link":"https:\/\/larevistadigital.com.ar\/blog\/category\/chascomus\/"},"img":{"alt_text":"","src":"https:\/\/i0.wp.com\/larevistadigital.com.ar\/blog\/wp-content\/uploads\/6998938fe9b37.png?fit=668%2C445&ssl=1&resize=350%2C200","width":350,"height":200,"srcset":"https:\/\/i0.wp.com\/larevistadigital.com.ar\/blog\/wp-content\/uploads\/6998938fe9b37.png?fit=668%2C445&ssl=1&resize=350%2C200 1x, https:\/\/i0.wp.com\/larevistadigital.com.ar\/blog\/wp-content\/uploads\/6998938fe9b37.png?fit=668%2C445&ssl=1&resize=525%2C300 1.5x"},"classes":[]},{"id":4159,"url":"https:\/\/larevistadigital.com.ar\/blog\/chascomus-ya-policia-comunal-secretario-seguridad-lo-nombre\/","url_meta":{"origin":33707,"position":5},"title":"CHASCOM\u00daS YA TIENE \u00abPOLIC\u00cdA COMUNAL\u00bb : PARA EL SECRETARIO DE SEGURIDAD, \u00abES LO MISMO PERO CON OTRO NOMBRE\u00bb","author":"Alejandro Sosa Ruda","date":"7 diciembre, 2017","format":false,"excerpt":"El Secretario de Seguridad Ciudadana, Santiago Muscarello fue entrevistado en el programa AM Show, que se emite por la FM 101.5 de Chascom\u00fas, en donde abord\u00f3 distintos temas de actualidad. Lo m\u00e1s destacable fue la noticia que brind\u00f3 Muscarello, afirmando que, a partir del martes 5 de diciembre, la polic\u00eda\u2026","rel":"","context":"En \u00abCHASCOM\u00daS\u00bb","block_context":{"text":"CHASCOM\u00daS","link":"https:\/\/larevistadigital.com.ar\/blog\/category\/chascomus\/"},"img":{"alt_text":"","src":"https:\/\/i0.wp.com\/larevistadigital.com.ar\/blog\/wp-content\/uploads\/2017\/12\/24312589_1706906835996861_2863806067281868354_n.jpg?fit=960%2C523&ssl=1&resize=350%2C200","width":350,"height":200,"srcset":"https:\/\/i0.wp.com\/larevistadigital.com.ar\/blog\/wp-content\/uploads\/2017\/12\/24312589_1706906835996861_2863806067281868354_n.jpg?fit=960%2C523&ssl=1&resize=350%2C200 1x, https:\/\/i0.wp.com\/larevistadigital.com.ar\/blog\/wp-content\/uploads\/2017\/12\/24312589_1706906835996861_2863806067281868354_n.jpg?fit=960%2C523&ssl=1&resize=525%2C300 1.5x, https:\/\/i0.wp.com\/larevistadigital.com.ar\/blog\/wp-content\/uploads\/2017\/12\/24312589_1706906835996861_2863806067281868354_n.jpg?fit=960%2C523&ssl=1&resize=700%2C400 2x"},"classes":[]}],"_links":{"self":[{"href":"https:\/\/larevistadigital.com.ar\/blog\/wp-json\/wp\/v2\/posts\/33707","targetHints":{"allow":["GET"]}}],"collection":[{"href":"https:\/\/larevistadigital.com.ar\/blog\/wp-json\/wp\/v2\/posts"}],"about":[{"href":"https:\/\/larevistadigital.com.ar\/blog\/wp-json\/wp\/v2\/types\/post"}],"author":[{"embeddable":true,"href":"https:\/\/larevistadigital.com.ar\/blog\/wp-json\/wp\/v2\/users\/3"}],"replies":[{"embeddable":true,"href":"https:\/\/larevistadigital.com.ar\/blog\/wp-json\/wp\/v2\/comments?post=33707"}],"version-history":[{"count":1,"href":"https:\/\/larevistadigital.com.ar\/blog\/wp-json\/wp\/v2\/posts\/33707\/revisions"}],"predecessor-version":[{"id":33714,"href":"https:\/\/larevistadigital.com.ar\/blog\/wp-json\/wp\/v2\/posts\/33707\/revisions\/33714"}],"wp:featuredmedia":[{"embeddable":true,"href":"https:\/\/larevistadigital.com.ar\/blog\/wp-json\/wp\/v2\/media\/33713"}],"wp:attachment":[{"href":"https:\/\/larevistadigital.com.ar\/blog\/wp-json\/wp\/v2\/media?parent=33707"}],"wp:term":[{"taxonomy":"category","embeddable":true,"href":"https:\/\/larevistadigital.com.ar\/blog\/wp-json\/wp\/v2\/categories?post=33707"},{"taxonomy":"post_tag","embeddable":true,"href":"https:\/\/larevistadigital.com.ar\/blog\/wp-json\/wp\/v2\/tags?post=33707"}],"curies":[{"name":"wp","href":"https:\/\/api.w.org\/{rel}","templated":true}]}}