{"id":341,"date":"2017-02-18T15:14:09","date_gmt":"2017-02-18T15:14:09","guid":{"rendered":"https:\/\/larevistadigital.com.ar\/blog\/?p=341"},"modified":"2017-02-20T15:17:44","modified_gmt":"2017-02-20T15:17:44","slug":"diputado-rovella-impulsa-alcohol-cero-transito","status":"publish","type":"post","link":"https:\/\/larevistadigital.com.ar\/blog\/diputado-rovella-impulsa-alcohol-cero-transito\/","title":{"rendered":"El Diputado Rovella impulsa el Alcohol Cero en el tr\u00e1nsito"},"content":{"rendered":"<p>A trav\u00e9s de un proyecto de declaraci\u00f3n, el diputado de la UCR\/Cambiemos, <strong>Diego Rovella<\/strong>, impulsa la modificaci\u00f3n de los art\u00edculos de las leyes que rigen la tolerancia permitida en los conductores en cuanto al porcentaje de alcoholemia intentando que se determine que sea de cero esa tolerancia en un pa\u00eds con altos \u00edndices de accidentes de tr\u00e1nsito.<\/p>\n<p>El legislador\u00a0platense argument\u00f3 su decisi\u00f3n en lograr \u00abun manejo m\u00e1s seguro y confiable en resguardo de todas las personas que conducen veh\u00edculos en centros urbanos, rutas o autopistas\u00bb<\/p>\n<p>Asimismo, <strong>Rovella<\/strong> present\u00f3 otro proyecto para que el Banco de la Provincia de Buenos Aires habilite <strong><em>\u00aba la brevedad posible\u00bb<\/em><\/strong> cajeros autom\u00e1ticos en la zona noroeste de la ciudad de La Plata que comprende El Peligro, Colonia Urquiza, Abasto, Melchor Romero, San Carlos, Lisandro Olmos y Etcheverry.<\/p>\n<p>En este sentido afirm\u00f3 que <strong><em>\u00abesta zona ha experimentado un fuerte crecimiento demogr\u00e1fico, comercial e industrial en los \u00faltimos a\u00f1os y representa el 20% de los habitantes de La Plata, a lo que debemos agregar el impulso que el gobierno le quiere dar a la bancarizaci\u00f3n sumado al pago de servicios y al cobro de sueldos y haberes jubilatorios. En esa zona existe una sucursal y un anexo operativo que aportan s\u00f3lo cinco cajeros autom\u00e1ticos lo que resulta a las claras muy insuficientes\u00bb.<\/em><\/strong><\/p>\n","protected":false},"excerpt":{"rendered":"<div class=\"mh-excerpt\"><p>A trav\u00e9s de un proyecto de declaraci\u00f3n, el diputado de la UCR\/Cambiemos, Diego Rovella, impulsa la modificaci\u00f3n de los art\u00edculos de las leyes que rigen la tolerancia permitida en los conductores en cuanto al porcentaje <a class=\"mh-excerpt-more\" href=\"https:\/\/larevistadigital.com.ar\/blog\/diputado-rovella-impulsa-alcohol-cero-transito\/\" title=\"El Diputado Rovella impulsa el Alcohol Cero en el tr\u00e1nsito\">[Leer M\u00e1s]<\/a><\/p>\n<\/div>","protected":false},"author":2,"featured_media":342,"comment_status":"open","ping_status":"open","sticky":false,"template":"","format":"standard","meta":{"_jetpack_memberships_contains_paid_content":false,"footnotes":"","jetpack_publicize_message":"","jetpack_publicize_feature_enabled":true,"jetpack_social_post_already_shared":false,"jetpack_social_options":{"image_generator_settings":{"template":"highway","default_image_id":0,"font":"","enabled":false},"version":2}},"categories":[12,24],"tags":[],"class_list":{"0":"post-341","1":"post","2":"type-post","3":"status-publish","4":"format-standard","5":"has-post-thumbnail","7":"category-politica","8":"category-politica-provincial"},"jetpack_publicize_connections":[],"jetpack_featured_media_url":"https:\/\/i0.wp.com\/larevistadigital.com.ar\/blog\/wp-content\/uploads\/2017\/02\/dr200217.jpg?fit=711%2C711&ssl=1","jetpack_sharing_enabled":true,"jetpack_shortlink":"https:\/\/wp.me\/p8qtrQ-5v","jetpack-related-posts":[{"id":20483,"url":"https:\/\/larevistadigital.com.ar\/blog\/fuerte-cruce-del-diputado-diego-rovella-al-gobernador-kicillof\/","url_meta":{"origin":341,"position":0},"title":"FUERTE CRUCE DEL DIPUTADO DIEGO ROVELLA AL GOBERNADOR KICILLOF","author":"Alejandro Sosa Ruda","date":"26 mayo, 2021","format":false,"excerpt":"\"Ni la oposici\u00f3n, ni los periodistas como dice Bianco, son los responsables de este desastre sanitario\" \u201cEs entendible que le ocurran este tipo de cosas a gobiernos llenos de in\u00fatiles e inoperantes, que en medio de una grave pandemia global, no hicieron lo \u00fanico que ten\u00edan que hacer: comprar vacunas\u2026","rel":"","context":"En \u00abPOLITICA PROVINCIAL\u00bb","block_context":{"text":"POLITICA PROVINCIAL","link":"https:\/\/larevistadigital.com.ar\/blog\/category\/politica\/politica-provincial\/"},"img":{"alt_text":"","src":"https:\/\/i0.wp.com\/larevistadigital.com.ar\/blog\/wp-content\/uploads\/rovella-6.jpg?fit=780%2C440&ssl=1&resize=350%2C200","width":350,"height":200,"srcset":"https:\/\/i0.wp.com\/larevistadigital.com.ar\/blog\/wp-content\/uploads\/rovella-6.jpg?fit=780%2C440&ssl=1&resize=350%2C200 1x, https:\/\/i0.wp.com\/larevistadigital.com.ar\/blog\/wp-content\/uploads\/rovella-6.jpg?fit=780%2C440&ssl=1&resize=525%2C300 1.5x, https:\/\/i0.wp.com\/larevistadigital.com.ar\/blog\/wp-content\/uploads\/rovella-6.jpg?fit=780%2C440&ssl=1&resize=700%2C400 2x"},"classes":[]},{"id":1246,"url":"https:\/\/larevistadigital.com.ar\/blog\/se-busca-generar-un-mayor-control-sobre-los-eventos-de-concurrencia-masiva\/","url_meta":{"origin":341,"position":1},"title":"SE BUSCA GENERAR UN MAYOR CONTROL SOBRE LOS EVENTOS DE CONCURRENCIA MASIVA","author":"Alejandro Sosa Ruda","date":"17 marzo, 2017","format":false,"excerpt":"El diputado de Cambiemos, Gustavo Vignali, present\u00f3 un proyecto de ley junto a su par Diego Rovella, para regular la organizaci\u00f3n y planificaci\u00f3n de espect\u00e1culos y evitar situaciones ca\u00f3ticas como las vividas el s\u00e1bado pasado durante el recital del Indio Solari. Los legisladores del oficialismo presentaron un Proyecto de Ley\u2026","rel":"","context":"En \u00abDESTACADAS\u00bb","block_context":{"text":"DESTACADAS","link":"https:\/\/larevistadigital.com.ar\/blog\/category\/destacadas\/"},"img":{"alt_text":"","src":"https:\/\/i0.wp.com\/larevistadigital.com.ar\/blog\/wp-content\/uploads\/2017\/03\/56ce0cbe-ae8d-428b-8d86-6387d0c33141.jpg?fit=1200%2C983&ssl=1&resize=350%2C200","width":350,"height":200,"srcset":"https:\/\/i0.wp.com\/larevistadigital.com.ar\/blog\/wp-content\/uploads\/2017\/03\/56ce0cbe-ae8d-428b-8d86-6387d0c33141.jpg?fit=1200%2C983&ssl=1&resize=350%2C200 1x, https:\/\/i0.wp.com\/larevistadigital.com.ar\/blog\/wp-content\/uploads\/2017\/03\/56ce0cbe-ae8d-428b-8d86-6387d0c33141.jpg?fit=1200%2C983&ssl=1&resize=525%2C300 1.5x, https:\/\/i0.wp.com\/larevistadigital.com.ar\/blog\/wp-content\/uploads\/2017\/03\/56ce0cbe-ae8d-428b-8d86-6387d0c33141.jpg?fit=1200%2C983&ssl=1&resize=700%2C400 2x, https:\/\/i0.wp.com\/larevistadigital.com.ar\/blog\/wp-content\/uploads\/2017\/03\/56ce0cbe-ae8d-428b-8d86-6387d0c33141.jpg?fit=1200%2C983&ssl=1&resize=1050%2C600 3x"},"classes":[]},{"id":21503,"url":"https:\/\/larevistadigital.com.ar\/blog\/stolbizer-facundo-manes-nos-permite-salir-del-discurso-de-la-grieta\/","url_meta":{"origin":341,"position":2},"title":"STOLBIZER: \u00abFACUNDO MANES NOS PERMITE SALIR DEL DISCURSO DE LA GRIETA\u00bb","author":"Alejandro Sosa Ruda","date":"11 agosto, 2021","format":false,"excerpt":"Margarita Stolbizer visit\u00f3 la ciudad de La Plata como parte de la campa\u00f1a pol\u00edtica para las pr\u00f3ximas elecciones legislativas PASO del 12 de setiembre. En este contexto, la l\u00edder del Gen dijo en su visita a la capital bonaerense que: \u201cManes nos permite discutir de educaci\u00f3n, de ciencia, de conocimiento,\u2026","rel":"","context":"En \u00abINTERES GENERAL\u00bb","block_context":{"text":"INTERES GENERAL","link":"https:\/\/larevistadigital.com.ar\/blog\/category\/interes-general\/"},"img":{"alt_text":"","src":"https:\/\/i0.wp.com\/larevistadigital.com.ar\/blog\/wp-content\/uploads\/prensa.jpg?fit=900%2C374&ssl=1&resize=350%2C200","width":350,"height":200,"srcset":"https:\/\/i0.wp.com\/larevistadigital.com.ar\/blog\/wp-content\/uploads\/prensa.jpg?fit=900%2C374&ssl=1&resize=350%2C200 1x, https:\/\/i0.wp.com\/larevistadigital.com.ar\/blog\/wp-content\/uploads\/prensa.jpg?fit=900%2C374&ssl=1&resize=525%2C300 1.5x, https:\/\/i0.wp.com\/larevistadigital.com.ar\/blog\/wp-content\/uploads\/prensa.jpg?fit=900%2C374&ssl=1&resize=700%2C400 2x"},"classes":[]},{"id":22836,"url":"https:\/\/larevistadigital.com.ar\/blog\/el-diputado-del-fdt-que-pone-la-cara-con-un-proyecto-de-ley-que-habilitaria-las-reelecciones-indefinidas-de-los-intendentes\/","url_meta":{"origin":341,"position":3},"title":"EL DIPUTADO DEL FDT QUE \u00abPONE LA CARA\u00bb CON UN PROYECTO DE LEY QUE HABILITAR\u00cdA LAS REELECCIONES INDEFINIDAS DE LOS INTENDENTES","author":"Alejandro Sosa Ruda","date":"5 diciembre, 2021","format":false,"excerpt":"La iniciativa, del diputado del Frente de Todos (FdT) Walter Abarca, modifica el Art\u00edculo 3 del Decreto-ley 6769\/1958 -Ley Org\u00e1nica de las Municipalidades y sus modificatorias y establece que \"el intendente ser\u00e1 elegido directamente por el pueblo y durar\u00e1 cuatro a\u00f1os en sus funciones pudiendo ser reelecto\". Esto es algo\u2026","rel":"","context":"En \u00abINTERES GENERAL\u00bb","block_context":{"text":"INTERES GENERAL","link":"https:\/\/larevistadigital.com.ar\/blog\/category\/interes-general\/"},"img":{"alt_text":"","src":"https:\/\/i0.wp.com\/larevistadigital.com.ar\/blog\/wp-content\/uploads\/20211204165331_walter-abarca-reeleccion-intendentes.jpg?fit=880%2C512&ssl=1&resize=350%2C200","width":350,"height":200,"srcset":"https:\/\/i0.wp.com\/larevistadigital.com.ar\/blog\/wp-content\/uploads\/20211204165331_walter-abarca-reeleccion-intendentes.jpg?fit=880%2C512&ssl=1&resize=350%2C200 1x, https:\/\/i0.wp.com\/larevistadigital.com.ar\/blog\/wp-content\/uploads\/20211204165331_walter-abarca-reeleccion-intendentes.jpg?fit=880%2C512&ssl=1&resize=525%2C300 1.5x, https:\/\/i0.wp.com\/larevistadigital.com.ar\/blog\/wp-content\/uploads\/20211204165331_walter-abarca-reeleccion-intendentes.jpg?fit=880%2C512&ssl=1&resize=700%2C400 2x"},"classes":[]},{"id":18354,"url":"https:\/\/larevistadigital.com.ar\/blog\/peajes-la-ruta-nacional-226-vuelve-a-manos-del-estado-se-cobrara-de-nuevo\/","url_meta":{"origin":341,"position":4},"title":"PEAJES: LA RUTA NACIONAL 226 VUELVE A MANOS DEL ESTADO. SE COBRAR\u00c1 DE NUEVO","author":"Alejandro Sosa Ruda","date":"26 diciembre, 2020","format":false,"excerpt":"La Ruta Nacional 226 vuelve a manos del Estado. El Gobierno de Alberto Fern\u00e1ndez oficializ\u00f3 la decisi\u00f3n de que la Direcci\u00f3n Nacional de Vialidad recupere y mantenga la administraci\u00f3n de Corredores Viales Nacionales, con m\u00e1s de 3 mil kil\u00f3metros de rutas. Lo dispuso el propio jefe de Estado a trav\u00e9s\u2026","rel":"","context":"En \u00abINTERES GENERAL\u00bb","block_context":{"text":"INTERES GENERAL","link":"https:\/\/larevistadigital.com.ar\/blog\/category\/interes-general\/"},"img":{"alt_text":"","src":"https:\/\/i0.wp.com\/larevistadigital.com.ar\/blog\/wp-content\/uploads\/peaje-226-1.jpg?fit=900%2C504&ssl=1&resize=350%2C200","width":350,"height":200,"srcset":"https:\/\/i0.wp.com\/larevistadigital.com.ar\/blog\/wp-content\/uploads\/peaje-226-1.jpg?fit=900%2C504&ssl=1&resize=350%2C200 1x, https:\/\/i0.wp.com\/larevistadigital.com.ar\/blog\/wp-content\/uploads\/peaje-226-1.jpg?fit=900%2C504&ssl=1&resize=525%2C300 1.5x, https:\/\/i0.wp.com\/larevistadigital.com.ar\/blog\/wp-content\/uploads\/peaje-226-1.jpg?fit=900%2C504&ssl=1&resize=700%2C400 2x"},"classes":[]},{"id":1499,"url":"https:\/\/larevistadigital.com.ar\/blog\/legisladores-de-cambiemos-participaron-de-la-inauguracion-de-la-semana-de-la-memoria\/","url_meta":{"origin":341,"position":5},"title":"LEGISLADORES DE CAMBIEMOS PARTICIPARON DE LA INAUGURACI\u00d3N DE LA SEMANA DE LA MEMORIA","author":"Alejandro Sosa Ruda","date":"22 marzo, 2017","format":false,"excerpt":"Legisladores bonaerenses de Cambiemos participaron de la inauguraci\u00f3n de la \u201cSemana de la Memoria\u201d con la presencia de la presidenta de Abuelas de Plaza de Mayo, Estela de Carlotto. El acto desarrollado en el recinto de la C\u00e1mara baja estuvo encabezado por el titular de ese cuerpo, Manuel Mosca, el\u2026","rel":"","context":"En \u00abPOLITICA\u00bb","block_context":{"text":"POLITICA","link":"https:\/\/larevistadigital.com.ar\/blog\/category\/politica\/"},"img":{"alt_text":"","src":"https:\/\/i0.wp.com\/larevistadigital.com.ar\/blog\/wp-content\/uploads\/2017\/03\/90f5d876-ccd2-476b-9559-e46288762c89.png?fit=1200%2C800&ssl=1&resize=350%2C200","width":350,"height":200,"srcset":"https:\/\/i0.wp.com\/larevistadigital.com.ar\/blog\/wp-content\/uploads\/2017\/03\/90f5d876-ccd2-476b-9559-e46288762c89.png?fit=1200%2C800&ssl=1&resize=350%2C200 1x, https:\/\/i0.wp.com\/larevistadigital.com.ar\/blog\/wp-content\/uploads\/2017\/03\/90f5d876-ccd2-476b-9559-e46288762c89.png?fit=1200%2C800&ssl=1&resize=525%2C300 1.5x, https:\/\/i0.wp.com\/larevistadigital.com.ar\/blog\/wp-content\/uploads\/2017\/03\/90f5d876-ccd2-476b-9559-e46288762c89.png?fit=1200%2C800&ssl=1&resize=700%2C400 2x, https:\/\/i0.wp.com\/larevistadigital.com.ar\/blog\/wp-content\/uploads\/2017\/03\/90f5d876-ccd2-476b-9559-e46288762c89.png?fit=1200%2C800&ssl=1&resize=1050%2C600 3x"},"classes":[]}],"_links":{"self":[{"href":"https:\/\/larevistadigital.com.ar\/blog\/wp-json\/wp\/v2\/posts\/341","targetHints":{"allow":["GET"]}}],"collection":[{"href":"https:\/\/larevistadigital.com.ar\/blog\/wp-json\/wp\/v2\/posts"}],"about":[{"href":"https:\/\/larevistadigital.com.ar\/blog\/wp-json\/wp\/v2\/types\/post"}],"author":[{"embeddable":true,"href":"https:\/\/larevistadigital.com.ar\/blog\/wp-json\/wp\/v2\/users\/2"}],"replies":[{"embeddable":true,"href":"https:\/\/larevistadigital.com.ar\/blog\/wp-json\/wp\/v2\/comments?post=341"}],"version-history":[{"count":1,"href":"https:\/\/larevistadigital.com.ar\/blog\/wp-json\/wp\/v2\/posts\/341\/revisions"}],"predecessor-version":[{"id":343,"href":"https:\/\/larevistadigital.com.ar\/blog\/wp-json\/wp\/v2\/posts\/341\/revisions\/343"}],"wp:featuredmedia":[{"embeddable":true,"href":"https:\/\/larevistadigital.com.ar\/blog\/wp-json\/wp\/v2\/media\/342"}],"wp:attachment":[{"href":"https:\/\/larevistadigital.com.ar\/blog\/wp-json\/wp\/v2\/media?parent=341"}],"wp:term":[{"taxonomy":"category","embeddable":true,"href":"https:\/\/larevistadigital.com.ar\/blog\/wp-json\/wp\/v2\/categories?post=341"},{"taxonomy":"post_tag","embeddable":true,"href":"https:\/\/larevistadigital.com.ar\/blog\/wp-json\/wp\/v2\/tags?post=341"}],"curies":[{"name":"wp","href":"https:\/\/api.w.org\/{rel}","templated":true}]}}