{"id":34434,"date":"2023-11-08T13:31:06","date_gmt":"2023-11-08T16:31:06","guid":{"rendered":"https:\/\/larevistadigital.com.ar\/blog\/?p=34434"},"modified":"2023-11-08T13:46:51","modified_gmt":"2023-11-08T16:46:51","slug":"chascomus-roban-casa-en-el-cowntry-en-ausencia-de-sus-moradores","status":"publish","type":"post","link":"https:\/\/larevistadigital.com.ar\/blog\/chascomus-roban-casa-en-el-cowntry-en-ausencia-de-sus-moradores\/","title":{"rendered":"CHASCOM\u00daS: ROBAN CASA EN EL COWNTRY EN AUSENCIA DE SUS MORADORES. DESCONTENTO DE VECINOS CON LA EMPRESA DE SEGURIDAD PRIVADA"},"content":{"rendered":"<h2>Sucedi\u00f3 ayer por la noche, mientras circulaban en redes mil versiones distintas. La seguridad privada mostr\u00f3 vulnerabilidad y la polic\u00eda busca a los responsables.<\/h2>\n<p>8 de Noviembre de 2023<\/p>\n<p><strong>CHASCOM\u00daS &#8211;\u00a0 <\/strong>Durante la noche de ayer, comenz\u00f3 a circular en redes el rumor de que hab\u00eda ocurrido uh asalto en el\u00a0 Golf Cowntry Club de Chascom\u00fas, que r\u00e1pidamente se esparci\u00f3 y se viraliz\u00f3, con mensajes de todo tipo que incluyeron hasta la toma de rehenes.<\/p>\n<blockquote>\n<h3>Lo cierto, es que la informaci\u00f3n oficial al respecto, da cuenta que \u00abhubo un hecho de robo en ausencia de los moradores\u00bb seg\u00fan relat\u00f3 el comisario Ferreyra en el chat de Prensa, agregando que se estaba investigando en el predio, para llevar a los vecinos tranquilidad y corroborar que los delincuentes no se encontraban en el lugar.<\/h3>\n<\/blockquote>\n<p>M\u00e1s tarde, la Polic\u00eda Comunal inform\u00f3 que <strong><em>\u00abSe inici\u00f3 una investigaci\u00f3n en el Country Chascomus en el que el propietario al ingresar a su vivienda advirti\u00f3 la presencia de una persona masculino la cual se fug\u00f3 del lugar, se rode\u00f3 el predio para dar con dos masculinos. Se escucharon detonaciones de arma de fuego, acciones que son materia de investigaci\u00f3n. En el lugar no hubo lesionados y al momento de trata de establecer si los delincuentes llegaron a sustraer pertenencias de la vivienda\u00bb.<\/em><\/strong><\/p>\n<blockquote>\n<h3>El comisario, agreg\u00f3 que <strong><em>\u00abLa v\u00edctima al momento no amplio para manifestar si hubo faltantes porque hab\u00eda mucho desorden en su interior y Polic\u00eda cient\u00edfica trabajo hasta las 03 am.\u00bb<\/em><\/strong><\/h3>\n<\/blockquote>\n<p>Vale destacar que esto refleja una <strong>grave falencia en la Empresa de Seguridad Privada<\/strong> que tiene como objetivo cuidar a los vecinos del lugar, ya que no pudo ni detectar ni proteger a las v\u00edctimas del il\u00edcito. Como tambi\u00e9n resaltamos que una vez anoticiada, nos coment\u00f3 un vecino que la polic\u00eda envi\u00f3 al lugar a Polic\u00eda Cient\u00edfica, el Jefe de la Polic\u00eda Comunal, Comisario Ferreyra, con gran cantidad de agentes trabajando, la Patrulla de Seguridad Municipal y la Secretaria de Seguridad que tambi\u00e9n se hizo presente.<\/p>\n<blockquote>\n<h3>Por nuestro lado, pudimos averiguar que la casa afectada fue la n\u00famero 385, y hasta anoche sus moradores no sab\u00edan a ciencia cierta si hab\u00eda alg\u00fan faltante.<\/h3>\n<\/blockquote>\n<p><span style=\"color: #ff0000\"><strong>EL AVISO DE LAS AUTORIDADES DEL COWNTRY<\/strong><\/span><\/p>\n<p><img data-recalc-dims=\"1\" loading=\"lazy\" decoding=\"async\" class=\"alignnone size-full wp-image-34435\" src=\"https:\/\/i0.wp.com\/larevistadigital.com.ar\/blog\/wp-content\/uploads\/AVISO-ROBO-COWNTRY.jpg?resize=900%2C977&#038;ssl=1\" alt=\"\" width=\"900\" height=\"977\" srcset=\"https:\/\/i0.wp.com\/larevistadigital.com.ar\/blog\/wp-content\/uploads\/AVISO-ROBO-COWNTRY.jpg?w=900&amp;ssl=1 900w, https:\/\/i0.wp.com\/larevistadigital.com.ar\/blog\/wp-content\/uploads\/AVISO-ROBO-COWNTRY.jpg?resize=276%2C300&amp;ssl=1 276w, https:\/\/i0.wp.com\/larevistadigital.com.ar\/blog\/wp-content\/uploads\/AVISO-ROBO-COWNTRY.jpg?resize=768%2C834&amp;ssl=1 768w\" sizes=\"auto, (max-width: 900px) 100vw, 900px\" \/><\/p>\n<blockquote>\n<h3>De esta manera, el Cowntry comunicaba y alertaba a los vecinos de la \u00abentrada\u00bb a la unidad funcional 385. Resulta incre\u00edble que esta sea la forma en la que se hacen cargo de la responsabilidad que les cabe por la inoperancia de la empresa de Seguridad Privada que est\u00e1 encargada de estos temas.<\/h3>\n<\/blockquote>\n<p>Quienes all\u00ed viven, pagan un dinero m\u00e1s importante que el resto de los vecinos de la ciudad, ya que est\u00e1n en un lugar cerrado y pagando entre otras cosas los sueldos y el servicio de una empresa que se supone deber\u00eda evitar que estas cosas pasen.\u00a0 Veremos qui\u00e9n se hace responsable no solo del perjuicio econ\u00f3mico de las v\u00edctimas, sino que tambi\u00e9n de la afecci\u00f3n psicol\u00f3gica que queda luego de un evento semejante, para las v\u00edctimas y todos los vecinos que ya no sienten tan seguro el lugar donde eligieron vivir.<\/p>\n<p>&nbsp;<\/p>\n<p>&nbsp;<\/p>\n","protected":false},"excerpt":{"rendered":"<div class=\"mh-excerpt\"><p>Sucedi\u00f3 ayer por la noche, mientras circulaban en redes mil versiones distintas. La seguridad privada mostr\u00f3 vulnerabilidad y la polic\u00eda busca a los responsables. 8 de Noviembre de 2023 CHASCOM\u00daS &#8211;\u00a0 Durante la noche de <a class=\"mh-excerpt-more\" href=\"https:\/\/larevistadigital.com.ar\/blog\/chascomus-roban-casa-en-el-cowntry-en-ausencia-de-sus-moradores\/\" title=\"CHASCOM\u00daS: ROBAN CASA EN EL COWNTRY EN AUSENCIA DE SUS MORADORES. DESCONTENTO DE VECINOS CON LA EMPRESA DE SEGURIDAD PRIVADA\">[Leer M\u00e1s]<\/a><\/p>\n<\/div>","protected":false},"author":3,"featured_media":15712,"comment_status":"open","ping_status":"open","sticky":false,"template":"","format":"standard","meta":{"_jetpack_memberships_contains_paid_content":false,"footnotes":"","jetpack_publicize_message":"","jetpack_publicize_feature_enabled":true,"jetpack_social_post_already_shared":true,"jetpack_social_options":{"image_generator_settings":{"template":"highway","default_image_id":0,"font":"","enabled":false},"version":2}},"categories":[41,44],"tags":[221,222],"class_list":{"0":"post-34434","1":"post","2":"type-post","3":"status-publish","4":"format-standard","5":"has-post-thumbnail","7":"category-destacadas","8":"category-policiales","9":"tag-robo-cowntry","10":"tag-viercovich"},"jetpack_publicize_connections":[],"jetpack_featured_media_url":"https:\/\/i0.wp.com\/larevistadigital.com.ar\/blog\/wp-content\/uploads\/Screenshot_1-121.jpg?fit=1007%2C565&ssl=1","jetpack_sharing_enabled":true,"jetpack_shortlink":"https:\/\/wp.me\/p8qtrQ-8Xo","jetpack-related-posts":[{"id":36675,"url":"https:\/\/larevistadigital.com.ar\/blog\/exclusivo-los-propuetarios-de-las-viviendas-del-cowntry-afectadas-por-la-explosion-por-el-momento-no-pueden-volver-a-sus-casas-aqui-la-nota-de-la-administracion-y-los-pedidos-del-municipio\/","url_meta":{"origin":34434,"position":0},"title":"EXCLUSIVO: LOS PROPIETARIOS DE LAS VIVIENDAS DEL COWNTRY AFECTADAS POR LA EXPLOSI\u00d3N POR EL MOMENTO NO PUEDEN VOLVER A SUS CASAS. AQU\u00cd LA NOTA DE LA ADMINISTRACI\u00d3N Y LOS PEDIDOS DEL MUNICIPIO.","author":"Alejandro Sosa Ruda","date":"12 julio, 2024","format":false,"excerpt":"Tuvimos acceso a la nota que se envi\u00f3 a los propietarios de Golf Cownrty Club de Chascom\u00fas. Por ahora no podr\u00e1n retornar a sus hogares. 12 de Julio de 2024 CHASCOM\u00daS -\u00a0 Luego de la explosi\u00f3n ocurrida el pasado mi\u00e9rcoles 10 de agosto en el Golf Cowntry de Chascom\u00fas, adem\u00e1s\u2026","rel":"","context":"En \u00abDESTACADAS\u00bb","block_context":{"text":"DESTACADAS","link":"https:\/\/larevistadigital.com.ar\/blog\/category\/destacadas\/"},"img":{"alt_text":"","src":"https:\/\/i0.wp.com\/larevistadigital.com.ar\/blog\/wp-content\/uploads\/WhatsApp-Image-2024-07-10-at-22.10.01-e1720811983202.jpeg?fit=1200%2C730&ssl=1&resize=350%2C200","width":350,"height":200,"srcset":"https:\/\/i0.wp.com\/larevistadigital.com.ar\/blog\/wp-content\/uploads\/WhatsApp-Image-2024-07-10-at-22.10.01-e1720811983202.jpeg?fit=1200%2C730&ssl=1&resize=350%2C200 1x, https:\/\/i0.wp.com\/larevistadigital.com.ar\/blog\/wp-content\/uploads\/WhatsApp-Image-2024-07-10-at-22.10.01-e1720811983202.jpeg?fit=1200%2C730&ssl=1&resize=525%2C300 1.5x, https:\/\/i0.wp.com\/larevistadigital.com.ar\/blog\/wp-content\/uploads\/WhatsApp-Image-2024-07-10-at-22.10.01-e1720811983202.jpeg?fit=1200%2C730&ssl=1&resize=700%2C400 2x, https:\/\/i0.wp.com\/larevistadigital.com.ar\/blog\/wp-content\/uploads\/WhatsApp-Image-2024-07-10-at-22.10.01-e1720811983202.jpeg?fit=1200%2C730&ssl=1&resize=1050%2C600 3x"},"classes":[]},{"id":9177,"url":"https:\/\/larevistadigital.com.ar\/blog\/brandsen-violento-robo-a-dos-familias-en-el-cowntry-altos-de-brandsen\/","url_meta":{"origin":34434,"position":1},"title":"BRANDSEN: VIOLENTO ROBO A DOS FAMILIAS EN EL COWNTRY ALTOS DE BRANDSEN","author":"Alejandro Sosa Ruda","date":"18 marzo, 2019","format":false,"excerpt":"En la madrugada de este lunes 18 de marzo,\u00a0cuatro delincuentes armados y\u00a0encapuchados, ingresaron al\u00a0country \u201cAltos de Brandsen\u201d, ubicado en calle Los Indios 1074 \u00a0y robaron en\u00a0dos viviendas a punta de pistola. Tras atar a las familias,\u00a0se dieron a la fuga con dinero en efectivo. Seg\u00fan informaron fuentes policiales, los malvivientes\u2026","rel":"","context":"En \u00abPOLICIALES\u00bb","block_context":{"text":"POLICIALES","link":"https:\/\/larevistadigital.com.ar\/blog\/category\/policiales\/"},"img":{"alt_text":"","src":"https:\/\/i0.wp.com\/larevistadigital.com.ar\/blog\/wp-content\/uploads\/2019\/03\/WhatsApp-Image-2019-03-18-at-09.58.26.jpeg?fit=1200%2C673&ssl=1&resize=350%2C200","width":350,"height":200,"srcset":"https:\/\/i0.wp.com\/larevistadigital.com.ar\/blog\/wp-content\/uploads\/2019\/03\/WhatsApp-Image-2019-03-18-at-09.58.26.jpeg?fit=1200%2C673&ssl=1&resize=350%2C200 1x, https:\/\/i0.wp.com\/larevistadigital.com.ar\/blog\/wp-content\/uploads\/2019\/03\/WhatsApp-Image-2019-03-18-at-09.58.26.jpeg?fit=1200%2C673&ssl=1&resize=525%2C300 1.5x, https:\/\/i0.wp.com\/larevistadigital.com.ar\/blog\/wp-content\/uploads\/2019\/03\/WhatsApp-Image-2019-03-18-at-09.58.26.jpeg?fit=1200%2C673&ssl=1&resize=700%2C400 2x, https:\/\/i0.wp.com\/larevistadigital.com.ar\/blog\/wp-content\/uploads\/2019\/03\/WhatsApp-Image-2019-03-18-at-09.58.26.jpeg?fit=1200%2C673&ssl=1&resize=1050%2C600 3x"},"classes":[]},{"id":29263,"url":"https:\/\/larevistadigital.com.ar\/blog\/terrible-tragedia-un-arbol-aplasto-a-dos-ninos-en-un-cowntry-de-escobar-uno-de-ellos-esta-grave\/","url_meta":{"origin":34434,"position":2},"title":"TERRIBLE TRAGEDIA! UN \u00c1RBOL APLAST\u00d3 A DOS NI\u00d1OS EN UN COWNTRY DE ESCOBAR, UNO DE ELLOS EST\u00c1 GRAVE","author":"Alejandro Sosa Ruda","date":"6 diciembre, 2022","format":false,"excerpt":"El desafortunado episodio ocurri\u00f3 en el barrio privado San Mat\u00edas, en Bel\u00e9n de Escobar. Los menores, de 7 y 11 a\u00f1os, estaban jugando en el jard\u00edn de una vivienda cuando sucedi\u00f3 el grave accidente dom\u00e9stico. 5 de diciembre de 2022 ESCOBAR -\u00a0 \u00a0Un accidente dom\u00e9stico ocurri\u00f3 este domingo a la\u2026","rel":"","context":"En \u00abDESTACADAS\u00bb","block_context":{"text":"DESTACADAS","link":"https:\/\/larevistadigital.com.ar\/blog\/category\/destacadas\/"},"img":{"alt_text":"","src":"https:\/\/i0.wp.com\/larevistadigital.com.ar\/blog\/wp-content\/uploads\/20221205184249_barrio1.jpg?fit=880%2C512&ssl=1&resize=350%2C200","width":350,"height":200,"srcset":"https:\/\/i0.wp.com\/larevistadigital.com.ar\/blog\/wp-content\/uploads\/20221205184249_barrio1.jpg?fit=880%2C512&ssl=1&resize=350%2C200 1x, https:\/\/i0.wp.com\/larevistadigital.com.ar\/blog\/wp-content\/uploads\/20221205184249_barrio1.jpg?fit=880%2C512&ssl=1&resize=525%2C300 1.5x, https:\/\/i0.wp.com\/larevistadigital.com.ar\/blog\/wp-content\/uploads\/20221205184249_barrio1.jpg?fit=880%2C512&ssl=1&resize=700%2C400 2x"},"classes":[]},{"id":16840,"url":"https:\/\/larevistadigital.com.ar\/blog\/ex-asistente-de-diego-maradona-investigado-por-robo-millonario-en-el-cowntry-campos-de-roca\/","url_meta":{"origin":34434,"position":3},"title":"EX ASISTENTE DE DIEGO MARADONA, INVESTIGADO POR ROBO MILLONARIO EN EL COWNTRY \u00abCAMPOS DE ROCA\u00bb","author":"Alejandro Sosa Ruda","date":"8 octubre, 2020","format":false,"excerpt":"La polic\u00eda investiga a Carlos \u201cCharly\u201d Ib\u00e1\u00f1ez, un exasistente de Diego Maradona \u2013quien fue desvinculado hace d\u00edas del entorno del Diez\u2013, por un robo de 6 millones de pesos en el country en el que vive el DT. Si bien el inmueble donde vive el actual entrenador de Gimnasia y\u2026","rel":"","context":"En \u00abINTERES GENERAL\u00bb","block_context":{"text":"INTERES GENERAL","link":"https:\/\/larevistadigital.com.ar\/blog\/category\/interes-general\/"},"img":{"alt_text":"","src":"https:\/\/i0.wp.com\/larevistadigital.com.ar\/blog\/wp-content\/uploads\/20201008092037_1698008665.jpg?fit=880%2C586&ssl=1&resize=350%2C200","width":350,"height":200,"srcset":"https:\/\/i0.wp.com\/larevistadigital.com.ar\/blog\/wp-content\/uploads\/20201008092037_1698008665.jpg?fit=880%2C586&ssl=1&resize=350%2C200 1x, https:\/\/i0.wp.com\/larevistadigital.com.ar\/blog\/wp-content\/uploads\/20201008092037_1698008665.jpg?fit=880%2C586&ssl=1&resize=525%2C300 1.5x, https:\/\/i0.wp.com\/larevistadigital.com.ar\/blog\/wp-content\/uploads\/20201008092037_1698008665.jpg?fit=880%2C586&ssl=1&resize=700%2C400 2x"},"classes":[]},{"id":3074,"url":"https:\/\/larevistadigital.com.ar\/blog\/libertad-tras-tentativa-de-robo\/","url_meta":{"origin":34434,"position":4},"title":"Libertad tras tentativa de robo","author":"admin","date":"11 agosto, 2017","format":false,"excerpt":"Se inform\u00f3 desde la Comisar\u00eda, que ayer por orden de la Fiscal\u00eda, se le otorg\u00f3 la libertad a un joven de 23 a\u00f1os, que fuera aprehendido el mi\u00e9rcoles por la noche, tras intento de robo en un galp\u00f3n. El hecho hab\u00eda ocurrido en calle M\u00e9xico entre Saavedra y Obligado, donde\u2026","rel":"","context":"En \u00abCHASCOM\u00daS\u00bb","block_context":{"text":"CHASCOM\u00daS","link":"https:\/\/larevistadigital.com.ar\/blog\/category\/chascomus\/"},"img":{"alt_text":"","src":"https:\/\/i0.wp.com\/larevistadigital.com.ar\/blog\/wp-content\/uploads\/2017\/08\/comisaria.jpg?fit=640%2C324&ssl=1&resize=350%2C200","width":350,"height":200,"srcset":"https:\/\/i0.wp.com\/larevistadigital.com.ar\/blog\/wp-content\/uploads\/2017\/08\/comisaria.jpg?fit=640%2C324&ssl=1&resize=350%2C200 1x, https:\/\/i0.wp.com\/larevistadigital.com.ar\/blog\/wp-content\/uploads\/2017\/08\/comisaria.jpg?fit=640%2C324&ssl=1&resize=525%2C300 1.5x"},"classes":[]},{"id":24251,"url":"https:\/\/larevistadigital.com.ar\/blog\/se-habrian-producido-tres-robos-en-puerto-chascomus-que-no-fueron-denunciados\/","url_meta":{"origin":34434,"position":5},"title":"SE HABR\u00cdAN PRODUCIDO TRES ROBOS EN \u00abPUERTO CHASCOM\u00daS\u00bb QUE NO FUERON DENUNCIADOS","author":"Alejandro Sosa Ruda","date":"27 febrero, 2022","format":false,"excerpt":"La Revista Digital tuvo acceso a trav\u00e9s del llamado de algunos vecinos preocupados por la situaci\u00f3n, y alarmados porque por alg\u00fan motivo, ninguno de los afectados realiz\u00f3 la denuncia. El rol de la seguridad privada. CHASCOM\u00daS -\u00a0 Durante la jornada de ayer, hemos podido confirmar por distintos testimonios de vecinos\u2026","rel":"","context":"En \u00abDESTACADAS\u00bb","block_context":{"text":"DESTACADAS","link":"https:\/\/larevistadigital.com.ar\/blog\/category\/destacadas\/"},"img":{"alt_text":"","src":"https:\/\/i0.wp.com\/larevistadigital.com.ar\/blog\/wp-content\/uploads\/269929952_7011115758913483_7063758540668094660_n.jpg?fit=1200%2C900&ssl=1&resize=350%2C200","width":350,"height":200,"srcset":"https:\/\/i0.wp.com\/larevistadigital.com.ar\/blog\/wp-content\/uploads\/269929952_7011115758913483_7063758540668094660_n.jpg?fit=1200%2C900&ssl=1&resize=350%2C200 1x, https:\/\/i0.wp.com\/larevistadigital.com.ar\/blog\/wp-content\/uploads\/269929952_7011115758913483_7063758540668094660_n.jpg?fit=1200%2C900&ssl=1&resize=525%2C300 1.5x, https:\/\/i0.wp.com\/larevistadigital.com.ar\/blog\/wp-content\/uploads\/269929952_7011115758913483_7063758540668094660_n.jpg?fit=1200%2C900&ssl=1&resize=700%2C400 2x, https:\/\/i0.wp.com\/larevistadigital.com.ar\/blog\/wp-content\/uploads\/269929952_7011115758913483_7063758540668094660_n.jpg?fit=1200%2C900&ssl=1&resize=1050%2C600 3x"},"classes":[]}],"_links":{"self":[{"href":"https:\/\/larevistadigital.com.ar\/blog\/wp-json\/wp\/v2\/posts\/34434","targetHints":{"allow":["GET"]}}],"collection":[{"href":"https:\/\/larevistadigital.com.ar\/blog\/wp-json\/wp\/v2\/posts"}],"about":[{"href":"https:\/\/larevistadigital.com.ar\/blog\/wp-json\/wp\/v2\/types\/post"}],"author":[{"embeddable":true,"href":"https:\/\/larevistadigital.com.ar\/blog\/wp-json\/wp\/v2\/users\/3"}],"replies":[{"embeddable":true,"href":"https:\/\/larevistadigital.com.ar\/blog\/wp-json\/wp\/v2\/comments?post=34434"}],"version-history":[{"count":3,"href":"https:\/\/larevistadigital.com.ar\/blog\/wp-json\/wp\/v2\/posts\/34434\/revisions"}],"predecessor-version":[{"id":34438,"href":"https:\/\/larevistadigital.com.ar\/blog\/wp-json\/wp\/v2\/posts\/34434\/revisions\/34438"}],"wp:featuredmedia":[{"embeddable":true,"href":"https:\/\/larevistadigital.com.ar\/blog\/wp-json\/wp\/v2\/media\/15712"}],"wp:attachment":[{"href":"https:\/\/larevistadigital.com.ar\/blog\/wp-json\/wp\/v2\/media?parent=34434"}],"wp:term":[{"taxonomy":"category","embeddable":true,"href":"https:\/\/larevistadigital.com.ar\/blog\/wp-json\/wp\/v2\/categories?post=34434"},{"taxonomy":"post_tag","embeddable":true,"href":"https:\/\/larevistadigital.com.ar\/blog\/wp-json\/wp\/v2\/tags?post=34434"}],"curies":[{"name":"wp","href":"https:\/\/api.w.org\/{rel}","templated":true}]}}