{"id":34442,"date":"2023-11-08T18:05:20","date_gmt":"2023-11-08T21:05:20","guid":{"rendered":"https:\/\/larevistadigital.com.ar\/blog\/?p=34442"},"modified":"2023-11-08T18:05:20","modified_gmt":"2023-11-08T21:05:20","slug":"kicillof-si-gana-milei-no-vamos-a-poder-hacer-ni-un-metro-de-asfalto","status":"publish","type":"post","link":"https:\/\/larevistadigital.com.ar\/blog\/kicillof-si-gana-milei-no-vamos-a-poder-hacer-ni-un-metro-de-asfalto\/","title":{"rendered":"KICILLOF: \u00abSI GANA MILEI NO VAMOS A PODER HACER NI UN METRO DE ASFALTO\u00bb"},"content":{"rendered":"<h2>El gobernador advirti\u00f3 sobre las dificultades que podr\u00edan tener en la provincia de Buenos Aires con un eventual gobierno libertario y su anunciada eliminaci\u00f3n de la coparticipaci\u00f3n federal.<\/h2>\n<p>8 De Noviembre de 2023<\/p>\n<p><strong>BUENOS AIRES &#8211;<\/strong>\u00a0 El gobernador bonaerense, <strong>Axel Kicillof<\/strong>, asegur\u00f3 este mi\u00e9rcoles en Bah\u00eda Blanca que en materia de obras p\u00fablicas<strong>\u00a0<em>\u00abva a hacer muy dif\u00edcil continuar, terminar y profundizar si no gana Sergio Massa la pr\u00f3xima elecci\u00f3n\u00bb<\/em><\/strong>, y advirti\u00f3 que en el balotaje del 19 de noviembre\u00a0<em><strong>\u00abhay una boleta que dice educaci\u00f3n p\u00fablica\u00bb<\/strong><\/em>\u00a0y\u00a0<em><strong>\u00abla otra dice privatizaci\u00f3n, arancelamiento\u00bb<\/strong>.<\/em><\/p>\n<p><em><strong>\u00abLo digo con todo el dolor que esto me ocasiona, porque obviamente uno como gobernador electo dice tenemos compromiso de seguir trabajando\u00bb<\/strong><\/em>, agreg\u00f3.<\/p>\n<p>El gobernador reflexion\u00f3 sobre lo que podr\u00eda pasar tras la segunda vuelta electoral que disputar\u00e1n el 19 de noviembre el candidato presidencial de Uni\u00f3n por la Patria (UxP), <strong>Sergio Massa<\/strong>, y el postulante de La Libertad Avanza (LLA), <strong>Javier Milei<\/strong>.<\/p>\n<p>En ese contexto sostuvo que desde el espacio de <strong>Milei <em>\u00abhan dicho no en miedo sino realismo, vamos a terminar con la coparticipaci\u00f3n\u00bb<\/em><\/strong> y se\u00f1al\u00f3 que la provincia de Buenos Aires<strong><em> \u00abvive de la coparticipaci\u00f3n federal como lo hacen todas las provincias argentinas\u00bb<\/em><\/strong>.<\/p>\n<p><strong>\u00abNi un metro, ni un kil\u00f3metro de asfalto vamos a poder hacer si nos privan de la coparticipaci\u00f3n federal, no es una amenaza, es una realidad\u00bb<\/strong>, afirm\u00f3.<\/p>\n<p><strong>Kicillof<\/strong> formul\u00f3 estos conceptos a la prensa tras participar de un encuentro con intendentes recientemente electos del distrito de la Sexta Secci\u00f3n Electoral, en las instalaciones de Empleados de Comercio en el predio de Aldea Romana de Bah\u00eda Blanca.<\/p>\n<p>El gobernador, despu\u00e9s, junto al intendente electo de Bah\u00eda Blanca, Federico Susbielles, encabez\u00f3 un acto partidario ante miles de trabajadores y trabajadores de distintos gremios.<\/p>\n<p>Sostuvo que <strong><em>\u00abhay una boleta que dice educaci\u00f3n p\u00fablica y la otra dice privatizaci\u00f3n, arancelamiento\u00bb.<\/em><\/strong><\/p>\n<p>\u00abPor supuesto que cada uno vota como le parece, simplemente lo que yo quiero marcar es que nos eligieron para seguir gobernando esta provincia\u00bb, expres\u00f3 e indic\u00f3 que \u00abtenemos planes para cada uno de los distritos, para cada una de las regiones\u00bb.<\/p>\n","protected":false},"excerpt":{"rendered":"<div class=\"mh-excerpt\"><p>El gobernador advirti\u00f3 sobre las dificultades que podr\u00edan tener en la provincia de Buenos Aires con un eventual gobierno libertario y su anunciada eliminaci\u00f3n de la coparticipaci\u00f3n federal. 8 De Noviembre de 2023 BUENOS AIRES <a class=\"mh-excerpt-more\" href=\"https:\/\/larevistadigital.com.ar\/blog\/kicillof-si-gana-milei-no-vamos-a-poder-hacer-ni-un-metro-de-asfalto\/\" title=\"KICILLOF: \u00abSI GANA MILEI NO VAMOS A PODER HACER NI UN METRO DE ASFALTO\u00bb\">[Leer M\u00e1s]<\/a><\/p>\n<\/div>","protected":false},"author":3,"featured_media":34443,"comment_status":"open","ping_status":"open","sticky":false,"template":"","format":"standard","meta":{"_jetpack_memberships_contains_paid_content":false,"footnotes":"","jetpack_publicize_message":"","jetpack_publicize_feature_enabled":true,"jetpack_social_post_already_shared":true,"jetpack_social_options":{"image_generator_settings":{"template":"highway","default_image_id":0,"font":"","enabled":false},"version":2}},"categories":[41],"tags":[],"class_list":{"0":"post-34442","1":"post","2":"type-post","3":"status-publish","4":"format-standard","5":"has-post-thumbnail","7":"category-destacadas"},"jetpack_publicize_connections":[],"jetpack_featured_media_url":"https:\/\/i0.wp.com\/larevistadigital.com.ar\/blog\/wp-content\/uploads\/654bd5ef50a4f_1200.jpg?fit=1200%2C675&ssl=1","jetpack_sharing_enabled":true,"jetpack_shortlink":"https:\/\/wp.me\/p8qtrQ-8Xw","jetpack-related-posts":[{"id":34736,"url":"https:\/\/larevistadigital.com.ar\/blog\/el-gobernador-kicillof-da-un-paso-al-frente-por-la-coparticipacion-en-la-provincia-de-buenos-aires\/","url_meta":{"origin":34442,"position":0},"title":"EL GOBERNADOR KICILLOF DA UN PASO AL FRENTE POR LA COPARTICIPACI\u00d3N EN LA PROVINCIA DE BUENOS AIRES","author":"Alejandro Sosa Ruda","date":"4 diciembre, 2023","format":false,"excerpt":"El Gobernador de la Provincia de Buenos Aires, Axel Kicillof advirti\u00f3 el d\u00eda de hoy que se pondr\u00e1 en \"pi\u00e9 de guerra\" por los recursos coparticipables de la provincia. A trav\u00e9s de una publicaci\u00f3n en su cuenta de \"X\" (ex-Twitter), el mandatario asegur\u00f3 que \"va a continuar peleando por los\u2026","rel":"","context":"En \u00abPOLITICA\u00bb","block_context":{"text":"POLITICA","link":"https:\/\/larevistadigital.com.ar\/blog\/category\/politica\/"},"img":{"alt_text":"","src":"https:\/\/i0.wp.com\/larevistadigital.com.ar\/blog\/wp-content\/uploads\/1701645238273.jpg?fit=790%2C493&ssl=1&resize=350%2C200","width":350,"height":200,"srcset":"https:\/\/i0.wp.com\/larevistadigital.com.ar\/blog\/wp-content\/uploads\/1701645238273.jpg?fit=790%2C493&ssl=1&resize=350%2C200 1x, https:\/\/i0.wp.com\/larevistadigital.com.ar\/blog\/wp-content\/uploads\/1701645238273.jpg?fit=790%2C493&ssl=1&resize=525%2C300 1.5x, https:\/\/i0.wp.com\/larevistadigital.com.ar\/blog\/wp-content\/uploads\/1701645238273.jpg?fit=790%2C493&ssl=1&resize=700%2C400 2x"},"classes":[]},{"id":29874,"url":"https:\/\/larevistadigital.com.ar\/blog\/el-gobernador-axel-kicillof-lamento-en-las-redes-el-fallecimiento-de-juan-carlos-el-vasco-veramendi\/","url_meta":{"origin":34442,"position":1},"title":"EL GOBERNADOR AXEL KICILLOF LAMENT\u00d3 EN LAS REDES EL FALLECIMIENTO DE JUAN CARLOS \u00abEL VASCO\u00bb VERAMENDI.","author":"Alejandro Sosa Ruda","date":"21 enero, 2023","format":false,"excerpt":"Lo hizo desde su cuenta de Twitter, con un afectuoso mensaje. 21 de enero de 2023 El gobernador de la Provincia de Buenos Aires, Axel Kicillof lament\u00f3 desde las redes sociales el fallecimiento del hist\u00f3rico dirigente del peronismo, Juan Carlos \"El Vasco\" Veramendi. Lo hizo espec\u00edficamente desde su cuenta de\u2026","rel":"","context":"En \u00abPOLITICA\u00bb","block_context":{"text":"POLITICA","link":"https:\/\/larevistadigital.com.ar\/blog\/category\/politica\/"},"img":{"alt_text":"","src":"https:\/\/i0.wp.com\/larevistadigital.com.ar\/blog\/wp-content\/uploads\/kicillof-en-ranchos.jpg?fit=1200%2C518&ssl=1&resize=350%2C200","width":350,"height":200,"srcset":"https:\/\/i0.wp.com\/larevistadigital.com.ar\/blog\/wp-content\/uploads\/kicillof-en-ranchos.jpg?fit=1200%2C518&ssl=1&resize=350%2C200 1x, https:\/\/i0.wp.com\/larevistadigital.com.ar\/blog\/wp-content\/uploads\/kicillof-en-ranchos.jpg?fit=1200%2C518&ssl=1&resize=525%2C300 1.5x, https:\/\/i0.wp.com\/larevistadigital.com.ar\/blog\/wp-content\/uploads\/kicillof-en-ranchos.jpg?fit=1200%2C518&ssl=1&resize=700%2C400 2x, https:\/\/i0.wp.com\/larevistadigital.com.ar\/blog\/wp-content\/uploads\/kicillof-en-ranchos.jpg?fit=1200%2C518&ssl=1&resize=1050%2C600 3x"},"classes":[]},{"id":41401,"url":"https:\/\/larevistadigital.com.ar\/blog\/kicillof-tras-la-derrota-libertaria-milei-puso-todas-las-fichas-en-buenos-aires-y-perdio-en-mas-de-100-distritos\/","url_meta":{"origin":34442,"position":2},"title":"Kicillof tras la derrota libertaria: \u201cMilei puso todas las fichas en Buenos Aires y perdi\u00f3 en m\u00e1s de 100 distritos\u201d","author":"Alejandro Sosa Ruda","date":"10 septiembre, 2025","format":false,"excerpt":"El gobernador bonaerense celebr\u00f3 el triunfo del peronismo en las legislativas y calific\u00f3 la derrota de Javier Milei como un \u201csacud\u00f3n\u201d pol\u00edtico y econ\u00f3mico. Tambi\u00e9n apunt\u00f3 contra el FMI por el endeudamiento del pa\u00eds. 10 de Septiembre de 2025 BUENOS AIRES\u00a0 -\u00a0 \u00a0El gobernador de la provincia de Buenos Aires,\u2026","rel":"","context":"En \u00abINTERES GENERAL\u00bb","block_context":{"text":"INTERES GENERAL","link":"https:\/\/larevistadigital.com.ar\/blog\/category\/interes-general\/"},"img":{"alt_text":"","src":"https:\/\/i0.wp.com\/larevistadigital.com.ar\/blog\/wp-content\/uploads\/Captura-de-pantalla-2025-09-10-225347.jpg?fit=642%2C367&ssl=1&resize=350%2C200","width":350,"height":200,"srcset":"https:\/\/i0.wp.com\/larevistadigital.com.ar\/blog\/wp-content\/uploads\/Captura-de-pantalla-2025-09-10-225347.jpg?fit=642%2C367&ssl=1&resize=350%2C200 1x, https:\/\/i0.wp.com\/larevistadigital.com.ar\/blog\/wp-content\/uploads\/Captura-de-pantalla-2025-09-10-225347.jpg?fit=642%2C367&ssl=1&resize=525%2C300 1.5x"},"classes":[]},{"id":12889,"url":"https:\/\/larevistadigital.com.ar\/blog\/contundente-triunfo-de-kicillof-que-sera-el-gobernador-de-buenos-aires\/","url_meta":{"origin":34442,"position":3},"title":"CONTUNDENTE TRIUNFO DE KICILLOF QUE SER\u00c1 EL GOBERNADOR DE BUENOS AIRES","author":"Alejandro Sosa Ruda","date":"28 octubre, 2019","format":false,"excerpt":"El candidato del Frente de Todos se impone por una amplia diferencia en la provincia m\u00e1s poblada del pa\u00eds. El peronismo vuelve a gobernar el territorio bonaerense despu\u00e9s de 4 a\u00f1os El ex ministro de Econom\u00eda y candidato del Frente de Todos,\u00a0Axel Kicillof, logra una amplia victoria sobre la gobernadora\u00a0Mar\u00eda\u2026","rel":"","context":"En \u00abINTERES GENERAL\u00bb","block_context":{"text":"INTERES GENERAL","link":"https:\/\/larevistadigital.com.ar\/blog\/category\/interes-general\/"},"img":{"alt_text":"","src":"https:\/\/i0.wp.com\/larevistadigital.com.ar\/blog\/wp-content\/uploads\/Screenshot_3-21.jpg?fit=929%2C578&ssl=1&resize=350%2C200","width":350,"height":200,"srcset":"https:\/\/i0.wp.com\/larevistadigital.com.ar\/blog\/wp-content\/uploads\/Screenshot_3-21.jpg?fit=929%2C578&ssl=1&resize=350%2C200 1x, https:\/\/i0.wp.com\/larevistadigital.com.ar\/blog\/wp-content\/uploads\/Screenshot_3-21.jpg?fit=929%2C578&ssl=1&resize=525%2C300 1.5x, https:\/\/i0.wp.com\/larevistadigital.com.ar\/blog\/wp-content\/uploads\/Screenshot_3-21.jpg?fit=929%2C578&ssl=1&resize=700%2C400 2x"},"classes":[]},{"id":35570,"url":"https:\/\/larevistadigital.com.ar\/blog\/el-viceministro-de-cultura-juan-ignacio-cote-rossi-visito-la-isla-martin-garcia-junto-al-gobernador-kicillof\/","url_meta":{"origin":34442,"position":4},"title":"EL VICEMINISTRO DE CULTURA, JUAN IGNACIO \u00abCOTE\u00bb ROSSI VISIT\u00d3 LA ISLA MART\u00cdN GARC\u00cdA JUNTO AL GOBERNADOR KICILLOF","author":"Alejandro Sosa Ruda","date":"16 marzo, 2024","format":false,"excerpt":"\u00a0 16 de marzo de 2024 LRD - El chascomunense Juan Ignacio \"Cote\" Rossi, viceministro de Cultura de la Provincia de Buenos Aires, junto al gobernador Axel Kicillof\u00a0 y en representaci\u00f3n del Instituto Cultural de la Provincia de Buenos Aires, de un reconocimiento a Eva Per\u00f3n, abanderada de los humildes\u2026","rel":"","context":"En \u00abINTERES GENERAL\u00bb","block_context":{"text":"INTERES GENERAL","link":"https:\/\/larevistadigital.com.ar\/blog\/category\/interes-general\/"},"img":{"alt_text":"","src":"https:\/\/i0.wp.com\/larevistadigital.com.ar\/blog\/wp-content\/uploads\/432381351_824620576348153_5614084164306149309_n.jpg?fit=1200%2C1200&ssl=1&resize=350%2C200","width":350,"height":200,"srcset":"https:\/\/i0.wp.com\/larevistadigital.com.ar\/blog\/wp-content\/uploads\/432381351_824620576348153_5614084164306149309_n.jpg?fit=1200%2C1200&ssl=1&resize=350%2C200 1x, https:\/\/i0.wp.com\/larevistadigital.com.ar\/blog\/wp-content\/uploads\/432381351_824620576348153_5614084164306149309_n.jpg?fit=1200%2C1200&ssl=1&resize=525%2C300 1.5x, https:\/\/i0.wp.com\/larevistadigital.com.ar\/blog\/wp-content\/uploads\/432381351_824620576348153_5614084164306149309_n.jpg?fit=1200%2C1200&ssl=1&resize=700%2C400 2x, https:\/\/i0.wp.com\/larevistadigital.com.ar\/blog\/wp-content\/uploads\/432381351_824620576348153_5614084164306149309_n.jpg?fit=1200%2C1200&ssl=1&resize=1050%2C600 3x"},"classes":[]},{"id":33863,"url":"https:\/\/larevistadigital.com.ar\/blog\/axel-kicillof-encabezara-una-caravana-desde-berisso-hasta-la-matanza\/","url_meta":{"origin":34442,"position":5},"title":"AXEL KICILLOF ENCABEZAR\u00c1 UNA CARAVANA DESDE BERISSO HASTA LA MATANZA","author":"Alejandro Sosa Ruda","date":"5 octubre, 2023","format":false,"excerpt":"La movilizaci\u00f3n partir\u00e1 desde el famoso \"kil\u00f3metro cero del peronismo\". Axel Kicillof dar\u00e1 un discurso junto a Julio Alak y Fabi\u00e1n Cagliardi. 05 de Otubre de 2023 BUENOS AIRES -\u00a0 El gobernador y candidato a la reelecci\u00f3n de la provincia de Buenos Aires por Uni\u00f3n por la Patria (UxP), Axel\u2026","rel":"","context":"En \u00abDESTACADAS\u00bb","block_context":{"text":"DESTACADAS","link":"https:\/\/larevistadigital.com.ar\/blog\/category\/destacadas\/"},"img":{"alt_text":"","src":"https:\/\/i0.wp.com\/larevistadigital.com.ar\/blog\/wp-content\/uploads\/Captura-de-pantalla-2023-10-05-210030.png?fit=887%2C520&ssl=1&resize=350%2C200","width":350,"height":200,"srcset":"https:\/\/i0.wp.com\/larevistadigital.com.ar\/blog\/wp-content\/uploads\/Captura-de-pantalla-2023-10-05-210030.png?fit=887%2C520&ssl=1&resize=350%2C200 1x, https:\/\/i0.wp.com\/larevistadigital.com.ar\/blog\/wp-content\/uploads\/Captura-de-pantalla-2023-10-05-210030.png?fit=887%2C520&ssl=1&resize=525%2C300 1.5x, https:\/\/i0.wp.com\/larevistadigital.com.ar\/blog\/wp-content\/uploads\/Captura-de-pantalla-2023-10-05-210030.png?fit=887%2C520&ssl=1&resize=700%2C400 2x"},"classes":[]}],"_links":{"self":[{"href":"https:\/\/larevistadigital.com.ar\/blog\/wp-json\/wp\/v2\/posts\/34442","targetHints":{"allow":["GET"]}}],"collection":[{"href":"https:\/\/larevistadigital.com.ar\/blog\/wp-json\/wp\/v2\/posts"}],"about":[{"href":"https:\/\/larevistadigital.com.ar\/blog\/wp-json\/wp\/v2\/types\/post"}],"author":[{"embeddable":true,"href":"https:\/\/larevistadigital.com.ar\/blog\/wp-json\/wp\/v2\/users\/3"}],"replies":[{"embeddable":true,"href":"https:\/\/larevistadigital.com.ar\/blog\/wp-json\/wp\/v2\/comments?post=34442"}],"version-history":[{"count":1,"href":"https:\/\/larevistadigital.com.ar\/blog\/wp-json\/wp\/v2\/posts\/34442\/revisions"}],"predecessor-version":[{"id":34444,"href":"https:\/\/larevistadigital.com.ar\/blog\/wp-json\/wp\/v2\/posts\/34442\/revisions\/34444"}],"wp:featuredmedia":[{"embeddable":true,"href":"https:\/\/larevistadigital.com.ar\/blog\/wp-json\/wp\/v2\/media\/34443"}],"wp:attachment":[{"href":"https:\/\/larevistadigital.com.ar\/blog\/wp-json\/wp\/v2\/media?parent=34442"}],"wp:term":[{"taxonomy":"category","embeddable":true,"href":"https:\/\/larevistadigital.com.ar\/blog\/wp-json\/wp\/v2\/categories?post=34442"},{"taxonomy":"post_tag","embeddable":true,"href":"https:\/\/larevistadigital.com.ar\/blog\/wp-json\/wp\/v2\/tags?post=34442"}],"curies":[{"name":"wp","href":"https:\/\/api.w.org\/{rel}","templated":true}]}}