{"id":34445,"date":"2023-11-08T20:04:01","date_gmt":"2023-11-08T23:04:01","guid":{"rendered":"https:\/\/larevistadigital.com.ar\/blog\/?p=34445"},"modified":"2023-11-08T20:04:01","modified_gmt":"2023-11-08T23:04:01","slug":"34445-2","status":"publish","type":"post","link":"https:\/\/larevistadigital.com.ar\/blog\/34445-2\/","title":{"rendered":""},"content":{"rendered":"<h2>El caso fue caratulado como grooming ya que la madre de uno de los ni\u00f1os cont\u00f3 que\u00a0encontr\u00f3 conversaciones entre su hijo y la docente en el perfil de Instagram del ni\u00f1o y en la aplicaci\u00f3n de mensajer\u00eda WhatsApp donde la trataba como si \u00abfuera su novia\u00bb.<\/h2>\n<p>8 de Noviembre de 2023<\/p>\n<p><strong>LA PLATA &#8211;<\/strong>\u00a0 \u00a0Una maestra que estaba al frente de dos cursos en una escuela primaria de La Plata <strong>fue denunciada por la madre de un alumno por acoso sexual a trav\u00e9s de las redes sociales.<\/strong><\/p>\n<p><strong>Brenda<\/strong>, mam\u00e1 de uno de los ni\u00f1os de 12 a\u00f1os, indic\u00f3 a T\u00e9lam que\u00a0<strong>el caso fue caratulado como grooming\u00a0<\/strong>al considerarse que hubo <strong><em>\u00abacoso sexual por redes sociales\u00bb.<\/em><\/strong><\/p>\n<p><em><strong>\u00abDe a poco va a hablando mi hijo, que es con quien arrancamos la denuncia, y hay posibilidad de que sea sometido a C\u00e1mara Gesell porque tenemos poca informaci\u00f3n y lo que pudimos juntar es a trav\u00e9s de algunos mensajes que encontramos\u00bb<\/strong><\/em>, se\u00f1al\u00f3 la mujer.<\/p>\n<p>Seg\u00fan se detalla en la denuncia, asentada en la DDI de La Plata,<strong>\u00a0la docente se\u00f1alada, de 33 a\u00f1os, estaba al frente de dos cursos mixtos de sexto grado de la escuela N\u00b058, ubicada en 18 y 71<\/strong>, con quienes, seg\u00fan han relatado los estudiantes, manten\u00eda un v\u00ednculo <em><strong>\u00abde mayor confianza que las otras maestras\u00bb.<\/strong><\/em><\/p>\n<p>En la denuncia, la mujer expone que, alertada por otra madre,\u00a0<strong>encontr\u00f3 conversaciones entre su hijo y la docente en el perfil de Instagram del ni\u00f1o y en la aplicaci\u00f3n de mensajer\u00eda WhatsApp donde la trataba como si \u00abfuera su novia\u00bb.<\/strong><\/p>\n<p>Adem\u00e1s, expres\u00f3 que por pedido de la maestra el ni\u00f1o hab\u00eda dejado de frecuentarse con una nena del otro grado porque ella estaba \u00abcelosa\u00bb.<\/p>\n<p>La madre del ni\u00f1o tambi\u00e9n expuso que encontr\u00f3 im\u00e1genes en la papelera del celular donde se ve a la docente mostrando el escote y un tatuaje en el gl\u00fateo.<\/p>\n<p><strong>\u00abElla les pas\u00f3 su n\u00famero de celular y se comunicaba con todos\u00bb,<\/strong>\u00a0precis\u00f3 la mujer y agreg\u00f3 que a su hijo le ense\u00f1\u00f3 c\u00f3mo <em><strong>\u00abconfigurar el celular para que ya no tenga copia de seguridad, de manera que ahora no podemos recuperar conversaciones\u00bb.<\/strong><\/em><\/p>\n<p>Tras el reclamo ante las autoridades de la escuela, la maestra fue separada de su cargo, y personal del gabinete psicopedag\u00f3gico se puso a disposici\u00f3n de las familias y los estudiantes.<\/p>\n<p>Esta tarde, las familias se juntar\u00e1n en la puerta del colegio para difundir el caso y alertar sobre la situaci\u00f3n a toda la comunidad educativa platense.<\/p>\n<p>Interviene la Unidad Funcional de Instrucci\u00f3n N\u00b018 y el Juzgado de Garant\u00edas N\u00b02.<\/p>\n<p>&nbsp;<\/p>\n","protected":false},"excerpt":{"rendered":"<div class=\"mh-excerpt\"><p>El caso fue caratulado como grooming ya que la madre de uno de los ni\u00f1os cont\u00f3 que\u00a0encontr\u00f3 conversaciones entre su hijo y la docente en el perfil de Instagram del ni\u00f1o y en la aplicaci\u00f3n <a class=\"mh-excerpt-more\" href=\"https:\/\/larevistadigital.com.ar\/blog\/34445-2\/\" title=\"\">[Leer M\u00e1s]<\/a><\/p>\n<\/div>","protected":false},"author":3,"featured_media":34446,"comment_status":"open","ping_status":"open","sticky":false,"template":"","format":"standard","meta":{"_jetpack_memberships_contains_paid_content":false,"footnotes":"","jetpack_publicize_message":"","jetpack_publicize_feature_enabled":true,"jetpack_social_post_already_shared":true,"jetpack_social_options":{"image_generator_settings":{"template":"highway","default_image_id":0,"font":"","enabled":false},"version":2}},"categories":[50,44],"tags":[],"class_list":{"0":"post-34445","1":"post","2":"type-post","3":"status-publish","4":"format-standard","5":"has-post-thumbnail","7":"category-interes-general","8":"category-policiales"},"jetpack_publicize_connections":[],"jetpack_featured_media_url":"https:\/\/i0.wp.com\/larevistadigital.com.ar\/blog\/wp-content\/uploads\/634ed8bb975fe_1200.jpg?fit=1200%2C675&ssl=1","jetpack_sharing_enabled":true,"jetpack_shortlink":"https:\/\/wp.me\/p8qtrQ-8Xz","jetpack-related-posts":[{"id":41052,"url":"https:\/\/larevistadigital.com.ar\/blog\/escobar-imputan-a-candidato-de-la-libertad-avanza-por-acoso-sexual-a-una-menor\/","url_meta":{"origin":34445,"position":0},"title":"Escobar: Imputan a candidato de La Libertad Avanza por acoso sexual a una menor","author":"Alejandro Sosa Ruda","date":"22 agosto, 2025","format":false,"excerpt":"Sergio \u00c1lvarez, asesor del bloque de La Libertad Avanza en el Concejo Deliberante de Escobar y s\u00e9ptimo en la lista de candidatos a Concejales, fue imputado por acoso sexual digital a una adolescente de 14 a\u00f1os. Tras el avance de la causa, present\u00f3 la renuncia a su cargo y a\u2026","rel":"","context":"En \u00abINTERES GENERAL\u00bb","block_context":{"text":"INTERES GENERAL","link":"https:\/\/larevistadigital.com.ar\/blog\/category\/interes-general\/"},"img":{"alt_text":"","src":"https:\/\/i0.wp.com\/larevistadigital.com.ar\/blog\/wp-content\/uploads\/20250821113855_candidato-lla-imputado-acoso-sexual-menor.jpg?fit=880%2C512&ssl=1&resize=350%2C200","width":350,"height":200,"srcset":"https:\/\/i0.wp.com\/larevistadigital.com.ar\/blog\/wp-content\/uploads\/20250821113855_candidato-lla-imputado-acoso-sexual-menor.jpg?fit=880%2C512&ssl=1&resize=350%2C200 1x, https:\/\/i0.wp.com\/larevistadigital.com.ar\/blog\/wp-content\/uploads\/20250821113855_candidato-lla-imputado-acoso-sexual-menor.jpg?fit=880%2C512&ssl=1&resize=525%2C300 1.5x, https:\/\/i0.wp.com\/larevistadigital.com.ar\/blog\/wp-content\/uploads\/20250821113855_candidato-lla-imputado-acoso-sexual-menor.jpg?fit=880%2C512&ssl=1&resize=700%2C400 2x"},"classes":[]},{"id":34396,"url":"https:\/\/larevistadigital.com.ar\/blog\/la-plata-un-empleado-municipal-murio-de-un-disparo\/","url_meta":{"origin":34445,"position":1},"title":"LA PLATA: UN EMPLEADO MUNICIPAL MURI\u00d3 DE UN DISPARO","author":"Alejandro Sosa Ruda","date":"6 noviembre, 2023","format":false,"excerpt":"Ocurri\u00f3 este lunes en Los Hornos. Trabajaba como empleado municipal y, seg\u00fan se inform\u00f3, se habr\u00eda quitado la vida en su casa. 6 de noviembre de 2023 LA PLATA\u00a0 -\u00a0 \u00a0Un hombre de\u00a055 a\u00f1os se dispar\u00f3 en el interior de su vivienda en La Plata\u00a0y falleci\u00f3.\u00a0Estaba junto a su familia\u00a0cuando\u2026","rel":"","context":"En \u00abPOLICIALES\u00bb","block_context":{"text":"POLICIALES","link":"https:\/\/larevistadigital.com.ar\/blog\/category\/policiales\/"},"img":{"alt_text":"","src":"https:\/\/i0.wp.com\/larevistadigital.com.ar\/blog\/wp-content\/uploads\/Captura-de-pantalla-2023-11-06-232124.png?fit=889%2C448&ssl=1&resize=350%2C200","width":350,"height":200,"srcset":"https:\/\/i0.wp.com\/larevistadigital.com.ar\/blog\/wp-content\/uploads\/Captura-de-pantalla-2023-11-06-232124.png?fit=889%2C448&ssl=1&resize=350%2C200 1x, https:\/\/i0.wp.com\/larevistadigital.com.ar\/blog\/wp-content\/uploads\/Captura-de-pantalla-2023-11-06-232124.png?fit=889%2C448&ssl=1&resize=525%2C300 1.5x, https:\/\/i0.wp.com\/larevistadigital.com.ar\/blog\/wp-content\/uploads\/Captura-de-pantalla-2023-11-06-232124.png?fit=889%2C448&ssl=1&resize=700%2C400 2x"},"classes":[]},{"id":40221,"url":"https:\/\/larevistadigital.com.ar\/blog\/detenido-en-la-plata-por-grooming-tenia-antecedentes-por-abuso-sexual-y-se-hacia-pasar-por-un-menor\/","url_meta":{"origin":34445,"position":2},"title":"Detenido en La Plata por grooming: ten\u00eda antecedentes por abuso sexual y se hac\u00eda pasar por un menor","author":"Alejandro Sosa Ruda","date":"30 junio, 2025","format":false,"excerpt":"Un hombre de 62 a\u00f1os fue arrestado en su domicilio tras una denuncia internacional por conductas sexuales con menores. Ya hab\u00eda sido procesado por abuso y por ejercer la medicina sin t\u00edtulo. 30 de Junio de 2025 BUENOS AIRES -\u00a0 Un nuevo y alarmante caso de grooming sacude a la\u2026","rel":"","context":"En \u00abPOLICIALES\u00bb","block_context":{"text":"POLICIALES","link":"https:\/\/larevistadigital.com.ar\/blog\/category\/policiales\/"},"img":{"alt_text":"","src":"https:\/\/i0.wp.com\/larevistadigital.com.ar\/blog\/wp-content\/uploads\/NOTA-1-2.jpg?fit=881%2C502&ssl=1&resize=350%2C200","width":350,"height":200,"srcset":"https:\/\/i0.wp.com\/larevistadigital.com.ar\/blog\/wp-content\/uploads\/NOTA-1-2.jpg?fit=881%2C502&ssl=1&resize=350%2C200 1x, https:\/\/i0.wp.com\/larevistadigital.com.ar\/blog\/wp-content\/uploads\/NOTA-1-2.jpg?fit=881%2C502&ssl=1&resize=525%2C300 1.5x, https:\/\/i0.wp.com\/larevistadigital.com.ar\/blog\/wp-content\/uploads\/NOTA-1-2.jpg?fit=881%2C502&ssl=1&resize=700%2C400 2x"},"classes":[]},{"id":15148,"url":"https:\/\/larevistadigital.com.ar\/blog\/increible-abusa-de-un-bebe-y-lo-golpea-hace-seis-meses-que-esta-profugo\/","url_meta":{"origin":34445,"position":3},"title":"INCRE\u00cdBLE: ABUSA DE UN BEB\u00c9 Y LO GOLPEA. HACE SEIS MESES QUE EST\u00c1 PR\u00d3FUGO","author":"Alejandro Sosa Ruda","date":"8 mayo, 2020","format":false,"excerpt":"SAN VICENTE - Se trata de Rub\u00e9n Oscar P\u00e9rez, quien atac\u00f3 al hijo de su pareja el pasado 3 de noviembre en una vivienda de Alejandro Korn, para luego darse a la fuga. La polic\u00eda y las autoridades judiciales de la regi\u00f3n siguen en deuda con la v\u00edctima y sus\u2026","rel":"","context":"En \u00abPOLICIALES\u00bb","block_context":{"text":"POLICIALES","link":"https:\/\/larevistadigital.com.ar\/blog\/category\/policiales\/"},"img":{"alt_text":"","src":"https:\/\/i0.wp.com\/larevistadigital.com.ar\/blog\/wp-content\/uploads\/BlurImage_4-5-2020-6-13-20_wm.jpg?fit=739%2C899&ssl=1&resize=350%2C200","width":350,"height":200,"srcset":"https:\/\/i0.wp.com\/larevistadigital.com.ar\/blog\/wp-content\/uploads\/BlurImage_4-5-2020-6-13-20_wm.jpg?fit=739%2C899&ssl=1&resize=350%2C200 1x, https:\/\/i0.wp.com\/larevistadigital.com.ar\/blog\/wp-content\/uploads\/BlurImage_4-5-2020-6-13-20_wm.jpg?fit=739%2C899&ssl=1&resize=525%2C300 1.5x, https:\/\/i0.wp.com\/larevistadigital.com.ar\/blog\/wp-content\/uploads\/BlurImage_4-5-2020-6-13-20_wm.jpg?fit=739%2C899&ssl=1&resize=700%2C400 2x"},"classes":[]},{"id":6569,"url":"https:\/\/larevistadigital.com.ar\/blog\/hernan-navarro-hoy-un-pibe-es-un-huerfano-digital\/","url_meta":{"origin":34445,"position":4},"title":"HERN\u00c1N NAVARRO: \u00abHOY UN PIBE ES UN HU\u00c9RFANO DIGITAL\u00bb","author":"Alejandro Sosa Ruda","date":"21 septiembre, 2018","format":false,"excerpt":"Hern\u00e1n Navarro, presidente de Grooming Argentina, fue entrevistado en Radio UNO en donde remarc\u00f3 la importancia de que los adultos se involucren en el monitoreo del uso que sus hijos hacen de las redes sociales. El crecimiento de hechos de abuso, hostigamiento o acoso a trav\u00e9s de los medios digitales\u2026","rel":"","context":"En \u00abDESTACADAS\u00bb","block_context":{"text":"DESTACADAS","link":"https:\/\/larevistadigital.com.ar\/blog\/category\/destacadas\/"},"img":{"alt_text":"","src":"https:\/\/i0.wp.com\/larevistadigital.com.ar\/blog\/wp-content\/uploads\/2018\/09\/Screenshot_1-6.jpg?fit=1093%2C526&ssl=1&resize=350%2C200","width":350,"height":200,"srcset":"https:\/\/i0.wp.com\/larevistadigital.com.ar\/blog\/wp-content\/uploads\/2018\/09\/Screenshot_1-6.jpg?fit=1093%2C526&ssl=1&resize=350%2C200 1x, https:\/\/i0.wp.com\/larevistadigital.com.ar\/blog\/wp-content\/uploads\/2018\/09\/Screenshot_1-6.jpg?fit=1093%2C526&ssl=1&resize=525%2C300 1.5x, https:\/\/i0.wp.com\/larevistadigital.com.ar\/blog\/wp-content\/uploads\/2018\/09\/Screenshot_1-6.jpg?fit=1093%2C526&ssl=1&resize=700%2C400 2x, https:\/\/i0.wp.com\/larevistadigital.com.ar\/blog\/wp-content\/uploads\/2018\/09\/Screenshot_1-6.jpg?fit=1093%2C526&ssl=1&resize=1050%2C600 3x"},"classes":[]},{"id":42930,"url":"https:\/\/larevistadigital.com.ar\/blog\/abusos-sexuales-y-complicidad-condenan-a-26-anos-a-entrenador-de-basquet-en-la-plata-por-reiterados-casos-de-pedofilia\/","url_meta":{"origin":34445,"position":5},"title":"Abusos sexuales y complicidad: condenan a 26 a\u00f1os a entrenador de b\u00e1squet en La Plata por reiterados casos de pedofilia","author":"Alejandro Sosa Ruda","date":"15 diciembre, 2025","format":false,"excerpt":"El jueves 11 de diciembre, el Tribunal Oral Criminal\u00a0N\u00ba\u00a01 de La Plata dict\u00f3 una condena que llega tarde, pero llega con la fuerza de una verdad que durante a\u00f1os fue ignorada. Por unanimidad, los jueces\u00a0Hern\u00e1n\u00a0Decastelli,\u00a0Cecilia\u00a0Sanucci\u00a0y\u00a0Emir Alfredo Caputo T\u00e1rtara\u00a0sentenciaron a 26 a\u00f1os de prisi\u00f3n al entrenador de b\u00e1squet\u00a0Gerardo \u201cBoch\u00edn\u201d Ponce\u00a0por abuso\u2026","rel":"","context":"En \u00abINTERES GENERAL\u00bb","block_context":{"text":"INTERES GENERAL","link":"https:\/\/larevistadigital.com.ar\/blog\/category\/interes-general\/"},"img":{"alt_text":"","src":"https:\/\/i0.wp.com\/larevistadigital.com.ar\/blog\/wp-content\/uploads\/bbx_760776021_1765468601877.jpg?fit=800%2C579&ssl=1&resize=350%2C200","width":350,"height":200,"srcset":"https:\/\/i0.wp.com\/larevistadigital.com.ar\/blog\/wp-content\/uploads\/bbx_760776021_1765468601877.jpg?fit=800%2C579&ssl=1&resize=350%2C200 1x, https:\/\/i0.wp.com\/larevistadigital.com.ar\/blog\/wp-content\/uploads\/bbx_760776021_1765468601877.jpg?fit=800%2C579&ssl=1&resize=525%2C300 1.5x, https:\/\/i0.wp.com\/larevistadigital.com.ar\/blog\/wp-content\/uploads\/bbx_760776021_1765468601877.jpg?fit=800%2C579&ssl=1&resize=700%2C400 2x"},"classes":[]}],"_links":{"self":[{"href":"https:\/\/larevistadigital.com.ar\/blog\/wp-json\/wp\/v2\/posts\/34445","targetHints":{"allow":["GET"]}}],"collection":[{"href":"https:\/\/larevistadigital.com.ar\/blog\/wp-json\/wp\/v2\/posts"}],"about":[{"href":"https:\/\/larevistadigital.com.ar\/blog\/wp-json\/wp\/v2\/types\/post"}],"author":[{"embeddable":true,"href":"https:\/\/larevistadigital.com.ar\/blog\/wp-json\/wp\/v2\/users\/3"}],"replies":[{"embeddable":true,"href":"https:\/\/larevistadigital.com.ar\/blog\/wp-json\/wp\/v2\/comments?post=34445"}],"version-history":[{"count":2,"href":"https:\/\/larevistadigital.com.ar\/blog\/wp-json\/wp\/v2\/posts\/34445\/revisions"}],"predecessor-version":[{"id":34448,"href":"https:\/\/larevistadigital.com.ar\/blog\/wp-json\/wp\/v2\/posts\/34445\/revisions\/34448"}],"wp:featuredmedia":[{"embeddable":true,"href":"https:\/\/larevistadigital.com.ar\/blog\/wp-json\/wp\/v2\/media\/34446"}],"wp:attachment":[{"href":"https:\/\/larevistadigital.com.ar\/blog\/wp-json\/wp\/v2\/media?parent=34445"}],"wp:term":[{"taxonomy":"category","embeddable":true,"href":"https:\/\/larevistadigital.com.ar\/blog\/wp-json\/wp\/v2\/categories?post=34445"},{"taxonomy":"post_tag","embeddable":true,"href":"https:\/\/larevistadigital.com.ar\/blog\/wp-json\/wp\/v2\/tags?post=34445"}],"curies":[{"name":"wp","href":"https:\/\/api.w.org\/{rel}","templated":true}]}}