{"id":34449,"date":"2023-11-08T20:29:12","date_gmt":"2023-11-08T23:29:12","guid":{"rendered":"https:\/\/larevistadigital.com.ar\/blog\/?p=34449"},"modified":"2023-11-08T20:29:12","modified_gmt":"2023-11-08T23:29:12","slug":"kicillof-la-provincia-de-bs-as-quiere-ser-protagonista-del-boom-petrolero","status":"publish","type":"post","link":"https:\/\/larevistadigital.com.ar\/blog\/kicillof-la-provincia-de-bs-as-quiere-ser-protagonista-del-boom-petrolero\/","title":{"rendered":"KICILLOF: \u00abLA PROVINCIA DE BS. AS. QUIERE SER PROTAGONISTA DEL BOOM PETROLERO\u00bb"},"content":{"rendered":"<h2 class=\"fparrafo ctext fz18 lh25\">El Gobernador particip\u00f3 de un encuentro con empresarios del Club del Petr\u00f3leo y representantes del sector hidrocarbur\u00edfero. Kicillof resalt\u00f3 que \u201ctenemos pol\u00edticas p\u00fablicas para que este sector estrat\u00e9gico se siga desarrollando y crezca: apuntamos a una articulaci\u00f3n p\u00fablica y privada.<\/h2>\n<p>8 de Noviembre de 2023<\/p>\n<p><strong>\u00a0BUENOS AIRES &#8211;\u00a0 <em>\u201cComo pa\u00eds estamos frente a una riqueza potencial muy grande en t\u00e9rminos energ\u00e9ticos y eso nos obliga a acelerar las pol\u00edticas de desarrollo del sector: la provincia de Buenos Aires quiere ser protagonista del boom petrolero de la Argentina\u201d<\/em><\/strong>, subray\u00f3 este martes el gobernador <strong>Axel Kicillof<\/strong> durante un encuentro con empresarios del Club del Petr\u00f3leo, en el que participaron su presidente, <strong>Alejandro Bulgheroni<\/strong>, el titular de YPF, <strong>Pablo Gonz\u00e1lez<\/strong>, y representantes del sector hidrocarbur\u00edfero.<\/p>\n<p><strong>Kicillof<\/strong> sostuvo que <em><strong>\u201cla expectativa que est\u00e1 puesta en uno de los sectores m\u00e1s din\u00e1micos de la econom\u00eda nacional tiene su origen en la decisi\u00f3n estrat\u00e9gica que nos permiti\u00f3 recuperar YPF en el a\u00f1o 2012\u201d. \u201cLa gesti\u00f3n privada de Repsol estaba volcada a sus negocios fuera de la Argentina y nunca prioriz\u00f3 la exploraci\u00f3n y la inversi\u00f3n en nuestro pa\u00eds, impactando en la p\u00e9rdida de nuestra soberan\u00eda energ\u00e9tica\u201d<\/strong><\/em>, explic\u00f3.<\/p>\n<p><em><strong>\u201cA partir de esa decisi\u00f3n pr\u00e1cticamente un\u00e1nime del Congreso de la Naci\u00f3n, la buena gesti\u00f3n de YPF y el acompa\u00f1amiento del sector privado, hoy nadie desconoce el potencial de Vaca Muerta y de la exploraci\u00f3n offshore\u201d<\/strong><\/em>, se\u00f1al\u00f3 el Gobernador y a\u00f1adi\u00f3<strong><em> \u201csin poner en riesgo al ambiente durante la extracci\u00f3n de los recursos, nosotros estamos comprometidos con la generaci\u00f3n de riqueza para impulsar el desarrollo nacional\u201d<\/em><\/strong>.<\/p>\n<p>Por su parte, <strong>Bulgheroni<\/strong> destac\u00f3 que <strong><em>\u201cla provincia de Buenos Aires representa la mayor demanda de los recursos energ\u00e9ticos de nuestro pa\u00eds, en base a su poblaci\u00f3n, sus industrias y refiner\u00edas\u201d. \u201cEn este proceso de transici\u00f3n energ\u00e9tica que se est\u00e1 llevando adelante, en el que el mundo necesitar\u00e1 m\u00e1s y mejor energ\u00eda, estamos demostrando una gran capacidad para satisfacer tambi\u00e9n esa demanda\u201d<\/em><\/strong>, dijo.<\/p>\n<blockquote>\n<h3>La provincia de Buenos Aires se caracteriza por tener la mayor capacidad de refinamiento y procesamiento de crudo y gas del pa\u00eds. Adem\u00e1s, actualmente avanza con el desarrollo del Proyecto Argerich a 315 km de la costa de Mar del Plata, dando cuenta del primer pozo exploratorio offshore con posibilidad de hallar petr\u00f3leo en grandes dimensiones.<\/h3>\n<\/blockquote>\n<p>Por \u00faltimo, <strong>Kicillof<\/strong> resalt\u00f3 que <strong><em>\u201ctenemos pol\u00edticas p\u00fablicas para que este sector estrat\u00e9gico se siga desarrollando y crezca: apuntamos a una articulaci\u00f3n p\u00fablica y privada para que la riqueza no termine solo en manos de una empresa transnacional, sino en un mayor bienestar para nuestro pueblo\u201d<\/em><\/strong>. (<b>InfoGEI<\/b>) Mg<\/p>\n","protected":false},"excerpt":{"rendered":"<div class=\"mh-excerpt\"><p>El Gobernador particip\u00f3 de un encuentro con empresarios del Club del Petr\u00f3leo y representantes del sector hidrocarbur\u00edfero. Kicillof resalt\u00f3 que \u201ctenemos pol\u00edticas p\u00fablicas para que este sector estrat\u00e9gico se siga desarrollando y crezca: apuntamos a <a class=\"mh-excerpt-more\" href=\"https:\/\/larevistadigital.com.ar\/blog\/kicillof-la-provincia-de-bs-as-quiere-ser-protagonista-del-boom-petrolero\/\" title=\"KICILLOF: \u00abLA PROVINCIA DE BS. AS. QUIERE SER PROTAGONISTA DEL BOOM PETROLERO\u00bb\">[Leer M\u00e1s]<\/a><\/p>\n<\/div>","protected":false},"author":3,"featured_media":34450,"comment_status":"open","ping_status":"open","sticky":false,"template":"","format":"standard","meta":{"_jetpack_memberships_contains_paid_content":false,"footnotes":"","jetpack_publicize_message":"","jetpack_publicize_feature_enabled":true,"jetpack_social_post_already_shared":true,"jetpack_social_options":{"image_generator_settings":{"template":"highway","default_image_id":0,"font":"","enabled":false},"version":2}},"categories":[12,51],"tags":[],"class_list":{"0":"post-34449","1":"post","2":"type-post","3":"status-publish","4":"format-standard","5":"has-post-thumbnail","7":"category-politica","8":"category-regionales"},"jetpack_publicize_connections":[],"jetpack_featured_media_url":"https:\/\/i0.wp.com\/larevistadigital.com.ar\/blog\/wp-content\/uploads\/20231108180640_lof.jpg?fit=880%2C512&ssl=1","jetpack_sharing_enabled":true,"jetpack_shortlink":"https:\/\/wp.me\/p8qtrQ-8XD","jetpack-related-posts":[{"id":41814,"url":"https:\/\/larevistadigital.com.ar\/blog\/el-gobernador-kicillof-encabezara-en-chascomus-la-asamblea-del-consejo-provincial-de-turismo\/","url_meta":{"origin":34449,"position":0},"title":"El gobernador Kicillof encabezar\u00e1 en Chascom\u00fas la asamblea del Consejo Provincial de Turismo","author":"Alejandro Sosa Ruda","date":"8 octubre, 2025","format":false,"excerpt":"Representantes del sector se reunir\u00e1n para debatir pol\u00edticas y estrategias de desarrollo tur\u00edstico en la provincia. 08 de Octubre de 2025 CHASCOM\u00daS -\u00a0 \u00a0El pr\u00f3ximo lunes 13, el gobernador Axel Kicillof visitar\u00e1 Chascom\u00fas para encabezar una nueva asamblea del Consejo Provincial de Turismo (CoProTur), un espacio de intercambio que re\u00fane\u2026","rel":"","context":"En \u00abREGIONALES\u00bb","block_context":{"text":"REGIONALES","link":"https:\/\/larevistadigital.com.ar\/blog\/category\/regionales\/"},"img":{"alt_text":"","src":"https:\/\/i0.wp.com\/larevistadigital.com.ar\/blog\/wp-content\/uploads\/68e6a1127f601.png?fit=668%2C445&ssl=1&resize=350%2C200","width":350,"height":200,"srcset":"https:\/\/i0.wp.com\/larevistadigital.com.ar\/blog\/wp-content\/uploads\/68e6a1127f601.png?fit=668%2C445&ssl=1&resize=350%2C200 1x, https:\/\/i0.wp.com\/larevistadigital.com.ar\/blog\/wp-content\/uploads\/68e6a1127f601.png?fit=668%2C445&ssl=1&resize=525%2C300 1.5x"},"classes":[]},{"id":40166,"url":"https:\/\/larevistadigital.com.ar\/blog\/kicillof-desembarca-en-mar-del-plata-para-cerrar-un-nuevo-encuentro-del-programa-puentes\/","url_meta":{"origin":34449,"position":1},"title":"Kicillof desembarca en Mar del Plata para cerrar un nuevo encuentro del Programa Puentes","author":"Alejandro Sosa Ruda","date":"24 junio, 2025","format":false,"excerpt":"El gobernador bonaerense participar\u00e1 del evento educativo este viernes 27, en el Gran Hotel Provincial. La jornada reunir\u00e1 a referentes pol\u00edticos, universitarios y del sector productivo. 24 de Junio de 2025 BUENOS AIRES -\u00a0 \u00a0Este viernes 27 de junio, el gobernador Axel Kicillof visitar\u00e1 Mar del Plata para encabezar el\u2026","rel":"","context":"En \u00abPOLITICA PROVINCIAL\u00bb","block_context":{"text":"POLITICA PROVINCIAL","link":"https:\/\/larevistadigital.com.ar\/blog\/category\/politica\/politica-provincial\/"},"img":{"alt_text":"","src":"https:\/\/i0.wp.com\/larevistadigital.com.ar\/blog\/wp-content\/uploads\/Captura-de-pantalla-2025-06-24-122038.jpg?fit=651%2C510&ssl=1&resize=350%2C200","width":350,"height":200,"srcset":"https:\/\/i0.wp.com\/larevistadigital.com.ar\/blog\/wp-content\/uploads\/Captura-de-pantalla-2025-06-24-122038.jpg?fit=651%2C510&ssl=1&resize=350%2C200 1x, https:\/\/i0.wp.com\/larevistadigital.com.ar\/blog\/wp-content\/uploads\/Captura-de-pantalla-2025-06-24-122038.jpg?fit=651%2C510&ssl=1&resize=525%2C300 1.5x"},"classes":[]},{"id":33776,"url":"https:\/\/larevistadigital.com.ar\/blog\/kicillof-y-un-nuevo-guino-al-campo-resalto-la-produccion-rural-y-advirtio-los-riesgos-de-la-dolarizacion\/","url_meta":{"origin":34449,"position":2},"title":"KICILLOF Y UN NUEVO GUI\u00d1O AL CAMPO: RESALT\u00d3 LA PRODUCCI\u00d3N RURAL Y ADVIRTI\u00d3 LOS RIESGOS DE LA DOLARIZACI\u00d3N","author":"Alejandro Sosa Ruda","date":"4 octubre, 2023","format":false,"excerpt":"El gobernador de la Provincia de Buenos Aires encabez\u00f3 el Encuentro Provincial de la Ruralidad en la Estaci\u00f3n Experimental Gorina junto al ministro de Desarrollo Agrario bonaerense. 04 de Octubre de 2023 El gobernador de la Provincia de Buenos Aires, encabez\u00f3 un\u00a0Encuentro Provincial de la Ruralidad\u00a0en la\u00a0Estaci\u00f3n Experimental Gorina\u00a0de\u00a0La Plata.\u2026","rel":"","context":"En \u00abDESTACADAS\u00bb","block_context":{"text":"DESTACADAS","link":"https:\/\/larevistadigital.com.ar\/blog\/category\/destacadas\/"},"img":{"alt_text":"","src":"https:\/\/i0.wp.com\/larevistadigital.com.ar\/blog\/wp-content\/uploads\/20231003202103_231003-ak-ruralidad-30-1.webp?fit=1200%2C685&ssl=1&resize=350%2C200","width":350,"height":200,"srcset":"https:\/\/i0.wp.com\/larevistadigital.com.ar\/blog\/wp-content\/uploads\/20231003202103_231003-ak-ruralidad-30-1.webp?fit=1200%2C685&ssl=1&resize=350%2C200 1x, https:\/\/i0.wp.com\/larevistadigital.com.ar\/blog\/wp-content\/uploads\/20231003202103_231003-ak-ruralidad-30-1.webp?fit=1200%2C685&ssl=1&resize=525%2C300 1.5x, https:\/\/i0.wp.com\/larevistadigital.com.ar\/blog\/wp-content\/uploads\/20231003202103_231003-ak-ruralidad-30-1.webp?fit=1200%2C685&ssl=1&resize=700%2C400 2x, https:\/\/i0.wp.com\/larevistadigital.com.ar\/blog\/wp-content\/uploads\/20231003202103_231003-ak-ruralidad-30-1.webp?fit=1200%2C685&ssl=1&resize=1050%2C600 3x"},"classes":[]},{"id":27300,"url":"https:\/\/larevistadigital.com.ar\/blog\/kicillof-le-tomo-juramento-al-nuevo-ministro-de-trabajo-de-la-ciudad-de-buenos-aires\/","url_meta":{"origin":34449,"position":3},"title":"KICILLOF LE TOM\u00d3 JURAMENTO AL NUEVO MINISTRO DE TRABAJO DE LA CIUDAD DE BUENOS AIRES","author":"Alejandro Sosa Ruda","date":"25 agosto, 2022","format":false,"excerpt":"Estuvieron presentes integrantes del gabinete provincial, representantes de todas las centrales obreras, m\u00e1s de 80 sindicatos, intendentes bonaerenses, legisladores y legisladoras nacionales y provinciales; y representantes de organizaciones sindicales. El gobernador de la provincia de Buenos Aires, Axel Kicillof, le tom\u00f3 juramento al nuevo ministro de Trabajo, Walter Correa. En\u2026","rel":"","context":"En \u00abPOLITICA PROVINCIAL\u00bb","block_context":{"text":"POLITICA PROVINCIAL","link":"https:\/\/larevistadigital.com.ar\/blog\/category\/politica\/politica-provincial\/"},"img":{"alt_text":"","src":"https:\/\/i0.wp.com\/larevistadigital.com.ar\/blog\/wp-content\/uploads\/20220824153301_2022-08-24-ak-jura-trabajo-sge9222.jpg?fit=880%2C512&ssl=1&resize=350%2C200","width":350,"height":200,"srcset":"https:\/\/i0.wp.com\/larevistadigital.com.ar\/blog\/wp-content\/uploads\/20220824153301_2022-08-24-ak-jura-trabajo-sge9222.jpg?fit=880%2C512&ssl=1&resize=350%2C200 1x, https:\/\/i0.wp.com\/larevistadigital.com.ar\/blog\/wp-content\/uploads\/20220824153301_2022-08-24-ak-jura-trabajo-sge9222.jpg?fit=880%2C512&ssl=1&resize=525%2C300 1.5x, https:\/\/i0.wp.com\/larevistadigital.com.ar\/blog\/wp-content\/uploads\/20220824153301_2022-08-24-ak-jura-trabajo-sge9222.jpg?fit=880%2C512&ssl=1&resize=700%2C400 2x"},"classes":[]},{"id":41728,"url":"https:\/\/larevistadigital.com.ar\/blog\/el-gobernador-axel-kicillof-visitara-chascomus-en-el-marco-de-una-nueva-reunion-del-consejo-provincial-de-turismo\/","url_meta":{"origin":34449,"position":4},"title":"El gobernador Axel Kicillof visitar\u00e1 Chascom\u00fas en el marco de una nueva reuni\u00f3n del Consejo Provincial de Turismo","author":"Alejandro Sosa Ruda","date":"3 octubre, 2025","format":false,"excerpt":"El encuentro reunir\u00e1 a representantes de los 135 municipios bonaerenses y contar\u00e1 con la presencia de ministros y autoridades provinciales. 03 de octubre de 2025 BUENOS AIRES -\u00a0 \u00a0El gobernador de la provincia de Buenos Aires, Axel Kicillof, visitar\u00e1 la ciudad de Chascom\u00fas el pr\u00f3ximo lunes 13 de octubre, en\u2026","rel":"","context":"En \u00abPOLITICA\u00bb","block_context":{"text":"POLITICA","link":"https:\/\/larevistadigital.com.ar\/blog\/category\/politica\/"},"img":{"alt_text":"","src":"https:\/\/i0.wp.com\/larevistadigital.com.ar\/blog\/wp-content\/uploads\/Captura-de-pantalla-2025-10-03-144909.jpg?fit=714%2C458&ssl=1&resize=350%2C200","width":350,"height":200,"srcset":"https:\/\/i0.wp.com\/larevistadigital.com.ar\/blog\/wp-content\/uploads\/Captura-de-pantalla-2025-10-03-144909.jpg?fit=714%2C458&ssl=1&resize=350%2C200 1x, https:\/\/i0.wp.com\/larevistadigital.com.ar\/blog\/wp-content\/uploads\/Captura-de-pantalla-2025-10-03-144909.jpg?fit=714%2C458&ssl=1&resize=525%2C300 1.5x, https:\/\/i0.wp.com\/larevistadigital.com.ar\/blog\/wp-content\/uploads\/Captura-de-pantalla-2025-10-03-144909.jpg?fit=714%2C458&ssl=1&resize=700%2C400 2x"},"classes":[]},{"id":37703,"url":"https:\/\/larevistadigital.com.ar\/blog\/kicillof-encabezo-el-cierre-del-congreso-de-satsaid\/","url_meta":{"origin":34449,"position":5},"title":"Kicillof encabez\u00f3 el cierre del Congreso de SATSAID","author":"Alejandro Sosa Ruda","date":"1 noviembre, 2024","format":false,"excerpt":"El gobernador de la provincia de Buenos Aires, Axel Kicillof, encabez\u00f3 este mi\u00e9rcoles el acto de cierre del Congreso del Sindicato Argentino de Televisi\u00f3n, Servicios Audiovisuales, Interactivos y de Datos (SATSAID), en el que participaron m\u00e1s de 350 representantes gremiales de todo el pa\u00eds. 01 de noviembre de 2024 En\u2026","rel":"","context":"En \u00abPOLITICA PROVINCIAL\u00bb","block_context":{"text":"POLITICA PROVINCIAL","link":"https:\/\/larevistadigital.com.ar\/blog\/category\/politica\/politica-provincial\/"},"img":{"alt_text":"","src":"https:\/\/i0.wp.com\/larevistadigital.com.ar\/blog\/wp-content\/uploads\/20241031154009_kicillof-congreso-satsaid.jpg?fit=880%2C512&ssl=1&resize=350%2C200","width":350,"height":200,"srcset":"https:\/\/i0.wp.com\/larevistadigital.com.ar\/blog\/wp-content\/uploads\/20241031154009_kicillof-congreso-satsaid.jpg?fit=880%2C512&ssl=1&resize=350%2C200 1x, https:\/\/i0.wp.com\/larevistadigital.com.ar\/blog\/wp-content\/uploads\/20241031154009_kicillof-congreso-satsaid.jpg?fit=880%2C512&ssl=1&resize=525%2C300 1.5x, https:\/\/i0.wp.com\/larevistadigital.com.ar\/blog\/wp-content\/uploads\/20241031154009_kicillof-congreso-satsaid.jpg?fit=880%2C512&ssl=1&resize=700%2C400 2x"},"classes":[]}],"_links":{"self":[{"href":"https:\/\/larevistadigital.com.ar\/blog\/wp-json\/wp\/v2\/posts\/34449","targetHints":{"allow":["GET"]}}],"collection":[{"href":"https:\/\/larevistadigital.com.ar\/blog\/wp-json\/wp\/v2\/posts"}],"about":[{"href":"https:\/\/larevistadigital.com.ar\/blog\/wp-json\/wp\/v2\/types\/post"}],"author":[{"embeddable":true,"href":"https:\/\/larevistadigital.com.ar\/blog\/wp-json\/wp\/v2\/users\/3"}],"replies":[{"embeddable":true,"href":"https:\/\/larevistadigital.com.ar\/blog\/wp-json\/wp\/v2\/comments?post=34449"}],"version-history":[{"count":1,"href":"https:\/\/larevistadigital.com.ar\/blog\/wp-json\/wp\/v2\/posts\/34449\/revisions"}],"predecessor-version":[{"id":34451,"href":"https:\/\/larevistadigital.com.ar\/blog\/wp-json\/wp\/v2\/posts\/34449\/revisions\/34451"}],"wp:featuredmedia":[{"embeddable":true,"href":"https:\/\/larevistadigital.com.ar\/blog\/wp-json\/wp\/v2\/media\/34450"}],"wp:attachment":[{"href":"https:\/\/larevistadigital.com.ar\/blog\/wp-json\/wp\/v2\/media?parent=34449"}],"wp:term":[{"taxonomy":"category","embeddable":true,"href":"https:\/\/larevistadigital.com.ar\/blog\/wp-json\/wp\/v2\/categories?post=34449"},{"taxonomy":"post_tag","embeddable":true,"href":"https:\/\/larevistadigital.com.ar\/blog\/wp-json\/wp\/v2\/tags?post=34449"}],"curies":[{"name":"wp","href":"https:\/\/api.w.org\/{rel}","templated":true}]}}