{"id":34453,"date":"2023-11-08T20:38:10","date_gmt":"2023-11-08T23:38:10","guid":{"rendered":"https:\/\/larevistadigital.com.ar\/blog\/?p=34453"},"modified":"2023-11-08T20:38:10","modified_gmt":"2023-11-08T23:38:10","slug":"un-micro-fue-consumido-por-las-llamas-en-plena-ruta-11","status":"publish","type":"post","link":"https:\/\/larevistadigital.com.ar\/blog\/un-micro-fue-consumido-por-las-llamas-en-plena-ruta-11\/","title":{"rendered":"UN MICRO FUE CONSUMIDO POR LAS LLAMAS EN PLENA RUTA 11"},"content":{"rendered":"<h2 class=\"fparrafo ctext fz18 lh25\">Ocurri\u00f3 en el kil\u00f3metro 370, a la altura de Punta M\u00e9danos. Los 5 pasajeros y el chofer resultaron ilesos.<\/h2>\n<p>8 de Noviembre de 2023<\/p>\n<p><strong>PUNTA M\u00c9DANOS &#8211;\u00a0 <\/strong>\u00a0 Un micro de dos pisos de larga distancia se incendi\u00f3 el martes por la tarde en la Ruta Provincial N\u00ba 11, en jurisdicci\u00f3n del Partido de La Costa, y fue r\u00e1pidamente consumido completamente por las llamas.<\/p>\n<blockquote>\n<h3>El accidente ocurri\u00f3 cerca del kil\u00f3metro 370, a la altura de Punta M\u00e9danos, pocos kil\u00f3metros despu\u00e9s de haber iniciado el viaje, ya que hab\u00eda salido de Villa Gesell con destino a La Plata.<\/h3>\n<\/blockquote>\n<p>Los cinco pasajeros que viajaban en la unidad N\u00ba 787 de la marca Marcopolo, perteneciente a la empresa Plata Bus, resultaron ilesos, al igual que el chofer, seg\u00fan inform\u00f3 el portal Infozona.<\/p>\n<blockquote>\n<h3><em>\u00abSe empez\u00f3 a sentir olor a quemado y el chofer detuvo la marcha. En pocos segundos, comenzaron las llamas\u00bb<\/em>, indicaron testigos.<\/h3>\n<\/blockquote>\n<p>Acudieron al lugar del incendio los Bomberos Voluntarios de Mar de Aj\u00f3 y de Pinamar. \u00a0(<b>InfoGEI<\/b>) Mg<\/p>\n","protected":false},"excerpt":{"rendered":"<div class=\"mh-excerpt\"><p>Ocurri\u00f3 en el kil\u00f3metro 370, a la altura de Punta M\u00e9danos. Los 5 pasajeros y el chofer resultaron ilesos. 8 de Noviembre de 2023 PUNTA M\u00c9DANOS &#8211;\u00a0 \u00a0 Un micro de dos pisos de larga <a class=\"mh-excerpt-more\" href=\"https:\/\/larevistadigital.com.ar\/blog\/un-micro-fue-consumido-por-las-llamas-en-plena-ruta-11\/\" title=\"UN MICRO FUE CONSUMIDO POR LAS LLAMAS EN PLENA RUTA 11\">[Leer M\u00e1s]<\/a><\/p>\n<\/div>","protected":false},"author":3,"featured_media":34454,"comment_status":"open","ping_status":"open","sticky":false,"template":"","format":"standard","meta":{"_jetpack_memberships_contains_paid_content":false,"footnotes":"","jetpack_publicize_message":"","jetpack_publicize_feature_enabled":true,"jetpack_social_post_already_shared":true,"jetpack_social_options":{"image_generator_settings":{"template":"highway","default_image_id":0,"font":"","enabled":false},"version":2}},"categories":[51],"tags":[],"class_list":{"0":"post-34453","1":"post","2":"type-post","3":"status-publish","4":"format-standard","5":"has-post-thumbnail","7":"category-regionales"},"jetpack_publicize_connections":[],"jetpack_featured_media_url":"https:\/\/i0.wp.com\/larevistadigital.com.ar\/blog\/wp-content\/uploads\/20231108165533_micro.png?fit=880%2C512&ssl=1","jetpack_sharing_enabled":true,"jetpack_shortlink":"https:\/\/wp.me\/p8qtrQ-8XH","jetpack-related-posts":[{"id":41575,"url":"https:\/\/larevistadigital.com.ar\/blog\/un-medico-murio-en-un-choque-frontal-en-la-ruta-11-entre-punta-medanos-y-costa-esmeralda\/","url_meta":{"origin":34453,"position":0},"title":"Un m\u00e9dico muri\u00f3 en un choque frontal en la Ruta 11 entre Punta M\u00e9danos y Costa Esmeralda","author":"Alejandro Sosa Ruda","date":"21 septiembre, 2025","format":false,"excerpt":"La v\u00edctima fue identificada como Lucio Reinaldo Sanabria, de 57 a\u00f1os. Dos hombres que viajaban en la otra camioneta resultaron heridos. 21 de septiembre de 2025 BUENOS AIRES -\u00a0 \u00a0Un tr\u00e1gico accidente vial ocurri\u00f3 este viernes por la ma\u00f1ana en la Ruta Provincial 11, a la altura del kil\u00f3metro 376,\u2026","rel":"","context":"En \u00abPOLICIALES\u00bb","block_context":{"text":"POLICIALES","link":"https:\/\/larevistadigital.com.ar\/blog\/category\/policiales\/"},"img":{"alt_text":"","src":"https:\/\/i0.wp.com\/larevistadigital.com.ar\/blog\/wp-content\/uploads\/auto-victima.webp?fit=1200%2C675&ssl=1&resize=350%2C200","width":350,"height":200,"srcset":"https:\/\/i0.wp.com\/larevistadigital.com.ar\/blog\/wp-content\/uploads\/auto-victima.webp?fit=1200%2C675&ssl=1&resize=350%2C200 1x, https:\/\/i0.wp.com\/larevistadigital.com.ar\/blog\/wp-content\/uploads\/auto-victima.webp?fit=1200%2C675&ssl=1&resize=525%2C300 1.5x, https:\/\/i0.wp.com\/larevistadigital.com.ar\/blog\/wp-content\/uploads\/auto-victima.webp?fit=1200%2C675&ssl=1&resize=700%2C400 2x, https:\/\/i0.wp.com\/larevistadigital.com.ar\/blog\/wp-content\/uploads\/auto-victima.webp?fit=1200%2C675&ssl=1&resize=1050%2C600 3x"},"classes":[]},{"id":20948,"url":"https:\/\/larevistadigital.com.ar\/blog\/volco-micro-en-chascomus-a-la-madrugada-dos-muertos-y-varios-heridos\/","url_meta":{"origin":34453,"position":1},"title":"VOLC\u00d3 MICRO EN CHASCOM\u00daS A LA MADRUGADA: DOS MUERTOS Y VARIOS HERIDOS","author":"Alejandro Sosa Ruda","date":"29 junio, 2021","format":false,"excerpt":"Sucedi\u00f3 a la altura de Chascom\u00fas, El siniestro ocurri\u00f3 a las 4.10 en el kil\u00f3metro 134 y fue protagonizado por una unidad de la empresa Plusmar que se dirig\u00eda en sentido a la ciudad de Buenos Aires. CHASCOM\u00daS - \u00a0Dos personas murieron y m\u00e1s de 40 resultaron heridas\u00a0hoy al volcar\u2026","rel":"","context":"En \u00abDESTACADAS\u00bb","block_context":{"text":"DESTACADAS","link":"https:\/\/larevistadigital.com.ar\/blog\/category\/destacadas\/"},"img":{"alt_text":"","src":"https:\/\/i0.wp.com\/larevistadigital.com.ar\/blog\/wp-content\/uploads\/VUELCO-1.png?fit=1005%2C560&ssl=1&resize=350%2C200","width":350,"height":200,"srcset":"https:\/\/i0.wp.com\/larevistadigital.com.ar\/blog\/wp-content\/uploads\/VUELCO-1.png?fit=1005%2C560&ssl=1&resize=350%2C200 1x, https:\/\/i0.wp.com\/larevistadigital.com.ar\/blog\/wp-content\/uploads\/VUELCO-1.png?fit=1005%2C560&ssl=1&resize=525%2C300 1.5x, https:\/\/i0.wp.com\/larevistadigital.com.ar\/blog\/wp-content\/uploads\/VUELCO-1.png?fit=1005%2C560&ssl=1&resize=700%2C400 2x"},"classes":[]},{"id":14687,"url":"https:\/\/larevistadigital.com.ar\/blog\/chofer-de-via-bariloche-se-nego-a-salir-porque-no-habia-descansado-y-lo-echaron\/","url_meta":{"origin":34453,"position":2},"title":"CHOFER DE V\u00cdA BARILOCHE SE NEG\u00d3 A SALIR PORQUE NO HAB\u00cdA DESCANSADO Y LO ECHARON","author":"Alejandro Sosa Ruda","date":"9 febrero, 2020","format":false,"excerpt":"Luego de que un micro volcara en el kil\u00f3metro 93 de la ruta 2 y murieran dos pasajeros, todas las miradas se centraron en los controles a las unidades y, sobre todo, al cumplimiento del tiempo de descanso de los choferes. En ese contexto, Esteban denunci\u00f3 que fue echado de\u2026","rel":"","context":"En \u00abINTERES GENERAL\u00bb","block_context":{"text":"INTERES GENERAL","link":"https:\/\/larevistadigital.com.ar\/blog\/category\/interes-general\/"},"img":{"alt_text":"","src":"https:\/\/i0.wp.com\/larevistadigital.com.ar\/blog\/wp-content\/uploads\/220434_1581074791.jpeg?fit=929%2C523&ssl=1&resize=350%2C200","width":350,"height":200,"srcset":"https:\/\/i0.wp.com\/larevistadigital.com.ar\/blog\/wp-content\/uploads\/220434_1581074791.jpeg?fit=929%2C523&ssl=1&resize=350%2C200 1x, https:\/\/i0.wp.com\/larevistadigital.com.ar\/blog\/wp-content\/uploads\/220434_1581074791.jpeg?fit=929%2C523&ssl=1&resize=525%2C300 1.5x, https:\/\/i0.wp.com\/larevistadigital.com.ar\/blog\/wp-content\/uploads\/220434_1581074791.jpeg?fit=929%2C523&ssl=1&resize=700%2C400 2x"},"classes":[]},{"id":25482,"url":"https:\/\/larevistadigital.com.ar\/blog\/un-pescador-saco-restos-humanos-en-mar-de-ajo-y-encontraron-un-torso-en-punta-medanos\/","url_meta":{"origin":34453,"position":3},"title":"UN PESCADOR SAC\u00d3 RESTOS HUMANOS EN MAR DE AJ\u00d3 Y ENCONTRARON UN TORSO EN PUNTA M\u00c9DANOS","author":"Alejandro Sosa Ruda","date":"30 mayo, 2022","format":false,"excerpt":"Las autoridades confirmaron que se trata de partes humanas. Los detalles. Un hombre sac\u00f3\u00a0restos humanos del agua, cuando se encontraba pescando en la zona de\u00a0Espora y Costanera de la localidad de Mar de Aj\u00f3 y, m\u00e1s tarde, hallaron\u00a0un torso a la altura Punta M\u00e9danos.\u00a0 Al advertir tal situaci\u00f3n, el pescador\u2026","rel":"","context":"En \u00abPOLICIALES\u00bb","block_context":{"text":"POLICIALES","link":"https:\/\/larevistadigital.com.ar\/blog\/category\/policiales\/"},"img":{"alt_text":"","src":"https:\/\/i0.wp.com\/larevistadigital.com.ar\/blog\/wp-content\/uploads\/9227ec42a313716990902c2fbe6a722b32ebdfb2.jpg?fit=1140%2C641&ssl=1&resize=350%2C200","width":350,"height":200,"srcset":"https:\/\/i0.wp.com\/larevistadigital.com.ar\/blog\/wp-content\/uploads\/9227ec42a313716990902c2fbe6a722b32ebdfb2.jpg?fit=1140%2C641&ssl=1&resize=350%2C200 1x, https:\/\/i0.wp.com\/larevistadigital.com.ar\/blog\/wp-content\/uploads\/9227ec42a313716990902c2fbe6a722b32ebdfb2.jpg?fit=1140%2C641&ssl=1&resize=525%2C300 1.5x, https:\/\/i0.wp.com\/larevistadigital.com.ar\/blog\/wp-content\/uploads\/9227ec42a313716990902c2fbe6a722b32ebdfb2.jpg?fit=1140%2C641&ssl=1&resize=700%2C400 2x, https:\/\/i0.wp.com\/larevistadigital.com.ar\/blog\/wp-content\/uploads\/9227ec42a313716990902c2fbe6a722b32ebdfb2.jpg?fit=1140%2C641&ssl=1&resize=1050%2C600 3x"},"classes":[]},{"id":13827,"url":"https:\/\/larevistadigital.com.ar\/blog\/otra-vez-volco-un-micro-de-dos-pisos-en-la-ruta-2\/","url_meta":{"origin":34453,"position":4},"title":"OTRA VEZ&#8230; VOLC\u00d3 UN MICRO DE DOS PISOS EN LA RUTA 2","author":"Alejandro Sosa Ruda","date":"27 diciembre, 2019","format":false,"excerpt":"El hecho se produjo en la madrugada, en el kil\u00f3metro 374.Bomberos y personal del Same trabajan en el lugar. Un\u00a0micro volc\u00f3\u00a0esta madrugada en el\u00a0kil\u00f3metro 374\u00a0de la Autov\u00eda 2, a la altura de Vivorat\u00e1, y personal de bomberos y del Same trabajan en el lugar para asistir a los pasajeros. Otra\u2026","rel":"","context":"En \u00abDESTACADAS\u00bb","block_context":{"text":"DESTACADAS","link":"https:\/\/larevistadigital.com.ar\/blog\/category\/destacadas\/"},"img":{"alt_text":"","src":"https:\/\/i0.wp.com\/larevistadigital.com.ar\/blog\/wp-content\/uploads\/1577443983828.jpeg?fit=790%2C444&ssl=1&resize=350%2C200","width":350,"height":200,"srcset":"https:\/\/i0.wp.com\/larevistadigital.com.ar\/blog\/wp-content\/uploads\/1577443983828.jpeg?fit=790%2C444&ssl=1&resize=350%2C200 1x, https:\/\/i0.wp.com\/larevistadigital.com.ar\/blog\/wp-content\/uploads\/1577443983828.jpeg?fit=790%2C444&ssl=1&resize=525%2C300 1.5x, https:\/\/i0.wp.com\/larevistadigital.com.ar\/blog\/wp-content\/uploads\/1577443983828.jpeg?fit=790%2C444&ssl=1&resize=700%2C400 2x"},"classes":[]},{"id":33556,"url":"https:\/\/larevistadigital.com.ar\/blog\/ruta-2-un-micro-que-regresaba-a-mar-del-plata-se-incendio-totalmente\/","url_meta":{"origin":34453,"position":5},"title":"RUTA 2: UN MICRO QUE REGRESABA A MAR DEL PLATA SE INCENDI\u00d3 TOTALMENTE","author":"Alejandro Sosa Ruda","date":"23 septiembre, 2023","format":false,"excerpt":"Sucedi\u00f3 a la altura del km.77, y las llamas destruyeron totalmente al veh\u00edculo. Afortunadamente no hubo v\u00edctimas. 23 de Septiembre de 2023 BUENOS AIRES -\u00a0\u00a0Pasadas las 14 hs. de este s\u00e1bado, un micro de una empresa marplatense se prendi\u00f3 fuego sobre la ruta 2, a la altura del kil\u00f3metro 77,\u2026","rel":"","context":"En \u00abDESTACADAS\u00bb","block_context":{"text":"DESTACADAS","link":"https:\/\/larevistadigital.com.ar\/blog\/category\/destacadas\/"},"img":{"alt_text":"","src":"https:\/\/i0.wp.com\/larevistadigital.com.ar\/blog\/wp-content\/uploads\/micro-ruta.jpg?fit=720%2C722&ssl=1&resize=350%2C200","width":350,"height":200,"srcset":"https:\/\/i0.wp.com\/larevistadigital.com.ar\/blog\/wp-content\/uploads\/micro-ruta.jpg?fit=720%2C722&ssl=1&resize=350%2C200 1x, https:\/\/i0.wp.com\/larevistadigital.com.ar\/blog\/wp-content\/uploads\/micro-ruta.jpg?fit=720%2C722&ssl=1&resize=525%2C300 1.5x, https:\/\/i0.wp.com\/larevistadigital.com.ar\/blog\/wp-content\/uploads\/micro-ruta.jpg?fit=720%2C722&ssl=1&resize=700%2C400 2x"},"classes":[]}],"_links":{"self":[{"href":"https:\/\/larevistadigital.com.ar\/blog\/wp-json\/wp\/v2\/posts\/34453","targetHints":{"allow":["GET"]}}],"collection":[{"href":"https:\/\/larevistadigital.com.ar\/blog\/wp-json\/wp\/v2\/posts"}],"about":[{"href":"https:\/\/larevistadigital.com.ar\/blog\/wp-json\/wp\/v2\/types\/post"}],"author":[{"embeddable":true,"href":"https:\/\/larevistadigital.com.ar\/blog\/wp-json\/wp\/v2\/users\/3"}],"replies":[{"embeddable":true,"href":"https:\/\/larevistadigital.com.ar\/blog\/wp-json\/wp\/v2\/comments?post=34453"}],"version-history":[{"count":1,"href":"https:\/\/larevistadigital.com.ar\/blog\/wp-json\/wp\/v2\/posts\/34453\/revisions"}],"predecessor-version":[{"id":34455,"href":"https:\/\/larevistadigital.com.ar\/blog\/wp-json\/wp\/v2\/posts\/34453\/revisions\/34455"}],"wp:featuredmedia":[{"embeddable":true,"href":"https:\/\/larevistadigital.com.ar\/blog\/wp-json\/wp\/v2\/media\/34454"}],"wp:attachment":[{"href":"https:\/\/larevistadigital.com.ar\/blog\/wp-json\/wp\/v2\/media?parent=34453"}],"wp:term":[{"taxonomy":"category","embeddable":true,"href":"https:\/\/larevistadigital.com.ar\/blog\/wp-json\/wp\/v2\/categories?post=34453"},{"taxonomy":"post_tag","embeddable":true,"href":"https:\/\/larevistadigital.com.ar\/blog\/wp-json\/wp\/v2\/tags?post=34453"}],"curies":[{"name":"wp","href":"https:\/\/api.w.org\/{rel}","templated":true}]}}