{"id":34456,"date":"2023-11-08T20:43:16","date_gmt":"2023-11-08T23:43:16","guid":{"rendered":"https:\/\/larevistadigital.com.ar\/blog\/?p=34456"},"modified":"2023-11-08T20:43:16","modified_gmt":"2023-11-08T23:43:16","slug":"comienzan-a-rodar-la-serie-que-narrara-la-vida-de-juan-manuel-fangio","status":"publish","type":"post","link":"https:\/\/larevistadigital.com.ar\/blog\/comienzan-a-rodar-la-serie-que-narrara-la-vida-de-juan-manuel-fangio\/","title":{"rendered":"COMIENZAN A RODAR LA SERIE QUE NARRAR\u00c1 LA VIDA DE JUAN MANUEL FANGIO"},"content":{"rendered":"<h2 class=\"fparrafo ctext fz18 lh25\">Detr\u00e1s de la producci\u00f3n est\u00e1n involucrados tres estudios. Participan los hijos de Fangio, Juan Carlos, Rub\u00e9n y Oscar, quienes aportaron aspectos desconocidos de una de las principales leyendas de automovilismo.<\/h2>\n<p>8 de Noviembre de 2023<\/p>\n<p>Dos a\u00f1os despu\u00e9s de anunciado el proyecto, este martes se dio a conocer que comienzan los rodajes de la serie oficial sobre <strong>Juan Manuel Fangio<\/strong>, el piloto de automovilismo argentino m\u00e1s destacado de todos los tiempos y ganador de cinco campeonatos mundiales de F\u00f3rmula 1 durante los a\u00f1os 50, que se filmar\u00e1 en Am\u00e9rica Latina y Europa.<\/p>\n<blockquote>\n<h3>Coproducida por los estudios ZDF, Non Stop y La Sagrada Familia, la producci\u00f3n cuenta con la participaci\u00f3n de los hijos de Fangio, Juan Carlos, Rub\u00e9n y Oscar, quienes aportaron aspectos desconocidos de una de las principales leyendas del deporte nacional.<\/h3>\n<\/blockquote>\n<p>Adem\u00e1s de recorrer la vida y la trayectoria profesional del protagonista, la serie tambi\u00e9n retratar\u00e1 los inicios de la F\u00f3rmula 1.<\/p>\n<p><strong><em>\u00abEstamos encantados de tener la oportunidad de participar en la producci\u00f3n sobre este deportista pionero. El tema de la F\u00f3rmula 1 es un favorito perenne de todas las generaciones en todo el mundo. As\u00ed que estamos seguros de que esta historia de alto octanaje se est\u00e1 acelerando para enarbolar pronto la bandera a cuadros y ocupar su lugar en el podio de las series dram\u00e1ticas mundiales\u00bb<\/em><\/strong>, dijo apelando a las referencias de la disciplina <strong>Robert Franke<\/strong>, ejecutivo de ZDF Studios.<\/p>\n<p>Por su parte, el presidente de Non Stop, <strong>Patricio Rabufetti,<\/strong> agreg\u00f3 que \u00e9l y todo el equipo creativo y t\u00e9cnico detr\u00e1s del proyecto est\u00e1n <em><strong>\u00abmuy entusiasmados\u00bb<\/strong><\/em> de anunciar el inicio de los rodajes de una serie que<em><strong> \u00abse basa en la historia de un \u00edcono del deporte a nivel mundial y uno de los mejores, sino el mejor, piloto de carreras de todos los tiempos\u00bb<\/strong><\/em>. (<b>InfoGEI<\/b>) Mg<\/p>\n","protected":false},"excerpt":{"rendered":"<div class=\"mh-excerpt\"><p>Detr\u00e1s de la producci\u00f3n est\u00e1n involucrados tres estudios. Participan los hijos de Fangio, Juan Carlos, Rub\u00e9n y Oscar, quienes aportaron aspectos desconocidos de una de las principales leyendas de automovilismo. 8 de Noviembre de 2023 <a class=\"mh-excerpt-more\" href=\"https:\/\/larevistadigital.com.ar\/blog\/comienzan-a-rodar-la-serie-que-narrara-la-vida-de-juan-manuel-fangio\/\" title=\"COMIENZAN A RODAR LA SERIE QUE NARRAR\u00c1 LA VIDA DE JUAN MANUEL FANGIO\">[Leer M\u00e1s]<\/a><\/p>\n<\/div>","protected":false},"author":3,"featured_media":34457,"comment_status":"open","ping_status":"open","sticky":false,"template":"","format":"standard","meta":{"_jetpack_memberships_contains_paid_content":false,"footnotes":"","jetpack_publicize_message":"","jetpack_publicize_feature_enabled":true,"jetpack_social_post_already_shared":true,"jetpack_social_options":{"image_generator_settings":{"template":"highway","default_image_id":0,"font":"","enabled":false},"version":2}},"categories":[50],"tags":[],"class_list":{"0":"post-34456","1":"post","2":"type-post","3":"status-publish","4":"format-standard","5":"has-post-thumbnail","7":"category-interes-general"},"jetpack_publicize_connections":[],"jetpack_featured_media_url":"https:\/\/i0.wp.com\/larevistadigital.com.ar\/blog\/wp-content\/uploads\/20231108173819_juan-manuel-fangio-serie-rodar.jpg?fit=880%2C512&ssl=1","jetpack_sharing_enabled":true,"jetpack_shortlink":"https:\/\/wp.me\/p8qtrQ-8XK","jetpack-related-posts":[{"id":20216,"url":"https:\/\/larevistadigital.com.ar\/blog\/confirman-la-paternidad-de-juan-manuel-fangio-de-un-tercer-hijo\/","url_meta":{"origin":34456,"position":0},"title":"CONFIRMAN LA PATERNIDAD DE JUAN MANUEL FANGIO DE UN TERCER HIJO","author":"Alejandro Sosa Ruda","date":"10 mayo, 2021","format":false,"excerpt":"El ingeniero agr\u00f3nomo Juan Carlos Rodr\u00edguez, fue reconocido como hijo de Juan Manuel Fangio, luego de que los estudios de ADN que le realizaron, arrojaran una probabilidad de paternidad del qu\u00edntuple campe\u00f3n de F\u00f3rmula 1, del 99,9997%. \u201cQuien fuera en vida Fangio Juan Manuel, no puede ser excluido de la\u2026","rel":"","context":"En \u00abINTERES GENERAL\u00bb","block_context":{"text":"INTERES GENERAL","link":"https:\/\/larevistadigital.com.ar\/blog\/category\/interes-general\/"},"img":{"alt_text":"","src":"https:\/\/i0.wp.com\/larevistadigital.com.ar\/blog\/wp-content\/uploads\/20210509172637_juan-rodriguez-fangio-paternidad.jpg?fit=880%2C512&ssl=1&resize=350%2C200","width":350,"height":200,"srcset":"https:\/\/i0.wp.com\/larevistadigital.com.ar\/blog\/wp-content\/uploads\/20210509172637_juan-rodriguez-fangio-paternidad.jpg?fit=880%2C512&ssl=1&resize=350%2C200 1x, https:\/\/i0.wp.com\/larevistadigital.com.ar\/blog\/wp-content\/uploads\/20210509172637_juan-rodriguez-fangio-paternidad.jpg?fit=880%2C512&ssl=1&resize=525%2C300 1.5x, https:\/\/i0.wp.com\/larevistadigital.com.ar\/blog\/wp-content\/uploads\/20210509172637_juan-rodriguez-fangio-paternidad.jpg?fit=880%2C512&ssl=1&resize=700%2C400 2x"},"classes":[]},{"id":23835,"url":"https:\/\/larevistadigital.com.ar\/blog\/balcarce-se-inauguro-la-fiesta-nacional-del-automovilismo-tras-un-ano-de-suspension\/","url_meta":{"origin":34456,"position":1},"title":"BALCARCE: SE INAUGUR\u00d3 LA FIESTA NACIONAL DEL AUTOMOVILISMO, TRAS UN A\u00d1O DE SUSPENSI\u00d3N","author":"Alejandro Sosa Ruda","date":"5 febrero, 2022","format":false,"excerpt":"El intendente de Balcarce, Esteban Reino, dio inicio a la vig\u00e9simo novena edici\u00f3n de la Fiesta Nacional del Automovilismo. \u201cLes quiero decir a los balcarce\u00f1os y a quienes nos visitan que tengan plena seguridad que viviremos una de las mejores fiestas nacionales del pa\u00eds. Es un evento que crece en\u2026","rel":"","context":"En \u00abREGIONALES\u00bb","block_context":{"text":"REGIONALES","link":"https:\/\/larevistadigital.com.ar\/blog\/category\/regionales\/"},"img":{"alt_text":"","src":"https:\/\/i0.wp.com\/larevistadigital.com.ar\/blog\/wp-content\/uploads\/20220204143439_29.jpg?fit=880%2C512&ssl=1&resize=350%2C200","width":350,"height":200,"srcset":"https:\/\/i0.wp.com\/larevistadigital.com.ar\/blog\/wp-content\/uploads\/20220204143439_29.jpg?fit=880%2C512&ssl=1&resize=350%2C200 1x, https:\/\/i0.wp.com\/larevistadigital.com.ar\/blog\/wp-content\/uploads\/20220204143439_29.jpg?fit=880%2C512&ssl=1&resize=525%2C300 1.5x, https:\/\/i0.wp.com\/larevistadigital.com.ar\/blog\/wp-content\/uploads\/20220204143439_29.jpg?fit=880%2C512&ssl=1&resize=700%2C400 2x"},"classes":[]},{"id":8220,"url":"https:\/\/larevistadigital.com.ar\/blog\/92-intendentes-procesados-por-fraude-con-fondos-publicos-en-la-lista-esta-el-intendente-de-castelli-y-el-ex-intendente-de-lezama-entre-otros\/","url_meta":{"origin":34456,"position":2},"title":"92 INTENDENTES PROCESADOS POR FRAUDE CON FONDOS P\u00daBLICOS. EN LA LISTA EST\u00c1 EL INTENDENTE DE CASTELLI Y EL EX INTENDENTE DE LEZAMA ENTRE OTROS","author":"Alejandro Sosa Ruda","date":"7 febrero, 2019","format":false,"excerpt":"Se trata de jefes comunales que estaban en la mira por malversaci\u00f3n de fondos en un proyecto vinculado al tratamiento de residuos.\u00a0 El juez federal Claudio Bonad\u00edo\u00a0proces\u00f3 este jueves a 92 intendentes y exintendentes\u00a0como part\u00edcipes necesarios de un\u00a0supuesto fraude\u00a0en contra de la administraci\u00f3n p\u00fablica, a trav\u00e9s de un programa de\u2026","rel":"","context":"En \u00abPOLITICA\u00bb","block_context":{"text":"POLITICA","link":"https:\/\/larevistadigital.com.ar\/blog\/category\/politica\/"},"img":{"alt_text":"","src":"https:\/\/i0.wp.com\/larevistadigital.com.ar\/blog\/wp-content\/uploads\/2019\/02\/25364-lending-borrowing-money-shake-hands-debt-dollars-business-deal-wide.1200w.tn_.jpg?fit=1200%2C627&ssl=1&resize=350%2C200","width":350,"height":200,"srcset":"https:\/\/i0.wp.com\/larevistadigital.com.ar\/blog\/wp-content\/uploads\/2019\/02\/25364-lending-borrowing-money-shake-hands-debt-dollars-business-deal-wide.1200w.tn_.jpg?fit=1200%2C627&ssl=1&resize=350%2C200 1x, https:\/\/i0.wp.com\/larevistadigital.com.ar\/blog\/wp-content\/uploads\/2019\/02\/25364-lending-borrowing-money-shake-hands-debt-dollars-business-deal-wide.1200w.tn_.jpg?fit=1200%2C627&ssl=1&resize=525%2C300 1.5x, https:\/\/i0.wp.com\/larevistadigital.com.ar\/blog\/wp-content\/uploads\/2019\/02\/25364-lending-borrowing-money-shake-hands-debt-dollars-business-deal-wide.1200w.tn_.jpg?fit=1200%2C627&ssl=1&resize=700%2C400 2x, https:\/\/i0.wp.com\/larevistadigital.com.ar\/blog\/wp-content\/uploads\/2019\/02\/25364-lending-borrowing-money-shake-hands-debt-dollars-business-deal-wide.1200w.tn_.jpg?fit=1200%2C627&ssl=1&resize=1050%2C600 3x"},"classes":[]},{"id":657,"url":"https:\/\/larevistadigital.com.ar\/blog\/bienvenido-vicente-otero-dagorret\/","url_meta":{"origin":34456,"position":3},"title":"\u00a1Bienvenido Vicente Otero Dagorret!","author":"Alejandro Sosa Ruda","date":"7 marzo, 2017","format":false,"excerpt":"Naci\u00f3 el 4 de marzo de 2017 a las 11:22 hs. \u00a0Pes\u00f3 2,700 kg. y midi\u00f3 48 cm. Para felicidad de sus papis y familiares. Nuestra m\u00e1s profunda felicitaci\u00f3n a Juan Ignacio (Juani) Otero, el flamante pap\u00e1 y a Clara Dagorret, su mam\u00e1. Los bisabuelos maternos:\u00a0Juan Carlos Ilzarbe y Ester\u2026","rel":"","context":"En \u00abCHASCOM\u00daS\u00bb","block_context":{"text":"CHASCOM\u00daS","link":"https:\/\/larevistadigital.com.ar\/blog\/category\/chascomus\/"},"img":{"alt_text":"","src":"https:\/\/i0.wp.com\/larevistadigital.com.ar\/blog\/wp-content\/uploads\/2017\/03\/baf6b0da-db51-435d-9de8-f8c87d72f565.jpg?fit=768%2C694&ssl=1&resize=350%2C200","width":350,"height":200,"srcset":"https:\/\/i0.wp.com\/larevistadigital.com.ar\/blog\/wp-content\/uploads\/2017\/03\/baf6b0da-db51-435d-9de8-f8c87d72f565.jpg?fit=768%2C694&ssl=1&resize=350%2C200 1x, https:\/\/i0.wp.com\/larevistadigital.com.ar\/blog\/wp-content\/uploads\/2017\/03\/baf6b0da-db51-435d-9de8-f8c87d72f565.jpg?fit=768%2C694&ssl=1&resize=525%2C300 1.5x, https:\/\/i0.wp.com\/larevistadigital.com.ar\/blog\/wp-content\/uploads\/2017\/03\/baf6b0da-db51-435d-9de8-f8c87d72f565.jpg?fit=768%2C694&ssl=1&resize=700%2C400 2x"},"classes":[]},{"id":7474,"url":"https:\/\/larevistadigital.com.ar\/blog\/se-queda-en-river\/","url_meta":{"origin":34456,"position":4},"title":"SE QUEDA EN RIVER","author":"Alejandro Sosa Ruda","date":"30 diciembre, 2018","format":false,"excerpt":"Un jugador del Campe\u00f3n de Am\u00e9rica ser\u00e1 elegido el mejor de Sudam\u00e9rica en 2018 Como todos los a\u00f1os,\u00a0desde hace 33,el diario El Pa\u00eds, de Uruguay dar\u00e1 a conocer el nombre del mejor futbolista, seg\u00fan los votos de\u00a0varios periodistas del continente (premio\u00a0avalado\u00a0por la Conmebol y en la que participan m\u00e1s de\u2026","rel":"","context":"En \u00abDEPORTES\u00bb","block_context":{"text":"DEPORTES","link":"https:\/\/larevistadigital.com.ar\/blog\/category\/deportes\/"},"img":{"alt_text":"","src":"https:\/\/i0.wp.com\/larevistadigital.com.ar\/blog\/wp-content\/uploads\/2018\/12\/0005588859.jpg?fit=1140%2C750&ssl=1&resize=350%2C200","width":350,"height":200,"srcset":"https:\/\/i0.wp.com\/larevistadigital.com.ar\/blog\/wp-content\/uploads\/2018\/12\/0005588859.jpg?fit=1140%2C750&ssl=1&resize=350%2C200 1x, https:\/\/i0.wp.com\/larevistadigital.com.ar\/blog\/wp-content\/uploads\/2018\/12\/0005588859.jpg?fit=1140%2C750&ssl=1&resize=525%2C300 1.5x, https:\/\/i0.wp.com\/larevistadigital.com.ar\/blog\/wp-content\/uploads\/2018\/12\/0005588859.jpg?fit=1140%2C750&ssl=1&resize=700%2C400 2x, https:\/\/i0.wp.com\/larevistadigital.com.ar\/blog\/wp-content\/uploads\/2018\/12\/0005588859.jpg?fit=1140%2C750&ssl=1&resize=1050%2C600 3x"},"classes":[]},{"id":7175,"url":"https:\/\/larevistadigital.com.ar\/blog\/chascomus-vecina-de-86-anos-concluyo-sus-estudios\/","url_meta":{"origin":34456,"position":5},"title":"CHASCOM\u00daS: VECINA DE 86 A\u00d1OS CONCLUY\u00d3 SUS ESTUDIOS","author":"Alejandro Sosa Ruda","date":"13 diciembre, 2018","format":false,"excerpt":"En una emotiva nota period\u00edstica, durante el programa radial \"Buenos Muchachos\", que conducen Fabian Casales, Marcelo Caggiano y Juan Pablo Sullings, pudo saberse , que una vecina de 86 a\u00f1os, pudo concluir con \u00e9xito y sacrificio sus estudios primarios a trav\u00e9s del Plan Fines. La amiga en cuesti\u00f3n, es\u00a0Alicia Cippoletti,\u2026","rel":"","context":"En \u00abPOLITICA\u00bb","block_context":{"text":"POLITICA","link":"https:\/\/larevistadigital.com.ar\/blog\/category\/politica\/"},"img":{"alt_text":"","src":"https:\/\/i0.wp.com\/larevistadigital.com.ar\/blog\/wp-content\/uploads\/2018\/12\/48191354_2080302228656543_1432292187860631552_n.jpg?fit=650%2C775&ssl=1&resize=350%2C200","width":350,"height":200,"srcset":"https:\/\/i0.wp.com\/larevistadigital.com.ar\/blog\/wp-content\/uploads\/2018\/12\/48191354_2080302228656543_1432292187860631552_n.jpg?fit=650%2C775&ssl=1&resize=350%2C200 1x, https:\/\/i0.wp.com\/larevistadigital.com.ar\/blog\/wp-content\/uploads\/2018\/12\/48191354_2080302228656543_1432292187860631552_n.jpg?fit=650%2C775&ssl=1&resize=525%2C300 1.5x"},"classes":[]}],"_links":{"self":[{"href":"https:\/\/larevistadigital.com.ar\/blog\/wp-json\/wp\/v2\/posts\/34456","targetHints":{"allow":["GET"]}}],"collection":[{"href":"https:\/\/larevistadigital.com.ar\/blog\/wp-json\/wp\/v2\/posts"}],"about":[{"href":"https:\/\/larevistadigital.com.ar\/blog\/wp-json\/wp\/v2\/types\/post"}],"author":[{"embeddable":true,"href":"https:\/\/larevistadigital.com.ar\/blog\/wp-json\/wp\/v2\/users\/3"}],"replies":[{"embeddable":true,"href":"https:\/\/larevistadigital.com.ar\/blog\/wp-json\/wp\/v2\/comments?post=34456"}],"version-history":[{"count":1,"href":"https:\/\/larevistadigital.com.ar\/blog\/wp-json\/wp\/v2\/posts\/34456\/revisions"}],"predecessor-version":[{"id":34458,"href":"https:\/\/larevistadigital.com.ar\/blog\/wp-json\/wp\/v2\/posts\/34456\/revisions\/34458"}],"wp:featuredmedia":[{"embeddable":true,"href":"https:\/\/larevistadigital.com.ar\/blog\/wp-json\/wp\/v2\/media\/34457"}],"wp:attachment":[{"href":"https:\/\/larevistadigital.com.ar\/blog\/wp-json\/wp\/v2\/media?parent=34456"}],"wp:term":[{"taxonomy":"category","embeddable":true,"href":"https:\/\/larevistadigital.com.ar\/blog\/wp-json\/wp\/v2\/categories?post=34456"},{"taxonomy":"post_tag","embeddable":true,"href":"https:\/\/larevistadigital.com.ar\/blog\/wp-json\/wp\/v2\/tags?post=34456"}],"curies":[{"name":"wp","href":"https:\/\/api.w.org\/{rel}","templated":true}]}}