{"id":34459,"date":"2023-11-08T20:56:16","date_gmt":"2023-11-08T23:56:16","guid":{"rendered":"https:\/\/larevistadigital.com.ar\/blog\/?p=34459"},"modified":"2023-11-08T20:56:16","modified_gmt":"2023-11-08T23:56:16","slug":"femicidio-en-daireaux-asesino-a-punaladas-a-la-madre-de-sus-hijos-y-se-entrego","status":"publish","type":"post","link":"https:\/\/larevistadigital.com.ar\/blog\/femicidio-en-daireaux-asesino-a-punaladas-a-la-madre-de-sus-hijos-y-se-entrego\/","title":{"rendered":"FEMICIDIO EN DAIREAUX: ASESIN\u00d3 A PU\u00d1ALADAS A LA MADRE DE SUS HIJOS Y SE ENTREG\u00d3"},"content":{"rendered":"<h2 class=\"fparrafo ctext fz18 lh25\">El hecho fue descubierto cuando un hombre identificado como Juan Adriel (40) se present\u00f3 en la guardia de la Estaci\u00f3n Comunal de Polic\u00eda de Daireaux y confes\u00f3 que hab\u00eda asesinado a su expareja, con quien ten\u00eda cuatro hijos en com\u00fan de entre 1 y 9 a\u00f1os.<\/h2>\n<p>8 de Noviembre de 2023<\/p>\n<p><strong>DAIREAUX &#8211; <\/strong>\u00a0Un hombre asesin\u00f3 de al menos una pu\u00f1alada a su expareja de 27 a\u00f1os en Daireaux con quien ten\u00eda cuatro hijos. La v\u00edctima lo hab\u00eda denunciado d\u00edas atr\u00e1s y el femicida ten\u00eda prohibici\u00f3n de acercamiento.<\/p>\n<blockquote>\n<h3>El hecho fue descubierto minutos antes de las 9, cuando un hombre identificado como Juan Adriel (40) se present\u00f3 en la guardia de la Estaci\u00f3n Comunal de Polic\u00eda de Daireaux y confes\u00f3 que hab\u00eda asesinado a su expareja, Griselda Fuentes (27), con quien ten\u00eda cuatro hijos en com\u00fan de entre 1 y 9 a\u00f1os.<\/h3>\n<\/blockquote>\n<p>Fuentes policiales y judiciales informaron que los efectivos de esa dependencia se dirigieron hasta la casa de la v\u00edctima, donde la hallaron asesinada de al menos una pu\u00f1alada a la altura del t\u00f3rax.<\/p>\n<blockquote>\n<h3>Adem\u00e1s, en el domicilio los pesquisas secuestraron la cuchilla que creen que utiliz\u00f3 el asesino. El femicida asegur\u00f3 que la hab\u00eda asesinado luego de enterarse de que ella hab\u00eda iniciado una nueva relaci\u00f3n sentimental.<\/h3>\n<\/blockquote>\n<p>La joven hace unos d\u00edas hab\u00eda realizado una denuncia por violencia de g\u00e9nero en el Juzgado de Paz por lo que exist\u00eda una medida prohibici\u00f3n de acercamiento. Sin embargo, Adriel y Fuentes hab\u00edan llegado a un acuerdo personal por motivos relacionados a la crianza de sus hijos.<\/p>\n<blockquote>\n<h3>La causa qued\u00f3 a cargo del fiscal Fabio Arcomano, a cargo de la Unidad Funcional de Instrucci\u00f3n y Juicio (UFIJ) 6 del Departamento Judicial Trenque Lauquen, quien aguardaba los resultados de la autopsia.<\/h3>\n<\/blockquote>\n<p>El representante del Ministerio P\u00fablico, quien se hizo presente en el lugar del ataque, le tomar\u00e1 ma\u00f1ana por la tarde la declaraci\u00f3n indagatoria al imputado por el delito de \u201chomicidio agravado por el v\u00ednculo y en contexto de violencia de g\u00e9nero\u201d. (<b>InfoGEI<\/b>) Mg<\/p>\n","protected":false},"excerpt":{"rendered":"<div class=\"mh-excerpt\"><p>El hecho fue descubierto cuando un hombre identificado como Juan Adriel (40) se present\u00f3 en la guardia de la Estaci\u00f3n Comunal de Polic\u00eda de Daireaux y confes\u00f3 que hab\u00eda asesinado a su expareja, con quien <a class=\"mh-excerpt-more\" href=\"https:\/\/larevistadigital.com.ar\/blog\/femicidio-en-daireaux-asesino-a-punaladas-a-la-madre-de-sus-hijos-y-se-entrego\/\" title=\"FEMICIDIO EN DAIREAUX: ASESIN\u00d3 A PU\u00d1ALADAS A LA MADRE DE SUS HIJOS Y SE ENTREG\u00d3\">[Leer M\u00e1s]<\/a><\/p>\n<\/div>","protected":false},"author":3,"featured_media":34460,"comment_status":"open","ping_status":"open","sticky":false,"template":"","format":"standard","meta":{"_jetpack_memberships_contains_paid_content":false,"footnotes":"","jetpack_publicize_message":"","jetpack_publicize_feature_enabled":true,"jetpack_social_post_already_shared":true,"jetpack_social_options":{"image_generator_settings":{"template":"highway","default_image_id":0,"font":"","enabled":false},"version":2}},"categories":[44,51],"tags":[],"class_list":{"0":"post-34459","1":"post","2":"type-post","3":"status-publish","4":"format-standard","5":"has-post-thumbnail","7":"category-policiales","8":"category-regionales"},"jetpack_publicize_connections":[],"jetpack_featured_media_url":"https:\/\/i0.wp.com\/larevistadigital.com.ar\/blog\/wp-content\/uploads\/20231108144811_dero.jpg?fit=880%2C512&ssl=1","jetpack_sharing_enabled":true,"jetpack_shortlink":"https:\/\/wp.me\/p8qtrQ-8XN","jetpack-related-posts":[{"id":35402,"url":"https:\/\/larevistadigital.com.ar\/blog\/la-plata-doble-homicidio-sangriento-un-hombre-mato-a-una-nena-de-11-anos-e-hirio-a-la-mama-que-a-su-vez-lo-asesino-a-tiros\/","url_meta":{"origin":34459,"position":0},"title":"LA PLATA: DOBLE HOMICIDIO SANGRIENTO. UN HOMBRE MAT\u00d3 A UNA NENA DE 11 A\u00d1OS E HIRI\u00d3 A LA MAM\u00c1, QUE A SU VEZ LO ASESIN\u00d3 A TIROS","author":"Alejandro Sosa Ruda","date":"7 marzo, 2024","format":false,"excerpt":"El asesino irrumpi\u00f3 en la casa de su expareja y comenz\u00f3 a dispararle a ella, la peque\u00f1a y el actual novio de la mujer, quien le quit\u00f3 el arma y lo mat\u00f3. 6 de marzo de 2024 LA PLATA -\u00a0 \"Un brutal ataque en La Plata se convirti\u00f3 en tragedia\u2026","rel":"","context":"En \u00abINTERES GENERAL\u00bb","block_context":{"text":"INTERES GENERAL","link":"https:\/\/larevistadigital.com.ar\/blog\/category\/interes-general\/"},"img":{"alt_text":"","src":"https:\/\/i0.wp.com\/larevistadigital.com.ar\/blog\/wp-content\/uploads\/Captura-de-pantalla-2024-03-06-090715.png?fit=895%2C401&ssl=1&resize=350%2C200","width":350,"height":200,"srcset":"https:\/\/i0.wp.com\/larevistadigital.com.ar\/blog\/wp-content\/uploads\/Captura-de-pantalla-2024-03-06-090715.png?fit=895%2C401&ssl=1&resize=350%2C200 1x, https:\/\/i0.wp.com\/larevistadigital.com.ar\/blog\/wp-content\/uploads\/Captura-de-pantalla-2024-03-06-090715.png?fit=895%2C401&ssl=1&resize=525%2C300 1.5x, https:\/\/i0.wp.com\/larevistadigital.com.ar\/blog\/wp-content\/uploads\/Captura-de-pantalla-2024-03-06-090715.png?fit=895%2C401&ssl=1&resize=700%2C400 2x"},"classes":[]},{"id":26210,"url":"https:\/\/larevistadigital.com.ar\/blog\/coronel-dorrego-otro-camionero-atacado-por-eludir-el-piquete\/","url_meta":{"origin":34459,"position":1},"title":"CORONEL DORREGO: OTRO CAMIONERO ATACADO POR ELUDIR EL PIQUETE.","author":"Alejandro Sosa Ruda","date":"30 junio, 2022","format":false,"excerpt":"Mientras la justicia resuelve la causa por el camionero asesinado sobre la Ruta Provincial 65, a la altura de Daireaux, manifestantes del ret\u00e9n que se encuentra en el cruce de las rutas N\u00b03 y N\u00b0 72, a la altura de Coronel Dorrego, atacaron con neum\u00e1ticos a otro transportista cuando quiso\u2026","rel":"","context":"En \u00abINTERES GENERAL\u00bb","block_context":{"text":"INTERES GENERAL","link":"https:\/\/larevistadigital.com.ar\/blog\/category\/interes-general\/"},"img":{"alt_text":"","src":"https:\/\/i0.wp.com\/larevistadigital.com.ar\/blog\/wp-content\/uploads\/20220630172420_camionataque-dorrego.jpg?fit=880%2C512&ssl=1&resize=350%2C200","width":350,"height":200,"srcset":"https:\/\/i0.wp.com\/larevistadigital.com.ar\/blog\/wp-content\/uploads\/20220630172420_camionataque-dorrego.jpg?fit=880%2C512&ssl=1&resize=350%2C200 1x, https:\/\/i0.wp.com\/larevistadigital.com.ar\/blog\/wp-content\/uploads\/20220630172420_camionataque-dorrego.jpg?fit=880%2C512&ssl=1&resize=525%2C300 1.5x, https:\/\/i0.wp.com\/larevistadigital.com.ar\/blog\/wp-content\/uploads\/20220630172420_camionataque-dorrego.jpg?fit=880%2C512&ssl=1&resize=700%2C400 2x"},"classes":[]},{"id":32184,"url":"https:\/\/larevistadigital.com.ar\/blog\/policia-bonaerense-mato-a-su-ex-pareja-y-su-ex-cunada-a-balazos\/","url_meta":{"origin":34459,"position":2},"title":"POLIC\u00cdA BONAERENSE MAT\u00d3 A SU EX PAREJA Y SU EX CU\u00d1ADA A BALAZOS.","author":"Alejandro Sosa Ruda","date":"30 junio, 2023","format":false,"excerpt":"Una mujer y su hermana fueron asesinadas a balazos por un polic\u00eda bonaerense, expareja de una de ellas y sobre quien pesaban denuncias por violencia de g\u00e9nero. 30 de junio de 2023 LA PLATA -\u00a0 En la localidad bonaerense de Arturo Segu\u00ed, partido de La Plata, se produjo un tr\u00e1gico\u2026","rel":"","context":"En \u00abINTERES GENERAL\u00bb","block_context":{"text":"INTERES GENERAL","link":"https:\/\/larevistadigital.com.ar\/blog\/category\/interes-general\/"},"img":{"alt_text":"","src":"https:\/\/i0.wp.com\/larevistadigital.com.ar\/blog\/wp-content\/uploads\/20230313183828_patrullero2-1.jpg?fit=880%2C512&ssl=1&resize=350%2C200","width":350,"height":200,"srcset":"https:\/\/i0.wp.com\/larevistadigital.com.ar\/blog\/wp-content\/uploads\/20230313183828_patrullero2-1.jpg?fit=880%2C512&ssl=1&resize=350%2C200 1x, https:\/\/i0.wp.com\/larevistadigital.com.ar\/blog\/wp-content\/uploads\/20230313183828_patrullero2-1.jpg?fit=880%2C512&ssl=1&resize=525%2C300 1.5x, https:\/\/i0.wp.com\/larevistadigital.com.ar\/blog\/wp-content\/uploads\/20230313183828_patrullero2-1.jpg?fit=880%2C512&ssl=1&resize=700%2C400 2x"},"classes":[]},{"id":13449,"url":"https:\/\/larevistadigital.com.ar\/blog\/lo-cito-por-tinder-lo-asesino-y-escondio-el-cuerpo-en-una-pileta-confeso-y-quedo-preso\/","url_meta":{"origin":34459,"position":3},"title":"LO CIT\u00d3 POR TINDER, LO ASESIN\u00d3 Y ESCONDI\u00d3 EL CUERPO EN UNA PILETA: CONFES\u00d3 Y QUED\u00d3 PRESO","author":"Alejandro Sosa Ruda","date":"3 diciembre, 2019","format":false,"excerpt":"El crimen ocurri\u00f3 la semana pasada. El hombre asesinado ten\u00eda 35 a\u00f1os y recibi\u00f3 un disparo de una pistola calibre 9 mm. Un hombre de 35 a\u00f1os asesin\u00f3 a balazos a otro y trat\u00f3 de esconder el cad\u00e1ver con una manta en el interior de una pileta en Villa Adelina,\u2026","rel":"","context":"En \u00abINTERES GENERAL\u00bb","block_context":{"text":"INTERES GENERAL","link":"https:\/\/larevistadigital.com.ar\/blog\/category\/interes-general\/"},"img":{"alt_text":"","src":"https:\/\/i0.wp.com\/larevistadigital.com.ar\/blog\/wp-content\/uploads\/72257.jpg?fit=880%2C586&ssl=1&resize=350%2C200","width":350,"height":200,"srcset":"https:\/\/i0.wp.com\/larevistadigital.com.ar\/blog\/wp-content\/uploads\/72257.jpg?fit=880%2C586&ssl=1&resize=350%2C200 1x, https:\/\/i0.wp.com\/larevistadigital.com.ar\/blog\/wp-content\/uploads\/72257.jpg?fit=880%2C586&ssl=1&resize=525%2C300 1.5x, https:\/\/i0.wp.com\/larevistadigital.com.ar\/blog\/wp-content\/uploads\/72257.jpg?fit=880%2C586&ssl=1&resize=700%2C400 2x"},"classes":[]},{"id":28684,"url":"https:\/\/larevistadigital.com.ar\/blog\/tigre-salio-de-la-carcel-hace-tres-meses\/","url_meta":{"origin":34459,"position":4},"title":"TIGRE: SALI\u00d3 DE LA CARCEL HACE TRES MESES Y APU\u00d1AL\u00d3 A SU PAREJA","author":"Alejandro Sosa Ruda","date":"31 octubre, 2022","format":false,"excerpt":"El jueves por la tarde, un hombre identificado como Emilio Juan Garc\u00eda (33) hiri\u00f3 con una cuchilla a su expareja de 31 a\u00f1os y la amenaz\u00f3 de muerte. Hab\u00eda salido de prisi\u00f3n hace 90 d\u00edas por una causa de violencia de g\u00e9nero. 30 de octubre de 2022 TIGRE -\u00a0\u00a0Efectivos del\u2026","rel":"","context":"En \u00abPOLICIALES\u00bb","block_context":{"text":"POLICIALES","link":"https:\/\/larevistadigital.com.ar\/blog\/category\/policiales\/"},"img":{"alt_text":"POLIC\u00cdA","src":"https:\/\/i0.wp.com\/larevistadigital.com.ar\/blog\/wp-content\/uploads\/POLICIA-3.jpg?fit=880%2C512&ssl=1&resize=350%2C200","width":350,"height":200,"srcset":"https:\/\/i0.wp.com\/larevistadigital.com.ar\/blog\/wp-content\/uploads\/POLICIA-3.jpg?fit=880%2C512&ssl=1&resize=350%2C200 1x, https:\/\/i0.wp.com\/larevistadigital.com.ar\/blog\/wp-content\/uploads\/POLICIA-3.jpg?fit=880%2C512&ssl=1&resize=525%2C300 1.5x, https:\/\/i0.wp.com\/larevistadigital.com.ar\/blog\/wp-content\/uploads\/POLICIA-3.jpg?fit=880%2C512&ssl=1&resize=700%2C400 2x"},"classes":[]},{"id":29890,"url":"https:\/\/larevistadigital.com.ar\/blog\/moreno-terrible-femicidio-dijo-que-su-mujer-estaba-secuestrada-y-pedian-100-mil-dolares-pero-la-habia-descuartizado\/","url_meta":{"origin":34459,"position":5},"title":"MORENO: SANGRIENTO FEMICIDIO. DIJO QUE SU MUJER ESTABA SECUESTRADA Y PED\u00cdAN 100 MIL DOLARES, PERO LA HAB\u00cdA DESCUARTIZADO","author":"Alejandro Sosa Ruda","date":"22 enero, 2023","format":false,"excerpt":"Se trata de Nilda Rosa Gonz\u00e1lez Ojeda (29). El atacante confes\u00f3 que la hab\u00eda matado tras una pelea por una infidelidad. Ten\u00edan cinco hijos. 21 de enero de 2023 MORENO -\u00a0 Un hombre fue a denunciar la desaparici\u00f3n de su mujer, argumentando que hab\u00eda sido secuestrada y que le ped\u00edan\u2026","rel":"","context":"En \u00abINTERES GENERAL\u00bb","block_context":{"text":"INTERES GENERAL","link":"https:\/\/larevistadigital.com.ar\/blog\/category\/interes-general\/"},"img":{"alt_text":"","src":"https:\/\/i0.wp.com\/larevistadigital.com.ar\/blog\/wp-content\/uploads\/femicidio-Moreno.jpg?fit=860%2C457&ssl=1&resize=350%2C200","width":350,"height":200,"srcset":"https:\/\/i0.wp.com\/larevistadigital.com.ar\/blog\/wp-content\/uploads\/femicidio-Moreno.jpg?fit=860%2C457&ssl=1&resize=350%2C200 1x, https:\/\/i0.wp.com\/larevistadigital.com.ar\/blog\/wp-content\/uploads\/femicidio-Moreno.jpg?fit=860%2C457&ssl=1&resize=525%2C300 1.5x, https:\/\/i0.wp.com\/larevistadigital.com.ar\/blog\/wp-content\/uploads\/femicidio-Moreno.jpg?fit=860%2C457&ssl=1&resize=700%2C400 2x"},"classes":[]}],"_links":{"self":[{"href":"https:\/\/larevistadigital.com.ar\/blog\/wp-json\/wp\/v2\/posts\/34459","targetHints":{"allow":["GET"]}}],"collection":[{"href":"https:\/\/larevistadigital.com.ar\/blog\/wp-json\/wp\/v2\/posts"}],"about":[{"href":"https:\/\/larevistadigital.com.ar\/blog\/wp-json\/wp\/v2\/types\/post"}],"author":[{"embeddable":true,"href":"https:\/\/larevistadigital.com.ar\/blog\/wp-json\/wp\/v2\/users\/3"}],"replies":[{"embeddable":true,"href":"https:\/\/larevistadigital.com.ar\/blog\/wp-json\/wp\/v2\/comments?post=34459"}],"version-history":[{"count":1,"href":"https:\/\/larevistadigital.com.ar\/blog\/wp-json\/wp\/v2\/posts\/34459\/revisions"}],"predecessor-version":[{"id":34461,"href":"https:\/\/larevistadigital.com.ar\/blog\/wp-json\/wp\/v2\/posts\/34459\/revisions\/34461"}],"wp:featuredmedia":[{"embeddable":true,"href":"https:\/\/larevistadigital.com.ar\/blog\/wp-json\/wp\/v2\/media\/34460"}],"wp:attachment":[{"href":"https:\/\/larevistadigital.com.ar\/blog\/wp-json\/wp\/v2\/media?parent=34459"}],"wp:term":[{"taxonomy":"category","embeddable":true,"href":"https:\/\/larevistadigital.com.ar\/blog\/wp-json\/wp\/v2\/categories?post=34459"},{"taxonomy":"post_tag","embeddable":true,"href":"https:\/\/larevistadigital.com.ar\/blog\/wp-json\/wp\/v2\/tags?post=34459"}],"curies":[{"name":"wp","href":"https:\/\/api.w.org\/{rel}","templated":true}]}}