{"id":34462,"date":"2023-11-08T21:05:10","date_gmt":"2023-11-09T00:05:10","guid":{"rendered":"https:\/\/larevistadigital.com.ar\/blog\/?p=34462"},"modified":"2023-11-08T21:05:10","modified_gmt":"2023-11-09T00:05:10","slug":"continua-la-inscripcion-para-los-creditos-buenos-aires-crea-aqui-los-plazos-y-los-requisitos","status":"publish","type":"post","link":"https:\/\/larevistadigital.com.ar\/blog\/continua-la-inscripcion-para-los-creditos-buenos-aires-crea-aqui-los-plazos-y-los-requisitos\/","title":{"rendered":"CONTIN\u00daA LA INSCRIPCI\u00d3N PARA LOS CR\u00c9DITOS BUENOS AIRES CREA. AQU\u00cd LOS PLAZOS Y LOS REQUISITOS"},"content":{"rendered":"<h2 class=\"nota__hero__summary\">Los prestamos est\u00e1n destinados a la refacci\u00f3n y ampliaci\u00f3n de viviendas en los 135 municipios.<\/h2>\n<p>8 de Noviembre de 2023<\/p>\n<p><strong>BUENOS AIRES &#8211;\u00a0 <\/strong>El Gobierno bonaerense extendi\u00f3 hasta el\u00a0<strong>21 de noviembre<\/strong>\u00a0la inscripci\u00f3n para el programa de cr\u00e9ditos\u00a0<strong>Buenos Aires CREA<\/strong>, destinados a la refacci\u00f3n y ampliaci\u00f3n de viviendas.<\/p>\n<p>Inicialmente, la fecha l\u00edmite para anotarse era el martes 7, pero debido a la cantidad de consultas,\u00a0<strong>se decidi\u00f3 prorrogar el plazo por quince d\u00edas<\/strong>, por lo que las familias interesadas contar\u00e1n con m\u00e1s tiempo para inscribirse, a trav\u00e9s de la p\u00e1gina web a la que se accede a trav\u00e9s de este\u00a0<a href=\"https:\/\/buenosairescrea.gba.gob.ar\/\" target=\"_blank\" rel=\"noopener\">link<\/a>.<\/p>\n<p><strong>El programa Buenos Aires CREA ofrece tres l\u00edneas de financiamiento:<\/strong><\/p>\n<p>-De\u00a0<strong>refacciones menores<\/strong>, por un monto m\u00e1ximo de 1.560 UVIs, que al mes de noviembre equivalen a\u00a0<strong>$530.478;<\/strong><\/p>\n<p>-De refacciones\u00a0<strong>mayores<\/strong>, equivalente a 3.120 UVIs, que corresponden a\u00a0<strong>$1.060.956<\/strong>;<\/p>\n<p>-De\u00a0<strong>ampliaci\u00f3n<\/strong>, con un m\u00e1ximo de 6.240 UVIs, que equivalen a\u00a0<strong>$2.121.912<\/strong>.<\/p>\n<blockquote>\n<h3>Con respecto a las condiciones de acceso a los cr\u00e9ditos,<strong>\u00a0el plazo de devoluci\u00f3n es de 3 a 6 a\u00f1os<\/strong>\u00a0y se estipula un per\u00edodo de entre 6 a 12 meses para comenzar a pagar las cuotas, de acuerdo a la l\u00ednea de financiamiento elegida.<\/h3>\n<\/blockquote>\n<p>La cuota se actualizar\u00e1 a trav\u00e9s de la f\u00f3rmula HogarBA, un coeficiente que\u00a0<strong>garantiza que el monto a pagar no supere el aumento<\/strong>\u00a0promedio de los salarios.<\/p>\n<p>Por otro lado, el programa define grupos prioritarios para la adjudicaci\u00f3n, como\u00a0<strong>familias numerosas\u00a0<\/strong>o integradas por personas con\u00a0<strong>discapacidad<\/strong>; hogares monoparentales con ni\u00f1os, ni\u00f1as y adolescentes; hogares en barrios con situaci\u00f3n de vulnerabilidad social o ambiental; personas en situaci\u00f3n de violencia de g\u00e9nero y personas trans.<\/p>\n<p><span style=\"color: #ff0000\"><strong>REQUISITOS<\/strong><\/span><\/p>\n<p><strong>-Poseer DNI argentino y residir en la Provincia de Buenos Aires al menos 2 a\u00f1os.<\/strong><\/p>\n<p><strong>-Tener entre 18 a 70 a\u00f1os al momento de la inscripci\u00f3n.<\/strong><\/p>\n<p><strong>-Habitar el hogar donde se realizar\u00e1 la obra.<\/strong><\/p>\n<p><strong>-Ser propietaria\/o, inquilina\/o o habitar una casa en pr\u00e9stamo.<\/strong><\/p>\n<p><strong>-Acreditar ingresos por un monto de entre 1 a 5 salarios m\u00ednimos.<\/strong><\/p>\n<p><strong>-En caso de no poder acreditar ingresos, presentar una declaraci\u00f3n jurada que demuestre consumos a trav\u00e9s de los res\u00famenes pagos de la tarjeta de cr\u00e9dito del \u00faltimo a\u00f1o.<\/strong><\/p>\n<p><strong>-S\u00f3lo se podr\u00e1 completar una solicitud por grupo familiar, pudiendo sumarse los ingresos de hasta dos integrantes.<\/strong><\/p>\n","protected":false},"excerpt":{"rendered":"<div class=\"mh-excerpt\"><p>Los prestamos est\u00e1n destinados a la refacci\u00f3n y ampliaci\u00f3n de viviendas en los 135 municipios. 8 de Noviembre de 2023 BUENOS AIRES &#8211;\u00a0 El Gobierno bonaerense extendi\u00f3 hasta el\u00a021 de noviembre\u00a0la inscripci\u00f3n para el programa <a class=\"mh-excerpt-more\" href=\"https:\/\/larevistadigital.com.ar\/blog\/continua-la-inscripcion-para-los-creditos-buenos-aires-crea-aqui-los-plazos-y-los-requisitos\/\" title=\"CONTIN\u00daA LA INSCRIPCI\u00d3N PARA LOS CR\u00c9DITOS BUENOS AIRES CREA. AQU\u00cd LOS PLAZOS Y LOS REQUISITOS\">[Leer M\u00e1s]<\/a><\/p>\n<\/div>","protected":false},"author":3,"featured_media":34463,"comment_status":"open","ping_status":"open","sticky":false,"template":"","format":"standard","meta":{"_jetpack_memberships_contains_paid_content":false,"footnotes":"","jetpack_publicize_message":"","jetpack_publicize_feature_enabled":true,"jetpack_social_post_already_shared":true,"jetpack_social_options":{"image_generator_settings":{"template":"highway","default_image_id":0,"font":"","enabled":false},"version":2}},"categories":[51],"tags":[],"class_list":{"0":"post-34462","1":"post","2":"type-post","3":"status-publish","4":"format-standard","5":"has-post-thumbnail","7":"category-regionales"},"jetpack_publicize_connections":[],"jetpack_featured_media_url":"https:\/\/i0.wp.com\/larevistadigital.com.ar\/blog\/wp-content\/uploads\/crea.jpg?fit=1080%2C1079&ssl=1","jetpack_sharing_enabled":true,"jetpack_shortlink":"https:\/\/wp.me\/p8qtrQ-8XQ","jetpack-related-posts":[{"id":26741,"url":"https:\/\/larevistadigital.com.ar\/blog\/a-tasa-cero-programa-de-creditos-buenos-aires-crea-para-refaccion-y-ampliacion-de-viviendas\/","url_meta":{"origin":34462,"position":0},"title":"(A TASA CERO) PROGRAMA DE CR\u00c9DITOS \u00abBUENOS AIRES CREA\u00bb PARA REFACCI\u00d3N Y AMPLIACI\u00d3N DE VIVIENDAS","author":"Alejandro Sosa Ruda","date":"20 julio, 2022","format":false,"excerpt":"El gobernador de la provincia de Buenos Aires, Axel Kicillof, encabez\u00f3 este martes en Alberti, la presentaci\u00f3n del programa Buenos Aires Crea, que otorgar\u00e1 cr\u00e9ditos a tasa 0% de inter\u00e9s para la reforma, refacci\u00f3n y ampliaci\u00f3n de viviendas. \u201cEste es un programa que podemos impulsar a partir de la recuperaci\u00f3n\u2026","rel":"","context":"En \u00abINTERES GENERAL\u00bb","block_context":{"text":"INTERES GENERAL","link":"https:\/\/larevistadigital.com.ar\/blog\/category\/interes-general\/"},"img":{"alt_text":"","src":"https:\/\/i0.wp.com\/larevistadigital.com.ar\/blog\/wp-content\/uploads\/20220719175951_kicillof-programa-creditos-buenos-aires-crea.jpg?fit=880%2C512&ssl=1&resize=350%2C200","width":350,"height":200,"srcset":"https:\/\/i0.wp.com\/larevistadigital.com.ar\/blog\/wp-content\/uploads\/20220719175951_kicillof-programa-creditos-buenos-aires-crea.jpg?fit=880%2C512&ssl=1&resize=350%2C200 1x, https:\/\/i0.wp.com\/larevistadigital.com.ar\/blog\/wp-content\/uploads\/20220719175951_kicillof-programa-creditos-buenos-aires-crea.jpg?fit=880%2C512&ssl=1&resize=525%2C300 1.5x, https:\/\/i0.wp.com\/larevistadigital.com.ar\/blog\/wp-content\/uploads\/20220719175951_kicillof-programa-creditos-buenos-aires-crea.jpg?fit=880%2C512&ssl=1&resize=700%2C400 2x"},"classes":[]},{"id":36833,"url":"https:\/\/larevistadigital.com.ar\/blog\/el-gobierno-de-la-provincia-de-buenos-aires-extendio-el-programa-licencia-joven-para-estudiantes-secundarios\/","url_meta":{"origin":34462,"position":1},"title":"EL GOBIERNO DE LA PROVINCIA DE BUENOS AIRES EXTENDI\u00d3 EL PROGRAMA \u00abLICENCIA JOVEN\u00bb PARA ESTUDIANTES SECUNDARIOS","author":"Alejandro Sosa Ruda","date":"30 julio, 2024","format":false,"excerpt":"A trav\u00e9s de esta propuesta, alumnos y alumnas del \u00faltimo a\u00f1o del nivel educativo pueden realizar capacitaciones virtuales para tramitar la licencia de conducir. 30 de Julio de 2024 CHASCOM\u00daS -\u00a0 El gobierno de la provincia de Buenos Aires determin\u00f3 extender hasta el 13 de septiembre el plazo para que\u2026","rel":"","context":"En \u00abINTERES GENERAL\u00bb","block_context":{"text":"INTERES GENERAL","link":"https:\/\/larevistadigital.com.ar\/blog\/category\/interes-general\/"},"img":{"alt_text":"","src":"https:\/\/i0.wp.com\/larevistadigital.com.ar\/blog\/wp-content\/uploads\/66a91d0ed747e.png?fit=668%2C445&ssl=1&resize=350%2C200","width":350,"height":200,"srcset":"https:\/\/i0.wp.com\/larevistadigital.com.ar\/blog\/wp-content\/uploads\/66a91d0ed747e.png?fit=668%2C445&ssl=1&resize=350%2C200 1x, https:\/\/i0.wp.com\/larevistadigital.com.ar\/blog\/wp-content\/uploads\/66a91d0ed747e.png?fit=668%2C445&ssl=1&resize=525%2C300 1.5x"},"classes":[]},{"id":36496,"url":"https:\/\/larevistadigital.com.ar\/blog\/los-lapices-siguen-escribiendo-en-la-provincia-de-buenos-aires\/","url_meta":{"origin":34462,"position":2},"title":"\u00abLOS L\u00c1PICES SIGUEN ESCRIBIENDO\u00bb EN LA PROVINCIA DE BUENOS AIRES.","author":"Alejandro Sosa Ruda","date":"30 junio, 2024","format":false,"excerpt":"Desde la Coordinaci\u00f3n de Juventudes de la Presidencia del Senado de la Provincia de Buenos Aires, invitan a j\u00f3venes bonaerenses a participar de un concurso art\u00edstico cultural, en homenaje a Mar\u00eda Claudia Falcone, la estudiante platense que el 16 de septiembre de 1976 en la denominada \u201cNoche de los L\u00e1pices\u201d,\u2026","rel":"","context":"En \u00abINTERES GENERAL\u00bb","block_context":{"text":"INTERES GENERAL","link":"https:\/\/larevistadigital.com.ar\/blog\/category\/interes-general\/"},"img":{"alt_text":"","src":"https:\/\/i0.wp.com\/larevistadigital.com.ar\/blog\/wp-content\/uploads\/20240629155441_concurso-artistico-cultural.jpg?fit=880%2C512&ssl=1&resize=350%2C200","width":350,"height":200,"srcset":"https:\/\/i0.wp.com\/larevistadigital.com.ar\/blog\/wp-content\/uploads\/20240629155441_concurso-artistico-cultural.jpg?fit=880%2C512&ssl=1&resize=350%2C200 1x, https:\/\/i0.wp.com\/larevistadigital.com.ar\/blog\/wp-content\/uploads\/20240629155441_concurso-artistico-cultural.jpg?fit=880%2C512&ssl=1&resize=525%2C300 1.5x, https:\/\/i0.wp.com\/larevistadigital.com.ar\/blog\/wp-content\/uploads\/20240629155441_concurso-artistico-cultural.jpg?fit=880%2C512&ssl=1&resize=700%2C400 2x"},"classes":[]},{"id":29703,"url":"https:\/\/larevistadigital.com.ar\/blog\/abrira-la-inscripcion-para-acceder-a-viviendas-con-el-procrear-2\/","url_meta":{"origin":34462,"position":3},"title":"ABRIR\u00c1 LA INSCRIPCI\u00d3N PARA ACCEDER A VIVIENDAS CON EL  \u00abPROCREAR 2\u00bb","author":"Alejandro Sosa Ruda","date":"29 diciembre, 2022","format":false,"excerpt":"El Ministerio de Desarrollo Territorial y H\u00e1bitat, que conduce Santiago Maggiotti, anuncia que abrir\u00e1 el primer lunes de 2023 una nueva inscripci\u00f3n para acceder a 635 viviendas de 37 Desarrollos Urban\u00edsticos Procrear II, que se encuentran ubicados en 17 provincias del pa\u00eds. 29 de diciembre de 2022 A partir del\u2026","rel":"","context":"En \u00abINTERES GENERAL\u00bb","block_context":{"text":"INTERES GENERAL","link":"https:\/\/larevistadigital.com.ar\/blog\/category\/interes-general\/"},"img":{"alt_text":"","src":"https:\/\/i0.wp.com\/larevistadigital.com.ar\/blog\/wp-content\/uploads\/20221229193429_el-ministerio-de-desarrollo-territorial-y-habitat-abrira-la-inscripcion-para-acceder-a-viviendas-de-procrear-ii.jpg?fit=880%2C512&ssl=1&resize=350%2C200","width":350,"height":200,"srcset":"https:\/\/i0.wp.com\/larevistadigital.com.ar\/blog\/wp-content\/uploads\/20221229193429_el-ministerio-de-desarrollo-territorial-y-habitat-abrira-la-inscripcion-para-acceder-a-viviendas-de-procrear-ii.jpg?fit=880%2C512&ssl=1&resize=350%2C200 1x, https:\/\/i0.wp.com\/larevistadigital.com.ar\/blog\/wp-content\/uploads\/20221229193429_el-ministerio-de-desarrollo-territorial-y-habitat-abrira-la-inscripcion-para-acceder-a-viviendas-de-procrear-ii.jpg?fit=880%2C512&ssl=1&resize=525%2C300 1.5x, https:\/\/i0.wp.com\/larevistadigital.com.ar\/blog\/wp-content\/uploads\/20221229193429_el-ministerio-de-desarrollo-territorial-y-habitat-abrira-la-inscripcion-para-acceder-a-viviendas-de-procrear-ii.jpg?fit=880%2C512&ssl=1&resize=700%2C400 2x"},"classes":[]},{"id":37153,"url":"https:\/\/larevistadigital.com.ar\/blog\/nueva-capacitacion-del-instituto-de-la-vivienda-de-buenos-aires-en-dolores\/","url_meta":{"origin":34462,"position":4},"title":"Nueva capacitaci\u00f3n del Instituto de la Vivienda de Buenos Aires en Dolores","author":"Alejandro Sosa Ruda","date":"7 septiembre, 2024","format":false,"excerpt":"Con el objetivo de brindar asesoramiento en la implementaci\u00f3n de las pol\u00edticas habitacionales del Instituto de Vivienda en cada localidad bonaerense. 07 de Septiembre de 2024 Este lunes, se realiz\u00f3 un nuevo encuentro de las jornadas \u201cHerramientas para la Implementaci\u00f3n de Pol\u00edticas P\u00fablicas Habitacionales en la Gesti\u00f3n Municipal\u201d desarrolladas por\u2026","rel":"","context":"En \u00abPOLITICA PROVINCIAL\u00bb","block_context":{"text":"POLITICA PROVINCIAL","link":"https:\/\/larevistadigital.com.ar\/blog\/category\/politica\/politica-provincial\/"},"img":{"alt_text":"","src":"https:\/\/i0.wp.com\/larevistadigital.com.ar\/blog\/wp-content\/uploads\/1_5.jpeg?fit=700%2C394&ssl=1&resize=350%2C200","width":350,"height":200,"srcset":"https:\/\/i0.wp.com\/larevistadigital.com.ar\/blog\/wp-content\/uploads\/1_5.jpeg?fit=700%2C394&ssl=1&resize=350%2C200 1x, https:\/\/i0.wp.com\/larevistadigital.com.ar\/blog\/wp-content\/uploads\/1_5.jpeg?fit=700%2C394&ssl=1&resize=525%2C300 1.5x, https:\/\/i0.wp.com\/larevistadigital.com.ar\/blog\/wp-content\/uploads\/1_5.jpeg?fit=700%2C394&ssl=1&resize=700%2C400 2x"},"classes":[]},{"id":35636,"url":"https:\/\/larevistadigital.com.ar\/blog\/buenos-aires-un-severo-temporal-fue-dejando-destrozos-a-su-paso\/","url_meta":{"origin":34462,"position":5},"title":"BUENOS AIRES: UN SEVERO TEMPORAL FUE DEJANDO DESTROZOS A SU PASO","author":"Alejandro Sosa Ruda","date":"19 marzo, 2024","format":false,"excerpt":"Una \"supercelda\" de clima severo atraves\u00f3 el centro de la provincia de Buenos Aires, dejando a su paso da\u00f1os en infraestructuras, calles inundadas y \u00e1rboles derribados. 19 de marzo de 2024 BUENOS AIRES -\u00a0 \u00a0Rivadavia, Chivilcoy, Bragado y 9 de Julio fueron algunos de los municipios afectados por este fen\u00f3meno.\u2026","rel":"","context":"En \u00abREGIONALES\u00bb","block_context":{"text":"REGIONALES","link":"https:\/\/larevistadigital.com.ar\/blog\/category\/regionales\/"},"img":{"alt_text":"","src":"https:\/\/i0.wp.com\/larevistadigital.com.ar\/blog\/wp-content\/uploads\/captura-2o.jpg?fit=1200%2C636&ssl=1&resize=350%2C200","width":350,"height":200,"srcset":"https:\/\/i0.wp.com\/larevistadigital.com.ar\/blog\/wp-content\/uploads\/captura-2o.jpg?fit=1200%2C636&ssl=1&resize=350%2C200 1x, https:\/\/i0.wp.com\/larevistadigital.com.ar\/blog\/wp-content\/uploads\/captura-2o.jpg?fit=1200%2C636&ssl=1&resize=525%2C300 1.5x, https:\/\/i0.wp.com\/larevistadigital.com.ar\/blog\/wp-content\/uploads\/captura-2o.jpg?fit=1200%2C636&ssl=1&resize=700%2C400 2x, https:\/\/i0.wp.com\/larevistadigital.com.ar\/blog\/wp-content\/uploads\/captura-2o.jpg?fit=1200%2C636&ssl=1&resize=1050%2C600 3x"},"classes":[]}],"_links":{"self":[{"href":"https:\/\/larevistadigital.com.ar\/blog\/wp-json\/wp\/v2\/posts\/34462","targetHints":{"allow":["GET"]}}],"collection":[{"href":"https:\/\/larevistadigital.com.ar\/blog\/wp-json\/wp\/v2\/posts"}],"about":[{"href":"https:\/\/larevistadigital.com.ar\/blog\/wp-json\/wp\/v2\/types\/post"}],"author":[{"embeddable":true,"href":"https:\/\/larevistadigital.com.ar\/blog\/wp-json\/wp\/v2\/users\/3"}],"replies":[{"embeddable":true,"href":"https:\/\/larevistadigital.com.ar\/blog\/wp-json\/wp\/v2\/comments?post=34462"}],"version-history":[{"count":1,"href":"https:\/\/larevistadigital.com.ar\/blog\/wp-json\/wp\/v2\/posts\/34462\/revisions"}],"predecessor-version":[{"id":34464,"href":"https:\/\/larevistadigital.com.ar\/blog\/wp-json\/wp\/v2\/posts\/34462\/revisions\/34464"}],"wp:featuredmedia":[{"embeddable":true,"href":"https:\/\/larevistadigital.com.ar\/blog\/wp-json\/wp\/v2\/media\/34463"}],"wp:attachment":[{"href":"https:\/\/larevistadigital.com.ar\/blog\/wp-json\/wp\/v2\/media?parent=34462"}],"wp:term":[{"taxonomy":"category","embeddable":true,"href":"https:\/\/larevistadigital.com.ar\/blog\/wp-json\/wp\/v2\/categories?post=34462"},{"taxonomy":"post_tag","embeddable":true,"href":"https:\/\/larevistadigital.com.ar\/blog\/wp-json\/wp\/v2\/tags?post=34462"}],"curies":[{"name":"wp","href":"https:\/\/api.w.org\/{rel}","templated":true}]}}