{"id":34465,"date":"2023-11-08T22:11:02","date_gmt":"2023-11-09T01:11:02","guid":{"rendered":"https:\/\/larevistadigital.com.ar\/blog\/?p=34465"},"modified":"2023-11-08T22:11:02","modified_gmt":"2023-11-09T01:11:02","slug":"necochea-detienen-en-un-asalto-a-un-homicida-oriundo-de-mar-del-plata","status":"publish","type":"post","link":"https:\/\/larevistadigital.com.ar\/blog\/necochea-detienen-en-un-asalto-a-un-homicida-oriundo-de-mar-del-plata\/","title":{"rendered":"NECOCHEA: DETIENEN EN UN ASALTO A UN HOMICIDA ORIUNDO DE MAR DEL PLATA"},"content":{"rendered":"<h2>Se le hab\u00eda concedido el beneficio de la libertad asistida en el marco de una condena a 9 a\u00f1os por el asesinato de Mat\u00edas Garc\u00eda en 2015.<\/h2>\n<p>8 de noviembre de 2023<\/p>\n<p><strong>NECOCHEA-<\/strong>\u00a0 <strong>Nicol\u00e1s Ontivero<\/strong>, de 29 a\u00f1os, quien a\u00fan cumpl\u00eda con la pena impuesta por la Justicia de Mar del Plata por un asesinato ocurrido en 2015, ha sido detenido en Necochea bajo la acusaci\u00f3n de participar en un asalto.<\/p>\n<blockquote>\n<h3><strong>Ontivero<\/strong> fue previamente condenado a 9 a\u00f1os de prisi\u00f3n en 2016 por su implicaci\u00f3n en el homicidio de <strong>Mat\u00edas Garc\u00eda<\/strong> (24) durante una disputa en un bar de Chapadmalal el 1\u00b0 de febrero de 2015. A pesar de su condena, se le permiti\u00f3 trasladarse a Quequ\u00e9n bajo el r\u00e9gimen de libertad asistida.<\/h3>\n<\/blockquote>\n<p>Sin embargo, se sospecha que el 31 de octubre pasado, <strong>Ontivero<\/strong> fue uno de los dos perpetradores que asaltaron a una mujer en la intersecci\u00f3n de la avenida 75 y la calle 18 en Necochea. La acci\u00f3n delictiva, llevada a cabo en una motocicleta y con el uso de un arma de fuego, fue registrada por c\u00e1maras de seguridad tanto privadas como municipales. Las im\u00e1genes tambi\u00e9n revelaron la direcci\u00f3n de escape hacia Quequ\u00e9n.<\/p>\n<blockquote>\n<h3>La Justicia de Necochea tom\u00f3 medidas, culminando en el allanamiento de tres residencias en el barrio \u00ab36 Viviendas\u00bb, donde Ontivero fue arrestado. Durante la operaci\u00f3n, se confisc\u00f3 un rev\u00f3lver marca Rubi Extra calibre .32 largo con municiones del mismo calibre, una motocicleta y prendas similares a las utilizadas en el robo.<\/h3>\n<\/blockquote>\n<p><strong>Ontivero<\/strong> enfrenta ahora cargos por robo agravado por el uso de un arma de fuego y tenencia ilegal de arma de fuego.<\/p>\n","protected":false},"excerpt":{"rendered":"<div class=\"mh-excerpt\"><p>Se le hab\u00eda concedido el beneficio de la libertad asistida en el marco de una condena a 9 a\u00f1os por el asesinato de Mat\u00edas Garc\u00eda en 2015. 8 de noviembre de 2023 NECOCHEA-\u00a0 Nicol\u00e1s Ontivero, <a class=\"mh-excerpt-more\" href=\"https:\/\/larevistadigital.com.ar\/blog\/necochea-detienen-en-un-asalto-a-un-homicida-oriundo-de-mar-del-plata\/\" title=\"NECOCHEA: DETIENEN EN UN ASALTO A UN HOMICIDA ORIUNDO DE MAR DEL PLATA\">[Leer M\u00e1s]<\/a><\/p>\n<\/div>","protected":false},"author":3,"featured_media":34466,"comment_status":"open","ping_status":"open","sticky":false,"template":"","format":"standard","meta":{"_jetpack_memberships_contains_paid_content":false,"footnotes":"","jetpack_publicize_message":"","jetpack_publicize_feature_enabled":true,"jetpack_social_post_already_shared":true,"jetpack_social_options":{"image_generator_settings":{"template":"highway","default_image_id":0,"font":"","enabled":false},"version":2}},"categories":[44,51],"tags":[],"class_list":{"0":"post-34465","1":"post","2":"type-post","3":"status-publish","4":"format-standard","5":"has-post-thumbnail","7":"category-policiales","8":"category-regionales"},"jetpack_publicize_connections":[],"jetpack_featured_media_url":"https:\/\/i0.wp.com\/larevistadigital.com.ar\/blog\/wp-content\/uploads\/Captura-de-pantalla-2023-11-08-220047.png?fit=808%2C477&ssl=1","jetpack_sharing_enabled":true,"jetpack_shortlink":"https:\/\/wp.me\/p8qtrQ-8XT","jetpack-related-posts":[{"id":44210,"url":"https:\/\/larevistadigital.com.ar\/blog\/le-destrozaron-el-parabrisas-en-la-ruta-88-y-lo-asaltaron-preocupacion-por-una-modalidad-que-se-expande\/","url_meta":{"origin":34465,"position":0},"title":"Le destrozaron el parabrisas en la Ruta 88 y lo asaltaron: preocupaci\u00f3n por una modalidad que se expande","author":"Alejandro Sosa Ruda","date":"28 febrero, 2026","format":false,"excerpt":"Un vecino de Necochea, de 66 a\u00f1os, fue interceptado cerca de la rotonda de \u201cEl Gaucho\u201d. Le robaron el auto, $80.000 y un celular tras obligarlo a detenerse. 28 de febrero de 2026 Un hombre de 66 a\u00f1os oriundo de Necochea fue v\u00edctima de un violento asalto en la medianoche\u2026","rel":"","context":"En \u00abPOLICIALES\u00bb","block_context":{"text":"POLICIALES","link":"https:\/\/larevistadigital.com.ar\/blog\/category\/policiales\/"},"img":{"alt_text":"","src":"https:\/\/i0.wp.com\/larevistadigital.com.ar\/blog\/wp-content\/uploads\/POLICIA-4.jpg?fit=880%2C512&ssl=1&resize=350%2C200","width":350,"height":200,"srcset":"https:\/\/i0.wp.com\/larevistadigital.com.ar\/blog\/wp-content\/uploads\/POLICIA-4.jpg?fit=880%2C512&ssl=1&resize=350%2C200 1x, https:\/\/i0.wp.com\/larevistadigital.com.ar\/blog\/wp-content\/uploads\/POLICIA-4.jpg?fit=880%2C512&ssl=1&resize=525%2C300 1.5x, https:\/\/i0.wp.com\/larevistadigital.com.ar\/blog\/wp-content\/uploads\/POLICIA-4.jpg?fit=880%2C512&ssl=1&resize=700%2C400 2x"},"classes":[]},{"id":38715,"url":"https:\/\/larevistadigital.com.ar\/blog\/necochea-finalmente-encontraron-sin-vida-al-joven-que-habia-desaparecido-en-el-mar\/","url_meta":{"origin":34465,"position":1},"title":"Necochea: Finalmente encontraron sin vida al joven que hab\u00eda desaparecido en el mar","author":"Alejandro Sosa Ruda","date":"16 febrero, 2025","format":false,"excerpt":"Se desarroll\u00f3 un gran operativo de b\u00fasqueda, y lamentablemente sucedi\u00f3 lo que se supon\u00eda. Estuvo 34 horas desaparecido. 16 de Febrero de 2025 NECOCHEA -\u00a0 \u00a0Luego de una intens\u00edsima b\u00fasqueda que dur\u00f3 34 horas, el joven de 22 a\u00f1os que hab\u00eda desaparecido, fue encontrado fue encontrado sin vida este domingo\u2026","rel":"","context":"En \u00abDESTACADAS\u00bb","block_context":{"text":"DESTACADAS","link":"https:\/\/larevistadigital.com.ar\/blog\/category\/destacadas\/"},"img":{"alt_text":"","src":"https:\/\/i0.wp.com\/larevistadigital.com.ar\/blog\/wp-content\/uploads\/0e020cd79a37fd474d1c860c4acf6b25a22c2fac.jpeg?fit=1140%2C759&ssl=1&resize=350%2C200","width":350,"height":200,"srcset":"https:\/\/i0.wp.com\/larevistadigital.com.ar\/blog\/wp-content\/uploads\/0e020cd79a37fd474d1c860c4acf6b25a22c2fac.jpeg?fit=1140%2C759&ssl=1&resize=350%2C200 1x, https:\/\/i0.wp.com\/larevistadigital.com.ar\/blog\/wp-content\/uploads\/0e020cd79a37fd474d1c860c4acf6b25a22c2fac.jpeg?fit=1140%2C759&ssl=1&resize=525%2C300 1.5x, https:\/\/i0.wp.com\/larevistadigital.com.ar\/blog\/wp-content\/uploads\/0e020cd79a37fd474d1c860c4acf6b25a22c2fac.jpeg?fit=1140%2C759&ssl=1&resize=700%2C400 2x, https:\/\/i0.wp.com\/larevistadigital.com.ar\/blog\/wp-content\/uploads\/0e020cd79a37fd474d1c860c4acf6b25a22c2fac.jpeg?fit=1140%2C759&ssl=1&resize=1050%2C600 3x"},"classes":[]},{"id":30604,"url":"https:\/\/larevistadigital.com.ar\/blog\/accidente-fatal-en-la-ruta-88-murio-una-mujer-en-accidente-entre-camion-y-auto\/","url_meta":{"origin":34465,"position":2},"title":"ACCIDENTE FATAL EN LA RUTA 88: MURI\u00d3 UNA MUJER EN ACCIDENTE ENTRE CAMI\u00d3N Y AUTO","author":"Alejandro Sosa Ruda","date":"15 marzo, 2023","format":false,"excerpt":"La mujer ten\u00eda 69 a\u00f1os, y el camionero sali\u00f3 ileso. Sucedi\u00f3 en el km. 106 de la ruta que une Mar del Plata con Necochea. 15 de marzo de 2023 QUEQUEN -\u00a0 Ayer por la tarde, sucedi\u00f3 un grave accidente entre un autom\u00f3vil y un cami\u00f3n Dimex con acoplado y\u2026","rel":"","context":"En \u00abPOLICIALES\u00bb","block_context":{"text":"POLICIALES","link":"https:\/\/larevistadigital.com.ar\/blog\/category\/policiales\/"},"img":{"alt_text":"","src":"https:\/\/i0.wp.com\/larevistadigital.com.ar\/blog\/wp-content\/uploads\/0bea1e187568c0af4b2b76bab0b7884af95d3bd7.jpg?fit=1140%2C605&ssl=1&resize=350%2C200","width":350,"height":200,"srcset":"https:\/\/i0.wp.com\/larevistadigital.com.ar\/blog\/wp-content\/uploads\/0bea1e187568c0af4b2b76bab0b7884af95d3bd7.jpg?fit=1140%2C605&ssl=1&resize=350%2C200 1x, https:\/\/i0.wp.com\/larevistadigital.com.ar\/blog\/wp-content\/uploads\/0bea1e187568c0af4b2b76bab0b7884af95d3bd7.jpg?fit=1140%2C605&ssl=1&resize=525%2C300 1.5x, https:\/\/i0.wp.com\/larevistadigital.com.ar\/blog\/wp-content\/uploads\/0bea1e187568c0af4b2b76bab0b7884af95d3bd7.jpg?fit=1140%2C605&ssl=1&resize=700%2C400 2x, https:\/\/i0.wp.com\/larevistadigital.com.ar\/blog\/wp-content\/uploads\/0bea1e187568c0af4b2b76bab0b7884af95d3bd7.jpg?fit=1140%2C605&ssl=1&resize=1050%2C600 3x"},"classes":[]},{"id":31064,"url":"https:\/\/larevistadigital.com.ar\/blog\/muere-un-joven-en-un-choque-frontal-en-la-ruta-88\/","url_meta":{"origin":34465,"position":3},"title":"MUERE UN JOVEN EN UN CHOQUE FRONTAL EN LA RUTA 88","author":"Alejandro Sosa Ruda","date":"15 abril, 2023","format":false,"excerpt":"La v\u00edctima era marplatense y ten\u00eda solamente 22 a\u00f1os. 15 de abril de 2023 MAR DEL PLATA -\u00a0 Durante la ma\u00f1ana de este s\u00e1bado, falleci\u00f3 un joven automovilista oriundo de Mar del Plata, en un tr\u00e1gico choque frontal que se produjo cuando circulaba por la ruta 88 a la altura\u2026","rel":"","context":"En \u00abPOLICIALES\u00bb","block_context":{"text":"POLICIALES","link":"https:\/\/larevistadigital.com.ar\/blog\/category\/policiales\/"},"img":{"alt_text":"","src":"https:\/\/i0.wp.com\/larevistadigital.com.ar\/blog\/wp-content\/uploads\/hospital-carpa.jpg?fit=888%2C500&ssl=1&resize=350%2C200","width":350,"height":200,"srcset":"https:\/\/i0.wp.com\/larevistadigital.com.ar\/blog\/wp-content\/uploads\/hospital-carpa.jpg?fit=888%2C500&ssl=1&resize=350%2C200 1x, https:\/\/i0.wp.com\/larevistadigital.com.ar\/blog\/wp-content\/uploads\/hospital-carpa.jpg?fit=888%2C500&ssl=1&resize=525%2C300 1.5x, https:\/\/i0.wp.com\/larevistadigital.com.ar\/blog\/wp-content\/uploads\/hospital-carpa.jpg?fit=888%2C500&ssl=1&resize=700%2C400 2x"},"classes":[]},{"id":31943,"url":"https:\/\/larevistadigital.com.ar\/blog\/justicia-justa-beneficiaron-con-salidas-transitorias-a-dos-de-los-secuestradores-y-asesinos-de-matias-berardi\/","url_meta":{"origin":34465,"position":4},"title":"\u00bfJUSTICIA JUSTA?&#8230; BENEFICIARON CON SALIDAS TRANSITORIAS A DOS DE LOS SECUESTRADORES Y ASESINOS DE MAT\u00cdAS BERARDI","author":"Alejandro Sosa Ruda","date":"12 junio, 2023","format":false,"excerpt":"Se trata de El\u00edas Emanuel Vivas y Celeste Ver\u00f3nica Moyano, quienes recibieron penas de 18 y 19 a\u00f1os de c\u00e1rcel, respectivamente, en 2013. El padre del adolescente asesinado teme que se produzca \u201cun efecto domin\u00f3\u201d ya que hay otros tres condenados por el horrendo crimen que solicitaron el mismo beneficio.\u2026","rel":"","context":"En \u00abINTERES GENERAL\u00bb","block_context":{"text":"INTERES GENERAL","link":"https:\/\/larevistadigital.com.ar\/blog\/category\/interes-general\/"},"img":{"alt_text":"","src":"https:\/\/i0.wp.com\/larevistadigital.com.ar\/blog\/wp-content\/uploads\/MATIAS-BERARDI.jpg?fit=750%2C507&ssl=1&resize=350%2C200","width":350,"height":200,"srcset":"https:\/\/i0.wp.com\/larevistadigital.com.ar\/blog\/wp-content\/uploads\/MATIAS-BERARDI.jpg?fit=750%2C507&ssl=1&resize=350%2C200 1x, https:\/\/i0.wp.com\/larevistadigital.com.ar\/blog\/wp-content\/uploads\/MATIAS-BERARDI.jpg?fit=750%2C507&ssl=1&resize=525%2C300 1.5x, https:\/\/i0.wp.com\/larevistadigital.com.ar\/blog\/wp-content\/uploads\/MATIAS-BERARDI.jpg?fit=750%2C507&ssl=1&resize=700%2C400 2x"},"classes":[]},{"id":39407,"url":"https:\/\/larevistadigital.com.ar\/blog\/cierran-oficinas-de-arca-en-dolores-chascomus-y-pinamar-ajuste-con-impacto-local\/","url_meta":{"origin":34465,"position":5},"title":"Cierran oficinas de ARCA en Dolores, Chascom\u00fas y Pinamar: ajuste con impacto local","author":"Alejandro Sosa Ruda","date":"17 abril, 2025","format":false,"excerpt":"Con la reestructuraci\u00f3n del organismo de recaudaci\u00f3n, cierran varias sedes en todo el pa\u00eds. En la regi\u00f3n, empleados a\u00fan no saben con certeza a d\u00f3nde deber\u00e1n presentarse. 16 de Abril de 2025 BUENOS AIRES -\u00a0 En el marco de un fuerte ajuste en la estructura estatal, este viernes fue el\u2026","rel":"","context":"En \u00abDESTACADAS\u00bb","block_context":{"text":"DESTACADAS","link":"https:\/\/larevistadigital.com.ar\/blog\/category\/destacadas\/"},"img":{"alt_text":"","src":"https:\/\/i0.wp.com\/larevistadigital.com.ar\/blog\/wp-content\/uploads\/35.jpg?fit=1200%2C675&ssl=1&resize=350%2C200","width":350,"height":200,"srcset":"https:\/\/i0.wp.com\/larevistadigital.com.ar\/blog\/wp-content\/uploads\/35.jpg?fit=1200%2C675&ssl=1&resize=350%2C200 1x, https:\/\/i0.wp.com\/larevistadigital.com.ar\/blog\/wp-content\/uploads\/35.jpg?fit=1200%2C675&ssl=1&resize=525%2C300 1.5x, https:\/\/i0.wp.com\/larevistadigital.com.ar\/blog\/wp-content\/uploads\/35.jpg?fit=1200%2C675&ssl=1&resize=700%2C400 2x, https:\/\/i0.wp.com\/larevistadigital.com.ar\/blog\/wp-content\/uploads\/35.jpg?fit=1200%2C675&ssl=1&resize=1050%2C600 3x"},"classes":[]}],"_links":{"self":[{"href":"https:\/\/larevistadigital.com.ar\/blog\/wp-json\/wp\/v2\/posts\/34465","targetHints":{"allow":["GET"]}}],"collection":[{"href":"https:\/\/larevistadigital.com.ar\/blog\/wp-json\/wp\/v2\/posts"}],"about":[{"href":"https:\/\/larevistadigital.com.ar\/blog\/wp-json\/wp\/v2\/types\/post"}],"author":[{"embeddable":true,"href":"https:\/\/larevistadigital.com.ar\/blog\/wp-json\/wp\/v2\/users\/3"}],"replies":[{"embeddable":true,"href":"https:\/\/larevistadigital.com.ar\/blog\/wp-json\/wp\/v2\/comments?post=34465"}],"version-history":[{"count":1,"href":"https:\/\/larevistadigital.com.ar\/blog\/wp-json\/wp\/v2\/posts\/34465\/revisions"}],"predecessor-version":[{"id":34467,"href":"https:\/\/larevistadigital.com.ar\/blog\/wp-json\/wp\/v2\/posts\/34465\/revisions\/34467"}],"wp:featuredmedia":[{"embeddable":true,"href":"https:\/\/larevistadigital.com.ar\/blog\/wp-json\/wp\/v2\/media\/34466"}],"wp:attachment":[{"href":"https:\/\/larevistadigital.com.ar\/blog\/wp-json\/wp\/v2\/media?parent=34465"}],"wp:term":[{"taxonomy":"category","embeddable":true,"href":"https:\/\/larevistadigital.com.ar\/blog\/wp-json\/wp\/v2\/categories?post=34465"},{"taxonomy":"post_tag","embeddable":true,"href":"https:\/\/larevistadigital.com.ar\/blog\/wp-json\/wp\/v2\/tags?post=34465"}],"curies":[{"name":"wp","href":"https:\/\/api.w.org\/{rel}","templated":true}]}}