{"id":34472,"date":"2023-11-09T10:34:59","date_gmt":"2023-11-09T13:34:59","guid":{"rendered":"https:\/\/larevistadigital.com.ar\/blog\/?p=34472"},"modified":"2023-11-09T10:34:59","modified_gmt":"2023-11-09T13:34:59","slug":"importante-presentacion-de-un-libro-en-la-biblioteca-sarmiento","status":"publish","type":"post","link":"https:\/\/larevistadigital.com.ar\/blog\/importante-presentacion-de-un-libro-en-la-biblioteca-sarmiento\/","title":{"rendered":"IMPORTANTE PRESENTACI\u00d3N DE UN LIBRO EN LA BIBLIOTECA SARMIENTO"},"content":{"rendered":"<p>9 de Noviembre de 2023<\/p>\n<p><strong>CHASCOM\u00daS &#8211;<\/strong>\u00a0 El viernes 10 de noviembre, a las 19hs, en la Biblioteca Sarmiento (Alvear 9), se presentar\u00e1 el libro \u00abLa Confederaci\u00f3n Argentina y el sitio de Montevideo. Campa\u00f1as de 1843 y 1844\u00bb de Fabi\u00e1n Bonvecchiato, en conmemoraci\u00f3n del 184 aniversario de la Batalla de Chascomus y los 62 a\u00f1os del edificio de la Biblioteca<\/p>\n","protected":false},"excerpt":{"rendered":"<div class=\"mh-excerpt\"><p>9 de Noviembre de 2023 CHASCOM\u00daS &#8211;\u00a0 El viernes 10 de noviembre, a las 19hs, en la Biblioteca Sarmiento (Alvear 9), se presentar\u00e1 el libro \u00abLa Confederaci\u00f3n Argentina y el sitio de Montevideo. Campa\u00f1as de <a class=\"mh-excerpt-more\" href=\"https:\/\/larevistadigital.com.ar\/blog\/importante-presentacion-de-un-libro-en-la-biblioteca-sarmiento\/\" title=\"IMPORTANTE PRESENTACI\u00d3N DE UN LIBRO EN LA BIBLIOTECA SARMIENTO\">[Leer M\u00e1s]<\/a><\/p>\n<\/div>","protected":false},"author":3,"featured_media":34473,"comment_status":"open","ping_status":"open","sticky":false,"template":"","format":"standard","meta":{"_jetpack_memberships_contains_paid_content":false,"footnotes":"","jetpack_publicize_message":"","jetpack_publicize_feature_enabled":true,"jetpack_social_post_already_shared":true,"jetpack_social_options":{"image_generator_settings":{"template":"highway","default_image_id":0,"font":"","enabled":false},"version":2}},"categories":[1],"tags":[],"class_list":{"0":"post-34472","1":"post","2":"type-post","3":"status-publish","4":"format-standard","5":"has-post-thumbnail","7":"category-sin-categoria"},"jetpack_publicize_connections":[],"jetpack_featured_media_url":"https:\/\/i0.wp.com\/larevistadigital.com.ar\/blog\/wp-content\/uploads\/WhatsApp-Image-2023-11-09-at-09.18.30-e1699536822195.jpeg?fit=740%2C391&ssl=1","jetpack_sharing_enabled":true,"jetpack_shortlink":"https:\/\/wp.me\/p8qtrQ-8Y0","jetpack-related-posts":[{"id":33975,"url":"https:\/\/larevistadigital.com.ar\/blog\/el-viernes-se-presentara-un-libro-en-la-biblioteca-sarmiento\/","url_meta":{"origin":34472,"position":0},"title":"EL VIERNES SE PRESENTAR\u00c1 UN LIBRO EN LA BIBLIOTECA SARMIENTO","author":"Alejandro Sosa Ruda","date":"11 octubre, 2023","format":false,"excerpt":"11 de octubre de 2023 Informamos que el pr\u00f3ximo viernes 10 de noviembre, a las 19hs, en la Biblioteca Sarmiento (Alvear 9), se presentar\u00e1 el libro \"La Confederaci\u00f3n Argentina y el sitio de Montevideo. Campa\u00f1as de 1843 y 1844\" de Fabi\u00e1n Bonvecchiato, en conmemoraci\u00f3n del 184 aniversario de la Batalla\u2026","rel":"","context":"En \u00abCHASCOM\u00daS\u00bb","block_context":{"text":"CHASCOM\u00daS","link":"https:\/\/larevistadigital.com.ar\/blog\/category\/chascomus\/"},"img":{"alt_text":"","src":"https:\/\/i0.wp.com\/larevistadigital.com.ar\/blog\/wp-content\/uploads\/WhatsApp-Image-2023-10-11-at-11.03.19.jpeg?fit=740%2C1134&ssl=1&resize=350%2C200","width":350,"height":200,"srcset":"https:\/\/i0.wp.com\/larevistadigital.com.ar\/blog\/wp-content\/uploads\/WhatsApp-Image-2023-10-11-at-11.03.19.jpeg?fit=740%2C1134&ssl=1&resize=350%2C200 1x, https:\/\/i0.wp.com\/larevistadigital.com.ar\/blog\/wp-content\/uploads\/WhatsApp-Image-2023-10-11-at-11.03.19.jpeg?fit=740%2C1134&ssl=1&resize=525%2C300 1.5x, https:\/\/i0.wp.com\/larevistadigital.com.ar\/blog\/wp-content\/uploads\/WhatsApp-Image-2023-10-11-at-11.03.19.jpeg?fit=740%2C1134&ssl=1&resize=700%2C400 2x"},"classes":[]},{"id":28587,"url":"https:\/\/larevistadigital.com.ar\/blog\/argentina-1985-la-pelicula-que-es-furor-se-podra-ver-en-la-biblioteca-sarmiento\/","url_meta":{"origin":34472,"position":1},"title":"\u00abARGENTINA 1985\u00bb: LA PEL\u00cdCULA QUE ES FUROR SE PODR\u00c1 VER EN LA BIBLIOTECA SARMIENTO!","author":"Alejandro Sosa Ruda","date":"25 octubre, 2022","format":false,"excerpt":"Se proyectar\u00e1 los d\u00edas 28 y 29 de octubre a las 20.30 hs. Atenci\u00f3n: hay cupos limitados. 25 de Octubre de 2022 CHASCOM\u00daS -\u00a0\u00a0La Biblioteca Sarmiento anunci\u00f3 que los d\u00edas 28 y 29 de Octubre se proyectar\u00e1 en el horario de las 20:30 horas el filme \"Argentina 1985\", que desde\u2026","rel":"","context":"En \u00abCHASCOM\u00daS\u00bb","block_context":{"text":"CHASCOM\u00daS","link":"https:\/\/larevistadigital.com.ar\/blog\/category\/chascomus\/"},"img":{"alt_text":"","src":"https:\/\/i0.wp.com\/larevistadigital.com.ar\/blog\/wp-content\/uploads\/maxresdefault-3.jpg?fit=1200%2C675&ssl=1&resize=350%2C200","width":350,"height":200,"srcset":"https:\/\/i0.wp.com\/larevistadigital.com.ar\/blog\/wp-content\/uploads\/maxresdefault-3.jpg?fit=1200%2C675&ssl=1&resize=350%2C200 1x, https:\/\/i0.wp.com\/larevistadigital.com.ar\/blog\/wp-content\/uploads\/maxresdefault-3.jpg?fit=1200%2C675&ssl=1&resize=525%2C300 1.5x, https:\/\/i0.wp.com\/larevistadigital.com.ar\/blog\/wp-content\/uploads\/maxresdefault-3.jpg?fit=1200%2C675&ssl=1&resize=700%2C400 2x, https:\/\/i0.wp.com\/larevistadigital.com.ar\/blog\/wp-content\/uploads\/maxresdefault-3.jpg?fit=1200%2C675&ssl=1&resize=1050%2C600 3x"},"classes":[]},{"id":32357,"url":"https:\/\/larevistadigital.com.ar\/blog\/a-beneficio-de-la-biblioteca-sarmiento-se-presenta-la-obra-el-saco-blanco\/","url_meta":{"origin":34472,"position":2},"title":"A BENEFICIO DE LA BIBLIOTECA SARMIENTO: SE PRESENTA LA OBRA \u00abEL SACO BLANCO\u00bb","author":"Alejandro Sosa Ruda","date":"11 julio, 2023","format":false,"excerpt":"La obra teatral es a beneficio y se pueden retirar entradas en Alvear N\u00b0 9. 11 de julio de 2023 CHASCOM\u00daS -\u00a0 Se presentar\u00e1 en la Biblioteca Popular Domingo F. Sarmiento el viernes 14 de Julio con localidades limitadas la obra teatral \u201cEl saco blanco\u201d. Las entradas se pueden retirar\u2026","rel":"","context":"En \u00abCHASCOM\u00daS\u00bb","block_context":{"text":"CHASCOM\u00daS","link":"https:\/\/larevistadigital.com.ar\/blog\/category\/chascomus\/"},"img":{"alt_text":"","src":"https:\/\/i0.wp.com\/larevistadigital.com.ar\/blog\/wp-content\/uploads\/WhatsApp-Image-2023-07-10-at-10.09.45.jpeg?fit=1200%2C1006&ssl=1&resize=350%2C200","width":350,"height":200,"srcset":"https:\/\/i0.wp.com\/larevistadigital.com.ar\/blog\/wp-content\/uploads\/WhatsApp-Image-2023-07-10-at-10.09.45.jpeg?fit=1200%2C1006&ssl=1&resize=350%2C200 1x, https:\/\/i0.wp.com\/larevistadigital.com.ar\/blog\/wp-content\/uploads\/WhatsApp-Image-2023-07-10-at-10.09.45.jpeg?fit=1200%2C1006&ssl=1&resize=525%2C300 1.5x, https:\/\/i0.wp.com\/larevistadigital.com.ar\/blog\/wp-content\/uploads\/WhatsApp-Image-2023-07-10-at-10.09.45.jpeg?fit=1200%2C1006&ssl=1&resize=700%2C400 2x, https:\/\/i0.wp.com\/larevistadigital.com.ar\/blog\/wp-content\/uploads\/WhatsApp-Image-2023-07-10-at-10.09.45.jpeg?fit=1200%2C1006&ssl=1&resize=1050%2C600 3x"},"classes":[]},{"id":27986,"url":"https:\/\/larevistadigital.com.ar\/blog\/continua-el-programa-de-actos-de-celebracion-de-los-150-anos-de-la-biblioteca-sarmiento\/","url_meta":{"origin":34472,"position":3},"title":"CONTIN\u00daA EL PROGRAMA DE ACTOS DE CELEBRACI\u00d3N DE LOS 150 A\u00d1OS DE LA BIBLIOTECA SARMIENTO.","author":"Alejandro Sosa Ruda","date":"22 septiembre, 2022","format":false,"excerpt":"Semana de conmemoraci\u00f3n de la fundaci\u00f3n de la\u00a0 Biblioteca Popular Sarmiento. 22 de septiembre de 2022 JUEVES 22 DE SEPTIEMBRE: 16hs: Taller de la Memoria Hist\u00f3rica de la Biblioteca. Organizado junto al Instituto Historiogr\u00e1fico, se desarrollar\u00e1 el jueves 22 de septiembre, a partir de las 16hs, en la planta baja\u2026","rel":"","context":"En \u00abCULTURA\u00bb","block_context":{"text":"CULTURA","link":"https:\/\/larevistadigital.com.ar\/blog\/category\/cultura\/"},"img":{"alt_text":"","src":"https:\/\/i0.wp.com\/larevistadigital.com.ar\/blog\/wp-content\/uploads\/descarga-15.jpg?fit=800%2C586&ssl=1&resize=350%2C200","width":350,"height":200,"srcset":"https:\/\/i0.wp.com\/larevistadigital.com.ar\/blog\/wp-content\/uploads\/descarga-15.jpg?fit=800%2C586&ssl=1&resize=350%2C200 1x, https:\/\/i0.wp.com\/larevistadigital.com.ar\/blog\/wp-content\/uploads\/descarga-15.jpg?fit=800%2C586&ssl=1&resize=525%2C300 1.5x, https:\/\/i0.wp.com\/larevistadigital.com.ar\/blog\/wp-content\/uploads\/descarga-15.jpg?fit=800%2C586&ssl=1&resize=700%2C400 2x"},"classes":[]},{"id":7909,"url":"https:\/\/larevistadigital.com.ar\/blog\/chascomus-cine-bajo-las-estrellas-este-jueves-se-proyectara-green-book\/","url_meta":{"origin":34472,"position":4},"title":"CHASCOM\u00daS: CINE BAJO LAS ESTRELLAS ESTE JUEVES SE PROYECTAR\u00c1 \u00abGREEN BOOK\u00bb","author":"Alejandro Sosa Ruda","date":"23 enero, 2019","format":false,"excerpt":"Este jueves 24 enero a las 20.30hs en los Jardines del Museo Pampeano proyectaremos: \"Green Book\" de Peter Farrelly (EEUU 2018) Gran pel\u00edcula basada en hechos reales, que cuenta el viaje de dos personas opuestas, tan distintas como imposibles en un contexto de grandes confrontaciones y cambios sociales. Los invito\u2026","rel":"","context":"En \u00abCULTURA\u00bb","block_context":{"text":"CULTURA","link":"https:\/\/larevistadigital.com.ar\/blog\/category\/cultura\/"},"img":{"alt_text":"","src":"https:\/\/i0.wp.com\/larevistadigital.com.ar\/blog\/wp-content\/uploads\/2019\/01\/WhatsApp-Image-2019-01-23-at-14.09.54.jpeg?fit=1200%2C708&ssl=1&resize=350%2C200","width":350,"height":200,"srcset":"https:\/\/i0.wp.com\/larevistadigital.com.ar\/blog\/wp-content\/uploads\/2019\/01\/WhatsApp-Image-2019-01-23-at-14.09.54.jpeg?fit=1200%2C708&ssl=1&resize=350%2C200 1x, https:\/\/i0.wp.com\/larevistadigital.com.ar\/blog\/wp-content\/uploads\/2019\/01\/WhatsApp-Image-2019-01-23-at-14.09.54.jpeg?fit=1200%2C708&ssl=1&resize=525%2C300 1.5x, https:\/\/i0.wp.com\/larevistadigital.com.ar\/blog\/wp-content\/uploads\/2019\/01\/WhatsApp-Image-2019-01-23-at-14.09.54.jpeg?fit=1200%2C708&ssl=1&resize=700%2C400 2x, https:\/\/i0.wp.com\/larevistadigital.com.ar\/blog\/wp-content\/uploads\/2019\/01\/WhatsApp-Image-2019-01-23-at-14.09.54.jpeg?fit=1200%2C708&ssl=1&resize=1050%2C600 3x"},"classes":[]},{"id":8236,"url":"https:\/\/larevistadigital.com.ar\/blog\/chascomus-la-policia-comunal-recupero-otra-moto-robada\/","url_meta":{"origin":34472,"position":5},"title":"CHASCOM\u00daS: LA POLIC\u00cdA COMUNAL RECUPER\u00d3 OTRA MOTO ROBADA","author":"Alejandro Sosa Ruda","date":"8 febrero, 2019","format":false,"excerpt":"Anoche personal de la Polic\u00eda Comunal de Chascom\u00fas intercept\u00f3 en la esquina de calles Sarmiento y Cramer una motocicleta Gilera Smash 110cc., que que era conducida por un j\u00f3ven de 21 a\u00f1os de edad. Consultada la base de datos, el mencionado veh\u00edculo pose\u00eda pedido de secuestro activo por hurto en\u2026","rel":"","context":"En \u00abPOLICIALES\u00bb","block_context":{"text":"POLICIALES","link":"https:\/\/larevistadigital.com.ar\/blog\/category\/policiales\/"},"img":{"alt_text":"","src":"https:\/\/i0.wp.com\/larevistadigital.com.ar\/blog\/wp-content\/uploads\/2019\/02\/sdf.jpg?fit=1040%2C585&ssl=1&resize=350%2C200","width":350,"height":200,"srcset":"https:\/\/i0.wp.com\/larevistadigital.com.ar\/blog\/wp-content\/uploads\/2019\/02\/sdf.jpg?fit=1040%2C585&ssl=1&resize=350%2C200 1x, https:\/\/i0.wp.com\/larevistadigital.com.ar\/blog\/wp-content\/uploads\/2019\/02\/sdf.jpg?fit=1040%2C585&ssl=1&resize=525%2C300 1.5x, https:\/\/i0.wp.com\/larevistadigital.com.ar\/blog\/wp-content\/uploads\/2019\/02\/sdf.jpg?fit=1040%2C585&ssl=1&resize=700%2C400 2x"},"classes":[]}],"_links":{"self":[{"href":"https:\/\/larevistadigital.com.ar\/blog\/wp-json\/wp\/v2\/posts\/34472","targetHints":{"allow":["GET"]}}],"collection":[{"href":"https:\/\/larevistadigital.com.ar\/blog\/wp-json\/wp\/v2\/posts"}],"about":[{"href":"https:\/\/larevistadigital.com.ar\/blog\/wp-json\/wp\/v2\/types\/post"}],"author":[{"embeddable":true,"href":"https:\/\/larevistadigital.com.ar\/blog\/wp-json\/wp\/v2\/users\/3"}],"replies":[{"embeddable":true,"href":"https:\/\/larevistadigital.com.ar\/blog\/wp-json\/wp\/v2\/comments?post=34472"}],"version-history":[{"count":1,"href":"https:\/\/larevistadigital.com.ar\/blog\/wp-json\/wp\/v2\/posts\/34472\/revisions"}],"predecessor-version":[{"id":34474,"href":"https:\/\/larevistadigital.com.ar\/blog\/wp-json\/wp\/v2\/posts\/34472\/revisions\/34474"}],"wp:featuredmedia":[{"embeddable":true,"href":"https:\/\/larevistadigital.com.ar\/blog\/wp-json\/wp\/v2\/media\/34473"}],"wp:attachment":[{"href":"https:\/\/larevistadigital.com.ar\/blog\/wp-json\/wp\/v2\/media?parent=34472"}],"wp:term":[{"taxonomy":"category","embeddable":true,"href":"https:\/\/larevistadigital.com.ar\/blog\/wp-json\/wp\/v2\/categories?post=34472"},{"taxonomy":"post_tag","embeddable":true,"href":"https:\/\/larevistadigital.com.ar\/blog\/wp-json\/wp\/v2\/tags?post=34472"}],"curies":[{"name":"wp","href":"https:\/\/api.w.org\/{rel}","templated":true}]}}