{"id":34475,"date":"2023-11-09T11:55:56","date_gmt":"2023-11-09T14:55:56","guid":{"rendered":"https:\/\/larevistadigital.com.ar\/blog\/?p=34475"},"modified":"2023-11-09T11:55:56","modified_gmt":"2023-11-09T14:55:56","slug":"chascomus-dos-detenidos-por-robo-agravado-de-vehiculo","status":"publish","type":"post","link":"https:\/\/larevistadigital.com.ar\/blog\/chascomus-dos-detenidos-por-robo-agravado-de-vehiculo\/","title":{"rendered":"CHASCOM\u00daS: DOS DETENIDOS POR ROBO AGRAVADO DE VEH\u00cdCULO"},"content":{"rendered":"<h2>Se trata de dos sujetos con frondosos antecedentes y ambos fueron excarcelados hace poco tiempo.<\/h2>\n<p>9 de Noviembre de 2023<\/p>\n<p><strong>CHASCOM\u00daS &#8211;\u00a0<\/strong> Durante la tarde de ayer personal de la Polic\u00eda Comunal Chascomus 1ra., finaliz\u00f3 una investigaci\u00f3n que ven\u00eda desarrollando. En la misma se logro demostrar que dos personas se dedicaban a sustraer motocicletas para luego intimar a los propietarios para requerirles dinero para devolverlas.<\/p>\n<blockquote>\n<h3>Esto culmin\u00f3 con el \u00faltimo hecho, en el que el d\u00eda s\u00e1bado pasado en horas de la madrugada estas personas sustrajeron una motocicleta de calle Ameghino, para luego contactar a la v\u00edctima y requerirle una suma de dinero, que la v\u00edctima accedi\u00f3 y otorgo esa suma a los delincuentes que posteriormente devolvieron la moto.<\/h3>\n<\/blockquote>\n<p>La polic\u00eda, al detectar esa situaci\u00f3n y acreditarla mediante grabaciones de c\u00e1maras de seguridad y tareas encubiertas, logr\u00f3 aportar toda la prueba a la UFID N 9 a cargo de la <strong>Dra. Daniela Bertoletti<\/strong>, la cual solicito orden de allanamiento y detenci\u00f3n para ambas personas masculinas y con frondosos antecedentes delictivos, de los cuales uno recuper\u00f3 su libertad de una unidad carcelaria hace seis meses y el otro recuper\u00f3 su libertad de unidad carcelaria hace aproximadamente tres meses a la fecha.<\/p>\n<blockquote>\n<h3>Las medidas fueron otorgadas y cumplimentadas en horas de la tarde de ayer, logrando detener a ambos sujetos de manera separada, siendo uno de ellos detenido por el delito ROBO AGRAVADO DE VEH\u00cdCULO DEJADO EN LA VIA PUBLICA, mientras que el otro sujeto fue detenido por ENCUBRIMIENTO Y EXTORSI\u00d3N EN GRADO DE TENTATIVA.<\/h3>\n<\/blockquote>\n<p>En momentos en que se lo intercept\u00f3 iba acompa\u00f1ado de una menor de 16 a\u00f1os con la cual ten\u00eda medida cautelar y de contacto vigente, por lo que en base a esa cuesti\u00f3n fue imputado tambi\u00e9n del delito de <strong>DESOBEDIENCIA<\/strong>. En el allanamiento se logro secuestrar vestimenta que utilizaron los sujetos al momento de cometer el robo como as\u00ed tambi\u00e9n de cuando efectuaron la extorsi\u00f3n.<\/p>\n<p>Ambos sujetos en calidad de detenidos se encuentran en el sector de calabozos de la Estaci\u00f3n de Polic\u00eda Comunal Chascom\u00fas primera.<\/p>\n","protected":false},"excerpt":{"rendered":"<div class=\"mh-excerpt\"><p>Se trata de dos sujetos con frondosos antecedentes y ambos fueron excarcelados hace poco tiempo. 9 de Noviembre de 2023 CHASCOM\u00daS &#8211;\u00a0 Durante la tarde de ayer personal de la Polic\u00eda Comunal Chascomus 1ra., finaliz\u00f3 <a class=\"mh-excerpt-more\" href=\"https:\/\/larevistadigital.com.ar\/blog\/chascomus-dos-detenidos-por-robo-agravado-de-vehiculo\/\" title=\"CHASCOM\u00daS: DOS DETENIDOS POR ROBO AGRAVADO DE VEH\u00cdCULO\">[Leer M\u00e1s]<\/a><\/p>\n<\/div>","protected":false},"author":3,"featured_media":34476,"comment_status":"open","ping_status":"open","sticky":false,"template":"","format":"standard","meta":{"_jetpack_memberships_contains_paid_content":false,"footnotes":"","jetpack_publicize_message":"","jetpack_publicize_feature_enabled":true,"jetpack_social_post_already_shared":true,"jetpack_social_options":{"image_generator_settings":{"template":"highway","default_image_id":0,"font":"","enabled":false},"version":2}},"categories":[41,44],"tags":[],"class_list":{"0":"post-34475","1":"post","2":"type-post","3":"status-publish","4":"format-standard","5":"has-post-thumbnail","7":"category-destacadas","8":"category-policiales"},"jetpack_publicize_connections":[],"jetpack_featured_media_url":"https:\/\/i0.wp.com\/larevistadigital.com.ar\/blog\/wp-content\/uploads\/WhatsApp-Image-2023-11-09-at-11.15.56-1.jpeg?fit=1201%2C1600&ssl=1","jetpack_sharing_enabled":true,"jetpack_shortlink":"https:\/\/wp.me\/p8qtrQ-8Y3","jetpack-related-posts":[{"id":32913,"url":"https:\/\/larevistadigital.com.ar\/blog\/chascomus-lograron-estafar-a-un-vecino-con-un-falso-secuestro-de-su-hijo-y-le-robaron\/","url_meta":{"origin":34475,"position":0},"title":"CHASCOM\u00daS: LOGRARON ESTAFAR A UN VECINO CON UN \u00abFALSO SECUESTRO\u00bb DE SU HIJO Y LE ROBARON","author":"Alejandro Sosa Ruda","date":"17 agosto, 2023","format":false,"excerpt":"CHASCOM\u00daS -\u00a0 En la fecha y finalizando la horas de la madrugada dos vecinos de esta localidad fueron v\u00edctimas de enga\u00f1os telef\u00f3nicos requiriendo suma de dinero ante una situaci\u00f3n no real. Uno de los vecinos logro ser enga\u00f1ado y fue v\u00edctima de los sujetos quienes se apoderaron de dinero que\u2026","rel":"","context":"En \u00abSin categor\u00eda\u00bb","block_context":{"text":"Sin categor\u00eda","link":"https:\/\/larevistadigital.com.ar\/blog\/category\/sin-categoria\/"},"img":{"alt_text":"","src":"https:\/\/i0.wp.com\/larevistadigital.com.ar\/blog\/wp-content\/uploads\/20220121184129_cuentodeltiojpg.jpg?fit=880%2C512&ssl=1&resize=350%2C200","width":350,"height":200,"srcset":"https:\/\/i0.wp.com\/larevistadigital.com.ar\/blog\/wp-content\/uploads\/20220121184129_cuentodeltiojpg.jpg?fit=880%2C512&ssl=1&resize=350%2C200 1x, https:\/\/i0.wp.com\/larevistadigital.com.ar\/blog\/wp-content\/uploads\/20220121184129_cuentodeltiojpg.jpg?fit=880%2C512&ssl=1&resize=525%2C300 1.5x, https:\/\/i0.wp.com\/larevistadigital.com.ar\/blog\/wp-content\/uploads\/20220121184129_cuentodeltiojpg.jpg?fit=880%2C512&ssl=1&resize=700%2C400 2x"},"classes":[]},{"id":33298,"url":"https:\/\/larevistadigital.com.ar\/blog\/chascomus-la-policia-comunal-frustro-un-robo-al-hotel-los-vascos-hay-dos-aprehendidos\/","url_meta":{"origin":34475,"position":1},"title":"CHASCOM\u00daS: LA POLIC\u00cdA COMUNAL FRUSTR\u00d3 UN ROBO AL HOTEL \u00abLOS VASCOS\u00bb, HAY DOS APREHENDIDOS.","author":"Alejandro Sosa Ruda","date":"5 septiembre, 2023","format":false,"excerpt":"Los sorprendieron luego de saltar el port\u00f3n. Se trata de dos personas con antecedentes. 5 de Septiembre de 2023 CHASCOM\u00daS -\u00a0 Personal policial de EPC Chascomus Primera, procedi\u00f3 a la aprehensi\u00f3n de dos personas masculinas mayores de edad y con antecedentes delictivos, luego de que los mismos tras trepar un\u2026","rel":"","context":"En \u00abDESTACADAS\u00bb","block_context":{"text":"DESTACADAS","link":"https:\/\/larevistadigital.com.ar\/blog\/category\/destacadas\/"},"img":{"alt_text":"","src":"https:\/\/i0.wp.com\/larevistadigital.com.ar\/blog\/wp-content\/uploads\/Captura-de-pantalla-2023-09-05-195909.png?fit=685%2C440&ssl=1&resize=350%2C200","width":350,"height":200,"srcset":"https:\/\/i0.wp.com\/larevistadigital.com.ar\/blog\/wp-content\/uploads\/Captura-de-pantalla-2023-09-05-195909.png?fit=685%2C440&ssl=1&resize=350%2C200 1x, https:\/\/i0.wp.com\/larevistadigital.com.ar\/blog\/wp-content\/uploads\/Captura-de-pantalla-2023-09-05-195909.png?fit=685%2C440&ssl=1&resize=525%2C300 1.5x"},"classes":[]},{"id":30983,"url":"https:\/\/larevistadigital.com.ar\/blog\/chascomus-la-policia-logro-dar-con-los-autores-de-un-robo-el-dia-de-ayer\/","url_meta":{"origin":34475,"position":2},"title":"CHASCOM\u00daS: LA POLIC\u00cdA LOGR\u00d3 DAR CON LOS AUTORES DE UN ROBO EL D\u00cdA DE AYER","author":"Alejandro Sosa Ruda","date":"11 abril, 2023","format":false,"excerpt":"Luego de dos allanamientos, aprehendieron a uno de los responsables, secuestrando la ropa del hecho y dinero de una caja fuerte que hab\u00edan sustraido. 11 de abril de 2023 CHASCOM\u00daS -\u00a0 Durante la jornada de ayer, la polic\u00eda recibi\u00f3 una denuncia por robo, donde dos individuos tras escalar un pared\u00f3n\u2026","rel":"","context":"En \u00abINTERES GENERAL\u00bb","block_context":{"text":"INTERES GENERAL","link":"https:\/\/larevistadigital.com.ar\/blog\/category\/interes-general\/"},"img":{"alt_text":"","src":"https:\/\/i0.wp.com\/larevistadigital.com.ar\/blog\/wp-content\/uploads\/WhatsApp-Image-2023-04-11-at-20.06.21-1-e1681255183177.jpeg?fit=650%2C817&ssl=1&resize=350%2C200","width":350,"height":200,"srcset":"https:\/\/i0.wp.com\/larevistadigital.com.ar\/blog\/wp-content\/uploads\/WhatsApp-Image-2023-04-11-at-20.06.21-1-e1681255183177.jpeg?fit=650%2C817&ssl=1&resize=350%2C200 1x, https:\/\/i0.wp.com\/larevistadigital.com.ar\/blog\/wp-content\/uploads\/WhatsApp-Image-2023-04-11-at-20.06.21-1-e1681255183177.jpeg?fit=650%2C817&ssl=1&resize=525%2C300 1.5x"},"classes":[]},{"id":6719,"url":"https:\/\/larevistadigital.com.ar\/blog\/policia-de-chascomus-y-pila-detienen-a-mujer-que-robo-a-su-concubino\/","url_meta":{"origin":34475,"position":3},"title":"POLIC\u00cdA DE CHASCOM\u00daS Y PILA DETIENEN A MUJER QUE ROB\u00d3 A SU CONCUBINO","author":"Alejandro Sosa Ruda","date":"2 octubre, 2018","format":false,"excerpt":"En el d\u00eda de ayer, en horas de la tarde personal del GTO de la EPC Chascom\u00fas se reunieron en esta ciudad con sus pares del GTO de la EPC Pila a ra\u00edz de un hecho acaecido en dicha localidad el d\u00eda 29.09.18 en perjuicio de Cristian Bellingeri (37) quien\u2026","rel":"","context":"En \u00abPOLICIALES\u00bb","block_context":{"text":"POLICIALES","link":"https:\/\/larevistadigital.com.ar\/blog\/category\/policiales\/"},"img":{"alt_text":"","src":"https:\/\/i0.wp.com\/larevistadigital.com.ar\/blog\/wp-content\/uploads\/2018\/10\/WhatsApp-Image-2018-10-02-at-00.35.08.jpeg?fit=1200%2C900&ssl=1&resize=350%2C200","width":350,"height":200,"srcset":"https:\/\/i0.wp.com\/larevistadigital.com.ar\/blog\/wp-content\/uploads\/2018\/10\/WhatsApp-Image-2018-10-02-at-00.35.08.jpeg?fit=1200%2C900&ssl=1&resize=350%2C200 1x, https:\/\/i0.wp.com\/larevistadigital.com.ar\/blog\/wp-content\/uploads\/2018\/10\/WhatsApp-Image-2018-10-02-at-00.35.08.jpeg?fit=1200%2C900&ssl=1&resize=525%2C300 1.5x, https:\/\/i0.wp.com\/larevistadigital.com.ar\/blog\/wp-content\/uploads\/2018\/10\/WhatsApp-Image-2018-10-02-at-00.35.08.jpeg?fit=1200%2C900&ssl=1&resize=700%2C400 2x, https:\/\/i0.wp.com\/larevistadigital.com.ar\/blog\/wp-content\/uploads\/2018\/10\/WhatsApp-Image-2018-10-02-at-00.35.08.jpeg?fit=1200%2C900&ssl=1&resize=1050%2C600 3x"},"classes":[]},{"id":4754,"url":"https:\/\/larevistadigital.com.ar\/blog\/chascomus-violento-robo-domicilio-dos-personas-heridas\/","url_meta":{"origin":34475,"position":4},"title":"CHASCOM\u00daS: VIOLENTO ROBO EN DOMICILIO CON DOS PERSONAS HERIDAS","author":"Alejandro Sosa Ruda","date":"6 febrero, 2018","format":false,"excerpt":"Un\u00a0 robo bastante violento se produjo en un domicilio ubicado en la calle Juli\u00e1n Quintana, entre Salta y San Lorenzo, en donde resultaron heridos dos hermanos. La hija de la v\u00edctima fue entrevistada por el m\u00f3vil de FM Por Siempre, en donde narr\u00f3 que en momentos que se alistaban a\u2026","rel":"","context":"En \u00abDESTACADAS\u00bb","block_context":{"text":"DESTACADAS","link":"https:\/\/larevistadigital.com.ar\/blog\/category\/destacadas\/"},"img":{"alt_text":"","src":"https:\/\/i0.wp.com\/larevistadigital.com.ar\/blog\/wp-content\/uploads\/2018\/02\/descarga-8.jpg?fit=650%2C440&ssl=1&resize=350%2C200","width":350,"height":200,"srcset":"https:\/\/i0.wp.com\/larevistadigital.com.ar\/blog\/wp-content\/uploads\/2018\/02\/descarga-8.jpg?fit=650%2C440&ssl=1&resize=350%2C200 1x, https:\/\/i0.wp.com\/larevistadigital.com.ar\/blog\/wp-content\/uploads\/2018\/02\/descarga-8.jpg?fit=650%2C440&ssl=1&resize=525%2C300 1.5x"},"classes":[]},{"id":31981,"url":"https:\/\/larevistadigital.com.ar\/blog\/chascomus-denuncian-un-robo-en-proceso-y-la-policia-logro-aprehender-a-dos-sujetos-en-el-interior-de-la-casa-de-la-victima\/","url_meta":{"origin":34475,"position":5},"title":"CHASCOM\u00daS: DENUNCIAN UN ROBO EN PROCESO Y LA POLIC\u00cdA LOGR\u00d3 APREHENDER A DOS SUJETOS EN EL INTERIOR DE LA CASA DE LA V\u00cdCTIMA","author":"Alejandro Sosa Ruda","date":"13 junio, 2023","format":false,"excerpt":"Uno de los sujetos estaba en la cocina, y el otro escondido en la ducha. 13 de junio de 2023 CHASCOM\u00daS -\u00a0 En horas de la tarde de hoy, se recibi\u00f3 en la Estaci\u00f3n de Polic\u00eda Comunal,\u00a0 un aviso mediante el cual requer\u00edan personal policial en un domicilio de calle\u2026","rel":"","context":"En \u00abCHASCOM\u00daS\u00bb","block_context":{"text":"CHASCOM\u00daS","link":"https:\/\/larevistadigital.com.ar\/blog\/category\/chascomus\/"},"img":{"alt_text":"","src":"https:\/\/i0.wp.com\/larevistadigital.com.ar\/blog\/wp-content\/uploads\/POLICIA.png?fit=1002%2C658&ssl=1&resize=350%2C200","width":350,"height":200,"srcset":"https:\/\/i0.wp.com\/larevistadigital.com.ar\/blog\/wp-content\/uploads\/POLICIA.png?fit=1002%2C658&ssl=1&resize=350%2C200 1x, https:\/\/i0.wp.com\/larevistadigital.com.ar\/blog\/wp-content\/uploads\/POLICIA.png?fit=1002%2C658&ssl=1&resize=525%2C300 1.5x, https:\/\/i0.wp.com\/larevistadigital.com.ar\/blog\/wp-content\/uploads\/POLICIA.png?fit=1002%2C658&ssl=1&resize=700%2C400 2x"},"classes":[]}],"_links":{"self":[{"href":"https:\/\/larevistadigital.com.ar\/blog\/wp-json\/wp\/v2\/posts\/34475","targetHints":{"allow":["GET"]}}],"collection":[{"href":"https:\/\/larevistadigital.com.ar\/blog\/wp-json\/wp\/v2\/posts"}],"about":[{"href":"https:\/\/larevistadigital.com.ar\/blog\/wp-json\/wp\/v2\/types\/post"}],"author":[{"embeddable":true,"href":"https:\/\/larevistadigital.com.ar\/blog\/wp-json\/wp\/v2\/users\/3"}],"replies":[{"embeddable":true,"href":"https:\/\/larevistadigital.com.ar\/blog\/wp-json\/wp\/v2\/comments?post=34475"}],"version-history":[{"count":1,"href":"https:\/\/larevistadigital.com.ar\/blog\/wp-json\/wp\/v2\/posts\/34475\/revisions"}],"predecessor-version":[{"id":34477,"href":"https:\/\/larevistadigital.com.ar\/blog\/wp-json\/wp\/v2\/posts\/34475\/revisions\/34477"}],"wp:featuredmedia":[{"embeddable":true,"href":"https:\/\/larevistadigital.com.ar\/blog\/wp-json\/wp\/v2\/media\/34476"}],"wp:attachment":[{"href":"https:\/\/larevistadigital.com.ar\/blog\/wp-json\/wp\/v2\/media?parent=34475"}],"wp:term":[{"taxonomy":"category","embeddable":true,"href":"https:\/\/larevistadigital.com.ar\/blog\/wp-json\/wp\/v2\/categories?post=34475"},{"taxonomy":"post_tag","embeddable":true,"href":"https:\/\/larevistadigital.com.ar\/blog\/wp-json\/wp\/v2\/tags?post=34475"}],"curies":[{"name":"wp","href":"https:\/\/api.w.org\/{rel}","templated":true}]}}