{"id":34483,"date":"2023-11-10T10:18:30","date_gmt":"2023-11-10T13:18:30","guid":{"rendered":"https:\/\/larevistadigital.com.ar\/blog\/?p=34483"},"modified":"2023-11-10T10:18:30","modified_gmt":"2023-11-10T13:18:30","slug":"ruta-3-incendio-de-un-camion-que-provoco-una-fuerte-explosion-que-afecto-a-un-micro","status":"publish","type":"post","link":"https:\/\/larevistadigital.com.ar\/blog\/ruta-3-incendio-de-un-camion-que-provoco-una-fuerte-explosion-que-afecto-a-un-micro\/","title":{"rendered":"RUTA 3: INCENDIO DE UN CAMI\u00d3N QUE PROVOC\u00d3 UNA FUERTE EXPLOSI\u00d3N QUE AFECT\u00d3 A UN MICRO"},"content":{"rendered":"<h2 class=\"fparrafo ctext fz18 lh25\">El micro sufri\u00f3 la rotura de cuatro ventanales. Afortunadamente, no se reportaron heridos entre los pasajeros del micro, que se hab\u00eda salido de la ciudad de Azul y se dirig\u00eda a La Plata.<\/h2>\n<p>10 de Noviembre de 2023<\/p>\n<p><strong>LAS FLORES &#8211;\u00a0 <\/strong>En la ma\u00f1ana de este jueves aproximadamente a las 9:50, se registr\u00f3 el incendio de un cami\u00f3n en el kil\u00f3metro 203 de la Ruta nacional n\u00famero 3, a la altura de la localidad de Las Flores.<\/p>\n<blockquote>\n<h3>\u00a0El siniestro result\u00f3 en p\u00e9rdidas totales del veh\u00edculo, aunque el conductor, oriundo de San Vicente, sali\u00f3 ileso, sin sufrir lesiones.<\/h3>\n<\/blockquote>\n<p>Seg\u00fan inform\u00f3 el portal NoticiasLasFlores, la explosi\u00f3n generada por el fuego impact\u00f3 en los veh\u00edculos que transitaban por la ruta en ese momento, siendo el m\u00e1s afectado un micro de larga distancia de la empresa Via Tac.<\/p>\n<blockquote>\n<h3>El micro sufri\u00f3 la rotura de cuatro ventanales. Afortunadamente, no se reportaron heridos entre los pasajeros del micro, que se hab\u00eda salido de la ciudad de Azul y se dirig\u00eda a La Plata.<\/h3>\n<\/blockquote>\n<p>Las autoridades de tr\u00e1nsito y de seguridad est\u00e1n trabajando para esclarecer las circunstancias que llevaron al incendio y a la posterior explosi\u00f3n ya el incidente gener\u00f3 momentos de tensi\u00f3n y preocupaci\u00f3n. \u00a0(<b>InfoGEI<\/b>) Mg<\/p>\n<p>&nbsp;<\/p>\n","protected":false},"excerpt":{"rendered":"<div class=\"mh-excerpt\"><p>El micro sufri\u00f3 la rotura de cuatro ventanales. Afortunadamente, no se reportaron heridos entre los pasajeros del micro, que se hab\u00eda salido de la ciudad de Azul y se dirig\u00eda a La Plata. 10 de <a class=\"mh-excerpt-more\" href=\"https:\/\/larevistadigital.com.ar\/blog\/ruta-3-incendio-de-un-camion-que-provoco-una-fuerte-explosion-que-afecto-a-un-micro\/\" title=\"RUTA 3: INCENDIO DE UN CAMI\u00d3N QUE PROVOC\u00d3 UNA FUERTE EXPLOSI\u00d3N QUE AFECT\u00d3 A UN MICRO\">[Leer M\u00e1s]<\/a><\/p>\n<\/div>","protected":false},"author":3,"featured_media":34484,"comment_status":"open","ping_status":"open","sticky":false,"template":"","format":"standard","meta":{"_jetpack_memberships_contains_paid_content":false,"footnotes":"","jetpack_publicize_message":"","jetpack_publicize_feature_enabled":true,"jetpack_social_post_already_shared":true,"jetpack_social_options":{"image_generator_settings":{"template":"highway","default_image_id":0,"font":"","enabled":false},"version":2}},"categories":[44,51],"tags":[],"class_list":{"0":"post-34483","1":"post","2":"type-post","3":"status-publish","4":"format-standard","5":"has-post-thumbnail","7":"category-policiales","8":"category-regionales"},"jetpack_publicize_connections":[],"jetpack_featured_media_url":"https:\/\/i0.wp.com\/larevistadigital.com.ar\/blog\/wp-content\/uploads\/20231109180711_camion.jpg?fit=880%2C512&ssl=1","jetpack_sharing_enabled":true,"jetpack_shortlink":"https:\/\/wp.me\/p8qtrQ-8Yb","jetpack-related-posts":[{"id":37831,"url":"https:\/\/larevistadigital.com.ar\/blog\/micro-de-larga-distancia-se-incendio-en-la-ruta\/","url_meta":{"origin":34483,"position":0},"title":"Micro de larga distancia se incendi\u00f3 en la Ruta","author":"Alejandro Sosa Ruda","date":"12 noviembre, 2024","format":false,"excerpt":"Un \u00f3mnibus de larga distancia, de la empresa V\u00eda TAC, que desde la terminal de Villa Gesell circulaba hacia la Ciudad de Buenos Aires, sufri\u00f3 un incendio a la altura del kil\u00f3metro 292 de la Ruta Provincial 11, en jurisdicci\u00f3n del distrito de General Lavalle. 12 De Noviembre de 2024\u2026","rel":"","context":"En \u00abPOLICIALES\u00bb","block_context":{"text":"POLICIALES","link":"https:\/\/larevistadigital.com.ar\/blog\/category\/policiales\/"},"img":{"alt_text":"","src":"https:\/\/i0.wp.com\/larevistadigital.com.ar\/blog\/wp-content\/uploads\/20241112162123_micro-incendiado-ruta-11.jpg?fit=880%2C512&ssl=1&resize=350%2C200","width":350,"height":200,"srcset":"https:\/\/i0.wp.com\/larevistadigital.com.ar\/blog\/wp-content\/uploads\/20241112162123_micro-incendiado-ruta-11.jpg?fit=880%2C512&ssl=1&resize=350%2C200 1x, https:\/\/i0.wp.com\/larevistadigital.com.ar\/blog\/wp-content\/uploads\/20241112162123_micro-incendiado-ruta-11.jpg?fit=880%2C512&ssl=1&resize=525%2C300 1.5x, https:\/\/i0.wp.com\/larevistadigital.com.ar\/blog\/wp-content\/uploads\/20241112162123_micro-incendiado-ruta-11.jpg?fit=880%2C512&ssl=1&resize=700%2C400 2x"},"classes":[]},{"id":31652,"url":"https:\/\/larevistadigital.com.ar\/blog\/se-incendio-un-micro-de-transporte-escolar-en-batan\/","url_meta":{"origin":34483,"position":1},"title":"SE INCENDI\u00d3 UN MICRO DE TRANSPORTE ESCOLAR EN BATAN","author":"Alejandro Sosa Ruda","date":"19 mayo, 2023","format":false,"excerpt":"La unidad se prendi\u00f3 fuego sobre la ruta 88 en proximidades de la localidad de Bat\u00e1n. No se registraron heridos. 18 de Mayo de 2023 MAR DEL PLATA -\u00a0 Un colectivo utilizado para el transporte escolar se incendi\u00f3 esta tarde en un tramo de la ruta 88 cercano a la\u2026","rel":"","context":"En \u00abPOLICIALES\u00bb","block_context":{"text":"POLICIALES","link":"https:\/\/larevistadigital.com.ar\/blog\/category\/policiales\/"},"img":{"alt_text":"","src":"https:\/\/i0.wp.com\/larevistadigital.com.ar\/blog\/wp-content\/uploads\/colectivo-incendio.png?fit=766%2C449&ssl=1&resize=350%2C200","width":350,"height":200,"srcset":"https:\/\/i0.wp.com\/larevistadigital.com.ar\/blog\/wp-content\/uploads\/colectivo-incendio.png?fit=766%2C449&ssl=1&resize=350%2C200 1x, https:\/\/i0.wp.com\/larevistadigital.com.ar\/blog\/wp-content\/uploads\/colectivo-incendio.png?fit=766%2C449&ssl=1&resize=525%2C300 1.5x, https:\/\/i0.wp.com\/larevistadigital.com.ar\/blog\/wp-content\/uploads\/colectivo-incendio.png?fit=766%2C449&ssl=1&resize=700%2C400 2x"},"classes":[]},{"id":23459,"url":"https:\/\/larevistadigital.com.ar\/blog\/un-muerto-y-doce-heridos-al-chocar-un-micro-y-un-camion-en-carmen-de-areco\/","url_meta":{"origin":34483,"position":2},"title":"UN MUERTO Y DOCE HERIDOS AL CHOCAR UN MICRO Y UN CAMI\u00d3N EN CARMEN DE ARECO","author":"Alejandro Sosa Ruda","date":"19 enero, 2022","format":false,"excerpt":"El hecho ocurri\u00f3 cerca de las 13, en el kil\u00f3metro 131 de la mencionada ruta, donde el conductor de un micro de larga distancia de la empresa El C\u00f3ndor Estrella, interno 1585, que circulaba en sentido a Jun\u00edn, colision\u00f3 de forma lateral contra un cami\u00f3n que se encontraba detenido sobre\u2026","rel":"","context":"En \u00abPOLICIALES\u00bb","block_context":{"text":"POLICIALES","link":"https:\/\/larevistadigital.com.ar\/blog\/category\/policiales\/"},"img":{"alt_text":"","src":"https:\/\/i0.wp.com\/larevistadigital.com.ar\/blog\/wp-content\/uploads\/20220118195540_micro.jpg?fit=880%2C512&ssl=1&resize=350%2C200","width":350,"height":200,"srcset":"https:\/\/i0.wp.com\/larevistadigital.com.ar\/blog\/wp-content\/uploads\/20220118195540_micro.jpg?fit=880%2C512&ssl=1&resize=350%2C200 1x, https:\/\/i0.wp.com\/larevistadigital.com.ar\/blog\/wp-content\/uploads\/20220118195540_micro.jpg?fit=880%2C512&ssl=1&resize=525%2C300 1.5x, https:\/\/i0.wp.com\/larevistadigital.com.ar\/blog\/wp-content\/uploads\/20220118195540_micro.jpg?fit=880%2C512&ssl=1&resize=700%2C400 2x"},"classes":[]},{"id":34240,"url":"https:\/\/larevistadigital.com.ar\/blog\/un-micro-de-larga-distancia-se-incrusto-contra-un-camion-en-la-ruta-3\/","url_meta":{"origin":34483,"position":3},"title":"UN MICRO DE LARGA DISTANCIA SE INCRUST\u00d3 CONTRA UN CAMI\u00d3N EN LA RUTA 3","author":"Alejandro Sosa Ruda","date":"31 octubre, 2023","format":false,"excerpt":"Sucedi\u00f3 a la altura del km 74. El chofer del colectivo fue rescatado por los bomberos. Adem\u00e1s cinco pasajeros del micro fueron trasladados por precauci\u00f3n al Hospital Marzetti. La causa por Lesiones Culposas qued\u00f3 a cargo de la Fiscal\u00eda 1 de Ca\u00f1uelas. 31 de octubre de 2023 CA\u00d1UELAS -\u00a0 En\u2026","rel":"","context":"En \u00abREGIONALES\u00bb","block_context":{"text":"REGIONALES","link":"https:\/\/larevistadigital.com.ar\/blog\/category\/regionales\/"},"img":{"alt_text":"","src":"https:\/\/i0.wp.com\/larevistadigital.com.ar\/blog\/wp-content\/uploads\/20231030181829_un-micro-de-larga-distancia-se-incrusto-contra-un-camion-en-ruta-3-25094.jpg?fit=880%2C512&ssl=1&resize=350%2C200","width":350,"height":200,"srcset":"https:\/\/i0.wp.com\/larevistadigital.com.ar\/blog\/wp-content\/uploads\/20231030181829_un-micro-de-larga-distancia-se-incrusto-contra-un-camion-en-ruta-3-25094.jpg?fit=880%2C512&ssl=1&resize=350%2C200 1x, https:\/\/i0.wp.com\/larevistadigital.com.ar\/blog\/wp-content\/uploads\/20231030181829_un-micro-de-larga-distancia-se-incrusto-contra-un-camion-en-ruta-3-25094.jpg?fit=880%2C512&ssl=1&resize=525%2C300 1.5x, https:\/\/i0.wp.com\/larevistadigital.com.ar\/blog\/wp-content\/uploads\/20231030181829_un-micro-de-larga-distancia-se-incrusto-contra-un-camion-en-ruta-3-25094.jpg?fit=880%2C512&ssl=1&resize=700%2C400 2x"},"classes":[]},{"id":34453,"url":"https:\/\/larevistadigital.com.ar\/blog\/un-micro-fue-consumido-por-las-llamas-en-plena-ruta-11\/","url_meta":{"origin":34483,"position":4},"title":"UN MICRO FUE CONSUMIDO POR LAS LLAMAS EN PLENA RUTA 11","author":"Alejandro Sosa Ruda","date":"8 noviembre, 2023","format":false,"excerpt":"Ocurri\u00f3 en el kil\u00f3metro 370, a la altura de Punta M\u00e9danos. Los 5 pasajeros y el chofer resultaron ilesos. 8 de Noviembre de 2023 PUNTA M\u00c9DANOS -\u00a0 \u00a0 Un micro de dos pisos de larga distancia se incendi\u00f3 el martes por la tarde en la Ruta Provincial N\u00ba 11, en\u2026","rel":"","context":"En \u00abREGIONALES\u00bb","block_context":{"text":"REGIONALES","link":"https:\/\/larevistadigital.com.ar\/blog\/category\/regionales\/"},"img":{"alt_text":"","src":"https:\/\/i0.wp.com\/larevistadigital.com.ar\/blog\/wp-content\/uploads\/20231108165533_micro.png?fit=880%2C512&ssl=1&resize=350%2C200","width":350,"height":200,"srcset":"https:\/\/i0.wp.com\/larevistadigital.com.ar\/blog\/wp-content\/uploads\/20231108165533_micro.png?fit=880%2C512&ssl=1&resize=350%2C200 1x, https:\/\/i0.wp.com\/larevistadigital.com.ar\/blog\/wp-content\/uploads\/20231108165533_micro.png?fit=880%2C512&ssl=1&resize=525%2C300 1.5x, https:\/\/i0.wp.com\/larevistadigital.com.ar\/blog\/wp-content\/uploads\/20231108165533_micro.png?fit=880%2C512&ssl=1&resize=700%2C400 2x"},"classes":[]},{"id":33556,"url":"https:\/\/larevistadigital.com.ar\/blog\/ruta-2-un-micro-que-regresaba-a-mar-del-plata-se-incendio-totalmente\/","url_meta":{"origin":34483,"position":5},"title":"RUTA 2: UN MICRO QUE REGRESABA A MAR DEL PLATA SE INCENDI\u00d3 TOTALMENTE","author":"Alejandro Sosa Ruda","date":"23 septiembre, 2023","format":false,"excerpt":"Sucedi\u00f3 a la altura del km.77, y las llamas destruyeron totalmente al veh\u00edculo. Afortunadamente no hubo v\u00edctimas. 23 de Septiembre de 2023 BUENOS AIRES -\u00a0\u00a0Pasadas las 14 hs. de este s\u00e1bado, un micro de una empresa marplatense se prendi\u00f3 fuego sobre la ruta 2, a la altura del kil\u00f3metro 77,\u2026","rel":"","context":"En \u00abDESTACADAS\u00bb","block_context":{"text":"DESTACADAS","link":"https:\/\/larevistadigital.com.ar\/blog\/category\/destacadas\/"},"img":{"alt_text":"","src":"https:\/\/i0.wp.com\/larevistadigital.com.ar\/blog\/wp-content\/uploads\/micro-ruta.jpg?fit=720%2C722&ssl=1&resize=350%2C200","width":350,"height":200,"srcset":"https:\/\/i0.wp.com\/larevistadigital.com.ar\/blog\/wp-content\/uploads\/micro-ruta.jpg?fit=720%2C722&ssl=1&resize=350%2C200 1x, https:\/\/i0.wp.com\/larevistadigital.com.ar\/blog\/wp-content\/uploads\/micro-ruta.jpg?fit=720%2C722&ssl=1&resize=525%2C300 1.5x, https:\/\/i0.wp.com\/larevistadigital.com.ar\/blog\/wp-content\/uploads\/micro-ruta.jpg?fit=720%2C722&ssl=1&resize=700%2C400 2x"},"classes":[]}],"_links":{"self":[{"href":"https:\/\/larevistadigital.com.ar\/blog\/wp-json\/wp\/v2\/posts\/34483","targetHints":{"allow":["GET"]}}],"collection":[{"href":"https:\/\/larevistadigital.com.ar\/blog\/wp-json\/wp\/v2\/posts"}],"about":[{"href":"https:\/\/larevistadigital.com.ar\/blog\/wp-json\/wp\/v2\/types\/post"}],"author":[{"embeddable":true,"href":"https:\/\/larevistadigital.com.ar\/blog\/wp-json\/wp\/v2\/users\/3"}],"replies":[{"embeddable":true,"href":"https:\/\/larevistadigital.com.ar\/blog\/wp-json\/wp\/v2\/comments?post=34483"}],"version-history":[{"count":1,"href":"https:\/\/larevistadigital.com.ar\/blog\/wp-json\/wp\/v2\/posts\/34483\/revisions"}],"predecessor-version":[{"id":34485,"href":"https:\/\/larevistadigital.com.ar\/blog\/wp-json\/wp\/v2\/posts\/34483\/revisions\/34485"}],"wp:featuredmedia":[{"embeddable":true,"href":"https:\/\/larevistadigital.com.ar\/blog\/wp-json\/wp\/v2\/media\/34484"}],"wp:attachment":[{"href":"https:\/\/larevistadigital.com.ar\/blog\/wp-json\/wp\/v2\/media?parent=34483"}],"wp:term":[{"taxonomy":"category","embeddable":true,"href":"https:\/\/larevistadigital.com.ar\/blog\/wp-json\/wp\/v2\/categories?post=34483"},{"taxonomy":"post_tag","embeddable":true,"href":"https:\/\/larevistadigital.com.ar\/blog\/wp-json\/wp\/v2\/tags?post=34483"}],"curies":[{"name":"wp","href":"https:\/\/api.w.org\/{rel}","templated":true}]}}