{"id":34487,"date":"2023-11-10T10:26:46","date_gmt":"2023-11-10T13:26:46","guid":{"rendered":"https:\/\/larevistadigital.com.ar\/blog\/?p=34487"},"modified":"2023-11-10T10:26:46","modified_gmt":"2023-11-10T13:26:46","slug":"mar-del-plata-tormenta-de-viento-y-granizo-destrozo-una-plantacion-de-tomate-y-morron","status":"publish","type":"post","link":"https:\/\/larevistadigital.com.ar\/blog\/mar-del-plata-tormenta-de-viento-y-granizo-destrozo-una-plantacion-de-tomate-y-morron\/","title":{"rendered":"MAR DEL PLATA: TORMENTA DE VIENTO Y GRANIZO DESTROZ\u00d3 UNA PLANTACI\u00d3N DE TOMATE Y MORR\u00d3N"},"content":{"rendered":"<h2 class=\"fparrafo ctext fz18 lh25\">Los da\u00f1os m\u00e1s graves los ocasion\u00f3 el viento. \u201cHay sectores en todo el cord\u00f3n con roturas en invernaderos que se est\u00e1n reparando y se est\u00e1 haciendo lo posible para salvar lo que m\u00e1s se pueda\u00bb, se\u00f1al\u00f3 El presidente de la Asociaci\u00f3n Frutihort\u00edcola de Productores y Afines de General Pueyrredon.<\/h2>\n<p>10 de Noviembre de 2023<\/p>\n<p><strong>MAR DEL PLATA &#8211;\u00a0 <\/strong>Un temporal de viento y granizo que se desarroll\u00f3 en la tarde de este martes provoc\u00f3 grandes da\u00f1os en la producci\u00f3n frutihort\u00edcola de Mar del Plata, donde en algunos casos se perdi\u00f3 todo. Tambi\u00e9n hubo destrozos en los invernaderos.<\/p>\n<blockquote>\n<h3>El presidente de la Asociaci\u00f3n Frutihort\u00edcola de Productores y Afines de General Pueyrredon, Ricardo Velimirovich, confirm\u00f3 al portal Infobrisas que los da\u00f1os mayores los provoc\u00f3 el viento y no tanto el granizo.<\/h3>\n<\/blockquote>\n<p><strong><em>\u00abAnduvimos recorriendo un poco los campos, la realidad es que el granizo no afect\u00f3 tan gravemente porque las producciones est\u00e1n reci\u00e9n plantadas, igual hay que esperar unos d\u00edas para ver qu\u00e9 evoluci\u00f3n tiene lo que fue golpeado por las piedras que cay\u00f3 sin agua, y eso es m\u00e1s grave\u00bb<\/em><\/strong>, indic\u00f3.<\/p>\n<blockquote>\n<h3>En el caso del granizo consider\u00f3 que<em> \u00abno se ven da\u00f1os tan graves por las piedras sino por el viento. Hay sectores en todo el cord\u00f3n con roturas en invernaderos que se est\u00e1n reparando y se est\u00e1 haciendo lo posible para salvar lo que m\u00e1s se pueda\u00bb.<\/em><\/h3>\n<\/blockquote>\n<p>Lo m\u00e1s problem\u00e1tico indic\u00f3 que se ve en las estructuras de los caminos San Francisco, Las Charitas, en una parte de La Laguna, y en una parte del Coyunco. \u00abSon franjas donde parece que el viento super\u00f3 lo que marca las estaciones meteorol\u00f3gicas, es como si una m\u00e1quina hubiese cortado y tirado los invern\u00e1culos\u00bb, se\u00f1al\u00f3 y confirm\u00f3 que \u00abeso no se va a poder reconstruir ni salvar la producci\u00f3n que tiene abajo, ni salvar los plantines que no estaban plantados porque no habr\u00e1 donde ponerlos\u00bb. Por lo tanto, asegur\u00f3 que \u00abla producci\u00f3n m\u00e1s afectada es la del tomate y el morr\u00f3n de los invernaderos\u00bb. (<b>InfoGEI<\/b>) Mg<\/p>\n","protected":false},"excerpt":{"rendered":"<div class=\"mh-excerpt\"><p>Los da\u00f1os m\u00e1s graves los ocasion\u00f3 el viento. \u201cHay sectores en todo el cord\u00f3n con roturas en invernaderos que se est\u00e1n reparando y se est\u00e1 haciendo lo posible para salvar lo que m\u00e1s se pueda\u00bb, <a class=\"mh-excerpt-more\" href=\"https:\/\/larevistadigital.com.ar\/blog\/mar-del-plata-tormenta-de-viento-y-granizo-destrozo-una-plantacion-de-tomate-y-morron\/\" title=\"MAR DEL PLATA: TORMENTA DE VIENTO Y GRANIZO DESTROZ\u00d3 UNA PLANTACI\u00d3N DE TOMATE Y MORR\u00d3N\">[Leer M\u00e1s]<\/a><\/p>\n<\/div>","protected":false},"author":3,"featured_media":34488,"comment_status":"open","ping_status":"open","sticky":false,"template":"","format":"standard","meta":{"_jetpack_memberships_contains_paid_content":false,"footnotes":"","jetpack_publicize_message":"","jetpack_publicize_feature_enabled":true,"jetpack_social_post_already_shared":true,"jetpack_social_options":{"image_generator_settings":{"template":"highway","default_image_id":0,"font":"","enabled":false},"version":2}},"categories":[51],"tags":[],"class_list":{"0":"post-34487","1":"post","2":"type-post","3":"status-publish","4":"format-standard","5":"has-post-thumbnail","7":"category-regionales"},"jetpack_publicize_connections":[],"jetpack_featured_media_url":"https:\/\/i0.wp.com\/larevistadigital.com.ar\/blog\/wp-content\/uploads\/20231109171735_inver.jpg?fit=880%2C512&ssl=1","jetpack_sharing_enabled":true,"jetpack_shortlink":"https:\/\/wp.me\/p8qtrQ-8Yf","jetpack-related-posts":[{"id":28885,"url":"https:\/\/larevistadigital.com.ar\/blog\/alerta-meteorologico-en-mar-del-plata-y-la-zona-por-lluvias-y-posible-caida-de-granizo\/","url_meta":{"origin":34487,"position":0},"title":"ALERTA METEOROL\u00d3GICO EN MAR DEL PLATA Y LA ZONA POR LLUVIAS Y POSIBLE CAIDA DE GRANIZO","author":"Alejandro Sosa Ruda","date":"19 noviembre, 2022","format":false,"excerpt":"Las condiciones clim\u00e1ticas podr\u00edan extenderse hasta la madrugada. Recomendaciones para evitar accidentes y da\u00f1os mayores. 19 de noviembre de 2022 El\u00a0Servicio Meteorol\u00f3gico Nacional\u00a0(SMN) emiti\u00f3 un alerta por\u00a0fuertes tormentas\u00a0para la Costa Atl\u00e1ntica. Seg\u00fan detallaron se trata de un alerta a corto plazo por tormentas fuertes con\u00a0lluvias intensas, r\u00e1fagas y ocasional ca\u00edda\u2026","rel":"","context":"En \u00abREGIONALES\u00bb","block_context":{"text":"REGIONALES","link":"https:\/\/larevistadigital.com.ar\/blog\/category\/regionales\/"},"img":{"alt_text":"","src":"https:\/\/i0.wp.com\/larevistadigital.com.ar\/blog\/wp-content\/uploads\/ALERTA-METEOROLOGICO.jpg?fit=1140%2C758&ssl=1&resize=350%2C200","width":350,"height":200,"srcset":"https:\/\/i0.wp.com\/larevistadigital.com.ar\/blog\/wp-content\/uploads\/ALERTA-METEOROLOGICO.jpg?fit=1140%2C758&ssl=1&resize=350%2C200 1x, https:\/\/i0.wp.com\/larevistadigital.com.ar\/blog\/wp-content\/uploads\/ALERTA-METEOROLOGICO.jpg?fit=1140%2C758&ssl=1&resize=525%2C300 1.5x, https:\/\/i0.wp.com\/larevistadigital.com.ar\/blog\/wp-content\/uploads\/ALERTA-METEOROLOGICO.jpg?fit=1140%2C758&ssl=1&resize=700%2C400 2x, https:\/\/i0.wp.com\/larevistadigital.com.ar\/blog\/wp-content\/uploads\/ALERTA-METEOROLOGICO.jpg?fit=1140%2C758&ssl=1&resize=1050%2C600 3x"},"classes":[]},{"id":38819,"url":"https:\/\/larevistadigital.com.ar\/blog\/mar-del-plata-elevan-a-naranja-el-alerta-por-tormentas-habra-rafagas-de-100km-h-y-caera-granizo-nuevamente\/","url_meta":{"origin":34487,"position":1},"title":"Mar del Plata: Elevan a naranja el alerta por tormentas: habr\u00e1 r\u00e1fagas de 100km\/h y \u00bfcaer\u00e1 granizo nuevamente?","author":"Alejandro Sosa Ruda","date":"23 febrero, 2025","format":false,"excerpt":"El SMN indic\u00f3 que se espera la llegada de un frente tormentoso muy intenso durante la madrugada que podr\u00eda desatar abundante ca\u00edda de agua en cortos per\u00edodos. 23 de Febrero de 2025 MAR DEL PLATA -\u00a0 Tras los destrozos provocados por la intensa ca\u00edda de granizo el viernes pasado, Mar\u2026","rel":"","context":"En \u00abDESTACADAS\u00bb","block_context":{"text":"DESTACADAS","link":"https:\/\/larevistadigital.com.ar\/blog\/category\/destacadas\/"},"img":{"alt_text":"","src":"https:\/\/i0.wp.com\/larevistadigital.com.ar\/blog\/wp-content\/uploads\/OU2NGJ5D2ZHRRDSK6LKJA6QYOM.jpeg?fit=1200%2C675&ssl=1&resize=350%2C200","width":350,"height":200,"srcset":"https:\/\/i0.wp.com\/larevistadigital.com.ar\/blog\/wp-content\/uploads\/OU2NGJ5D2ZHRRDSK6LKJA6QYOM.jpeg?fit=1200%2C675&ssl=1&resize=350%2C200 1x, https:\/\/i0.wp.com\/larevistadigital.com.ar\/blog\/wp-content\/uploads\/OU2NGJ5D2ZHRRDSK6LKJA6QYOM.jpeg?fit=1200%2C675&ssl=1&resize=525%2C300 1.5x, https:\/\/i0.wp.com\/larevistadigital.com.ar\/blog\/wp-content\/uploads\/OU2NGJ5D2ZHRRDSK6LKJA6QYOM.jpeg?fit=1200%2C675&ssl=1&resize=700%2C400 2x, https:\/\/i0.wp.com\/larevistadigital.com.ar\/blog\/wp-content\/uploads\/OU2NGJ5D2ZHRRDSK6LKJA6QYOM.jpeg?fit=1200%2C675&ssl=1&resize=1050%2C600 3x"},"classes":[]},{"id":18526,"url":"https:\/\/larevistadigital.com.ar\/blog\/videos-e-imagenes-los-desastres-ocasionados-por-el-temporal-en-villa-gesell\/","url_meta":{"origin":34487,"position":2},"title":"[VIDEOS E IM\u00c1GENES] LOS DESASTRES OCASIONADOS POR EL TEMPORAL EN VILLA GESELL","author":"Alejandro Sosa Ruda","date":"6 enero, 2021","format":false,"excerpt":"Las im\u00e1genes son elocuentes, y demuestran la violencia del temporal que provoc\u00f3 graves da\u00f1os en Villa Gesell. Hay alerta roja para Mar del Plata y la zona. Se registraron intensas lluvias, fuertes r\u00e1fagas de viento, calles intransitables y advierten por una ocasional ca\u00edda de granizo en los municipios balnearios. El\u00a0Servicio\u2026","rel":"","context":"En \u00abINTERES GENERAL\u00bb","block_context":{"text":"INTERES GENERAL","link":"https:\/\/larevistadigital.com.ar\/blog\/category\/interes-general\/"},"img":{"alt_text":"","src":"https:\/\/i0.wp.com\/larevistadigital.com.ar\/blog\/wp-content\/uploads\/WhatsApp-Image-2021-01-06-at-13.24.44.jpeg?fit=719%2C1127&ssl=1&resize=350%2C200","width":350,"height":200,"srcset":"https:\/\/i0.wp.com\/larevistadigital.com.ar\/blog\/wp-content\/uploads\/WhatsApp-Image-2021-01-06-at-13.24.44.jpeg?fit=719%2C1127&ssl=1&resize=350%2C200 1x, https:\/\/i0.wp.com\/larevistadigital.com.ar\/blog\/wp-content\/uploads\/WhatsApp-Image-2021-01-06-at-13.24.44.jpeg?fit=719%2C1127&ssl=1&resize=525%2C300 1.5x, https:\/\/i0.wp.com\/larevistadigital.com.ar\/blog\/wp-content\/uploads\/WhatsApp-Image-2021-01-06-at-13.24.44.jpeg?fit=719%2C1127&ssl=1&resize=700%2C400 2x"},"classes":[]},{"id":21461,"url":"https:\/\/larevistadigital.com.ar\/blog\/fotos-y-videos-fuerte-temporal-azoto-la-region-con-lluvias-vientos-y-caida-de-granizo\/","url_meta":{"origin":34487,"position":3},"title":"[FOTOS Y VIDEOS] FUERTE TEMPORAL AZOT\u00d3 LA REGI\u00d3N CON LLUVIAS, VIENTOS Y CA\u00cdDA DE GRANIZO","author":"Alejandro Sosa Ruda","date":"8 agosto, 2021","format":false,"excerpt":"El temporal desatado el d\u00eda de hoy, provoc\u00f3 destrozos y da\u00f1os de distinta magnitud en los pueblos y ciudades de la regi\u00f3n, con lluvias, fuertes vientos y ca\u00edda de granizo. As\u00ed lo reflejan los vecinos en las redes sociales y los medios colegas, como es el caso de \"Infozona\" que\u2026","rel":"","context":"En \u00abDESTACADAS\u00bb","block_context":{"text":"DESTACADAS","link":"https:\/\/larevistadigital.com.ar\/blog\/category\/destacadas\/"},"img":{"alt_text":"","src":"https:\/\/i0.wp.com\/larevistadigital.com.ar\/blog\/wp-content\/uploads\/WhatsApp-Image-2021-08-08-at-14.19.27-e1628455598952.jpeg?fit=675%2C1200&ssl=1&resize=350%2C200","width":350,"height":200,"srcset":"https:\/\/i0.wp.com\/larevistadigital.com.ar\/blog\/wp-content\/uploads\/WhatsApp-Image-2021-08-08-at-14.19.27-e1628455598952.jpeg?fit=675%2C1200&ssl=1&resize=350%2C200 1x, https:\/\/i0.wp.com\/larevistadigital.com.ar\/blog\/wp-content\/uploads\/WhatsApp-Image-2021-08-08-at-14.19.27-e1628455598952.jpeg?fit=675%2C1200&ssl=1&resize=525%2C300 1.5x"},"classes":[]},{"id":24328,"url":"https:\/\/larevistadigital.com.ar\/blog\/mar-del-plata-alerta-por-tormentas-para-el-viernes-en-la-zona\/","url_meta":{"origin":34487,"position":4},"title":"MAR DEL PLATA: ALERTA POR TORMENTAS PARA EL VIERNES EN LA ZONA","author":"Alejandro Sosa Ruda","date":"4 marzo, 2022","format":false,"excerpt":"MAR DEL PLATA -\u00a0 El Servicio Meteorol\u00f3gico Nacional\u00a0emiti\u00f3 un alerta por el desarrollo de\u00a0tormentas para\u00a0este viernes en horas de la tarde\u00a0en parte de la regi\u00f3n del\u00a0sudeste de la costa atl\u00e1ntica bonaerense. El fen\u00f3meno afectar\u00e1, en principio,\u00a0la zona de los distritos de\u00a0San Cayetano,\u00a0Necochea, General Alvarado,\u00a0General Pueyrredon\u00a0y Mar Chiquita. Seg\u00fan aclar\u00f3 el\u2026","rel":"","context":"En \u00abREGIONALES\u00bb","block_context":{"text":"REGIONALES","link":"https:\/\/larevistadigital.com.ar\/blog\/category\/regionales\/"},"img":{"alt_text":"","src":"https:\/\/i0.wp.com\/larevistadigital.com.ar\/blog\/wp-content\/uploads\/WhatsApp-Image-2021-11-15-at-20.16.17.jpeg?fit=1200%2C799&ssl=1&resize=350%2C200","width":350,"height":200,"srcset":"https:\/\/i0.wp.com\/larevistadigital.com.ar\/blog\/wp-content\/uploads\/WhatsApp-Image-2021-11-15-at-20.16.17.jpeg?fit=1200%2C799&ssl=1&resize=350%2C200 1x, https:\/\/i0.wp.com\/larevistadigital.com.ar\/blog\/wp-content\/uploads\/WhatsApp-Image-2021-11-15-at-20.16.17.jpeg?fit=1200%2C799&ssl=1&resize=525%2C300 1.5x, https:\/\/i0.wp.com\/larevistadigital.com.ar\/blog\/wp-content\/uploads\/WhatsApp-Image-2021-11-15-at-20.16.17.jpeg?fit=1200%2C799&ssl=1&resize=700%2C400 2x, https:\/\/i0.wp.com\/larevistadigital.com.ar\/blog\/wp-content\/uploads\/WhatsApp-Image-2021-11-15-at-20.16.17.jpeg?fit=1200%2C799&ssl=1&resize=1050%2C600 3x"},"classes":[]},{"id":23106,"url":"https:\/\/larevistadigital.com.ar\/blog\/alerta-meteorologico-para-mar-del-plata\/","url_meta":{"origin":34487,"position":5},"title":"ALERTA METEOROL\u00d3GICO PARA MAR DEL PLATA","author":"Alejandro Sosa Ruda","date":"29 diciembre, 2021","format":false,"excerpt":"MAR DEL PLATA -\u00a0 El Servicio Meteorol\u00f3gico Nacional emiti\u00f3 un alerta a corto plazo para Mar del Plata y la zona, por lluvias intensas, r\u00e1fagas y ocasional ca\u00edda de granizo. Como medidas de protecci\u00f3n se recomienda: Permanecer en construcciones cerradas como casas, escuelas o edificios p\u00fablicos. Asegurar los objetos que\u2026","rel":"","context":"En \u00abREGIONALES\u00bb","block_context":{"text":"REGIONALES","link":"https:\/\/larevistadigital.com.ar\/blog\/category\/regionales\/"},"img":{"alt_text":"","src":"https:\/\/i0.wp.com\/larevistadigital.com.ar\/blog\/wp-content\/uploads\/ALERTA-METEOROLOGICO.jpg?fit=1140%2C758&ssl=1&resize=350%2C200","width":350,"height":200,"srcset":"https:\/\/i0.wp.com\/larevistadigital.com.ar\/blog\/wp-content\/uploads\/ALERTA-METEOROLOGICO.jpg?fit=1140%2C758&ssl=1&resize=350%2C200 1x, https:\/\/i0.wp.com\/larevistadigital.com.ar\/blog\/wp-content\/uploads\/ALERTA-METEOROLOGICO.jpg?fit=1140%2C758&ssl=1&resize=525%2C300 1.5x, https:\/\/i0.wp.com\/larevistadigital.com.ar\/blog\/wp-content\/uploads\/ALERTA-METEOROLOGICO.jpg?fit=1140%2C758&ssl=1&resize=700%2C400 2x, https:\/\/i0.wp.com\/larevistadigital.com.ar\/blog\/wp-content\/uploads\/ALERTA-METEOROLOGICO.jpg?fit=1140%2C758&ssl=1&resize=1050%2C600 3x"},"classes":[]}],"_links":{"self":[{"href":"https:\/\/larevistadigital.com.ar\/blog\/wp-json\/wp\/v2\/posts\/34487","targetHints":{"allow":["GET"]}}],"collection":[{"href":"https:\/\/larevistadigital.com.ar\/blog\/wp-json\/wp\/v2\/posts"}],"about":[{"href":"https:\/\/larevistadigital.com.ar\/blog\/wp-json\/wp\/v2\/types\/post"}],"author":[{"embeddable":true,"href":"https:\/\/larevistadigital.com.ar\/blog\/wp-json\/wp\/v2\/users\/3"}],"replies":[{"embeddable":true,"href":"https:\/\/larevistadigital.com.ar\/blog\/wp-json\/wp\/v2\/comments?post=34487"}],"version-history":[{"count":1,"href":"https:\/\/larevistadigital.com.ar\/blog\/wp-json\/wp\/v2\/posts\/34487\/revisions"}],"predecessor-version":[{"id":34489,"href":"https:\/\/larevistadigital.com.ar\/blog\/wp-json\/wp\/v2\/posts\/34487\/revisions\/34489"}],"wp:featuredmedia":[{"embeddable":true,"href":"https:\/\/larevistadigital.com.ar\/blog\/wp-json\/wp\/v2\/media\/34488"}],"wp:attachment":[{"href":"https:\/\/larevistadigital.com.ar\/blog\/wp-json\/wp\/v2\/media?parent=34487"}],"wp:term":[{"taxonomy":"category","embeddable":true,"href":"https:\/\/larevistadigital.com.ar\/blog\/wp-json\/wp\/v2\/categories?post=34487"},{"taxonomy":"post_tag","embeddable":true,"href":"https:\/\/larevistadigital.com.ar\/blog\/wp-json\/wp\/v2\/tags?post=34487"}],"curies":[{"name":"wp","href":"https:\/\/api.w.org\/{rel}","templated":true}]}}