{"id":34490,"date":"2023-11-10T10:31:18","date_gmt":"2023-11-10T13:31:18","guid":{"rendered":"https:\/\/larevistadigital.com.ar\/blog\/?p=34490"},"modified":"2023-11-10T10:31:18","modified_gmt":"2023-11-10T13:31:18","slug":"el-gobierno-bonaerense-destrabo-el-conflicto-con-las-farmacias-y-la-venta-de-medicamentos","status":"publish","type":"post","link":"https:\/\/larevistadigital.com.ar\/blog\/el-gobierno-bonaerense-destrabo-el-conflicto-con-las-farmacias-y-la-venta-de-medicamentos\/","title":{"rendered":"EL GOBIERNO BONAERENSE DESTRAB\u00d3 EL CONFLICTO CON LAS FARMACIAS Y LA VENTA DE MEDICAMENTOS"},"content":{"rendered":"<h2 class=\"fparrafo ctext fz18 lh25\"><em>\u201cSe realizar\u00e1 el esfuerzo de adelantar pagos y regularizar la atenci\u00f3n en farmacias bonaerenses inclusive para afiliados de otras obras sociales y prepagas, haci\u00e9ndose cargo del problema generado por los laboratorios y droguer\u00edas\u201d<\/em>, explic\u00f3 el ministro Nicol\u00e1s Kreplak.<\/h2>\n<p>10 de Noviembre de 2023<\/p>\n<p>El Gobierno bonaerense anunci\u00f3 que se resolvi\u00f3 el conflicto de las farmacias de la provincia de Buenos Aires, que hab\u00edan comenzado a limitar la venta de medicamentos con descuentos a los afiliados de obras sociales y prepagas por retrasos en los pagos.<\/p>\n<blockquote>\n<h3><em>\u201cSe realizar\u00e1 el esfuerzo de adelantar pagos y regularizar la atenci\u00f3n en farmacias bonaerenses inclusive para afiliados de otras obras sociales y prepagas, haci\u00e9ndose cargo del problema generado por los laboratorios y droguer\u00edas\u201d<\/em>, poste\u00f3 el ministro de Salud bonaerense, Nicol\u00e1s Kreplak, en sus redes sociales.<\/h3>\n<\/blockquote>\n<p>Sostuvo que <strong><em>\u201ceste adelanto, que destraba la situaci\u00f3n, representa 800 millones de pesos para que las y los vecinos puedan seguir accediendo a los medicamentos sin interrumpir tratamientos, al costo que les corresponde seg\u00fan su cobertura y sin realizar gasto de bolsillo extra\u201d.<\/em><\/strong><\/p>\n<blockquote>\n<h3>El Colegio de Farmac\u00e9uticos de la provincia de Buenos Aires y la Confederaci\u00f3n de Farmacias Bonaerenses (Cafabo) hab\u00edan argumentado que la inflaci\u00f3n y la volatilidad de precios complicaban sus ventas con descuento porque recib\u00edan los pagos entre 60 y 90 d\u00edas m\u00e1s tarde.<\/h3>\n<\/blockquote>\n<p><strong><em>\u201cEsta problem\u00e1tica se gener\u00f3 debido a que las droguer\u00edas cambiaron sorpresivamente las exigencias contractuales de pago a las farmacias, acortando los tiempos de abono de la facturaci\u00f3n, y a que los laboratorios aumentaron los precios por encima de la inflaci\u00f3n\u201d<\/em><\/strong>, explic\u00f3 <strong>Kreplak<\/strong>.<\/p>\n<p>En este punto, plante\u00f3 que no se puede seguir permitiendo que <strong><em>\u201claboratorios y droguer\u00edas, que son quienes m\u00e1s recursos tienen, sigan perjudicando a farmacias y afiliados\u201d.\u201cDebemos poder regular el acceso a los medicamentos para que nuestro pueblo tenga m\u00e1s y mejor salud\u201d<\/em><\/strong>, subray\u00f3 el ministro de Salud bonaerense. (<b>InfoGEI<\/b>) Mg<\/p>\n<p>&nbsp;<\/p>\n","protected":false},"excerpt":{"rendered":"<div class=\"mh-excerpt\"><p>\u201cSe realizar\u00e1 el esfuerzo de adelantar pagos y regularizar la atenci\u00f3n en farmacias bonaerenses inclusive para afiliados de otras obras sociales y prepagas, haci\u00e9ndose cargo del problema generado por los laboratorios y droguer\u00edas\u201d, explic\u00f3 el <a class=\"mh-excerpt-more\" href=\"https:\/\/larevistadigital.com.ar\/blog\/el-gobierno-bonaerense-destrabo-el-conflicto-con-las-farmacias-y-la-venta-de-medicamentos\/\" title=\"EL GOBIERNO BONAERENSE DESTRAB\u00d3 EL CONFLICTO CON LAS FARMACIAS Y LA VENTA DE MEDICAMENTOS\">[Leer M\u00e1s]<\/a><\/p>\n<\/div>","protected":false},"author":3,"featured_media":34491,"comment_status":"open","ping_status":"open","sticky":false,"template":"","format":"standard","meta":{"_jetpack_memberships_contains_paid_content":false,"footnotes":"","jetpack_publicize_message":"","jetpack_publicize_feature_enabled":true,"jetpack_social_post_already_shared":true,"jetpack_social_options":{"image_generator_settings":{"template":"highway","default_image_id":0,"font":"","enabled":false},"version":2}},"categories":[41],"tags":[],"class_list":{"0":"post-34490","1":"post","2":"type-post","3":"status-publish","4":"format-standard","5":"has-post-thumbnail","7":"category-destacadas"},"jetpack_publicize_connections":[],"jetpack_featured_media_url":"https:\/\/i0.wp.com\/larevistadigital.com.ar\/blog\/wp-content\/uploads\/20231109165758_medica.jpg?fit=880%2C512&ssl=1","jetpack_sharing_enabled":true,"jetpack_shortlink":"https:\/\/wp.me\/p8qtrQ-8Yi","jetpack-related-posts":[{"id":13736,"url":"https:\/\/larevistadigital.com.ar\/blog\/ioma-le-debe-mas-de-13-000-000-a-las-farmacias-de-chascomus\/","url_meta":{"origin":34490,"position":0},"title":"IOMA LE DEBE M\u00c1S DE 13.000.000.- A LAS FARMACIAS DE CHASCOM\u00daS","author":"Alejandro Sosa Ruda","date":"19 diciembre, 2019","format":false,"excerpt":"IOMA le debe m\u00e1s de 13 millones de pesos a las farmacias de Chascom\u00fas, por los medicamentos dispensados desde el mes de agosto de 2019 a la fecha. As\u00ed lo inform\u00f3 el Colegio de Farmac\u00e9uticos de Chascom\u00fas, detallando que son $12.284.136,74 en ambulatorios y $1.004.817,48 en accesorios. Sobre esta situaci\u00f3n\u2026","rel":"","context":"En \u00abINTERES GENERAL\u00bb","block_context":{"text":"INTERES GENERAL","link":"https:\/\/larevistadigital.com.ar\/blog\/category\/interes-general\/"},"img":{"alt_text":"","src":"https:\/\/i0.wp.com\/larevistadigital.com.ar\/blog\/wp-content\/uploads\/mail-3.jpg?fit=600%2C400&ssl=1&resize=350%2C200","width":350,"height":200,"srcset":"https:\/\/i0.wp.com\/larevistadigital.com.ar\/blog\/wp-content\/uploads\/mail-3.jpg?fit=600%2C400&ssl=1&resize=350%2C200 1x, https:\/\/i0.wp.com\/larevistadigital.com.ar\/blog\/wp-content\/uploads\/mail-3.jpg?fit=600%2C400&ssl=1&resize=525%2C300 1.5x"},"classes":[]},{"id":22595,"url":"https:\/\/larevistadigital.com.ar\/blog\/informo-el-colegio-de-farmaceuticos-de-chascomus-que-osde-pone-en-riesgo-el-acceso-a-los-medicamentos-y-la-libre-eleccion-de-farmacias-a-sus-afiliados\/","url_meta":{"origin":34490,"position":1},"title":"INFORM\u00d3 EL COLEGIO DE FARMAC\u00c9UTICOS DE CHASCOM\u00daS, QUE OSDE PONE EN RIESGO EL ACCESO A LOS MEDICAMENTOS Y LA LIBRE ELECCI\u00d3N DE FARMACIAS A SUS AFILIADOS","author":"Alejandro Sosa Ruda","date":"5 noviembre, 2021","format":false,"excerpt":"CHASCOM\u00daS -\u00a0 El Colegio de Farmac\u00e9uticos inform\u00f3 que OSDE est\u00e1 poniendo en riesgo el acceso a los medicamentos y a la libre elecci\u00f3n de farmacias a sus afiliados Desde el Colegio de Farmac\u00e9uticos de Chascom\u00fas se hizo p\u00fablico que la prepaga OSDE est\u00e1 poniendo en riesgo el acceso a los\u2026","rel":"","context":"En \u00abINTERES GENERAL\u00bb","block_context":{"text":"INTERES GENERAL","link":"https:\/\/larevistadigital.com.ar\/blog\/category\/interes-general\/"},"img":{"alt_text":"","src":"https:\/\/i0.wp.com\/larevistadigital.com.ar\/blog\/wp-content\/uploads\/farma.jpg?fit=1200%2C675&ssl=1&resize=350%2C200","width":350,"height":200,"srcset":"https:\/\/i0.wp.com\/larevistadigital.com.ar\/blog\/wp-content\/uploads\/farma.jpg?fit=1200%2C675&ssl=1&resize=350%2C200 1x, https:\/\/i0.wp.com\/larevistadigital.com.ar\/blog\/wp-content\/uploads\/farma.jpg?fit=1200%2C675&ssl=1&resize=525%2C300 1.5x, https:\/\/i0.wp.com\/larevistadigital.com.ar\/blog\/wp-content\/uploads\/farma.jpg?fit=1200%2C675&ssl=1&resize=700%2C400 2x, https:\/\/i0.wp.com\/larevistadigital.com.ar\/blog\/wp-content\/uploads\/farma.jpg?fit=1200%2C675&ssl=1&resize=1050%2C600 3x"},"classes":[]},{"id":31586,"url":"https:\/\/larevistadigital.com.ar\/blog\/farmacias-por-un-hackeo-no-funciona-el-sistema-de-descuentos\/","url_meta":{"origin":34490,"position":2},"title":"FARMACIAS: POR UN HACKEO NO FUNCIONA EL SISTEMA DE DESCUENTOS","author":"Alejandro Sosa Ruda","date":"16 mayo, 2023","format":false,"excerpt":"No permite aplicar la rebaja en medicamentos de forma autom\u00e1tica y este inconveniente ya lleva cinco d\u00edas afectando a las farmacias. 16 de mayo de 2023 En los \u00faltimos cinco d\u00edas, las farmacias se han visto sumidas en el caos debido a un hackeo en su sistema de descuentos, lo\u2026","rel":"","context":"En \u00abINTERES GENERAL\u00bb","block_context":{"text":"INTERES GENERAL","link":"https:\/\/larevistadigital.com.ar\/blog\/category\/interes-general\/"},"img":{"alt_text":"","src":"https:\/\/i0.wp.com\/larevistadigital.com.ar\/blog\/wp-content\/uploads\/farmacias-.png?fit=798%2C475&ssl=1&resize=350%2C200","width":350,"height":200,"srcset":"https:\/\/i0.wp.com\/larevistadigital.com.ar\/blog\/wp-content\/uploads\/farmacias-.png?fit=798%2C475&ssl=1&resize=350%2C200 1x, https:\/\/i0.wp.com\/larevistadigital.com.ar\/blog\/wp-content\/uploads\/farmacias-.png?fit=798%2C475&ssl=1&resize=525%2C300 1.5x, https:\/\/i0.wp.com\/larevistadigital.com.ar\/blog\/wp-content\/uploads\/farmacias-.png?fit=798%2C475&ssl=1&resize=700%2C400 2x"},"classes":[]},{"id":20092,"url":"https:\/\/larevistadigital.com.ar\/blog\/se-prohibe-en-la-provincia-la-venta-en-farmacias-de-pruebas-rapidas-y-test-para-detectar-el-covid-19\/","url_meta":{"origin":34490,"position":3},"title":"SE PROHIBE EN LA PROVINCIA LA VENTA EN FARMACIAS DE PRUEBAS R\u00c1PIDAS Y TEST PARA DETECTAR EL COVID-19","author":"Alejandro Sosa Ruda","date":"5 mayo, 2021","format":false,"excerpt":"El gobierno bonaerense argument\u00f3 que \"son de uso profesional excluyente y deben realizarse en laboratorios de an\u00e1lisis cl\u00ednicos\". El Gobierno bonaerense prohibi\u00f3 hoy en las farmacias del distrito la venta de los productos de pruebas r\u00e1pidas para detectar Coronavirus, al se\u00f1alar que esos test \"son de uso profesional excluyente y\u2026","rel":"","context":"En \u00abINTERES GENERAL\u00bb","block_context":{"text":"INTERES GENERAL","link":"https:\/\/larevistadigital.com.ar\/blog\/category\/interes-general\/"},"img":{"alt_text":"","src":"https:\/\/i0.wp.com\/larevistadigital.com.ar\/blog\/wp-content\/uploads\/e334f5a342b56fc3f927938b52148faa02195543.jpg?fit=1140%2C673&ssl=1&resize=350%2C200","width":350,"height":200,"srcset":"https:\/\/i0.wp.com\/larevistadigital.com.ar\/blog\/wp-content\/uploads\/e334f5a342b56fc3f927938b52148faa02195543.jpg?fit=1140%2C673&ssl=1&resize=350%2C200 1x, https:\/\/i0.wp.com\/larevistadigital.com.ar\/blog\/wp-content\/uploads\/e334f5a342b56fc3f927938b52148faa02195543.jpg?fit=1140%2C673&ssl=1&resize=525%2C300 1.5x, https:\/\/i0.wp.com\/larevistadigital.com.ar\/blog\/wp-content\/uploads\/e334f5a342b56fc3f927938b52148faa02195543.jpg?fit=1140%2C673&ssl=1&resize=700%2C400 2x, https:\/\/i0.wp.com\/larevistadigital.com.ar\/blog\/wp-content\/uploads\/e334f5a342b56fc3f927938b52148faa02195543.jpg?fit=1140%2C673&ssl=1&resize=1050%2C600 3x"},"classes":[]},{"id":6468,"url":"https:\/\/larevistadigital.com.ar\/blog\/chascomus-informo-el-colegio-de-farmaceuticos-que-las-farmacias-interrumpen-las-prestaciones-a-los-afiliados-de-pami\/","url_meta":{"origin":34490,"position":4},"title":"CHASCOM\u00daS: INFORM\u00d3 EL COLEGIO DE FARMAC\u00c9UTICOS QUE LAS FARMACIAS INTERRUMPEN LAS PRESTACIONES A LOS AFILIADOS DE PAMI","author":"Alejandro Sosa Ruda","date":"15 septiembre, 2018","format":false,"excerpt":"Inform\u00f3 el Colegio de Farmac\u00e9uticos que debido a que no se lleg\u00f3 a ning\u00fan acuerdo en la reuni\u00f3n realizada en el d\u00eda de ayer entre las entidades farmac\u00e9uticas y PAMI, y tras el pedido de un plazo adicional de 15 d\u00edas por parte de la obra social para acordar, las\u2026","rel":"","context":"En \u00abCHASCOM\u00daS\u00bb","block_context":{"text":"CHASCOM\u00daS","link":"https:\/\/larevistadigital.com.ar\/blog\/category\/chascomus\/"},"img":{"alt_text":"","src":"https:\/\/i0.wp.com\/larevistadigital.com.ar\/blog\/wp-content\/uploads\/2018\/09\/20170707144408_pami_rg.jpg?fit=880%2C586&ssl=1&resize=350%2C200","width":350,"height":200,"srcset":"https:\/\/i0.wp.com\/larevistadigital.com.ar\/blog\/wp-content\/uploads\/2018\/09\/20170707144408_pami_rg.jpg?fit=880%2C586&ssl=1&resize=350%2C200 1x, https:\/\/i0.wp.com\/larevistadigital.com.ar\/blog\/wp-content\/uploads\/2018\/09\/20170707144408_pami_rg.jpg?fit=880%2C586&ssl=1&resize=525%2C300 1.5x, https:\/\/i0.wp.com\/larevistadigital.com.ar\/blog\/wp-content\/uploads\/2018\/09\/20170707144408_pami_rg.jpg?fit=880%2C586&ssl=1&resize=700%2C400 2x"},"classes":[]},{"id":37998,"url":"https:\/\/larevistadigital.com.ar\/blog\/si-sos-tan-guapo-el-desafio-de-cristina-kirchner-a-javier-milei-por-los-medicamentos\/","url_meta":{"origin":34490,"position":5},"title":"\u00abSi sos tan guapo&#8230;\u00bb: el desaf\u00edo de Cristina Kirchner a Javier Milei por los medicamentos","author":"Alejandro Sosa Ruda","date":"24 noviembre, 2024","format":false,"excerpt":"Como flamante titular del PJ, Cristina Kirchner encabez\u00f3 el cierre del Encuentro Nacional de Salud en Rosario, junto al ministro bonaerense Nicol\u00e1s Kreplak. 24 de Noviembre de 2024 La expresidenta Cristina Fern\u00e1ndez de Kirchner encabez\u00f3 esta s\u00e1bado en la ciudad de Rosario, un acto en el que apunt\u00f3 duro contra\u2026","rel":"","context":"En \u00abINTERES GENERAL\u00bb","block_context":{"text":"INTERES GENERAL","link":"https:\/\/larevistadigital.com.ar\/blog\/category\/interes-general\/"},"img":{"alt_text":"","src":"https:\/\/i0.wp.com\/larevistadigital.com.ar\/blog\/wp-content\/uploads\/Captura-de-pantalla-2024-11-24-134414.png?fit=888%2C467&ssl=1&resize=350%2C200","width":350,"height":200,"srcset":"https:\/\/i0.wp.com\/larevistadigital.com.ar\/blog\/wp-content\/uploads\/Captura-de-pantalla-2024-11-24-134414.png?fit=888%2C467&ssl=1&resize=350%2C200 1x, https:\/\/i0.wp.com\/larevistadigital.com.ar\/blog\/wp-content\/uploads\/Captura-de-pantalla-2024-11-24-134414.png?fit=888%2C467&ssl=1&resize=525%2C300 1.5x, https:\/\/i0.wp.com\/larevistadigital.com.ar\/blog\/wp-content\/uploads\/Captura-de-pantalla-2024-11-24-134414.png?fit=888%2C467&ssl=1&resize=700%2C400 2x"},"classes":[]}],"_links":{"self":[{"href":"https:\/\/larevistadigital.com.ar\/blog\/wp-json\/wp\/v2\/posts\/34490","targetHints":{"allow":["GET"]}}],"collection":[{"href":"https:\/\/larevistadigital.com.ar\/blog\/wp-json\/wp\/v2\/posts"}],"about":[{"href":"https:\/\/larevistadigital.com.ar\/blog\/wp-json\/wp\/v2\/types\/post"}],"author":[{"embeddable":true,"href":"https:\/\/larevistadigital.com.ar\/blog\/wp-json\/wp\/v2\/users\/3"}],"replies":[{"embeddable":true,"href":"https:\/\/larevistadigital.com.ar\/blog\/wp-json\/wp\/v2\/comments?post=34490"}],"version-history":[{"count":1,"href":"https:\/\/larevistadigital.com.ar\/blog\/wp-json\/wp\/v2\/posts\/34490\/revisions"}],"predecessor-version":[{"id":34492,"href":"https:\/\/larevistadigital.com.ar\/blog\/wp-json\/wp\/v2\/posts\/34490\/revisions\/34492"}],"wp:featuredmedia":[{"embeddable":true,"href":"https:\/\/larevistadigital.com.ar\/blog\/wp-json\/wp\/v2\/media\/34491"}],"wp:attachment":[{"href":"https:\/\/larevistadigital.com.ar\/blog\/wp-json\/wp\/v2\/media?parent=34490"}],"wp:term":[{"taxonomy":"category","embeddable":true,"href":"https:\/\/larevistadigital.com.ar\/blog\/wp-json\/wp\/v2\/categories?post=34490"},{"taxonomy":"post_tag","embeddable":true,"href":"https:\/\/larevistadigital.com.ar\/blog\/wp-json\/wp\/v2\/tags?post=34490"}],"curies":[{"name":"wp","href":"https:\/\/api.w.org\/{rel}","templated":true}]}}