{"id":34493,"date":"2023-11-10T10:36:15","date_gmt":"2023-11-10T13:36:15","guid":{"rendered":"https:\/\/larevistadigital.com.ar\/blog\/?p=34493"},"modified":"2023-11-10T10:36:15","modified_gmt":"2023-11-10T13:36:15","slug":"temporada-2024-difunden-precios-de-referencia-para-alojarse-en-destinos-de-la-costa","status":"publish","type":"post","link":"https:\/\/larevistadigital.com.ar\/blog\/temporada-2024-difunden-precios-de-referencia-para-alojarse-en-destinos-de-la-costa\/","title":{"rendered":"TEMPORADA 2024: DIFUNDEN PRECIOS DE REFERENCIA PARA ALOJARSE EN DESTINOS DE LA COSTA"},"content":{"rendered":"<h2 class=\"fparrafo ctext fz18 lh25\">Desde la Secretar\u00eda de Turismo instan a cotejar datos con los establecimientos habilitados para evitar estafas, alentando a aquellos que deseen alojarse en Villa Gesell a acceder a la lista de prestadores oficiales, disponible en la p\u00e1gina web gesell.tur.ar.<\/h2>\n<p>10 de Noviembre de 2023<\/p>\n<p>La Secretar\u00eda de Turismo de Villa Gesell comparti\u00f3 una orientaci\u00f3n de valores referenciales para alojamientos durante la temporada de verano, brindando informaci\u00f3n sobre los precios estimados en diferentes tipos de establecimientos en Villa Gesell, Mar de las Pampas, Mar Azul y Las Gaviotas.<\/p>\n<p>Seg\u00fan el relevamiento realizado por la Secretar\u00eda de Turismo, se ha determinado que los precios en Villa Gesell para alojamiento en caba\u00f1as, departamentos con servicios y hoteles, variar\u00e1n en enero y febrero. Por ejemplo, tomando muestra de 79 alojamientos, se estima que las caba\u00f1as con base cu\u00e1druple partir\u00e1n desde los $105.000, los departamentos con servicios desde $110.000 y un hotel de 3 estrellas con base doble tendr\u00e1 un costo de $75.000 durante los mismos meses por d\u00eda.<\/p>\n<p>En Mar de las Pampas, se estiman caba\u00f1as desde $110.000 y apart hoteles desde $140.000 durante enero y febrero. En Mar Azul, las caba\u00f1as se podr\u00e1n encontrar desde $97.000 y los apart hoteles desde $110.000. Mientras que en Las Gaviotas, se calcula un precio de $110.000 para las caba\u00f1as y departamentos con servicios en los meses de enero y febrero.<\/p>\n<p>De esta manera, en las localidades de Mar de las Pampas, Las Gaviotas y Mar Azul, los precios de alojamiento rondar\u00e1n los $875.000, $752.500 y $724.500, respectivamente en los mismos per\u00edodos y por semana.<\/p>\n<p>Seg\u00fan public\u00f3 el portal ElFundador, el Secretario de Turismo, Marcelo Iglesias, enfatiz\u00f3 la importancia de mantener tarifas competitivas y agradeci\u00f3 a los prestadores por ofrecer valores en pesos y facilidades de pago en cuotas fijas, con tarjetas de algunos bancos, brindando mayor previsibilidad a las familias que visitan la regi\u00f3n a\u00f1o tras a\u00f1o.<\/p>\n<p>Desde la Secretar\u00eda de Turismo instan a cotejar datos con los establecimientos habilitados para evitar estafas, alentando a aquellos que deseen alojarse en Villa Gesell a acceder a la lista de prestadores oficiales, disponible en la p\u00e1gina web gesell.tur.ar.<\/p>\n<p>La difusi\u00f3n de estos precios referenciales busca brindar una gu\u00eda a quienes est\u00e9n planificando sus vacaciones en la regi\u00f3n, ofreciendo informaci\u00f3n sobre la oferta disponible y las estimaciones de costos para la temporada estival. (<b>InfoGEI<\/b>) Mg<\/p>\n","protected":false},"excerpt":{"rendered":"<div class=\"mh-excerpt\"><p>Desde la Secretar\u00eda de Turismo instan a cotejar datos con los establecimientos habilitados para evitar estafas, alentando a aquellos que deseen alojarse en Villa Gesell a acceder a la lista de prestadores oficiales, disponible en <a class=\"mh-excerpt-more\" href=\"https:\/\/larevistadigital.com.ar\/blog\/temporada-2024-difunden-precios-de-referencia-para-alojarse-en-destinos-de-la-costa\/\" title=\"TEMPORADA 2024: DIFUNDEN PRECIOS DE REFERENCIA PARA ALOJARSE EN DESTINOS DE LA COSTA\">[Leer M\u00e1s]<\/a><\/p>\n<\/div>","protected":false},"author":3,"featured_media":34494,"comment_status":"open","ping_status":"open","sticky":false,"template":"","format":"standard","meta":{"_jetpack_memberships_contains_paid_content":false,"footnotes":"","jetpack_publicize_message":"","jetpack_publicize_feature_enabled":true,"jetpack_social_post_already_shared":true,"jetpack_social_options":{"image_generator_settings":{"template":"highway","default_image_id":0,"font":"","enabled":false},"version":2}},"categories":[51],"tags":[],"class_list":{"0":"post-34493","1":"post","2":"type-post","3":"status-publish","4":"format-standard","5":"has-post-thumbnail","7":"category-regionales"},"jetpack_publicize_connections":[],"jetpack_featured_media_url":"https:\/\/i0.wp.com\/larevistadigital.com.ar\/blog\/wp-content\/uploads\/20231109162433_gesel.jpg?fit=880%2C512&ssl=1","jetpack_sharing_enabled":true,"jetpack_shortlink":"https:\/\/wp.me\/p8qtrQ-8Yl","jetpack-related-posts":[{"id":17232,"url":"https:\/\/larevistadigital.com.ar\/blog\/villa-gesell-en-intendente-confirmo-que-no-van-a-cobrar-tasas-a-turistas\/","url_meta":{"origin":34493,"position":0},"title":"VILLA GESELL: EN INTENDENTE CONFIRM\u00d3 QUE NO VAN A COBRAR TASAS A TURISTAS","author":"Alejandro Sosa Ruda","date":"26 octubre, 2020","format":false,"excerpt":"Gustavo Barrera, intendente de Villa Gesell, dialog\u00f3 con FM LA PATRIADA de cara a la temporada de verano. El intendente de Villa Gesell, Gustavo Barrera, confirm\u00f3 que no se va a cobrar ning\u00fan tipo de tasas a los turistas que elijan Villa Gesell como destino. Entre otras cosas, dijo que\u2026","rel":"","context":"En \u00abREGIONALES\u00bb","block_context":{"text":"REGIONALES","link":"https:\/\/larevistadigital.com.ar\/blog\/category\/regionales\/"},"img":{"alt_text":"","src":"https:\/\/i0.wp.com\/larevistadigital.com.ar\/blog\/wp-content\/uploads\/RASW6DZD6BHGBMII55YRRKNV3A.jpg?fit=1200%2C675&ssl=1&resize=350%2C200","width":350,"height":200,"srcset":"https:\/\/i0.wp.com\/larevistadigital.com.ar\/blog\/wp-content\/uploads\/RASW6DZD6BHGBMII55YRRKNV3A.jpg?fit=1200%2C675&ssl=1&resize=350%2C200 1x, https:\/\/i0.wp.com\/larevistadigital.com.ar\/blog\/wp-content\/uploads\/RASW6DZD6BHGBMII55YRRKNV3A.jpg?fit=1200%2C675&ssl=1&resize=525%2C300 1.5x, https:\/\/i0.wp.com\/larevistadigital.com.ar\/blog\/wp-content\/uploads\/RASW6DZD6BHGBMII55YRRKNV3A.jpg?fit=1200%2C675&ssl=1&resize=700%2C400 2x, https:\/\/i0.wp.com\/larevistadigital.com.ar\/blog\/wp-content\/uploads\/RASW6DZD6BHGBMII55YRRKNV3A.jpg?fit=1200%2C675&ssl=1&resize=1050%2C600 3x"},"classes":[]},{"id":43005,"url":"https:\/\/larevistadigital.com.ar\/blog\/villa-gesell-murio-un-hombre-de-73-anos-tras-descompensarse-en-el-mar\/","url_meta":{"origin":34493,"position":1},"title":"Villa Gesell: Muri\u00f3 un hombre de 73 a\u00f1os tras descompensarse en el mar","author":"Alejandro Sosa Ruda","date":"22 diciembre, 2025","format":false,"excerpt":"El hecho ocurri\u00f3 ayer domingo al mediod\u00eda. Guardavidas le practicaron RCP y utilizaron un desfibrilador, pero la v\u00edctima falleci\u00f3 en el centro asistencial. La Uni\u00f3n de Guardavidas difundi\u00f3 un duro comunicado. 22 de diciembre de 2025 VILLA GESELL -\u00a0 \u00a0Un tr\u00e1gico episodio se registr\u00f3 este domingo al mediod\u00eda en las\u2026","rel":"","context":"En \u00abPOLICIALES\u00bb","block_context":{"text":"POLICIALES","link":"https:\/\/larevistadigital.com.ar\/blog\/category\/policiales\/"},"img":{"alt_text":"","src":"https:\/\/i0.wp.com\/larevistadigital.com.ar\/blog\/wp-content\/uploads\/Captura-de-pantalla-2025-12-22-155449.jpg?fit=936%2C504&ssl=1&resize=350%2C200","width":350,"height":200,"srcset":"https:\/\/i0.wp.com\/larevistadigital.com.ar\/blog\/wp-content\/uploads\/Captura-de-pantalla-2025-12-22-155449.jpg?fit=936%2C504&ssl=1&resize=350%2C200 1x, https:\/\/i0.wp.com\/larevistadigital.com.ar\/blog\/wp-content\/uploads\/Captura-de-pantalla-2025-12-22-155449.jpg?fit=936%2C504&ssl=1&resize=525%2C300 1.5x, https:\/\/i0.wp.com\/larevistadigital.com.ar\/blog\/wp-content\/uploads\/Captura-de-pantalla-2025-12-22-155449.jpg?fit=936%2C504&ssl=1&resize=700%2C400 2x"},"classes":[]},{"id":14005,"url":"https:\/\/larevistadigital.com.ar\/blog\/grave-falta-de-mantenimiento-en-villa-gesell-cayeron-tres-balcones-milagrosamente-no-hubo-victimas\/","url_meta":{"origin":34493,"position":2},"title":"GRAVE FALTA DE MANTENIMIENTO EN VILLA GESELL: CAYERON TRES BALCONES. MILAGROSAMENTE NO HUBO V\u00cdCTIMAS","author":"Alejandro Sosa Ruda","date":"6 enero, 2020","format":false,"excerpt":"El balc\u00f3n m\u00e1s alto, de 6 metros de altura,\u00a0se vino abajo y gener\u00f3 un \"efecto domin\u00f3\" que hizo caer los otros dos. Afortunadamente no hubo heridos. El edificio fue desalojado. Alertan por\u00a0la falta de mantenimiento de los inmuebles dedicados al turismo en el distrito que gestiona el Intendente Gustavo Barrera.\u2026","rel":"","context":"En \u00abREGIONALES\u00bb","block_context":{"text":"REGIONALES","link":"https:\/\/larevistadigital.com.ar\/blog\/category\/regionales\/"},"img":{"alt_text":"","src":"https:\/\/i0.wp.com\/larevistadigital.com.ar\/blog\/wp-content\/uploads\/gesell_balcon.png?fit=600%2C375&ssl=1&resize=350%2C200","width":350,"height":200,"srcset":"https:\/\/i0.wp.com\/larevistadigital.com.ar\/blog\/wp-content\/uploads\/gesell_balcon.png?fit=600%2C375&ssl=1&resize=350%2C200 1x, https:\/\/i0.wp.com\/larevistadigital.com.ar\/blog\/wp-content\/uploads\/gesell_balcon.png?fit=600%2C375&ssl=1&resize=525%2C300 1.5x"},"classes":[]},{"id":13230,"url":"https:\/\/larevistadigital.com.ar\/blog\/villa-gesell-lo-rescataron-los-guardavidas-y-los-bomberos-le-salvan-la-vida\/","url_meta":{"origin":34493,"position":3},"title":"VILLA GESELL: LO RESCATARON LOS GUARDAVIDAS Y LOS BOMBEROS LE SALVAN LA VIDA","author":"Alejandro Sosa Ruda","date":"17 noviembre, 2019","format":false,"excerpt":"Sucedi\u00f3 esta tarde luego de un rescate en el mar, en Villa Gesell. La persona fue trasladada al Hospital Municipal local. Este domingo de fin de semana largo muchos turistas se volcaron a las playas de la regi\u00f3n. Esta tarde en Villa Gesell, en la zona de playa y 306,\u2026","rel":"","context":"En \u00abREGIONALES\u00bb","block_context":{"text":"REGIONALES","link":"https:\/\/larevistadigital.com.ar\/blog\/category\/regionales\/"},"img":{"alt_text":"","src":"https:\/\/i0.wp.com\/larevistadigital.com.ar\/blog\/wp-content\/uploads\/0de2698ffbcf63b7d3e8a5a4fc5201577a1b6a1e.jpg?fit=1140%2C752&ssl=1&resize=350%2C200","width":350,"height":200,"srcset":"https:\/\/i0.wp.com\/larevistadigital.com.ar\/blog\/wp-content\/uploads\/0de2698ffbcf63b7d3e8a5a4fc5201577a1b6a1e.jpg?fit=1140%2C752&ssl=1&resize=350%2C200 1x, https:\/\/i0.wp.com\/larevistadigital.com.ar\/blog\/wp-content\/uploads\/0de2698ffbcf63b7d3e8a5a4fc5201577a1b6a1e.jpg?fit=1140%2C752&ssl=1&resize=525%2C300 1.5x, https:\/\/i0.wp.com\/larevistadigital.com.ar\/blog\/wp-content\/uploads\/0de2698ffbcf63b7d3e8a5a4fc5201577a1b6a1e.jpg?fit=1140%2C752&ssl=1&resize=700%2C400 2x, https:\/\/i0.wp.com\/larevistadigital.com.ar\/blog\/wp-content\/uploads\/0de2698ffbcf63b7d3e8a5a4fc5201577a1b6a1e.jpg?fit=1140%2C752&ssl=1&resize=1050%2C600 3x"},"classes":[]},{"id":24903,"url":"https:\/\/larevistadigital.com.ar\/blog\/por-gestiones-de-la-bancaria-el-intendente-de-villa-gesell-solicito-al-gernete-del-banco-nacion-que-interceda-para-evitar-el-cierre-de-la-sucursal\/","url_meta":{"origin":34493,"position":4},"title":"POR GESTIONES DE LA BANCARIA: EL INTENDENTE DE VILLA GESELL SOLICITO AL GERNETE DEL BANCO NACI\u00d3N QUE INTERCEDA PARA EVITAR EL CIERRE DE LA SUCURSAL","author":"Alejandro Sosa Ruda","date":"29 marzo, 2022","format":false,"excerpt":"VILLA GESELL -\u00a0 Luego de las reuniones y encuentros con dirigentes Bancarios, el intendente de la localidad de Villa Gesell, Gustavo Barrera escribi\u00f3 una nota en la que solicita se cambie la determinaci\u00f3n de cerrar la sucursal del Banco Naci\u00f3n de la mencionada localidad, dado el inmenso perjuicio que ocasionaran\u2026","rel":"","context":"En \u00abINTERES GENERAL\u00bb","block_context":{"text":"INTERES GENERAL","link":"https:\/\/larevistadigital.com.ar\/blog\/category\/interes-general\/"},"img":{"alt_text":"","src":"https:\/\/i0.wp.com\/larevistadigital.com.ar\/blog\/wp-content\/uploads\/REUNION-BANCARIOS-EN-GESELL.jpg?fit=749%2C558&ssl=1&resize=350%2C200","width":350,"height":200,"srcset":"https:\/\/i0.wp.com\/larevistadigital.com.ar\/blog\/wp-content\/uploads\/REUNION-BANCARIOS-EN-GESELL.jpg?fit=749%2C558&ssl=1&resize=350%2C200 1x, https:\/\/i0.wp.com\/larevistadigital.com.ar\/blog\/wp-content\/uploads\/REUNION-BANCARIOS-EN-GESELL.jpg?fit=749%2C558&ssl=1&resize=525%2C300 1.5x, https:\/\/i0.wp.com\/larevistadigital.com.ar\/blog\/wp-content\/uploads\/REUNION-BANCARIOS-EN-GESELL.jpg?fit=749%2C558&ssl=1&resize=700%2C400 2x"},"classes":[]},{"id":23137,"url":"https:\/\/larevistadigital.com.ar\/blog\/se-construira-la-doble-via-entre-gesell-y-mar-chiquita\/","url_meta":{"origin":34493,"position":5},"title":"SE CONSTRUIR\u00c1 LA DOBLE V\u00cdA ENTRE GESELL Y MAR CHIQUITA","author":"Alejandro Sosa Ruda","date":"1 enero, 2022","format":false,"excerpt":"Esta temporada de verano comenz\u00f3 con una gran noticia: la inauguraci\u00f3n de la\u00a0doble v\u00eda en m\u00e1s de 150 kil\u00f3metros en las rutas 11 y 56, conformando un\u00a0corredor vial r\u00e1pido y seguro\u00a0de acceso a la zona atl\u00e1ntica. Ahora se suma el anuncio de que la provincia de Buenos Aires retom\u00f3 el\u2026","rel":"","context":"En \u00abREGIONALES\u00bb","block_context":{"text":"REGIONALES","link":"https:\/\/larevistadigital.com.ar\/blog\/category\/regionales\/"},"img":{"alt_text":"","src":"https:\/\/i0.wp.com\/larevistadigital.com.ar\/blog\/wp-content\/uploads\/2da-calzada-ruta-11-gesell-dic-2021.jpg?fit=1140%2C760&ssl=1&resize=350%2C200","width":350,"height":200,"srcset":"https:\/\/i0.wp.com\/larevistadigital.com.ar\/blog\/wp-content\/uploads\/2da-calzada-ruta-11-gesell-dic-2021.jpg?fit=1140%2C760&ssl=1&resize=350%2C200 1x, https:\/\/i0.wp.com\/larevistadigital.com.ar\/blog\/wp-content\/uploads\/2da-calzada-ruta-11-gesell-dic-2021.jpg?fit=1140%2C760&ssl=1&resize=525%2C300 1.5x, https:\/\/i0.wp.com\/larevistadigital.com.ar\/blog\/wp-content\/uploads\/2da-calzada-ruta-11-gesell-dic-2021.jpg?fit=1140%2C760&ssl=1&resize=700%2C400 2x, https:\/\/i0.wp.com\/larevistadigital.com.ar\/blog\/wp-content\/uploads\/2da-calzada-ruta-11-gesell-dic-2021.jpg?fit=1140%2C760&ssl=1&resize=1050%2C600 3x"},"classes":[]}],"_links":{"self":[{"href":"https:\/\/larevistadigital.com.ar\/blog\/wp-json\/wp\/v2\/posts\/34493","targetHints":{"allow":["GET"]}}],"collection":[{"href":"https:\/\/larevistadigital.com.ar\/blog\/wp-json\/wp\/v2\/posts"}],"about":[{"href":"https:\/\/larevistadigital.com.ar\/blog\/wp-json\/wp\/v2\/types\/post"}],"author":[{"embeddable":true,"href":"https:\/\/larevistadigital.com.ar\/blog\/wp-json\/wp\/v2\/users\/3"}],"replies":[{"embeddable":true,"href":"https:\/\/larevistadigital.com.ar\/blog\/wp-json\/wp\/v2\/comments?post=34493"}],"version-history":[{"count":1,"href":"https:\/\/larevistadigital.com.ar\/blog\/wp-json\/wp\/v2\/posts\/34493\/revisions"}],"predecessor-version":[{"id":34495,"href":"https:\/\/larevistadigital.com.ar\/blog\/wp-json\/wp\/v2\/posts\/34493\/revisions\/34495"}],"wp:featuredmedia":[{"embeddable":true,"href":"https:\/\/larevistadigital.com.ar\/blog\/wp-json\/wp\/v2\/media\/34494"}],"wp:attachment":[{"href":"https:\/\/larevistadigital.com.ar\/blog\/wp-json\/wp\/v2\/media?parent=34493"}],"wp:term":[{"taxonomy":"category","embeddable":true,"href":"https:\/\/larevistadigital.com.ar\/blog\/wp-json\/wp\/v2\/categories?post=34493"},{"taxonomy":"post_tag","embeddable":true,"href":"https:\/\/larevistadigital.com.ar\/blog\/wp-json\/wp\/v2\/tags?post=34493"}],"curies":[{"name":"wp","href":"https:\/\/api.w.org\/{rel}","templated":true}]}}