{"id":34496,"date":"2023-11-10T11:11:21","date_gmt":"2023-11-10T14:11:21","guid":{"rendered":"https:\/\/larevistadigital.com.ar\/blog\/?p=34496"},"modified":"2023-11-10T11:11:21","modified_gmt":"2023-11-10T14:11:21","slug":"un-nene-cayo-en-un-pozo-ciego-en-un-jardin-de-infantes-de-claypole","status":"publish","type":"post","link":"https:\/\/larevistadigital.com.ar\/blog\/un-nene-cayo-en-un-pozo-ciego-en-un-jardin-de-infantes-de-claypole\/","title":{"rendered":"UN NENE CAY\u00d3 EN UN POZO CIEGO EN UN JARD\u00cdN DE INFANTES DE CLAYPOLE"},"content":{"rendered":"<h2 class=\"fparrafo ctext fz18 lh25\">Un nene de cinco a\u00f1os cay\u00f3 a un pozo ciego ubicado en el patio del Jard\u00edn de Infantes N\u00ba 916, de la localidad de Claypole. El menor, que tiene autismo, tuvo que ser rescatado por los bomberos. Lo ins\u00f3lito, es que el agujero estaba ubicado en el patio de juego de los menores.<\/h2>\n<p>10 de Noviembre de 2023<\/p>\n<p><strong>CLAYPOLE &#8211;\u00a0<\/strong> El dram\u00e1tico episodio ocurri\u00f3 este martes cerca del mediod\u00eda, cuando Francesco estaba caminando por el patio de la instituci\u00f3n y cay\u00f3 en un pozo ciego de unos cinco metros de profundidad.<\/p>\n<p><strong><em>\u201cLo \u00fanico que llegu\u00e9 a ver es que \u00e9l se sosten\u00eda de la cuerda, los bomberos llegaron rapid\u00edsimo y entendieron que es un ni\u00f1o con autismo, que le cuesta que lo toquen, el contacto, que podr\u00eda ponerse nervioso, que le podr\u00eda haber agarrado un ataque y haberse ahogado por la desesperaci\u00f3n\u201d<\/em><\/strong>, expres\u00f3 la mam\u00e1 y agreg\u00f3: <em><strong>\u201cPero fue muy valiente, se qued\u00f3 sosteni\u00e9ndose de la cuerda y dej\u00f3 que el bombero lo sostuviera\u201d.<\/strong><\/em><\/p>\n<blockquote>\n<h3><em><strong>Seg\u00fan da cuenta el portal La Calle, tras el res<\/strong><\/em>cate, la madre del nene cont\u00f3 que\u00a0<strong><em>\u00abFrancesco ahora est\u00e1 bien, no tuvo ning\u00fan problema m\u00e1s que raspones. \u00c9l tiene autismo, as\u00ed que hay que ver c\u00f3mo reacciona en estos d\u00edas\u201d<\/em><\/strong>.<\/h3>\n<\/blockquote>\n<p><em><strong>\u201cTiene que tomar medicamentos porque el pozo en el que cay\u00f3 puede estar lleno de virus\u201d<\/strong><\/em>,\u00a0remarc\u00f3 sobre su salud y detall\u00f3 que, luego de ser rescatado, el nene fue trasladado a un hospital, donde le realizaron un chequeo general y descartaron cualquier tipo de lesi\u00f3n \u00f3sea pese a la ca\u00edda.<\/p>\n<blockquote>\n<h3>En tanto la abuela del menor, Catalina, record\u00f3 el horror del momento en el que vio a su nieto en el pozo ciego: \u201cPara m\u00ed fue terrible. Hasta hoy no puedo reaccionar. Verlo ah\u00ed dentro y que escuche mi voz&#8230; Yo le hablaba y le dec\u00eda que los bomberos de Peppa Pig iban a ir a rescatarlo\u00bb, expres\u00f3 la mujer en di\u00e1logo con la prensa.<\/h3>\n<\/blockquote>\n<p>La abuela del nene se mostr\u00f3 muy agradecida con el personal de bomberos y en especial con las maestras del jard\u00edn de infantes: \u201cA las maestras les agradecemos con el alma, porque una de ellas se dio cuenta y le tir\u00f3 una soga, sino mi nieto se hund\u00eda. Un \u00e1ngel lo sostuvo\u201d. (<b>InfoGEI<\/b>)Ac<\/p>\n","protected":false},"excerpt":{"rendered":"<div class=\"mh-excerpt\"><p>Un nene de cinco a\u00f1os cay\u00f3 a un pozo ciego ubicado en el patio del Jard\u00edn de Infantes N\u00ba 916, de la localidad de Claypole. El menor, que tiene autismo, tuvo que ser rescatado por <a class=\"mh-excerpt-more\" href=\"https:\/\/larevistadigital.com.ar\/blog\/un-nene-cayo-en-un-pozo-ciego-en-un-jardin-de-infantes-de-claypole\/\" title=\"UN NENE CAY\u00d3 EN UN POZO CIEGO EN UN JARD\u00cdN DE INFANTES DE CLAYPOLE\">[Leer M\u00e1s]<\/a><\/p>\n<\/div>","protected":false},"author":3,"featured_media":34497,"comment_status":"open","ping_status":"open","sticky":false,"template":"","format":"standard","meta":{"_jetpack_memberships_contains_paid_content":false,"footnotes":"","jetpack_publicize_message":"","jetpack_publicize_feature_enabled":true,"jetpack_social_post_already_shared":true,"jetpack_social_options":{"image_generator_settings":{"template":"highway","default_image_id":0,"font":"","enabled":false},"version":2}},"categories":[50],"tags":[],"class_list":{"0":"post-34496","1":"post","2":"type-post","3":"status-publish","4":"format-standard","5":"has-post-thumbnail","7":"category-interes-general"},"jetpack_publicize_connections":[],"jetpack_featured_media_url":"https:\/\/i0.wp.com\/larevistadigital.com.ar\/blog\/wp-content\/uploads\/20231109140333_nene-cayo-a-unpozo-jardin-de-infantes.jpg?fit=880%2C512&ssl=1","jetpack_sharing_enabled":true,"jetpack_shortlink":"https:\/\/wp.me\/p8qtrQ-8Yo","jetpack-related-posts":[{"id":33337,"url":"https:\/\/larevistadigital.com.ar\/blog\/bahia-blanca-un-nene-de-3-anos-fue-rescatado-de-un-pozo-ciego\/","url_meta":{"origin":34496,"position":0},"title":"BAH\u00cdA BLANCA: UN NENE DE 3 A\u00d1OS FUE RESCATADO DE UN POZO CIEGO","author":"Alejandro Sosa Ruda","date":"7 septiembre, 2023","format":false,"excerpt":"Defensa Civil junto a personal policial procedi\u00f3 a llevar a cabo un rescate. El menor fue asistido por personal m\u00e9dico de una ambulancia del servicio de emergencias por traumatismos leves. 7 de Septiembre de 2023 BAH\u00cdA BLANCA -\u00a0 Un ni\u00f1o de tres a\u00f1os fue rescatado sano y salvo luego de\u2026","rel":"","context":"En \u00abPOLICIALES\u00bb","block_context":{"text":"POLICIALES","link":"https:\/\/larevistadigital.com.ar\/blog\/category\/policiales\/"},"img":{"alt_text":"","src":"https:\/\/i0.wp.com\/larevistadigital.com.ar\/blog\/wp-content\/uploads\/20230906161756_pozo.jpg?fit=880%2C512&ssl=1&resize=350%2C200","width":350,"height":200,"srcset":"https:\/\/i0.wp.com\/larevistadigital.com.ar\/blog\/wp-content\/uploads\/20230906161756_pozo.jpg?fit=880%2C512&ssl=1&resize=350%2C200 1x, https:\/\/i0.wp.com\/larevistadigital.com.ar\/blog\/wp-content\/uploads\/20230906161756_pozo.jpg?fit=880%2C512&ssl=1&resize=525%2C300 1.5x, https:\/\/i0.wp.com\/larevistadigital.com.ar\/blog\/wp-content\/uploads\/20230906161756_pozo.jpg?fit=880%2C512&ssl=1&resize=700%2C400 2x"},"classes":[]},{"id":24444,"url":"https:\/\/larevistadigital.com.ar\/blog\/cae-caballo-a-un-pozo-y-debio-ser-rescatado-por-los-bomberos-para-salvar-su-vida\/","url_meta":{"origin":34496,"position":1},"title":"CAE CABALLO A UN POZO Y DEBI\u00d3 SER RESCATADO POR LOS BOMBEROS PARA SALVAR SU VIDA","author":"Alejandro Sosa Ruda","date":"8 marzo, 2022","format":false,"excerpt":"Sucedi\u00f3 este martes en el barrio Hip\u00f3dromo. El animal tuvo que ser sedado para ser extra\u00eddo del lugar. Intenso trabajo de bomberos del Cuartel Monolito. MAR DEL PLATA -\u00a0 Un caballo\u00a0se\u00a0cay\u00f3\u00a0este martes dentro de un\u00a0pozo ciego\u00a0en\u00a0construcci\u00f3n lo que motiv\u00f3 un importante operativo por parte de personal de\u00a0bomberos, que tras varios\u2026","rel":"","context":"En \u00abCURIOSAS\u00bb","block_context":{"text":"CURIOSAS","link":"https:\/\/larevistadigital.com.ar\/blog\/category\/curiosas\/"},"img":{"alt_text":"","src":"https:\/\/i0.wp.com\/larevistadigital.com.ar\/blog\/wp-content\/uploads\/Captura-de-pantalla-2022-03-08-123308.jpg?fit=898%2C500&ssl=1&resize=350%2C200","width":350,"height":200,"srcset":"https:\/\/i0.wp.com\/larevistadigital.com.ar\/blog\/wp-content\/uploads\/Captura-de-pantalla-2022-03-08-123308.jpg?fit=898%2C500&ssl=1&resize=350%2C200 1x, https:\/\/i0.wp.com\/larevistadigital.com.ar\/blog\/wp-content\/uploads\/Captura-de-pantalla-2022-03-08-123308.jpg?fit=898%2C500&ssl=1&resize=525%2C300 1.5x, https:\/\/i0.wp.com\/larevistadigital.com.ar\/blog\/wp-content\/uploads\/Captura-de-pantalla-2022-03-08-123308.jpg?fit=898%2C500&ssl=1&resize=700%2C400 2x"},"classes":[]},{"id":25418,"url":"https:\/\/larevistadigital.com.ar\/blog\/dolor-en-la-plata-murio-un-nene-de-tres-anos-que-habia-caido-a-un-pozo-ciego\/","url_meta":{"origin":34496,"position":2},"title":"DOLOR EN LA PLATA: MURI\u00d3 UN NENE DE TRES A\u00d1OS, QUE HAB\u00cdA CA\u00cdDO A UN POZO CIEGO","author":"Alejandro Sosa Ruda","date":"26 mayo, 2022","format":false,"excerpt":"El menor se encontraba grave desde el 16 de mayo, cuando ocurri\u00f3 el accidente en una vivienda de la localidad platense de \u00c1ngel Etcheverry. LA PLATA -\u00a0 Muri\u00f3 un nene de tres a\u00f1os que permaneci\u00f3 diez d\u00edas internado luego de caer a un pozo ciego, en la localidad de Echeverry.\u2026","rel":"","context":"En \u00abPOLICIALES\u00bb","block_context":{"text":"POLICIALES","link":"https:\/\/larevistadigital.com.ar\/blog\/category\/policiales\/"},"img":{"alt_text":"","src":"https:\/\/i0.wp.com\/larevistadigital.com.ar\/blog\/wp-content\/uploads\/45be67733f4dc2f54bcecb1866edd79de4e32b67.jpg?fit=1140%2C642&ssl=1&resize=350%2C200","width":350,"height":200,"srcset":"https:\/\/i0.wp.com\/larevistadigital.com.ar\/blog\/wp-content\/uploads\/45be67733f4dc2f54bcecb1866edd79de4e32b67.jpg?fit=1140%2C642&ssl=1&resize=350%2C200 1x, https:\/\/i0.wp.com\/larevistadigital.com.ar\/blog\/wp-content\/uploads\/45be67733f4dc2f54bcecb1866edd79de4e32b67.jpg?fit=1140%2C642&ssl=1&resize=525%2C300 1.5x, https:\/\/i0.wp.com\/larevistadigital.com.ar\/blog\/wp-content\/uploads\/45be67733f4dc2f54bcecb1866edd79de4e32b67.jpg?fit=1140%2C642&ssl=1&resize=700%2C400 2x, https:\/\/i0.wp.com\/larevistadigital.com.ar\/blog\/wp-content\/uploads\/45be67733f4dc2f54bcecb1866edd79de4e32b67.jpg?fit=1140%2C642&ssl=1&resize=1050%2C600 3x"},"classes":[]},{"id":30522,"url":"https:\/\/larevistadigital.com.ar\/blog\/olavarria-encuentran-muerta-dentro-de-un-pozo-ciego-a-la-joven-que-era-buscada-desde-el-sabado\/","url_meta":{"origin":34496,"position":3},"title":"OLAVARRIA: ENCUENTRAN MUERTA DENTRO DE UN POZO CIEGO A LA JOVEN QUE ERA BUSCADA DESDE EL S\u00c1BADO","author":"Alejandro Sosa Ruda","date":"10 marzo, 2023","format":false,"excerpt":"Una joven de 22 a\u00f1os que estaba desaparecida desde el s\u00e1bado \u00faltimo en el partido bonaerense de Olavarr\u00eda fue encontrada hoy muerta en el pozo ciego de un campo de ese distrito, y los investigadores creen que se trat\u00f3 de un femicidio, informaron fuentes de la investigaci\u00f3n. 10 de marzo\u2026","rel":"","context":"En \u00abPOLICIALES\u00bb","block_context":{"text":"POLICIALES","link":"https:\/\/larevistadigital.com.ar\/blog\/category\/policiales\/"},"img":{"alt_text":"","src":"https:\/\/i0.wp.com\/larevistadigital.com.ar\/blog\/wp-content\/uploads\/20230310095315_femicidio-olavarria.jpg?fit=880%2C512&ssl=1&resize=350%2C200","width":350,"height":200,"srcset":"https:\/\/i0.wp.com\/larevistadigital.com.ar\/blog\/wp-content\/uploads\/20230310095315_femicidio-olavarria.jpg?fit=880%2C512&ssl=1&resize=350%2C200 1x, https:\/\/i0.wp.com\/larevistadigital.com.ar\/blog\/wp-content\/uploads\/20230310095315_femicidio-olavarria.jpg?fit=880%2C512&ssl=1&resize=525%2C300 1.5x, https:\/\/i0.wp.com\/larevistadigital.com.ar\/blog\/wp-content\/uploads\/20230310095315_femicidio-olavarria.jpg?fit=880%2C512&ssl=1&resize=700%2C400 2x"},"classes":[]},{"id":7413,"url":"https:\/\/larevistadigital.com.ar\/blog\/chascomus-bomberos-encuentran-una-persona-fallecida-caida-en-un-pozo-de-bano\/","url_meta":{"origin":34496,"position":4},"title":"CHASCOM\u00daS: BOMBEROS ENCUENTRAN UNA PERSONA FALLECIDA, CAIDA EN UN POZO DE BA\u00d1O","author":"Alejandro Sosa Ruda","date":"27 diciembre, 2018","format":false,"excerpt":"Pasadas las 18 hs., se llama a los Bomberos Voluntarios de Chascom\u00fas, para pedir auxilio por una persona que se encontraba caida en un pozo. Al llegar al lugar se constat\u00f3 que el individuo estaba fallecido. La polic\u00eda realiza las actuaciones de rigor, para determinar lo ocurrido (NOTICIA EN DESARROLLO)\u2026","rel":"","context":"En \u00abDESTACADAS\u00bb","block_context":{"text":"DESTACADAS","link":"https:\/\/larevistadigital.com.ar\/blog\/category\/destacadas\/"},"img":{"alt_text":"","src":"https:\/\/i0.wp.com\/larevistadigital.com.ar\/blog\/wp-content\/uploads\/2018\/12\/43286859_2309581579277764_5207489164538281984_n.jpg?fit=960%2C720&ssl=1&resize=350%2C200","width":350,"height":200,"srcset":"https:\/\/i0.wp.com\/larevistadigital.com.ar\/blog\/wp-content\/uploads\/2018\/12\/43286859_2309581579277764_5207489164538281984_n.jpg?fit=960%2C720&ssl=1&resize=350%2C200 1x, https:\/\/i0.wp.com\/larevistadigital.com.ar\/blog\/wp-content\/uploads\/2018\/12\/43286859_2309581579277764_5207489164538281984_n.jpg?fit=960%2C720&ssl=1&resize=525%2C300 1.5x, https:\/\/i0.wp.com\/larevistadigital.com.ar\/blog\/wp-content\/uploads\/2018\/12\/43286859_2309581579277764_5207489164538281984_n.jpg?fit=960%2C720&ssl=1&resize=700%2C400 2x"},"classes":[]},{"id":12417,"url":"https:\/\/larevistadigital.com.ar\/blog\/brandsen-los-bomberos-rescataron-un-caballo-que-cayo-a-una-pileta\/","url_meta":{"origin":34496,"position":5},"title":"BRANDSEN: LOS BOMBEROS RESCATARON UN CABALLO QUE CAY\u00d3 A UNA PILETA","author":"Alejandro Sosa Ruda","date":"1 octubre, 2019","format":false,"excerpt":"Inform\u00f3 el portal DLN que en la tarde de este lunes 30 de septiembre, bomberos voluntarios de Brandsen rescataron a un caballo que se hab\u00eda ca\u00eddo en la pileta de una quinta, en el barrio La Plantaci\u00f3n. Fueron 20 minutos de tensi\u00f3n, en los que los voluntarios tras aplicar distintas\u2026","rel":"","context":"En \u00abREGIONALES\u00bb","block_context":{"text":"REGIONALES","link":"https:\/\/larevistadigital.com.ar\/blog\/category\/regionales\/"},"img":{"alt_text":"","src":"https:\/\/i0.wp.com\/larevistadigital.com.ar\/blog\/wp-content\/uploads\/20190930_190521_wm.jpg?fit=1080%2C600&ssl=1&resize=350%2C200","width":350,"height":200,"srcset":"https:\/\/i0.wp.com\/larevistadigital.com.ar\/blog\/wp-content\/uploads\/20190930_190521_wm.jpg?fit=1080%2C600&ssl=1&resize=350%2C200 1x, https:\/\/i0.wp.com\/larevistadigital.com.ar\/blog\/wp-content\/uploads\/20190930_190521_wm.jpg?fit=1080%2C600&ssl=1&resize=525%2C300 1.5x, https:\/\/i0.wp.com\/larevistadigital.com.ar\/blog\/wp-content\/uploads\/20190930_190521_wm.jpg?fit=1080%2C600&ssl=1&resize=700%2C400 2x, https:\/\/i0.wp.com\/larevistadigital.com.ar\/blog\/wp-content\/uploads\/20190930_190521_wm.jpg?fit=1080%2C600&ssl=1&resize=1050%2C600 3x"},"classes":[]}],"_links":{"self":[{"href":"https:\/\/larevistadigital.com.ar\/blog\/wp-json\/wp\/v2\/posts\/34496","targetHints":{"allow":["GET"]}}],"collection":[{"href":"https:\/\/larevistadigital.com.ar\/blog\/wp-json\/wp\/v2\/posts"}],"about":[{"href":"https:\/\/larevistadigital.com.ar\/blog\/wp-json\/wp\/v2\/types\/post"}],"author":[{"embeddable":true,"href":"https:\/\/larevistadigital.com.ar\/blog\/wp-json\/wp\/v2\/users\/3"}],"replies":[{"embeddable":true,"href":"https:\/\/larevistadigital.com.ar\/blog\/wp-json\/wp\/v2\/comments?post=34496"}],"version-history":[{"count":1,"href":"https:\/\/larevistadigital.com.ar\/blog\/wp-json\/wp\/v2\/posts\/34496\/revisions"}],"predecessor-version":[{"id":34498,"href":"https:\/\/larevistadigital.com.ar\/blog\/wp-json\/wp\/v2\/posts\/34496\/revisions\/34498"}],"wp:featuredmedia":[{"embeddable":true,"href":"https:\/\/larevistadigital.com.ar\/blog\/wp-json\/wp\/v2\/media\/34497"}],"wp:attachment":[{"href":"https:\/\/larevistadigital.com.ar\/blog\/wp-json\/wp\/v2\/media?parent=34496"}],"wp:term":[{"taxonomy":"category","embeddable":true,"href":"https:\/\/larevistadigital.com.ar\/blog\/wp-json\/wp\/v2\/categories?post=34496"},{"taxonomy":"post_tag","embeddable":true,"href":"https:\/\/larevistadigital.com.ar\/blog\/wp-json\/wp\/v2\/tags?post=34496"}],"curies":[{"name":"wp","href":"https:\/\/api.w.org\/{rel}","templated":true}]}}