{"id":34499,"date":"2023-11-10T11:26:41","date_gmt":"2023-11-10T14:26:41","guid":{"rendered":"https:\/\/larevistadigital.com.ar\/blog\/?p=34499"},"modified":"2023-11-10T11:26:41","modified_gmt":"2023-11-10T14:26:41","slug":"chascomus-ayer-denuncian-el-robo-de-una-moto-y-la-policia-lo-recupero-a-las-pocas-horas","status":"publish","type":"post","link":"https:\/\/larevistadigital.com.ar\/blog\/chascomus-ayer-denuncian-el-robo-de-una-moto-y-la-policia-lo-recupero-a-las-pocas-horas\/","title":{"rendered":"CHASCOM\u00daS: (AYER) DENUNCIAN EL ROBO DE UNA MOTO Y LA POLIC\u00cdA LO RECUPER\u00d3 A LAS POCAS HORAS."},"content":{"rendered":"<h2>La polic\u00eda comunal actu\u00f3 con rapidez y logr\u00f3 restitu\u00edr el veh\u00edculo sustra\u00eddo.<\/h2>\n<p>10 de Noviembre de 2023<\/p>\n<p><strong>CHASCOM\u00daS &#8211;<\/strong>\u00a0 Inform\u00f3 la Polic\u00eda Comunal, que en horas de la ma\u00f1ana del d\u00eda de ayer 9 de noviembre, se recibi\u00f3 una denuncia penal en la que la v\u00edctima plasmo que autores ignorados hab\u00edan sustra\u00eddo su motocicleta la cual se encontraba en el patio de su vivienda al que se accede desde el frente ya que no hay tranqueras.<\/p>\n<blockquote>\n<h3>Iniciadas las tareas de investigaci\u00f3n por parte del Grupo T\u00e9cnico Operativo de la E.P.C. Chascomus 1ra., mediante distintas tareas, lograron establecer la autor\u00eda del hecho, recuperando la motocicleta en horas de la tarde del d\u00eda de ayer.<\/h3>\n<\/blockquote>\n<p>La v\u00edctima ya en dependencia policial, reconoci\u00f3 el rodado como el propio y como el denunciado como sustra\u00eddo, por lo que se le procedi\u00f3 a restituir el bien recuperado. La investigaci\u00f3n continua en relaci\u00f3n a la imputabilidad del autor del hecho y medidas judiciales.<\/p>\n","protected":false},"excerpt":{"rendered":"<div class=\"mh-excerpt\"><p>La polic\u00eda comunal actu\u00f3 con rapidez y logr\u00f3 restitu\u00edr el veh\u00edculo sustra\u00eddo. 10 de Noviembre de 2023 CHASCOM\u00daS &#8211;\u00a0 Inform\u00f3 la Polic\u00eda Comunal, que en horas de la ma\u00f1ana del d\u00eda de ayer 9 de <a class=\"mh-excerpt-more\" href=\"https:\/\/larevistadigital.com.ar\/blog\/chascomus-ayer-denuncian-el-robo-de-una-moto-y-la-policia-lo-recupero-a-las-pocas-horas\/\" title=\"CHASCOM\u00daS: (AYER) DENUNCIAN EL ROBO DE UNA MOTO Y LA POLIC\u00cdA LO RECUPER\u00d3 A LAS POCAS HORAS.\">[Leer M\u00e1s]<\/a><\/p>\n<\/div>","protected":false},"author":3,"featured_media":34500,"comment_status":"open","ping_status":"open","sticky":false,"template":"","format":"standard","meta":{"_jetpack_memberships_contains_paid_content":false,"footnotes":"","jetpack_publicize_message":"","jetpack_publicize_feature_enabled":true,"jetpack_social_post_already_shared":true,"jetpack_social_options":{"image_generator_settings":{"template":"highway","default_image_id":0,"font":"","enabled":false},"version":2}},"categories":[44],"tags":[],"class_list":{"0":"post-34499","1":"post","2":"type-post","3":"status-publish","4":"format-standard","5":"has-post-thumbnail","7":"category-policiales"},"jetpack_publicize_connections":[],"jetpack_featured_media_url":"https:\/\/i0.wp.com\/larevistadigital.com.ar\/blog\/wp-content\/uploads\/WhatsApp-Image-2023-11-10-at-11.09.54.jpeg?fit=963%2C1280&ssl=1","jetpack_sharing_enabled":true,"jetpack_shortlink":"https:\/\/wp.me\/p8qtrQ-8Yr","jetpack-related-posts":[{"id":34505,"url":"https:\/\/larevistadigital.com.ar\/blog\/chascomus-la-policia-comunal-recupero-una-moto-robada-de-calle-libres-del-sur-y-soler\/","url_meta":{"origin":34499,"position":0},"title":"CHASCOM\u00daS: LA POLIC\u00cdA COMUNAL RECUPER\u00d3 UNA MOTO ROBADA DE CALLE LIBRES DEL SUR Y SOLER.","author":"Alejandro Sosa Ruda","date":"10 noviembre, 2023","format":false,"excerpt":"La Polic\u00eda recuper\u00f3 el veh\u00edculo que fue denunciado como robado por la ma\u00f1ana. 10 de Noviembre de 2023 CHASCOM\u00daS -\u00a0 En las \u00faltimas horas del d\u00eda de ayer, se recibi\u00f3 la denuncia del robo de una motocicleta que se hallaba estacionada en libres del sur y soler, iniciadas las tareas\u2026","rel":"","context":"En \u00abCHASCOM\u00daS\u00bb","block_context":{"text":"CHASCOM\u00daS","link":"https:\/\/larevistadigital.com.ar\/blog\/category\/chascomus\/"},"img":{"alt_text":"","src":"https:\/\/i0.wp.com\/larevistadigital.com.ar\/blog\/wp-content\/uploads\/WhatsApp-Image-2023-11-10-at-11.20.33.jpeg?fit=901%2C1200&ssl=1&resize=350%2C200","width":350,"height":200,"srcset":"https:\/\/i0.wp.com\/larevistadigital.com.ar\/blog\/wp-content\/uploads\/WhatsApp-Image-2023-11-10-at-11.20.33.jpeg?fit=901%2C1200&ssl=1&resize=350%2C200 1x, https:\/\/i0.wp.com\/larevistadigital.com.ar\/blog\/wp-content\/uploads\/WhatsApp-Image-2023-11-10-at-11.20.33.jpeg?fit=901%2C1200&ssl=1&resize=525%2C300 1.5x, https:\/\/i0.wp.com\/larevistadigital.com.ar\/blog\/wp-content\/uploads\/WhatsApp-Image-2023-11-10-at-11.20.33.jpeg?fit=901%2C1200&ssl=1&resize=700%2C400 2x"},"classes":[]},{"id":34537,"url":"https:\/\/larevistadigital.com.ar\/blog\/chascomus-la-policia-comunal-recupero-una-moto-robada-en-calle-peru\/","url_meta":{"origin":34499,"position":1},"title":"CHASCOM\u00daS: LA POLIC\u00cdA COMUNAL RECUPER\u00d3 UNA MOTO ROBADA EN CALLE PER\u00da","author":"Alejandro Sosa Ruda","date":"14 noviembre, 2023","format":false,"excerpt":"La investigaci\u00f3n policial logr\u00f3 con rapidez obtener resultado positivo. 14 de Noviembre de 2023 CHASCOM\u00daS -\u00a0 En el d\u00eda de ayer y en horas de la noche, se tom\u00f3 conocimiento de la sustracci\u00f3n de una motocicleta de la calle Peru. Iniciada la Investigaci\u00f3n personal policial de E.P.C. Chascomus 1Ra. realizando\u2026","rel":"","context":"En \u00abSin categor\u00eda\u00bb","block_context":{"text":"Sin categor\u00eda","link":"https:\/\/larevistadigital.com.ar\/blog\/category\/sin-categoria\/"},"img":{"alt_text":"","src":"https:\/\/i0.wp.com\/larevistadigital.com.ar\/blog\/wp-content\/uploads\/2017\/03\/policia-nino-mata.jpg?fit=745%2C574&ssl=1&resize=350%2C200","width":350,"height":200,"srcset":"https:\/\/i0.wp.com\/larevistadigital.com.ar\/blog\/wp-content\/uploads\/2017\/03\/policia-nino-mata.jpg?fit=745%2C574&ssl=1&resize=350%2C200 1x, https:\/\/i0.wp.com\/larevistadigital.com.ar\/blog\/wp-content\/uploads\/2017\/03\/policia-nino-mata.jpg?fit=745%2C574&ssl=1&resize=525%2C300 1.5x, https:\/\/i0.wp.com\/larevistadigital.com.ar\/blog\/wp-content\/uploads\/2017\/03\/policia-nino-mata.jpg?fit=745%2C574&ssl=1&resize=700%2C400 2x"},"classes":[]},{"id":31007,"url":"https:\/\/larevistadigital.com.ar\/blog\/chascomus-la-policia-recupero-y-devolvio-a-su-propietario-una-bicicleta-mountain-bike-robada-anoche\/","url_meta":{"origin":34499,"position":2},"title":"CHASCOM\u00daS: LA POLIC\u00cdA RECUPER\u00d3 Y DEVOLVI\u00d3 A SU PROPIETARIO UNA BICICLETA MOUNTAIN BIKE, ROBADA ANOCHE","author":"Alejandro Sosa Ruda","date":"12 abril, 2023","format":false,"excerpt":"La Polic\u00eda Comunal logr\u00f3 recuperar el rodado que fue robado ayer a la noche y se lo reintegr\u00f3 a su propietario. 12 de abril de 2023 CHASCOM\u00daS\u00a0 -\u00a0 Durante las \u00faltimas horas del d\u00eda de ayer, se recibi\u00f3 una denuncia por el robo de una bicicleta en calles 11 de\u2026","rel":"","context":"En \u00abCHASCOM\u00daS\u00bb","block_context":{"text":"CHASCOM\u00daS","link":"https:\/\/larevistadigital.com.ar\/blog\/category\/chascomus\/"},"img":{"alt_text":"","src":"https:\/\/i0.wp.com\/larevistadigital.com.ar\/blog\/wp-content\/uploads\/WhatsApp-Image-2023-04-12-at-17.04.41.jpeg?fit=675%2C1200&ssl=1&resize=350%2C200","width":350,"height":200,"srcset":"https:\/\/i0.wp.com\/larevistadigital.com.ar\/blog\/wp-content\/uploads\/WhatsApp-Image-2023-04-12-at-17.04.41.jpeg?fit=675%2C1200&ssl=1&resize=350%2C200 1x, https:\/\/i0.wp.com\/larevistadigital.com.ar\/blog\/wp-content\/uploads\/WhatsApp-Image-2023-04-12-at-17.04.41.jpeg?fit=675%2C1200&ssl=1&resize=525%2C300 1.5x"},"classes":[]},{"id":31083,"url":"https:\/\/larevistadigital.com.ar\/blog\/chascomus-la-policia-comunal-en-conjunto-con-monitoreo-y-la-patrulla-municipal-recuperaron-una-moto-que-se-robo-por-la-manana\/","url_meta":{"origin":34499,"position":3},"title":"CHASCOM\u00daS: LA POLIC\u00cdA COMUNAL EN CONJUNTO CON MONITOREO Y LA PATRULLA MUNICIPAL RECUPERARON UNA MOTO QUE SE ROB\u00d3 POR LA MA\u00d1ANA.","author":"Alejandro Sosa Ruda","date":"17 abril, 2023","format":false,"excerpt":"Trabajaron r\u00e1pidamente y de manera conjunta, consiguiendo recuperar el motoveh\u00edculo sustra\u00eddo a las pocas horas de cometido el hecho. 17 de abril de 2023 CHASCOM\u00daS -\u00a0 Durante la jornada, luego que un vecino inform\u00f3 la sustracci\u00f3n de una moto de su vivienda ubicada en el barrio 30 de Mayo, se\u2026","rel":"","context":"En \u00abDESTACADAS\u00bb","block_context":{"text":"DESTACADAS","link":"https:\/\/larevistadigital.com.ar\/blog\/category\/destacadas\/"},"img":{"alt_text":"","src":"https:\/\/i0.wp.com\/larevistadigital.com.ar\/blog\/wp-content\/uploads\/WhatsApp-Image-2023-04-17-at-18.10.11-e1681770925644.jpeg?fit=899%2C1160&ssl=1&resize=350%2C200","width":350,"height":200,"srcset":"https:\/\/i0.wp.com\/larevistadigital.com.ar\/blog\/wp-content\/uploads\/WhatsApp-Image-2023-04-17-at-18.10.11-e1681770925644.jpeg?fit=899%2C1160&ssl=1&resize=350%2C200 1x, https:\/\/i0.wp.com\/larevistadigital.com.ar\/blog\/wp-content\/uploads\/WhatsApp-Image-2023-04-17-at-18.10.11-e1681770925644.jpeg?fit=899%2C1160&ssl=1&resize=525%2C300 1.5x, https:\/\/i0.wp.com\/larevistadigital.com.ar\/blog\/wp-content\/uploads\/WhatsApp-Image-2023-04-17-at-18.10.11-e1681770925644.jpeg?fit=899%2C1160&ssl=1&resize=700%2C400 2x"},"classes":[]},{"id":34811,"url":"https:\/\/larevistadigital.com.ar\/blog\/la-policia-comunal-recupero-una-moto-robada-2\/","url_meta":{"origin":34499,"position":4},"title":"LA POLIC\u00cdA COMUNAL RECUPER\u00d3 UNA MOTO ROBADA","author":"Alejandro Sosa Ruda","date":"8 diciembre, 2023","format":false,"excerpt":"La hab\u00edan robado el 4 hace tres d\u00edas en el Barrio F\u00e1tima. Ya fue restitu\u00edda. 7 de diciembre de 2023 CHASCOM\u00daS -\u00a0 En horas de la noche del d\u00eda de ayer y personal policial de E.P.C. Chasomus 1ra. procedi\u00f3 a incautar una motocicleta Zanella ZB de color negro la cual\u2026","rel":"","context":"En \u00abCHASCOM\u00daS\u00bb","block_context":{"text":"CHASCOM\u00daS","link":"https:\/\/larevistadigital.com.ar\/blog\/category\/chascomus\/"},"img":{"alt_text":"","src":"https:\/\/i0.wp.com\/larevistadigital.com.ar\/blog\/wp-content\/uploads\/WhatsApp-Image-2023-12-06-at-20.49.36.jpeg?fit=1200%2C818&ssl=1&resize=350%2C200","width":350,"height":200,"srcset":"https:\/\/i0.wp.com\/larevistadigital.com.ar\/blog\/wp-content\/uploads\/WhatsApp-Image-2023-12-06-at-20.49.36.jpeg?fit=1200%2C818&ssl=1&resize=350%2C200 1x, https:\/\/i0.wp.com\/larevistadigital.com.ar\/blog\/wp-content\/uploads\/WhatsApp-Image-2023-12-06-at-20.49.36.jpeg?fit=1200%2C818&ssl=1&resize=525%2C300 1.5x, https:\/\/i0.wp.com\/larevistadigital.com.ar\/blog\/wp-content\/uploads\/WhatsApp-Image-2023-12-06-at-20.49.36.jpeg?fit=1200%2C818&ssl=1&resize=700%2C400 2x, https:\/\/i0.wp.com\/larevistadigital.com.ar\/blog\/wp-content\/uploads\/WhatsApp-Image-2023-12-06-at-20.49.36.jpeg?fit=1200%2C818&ssl=1&resize=1050%2C600 3x"},"classes":[]},{"id":31841,"url":"https:\/\/larevistadigital.com.ar\/blog\/chascomus-la-policia-aprehendio-a-un-sujeto-que-robo-elementos-de-la-escuela-2-y-recupero-lo-sustraido\/","url_meta":{"origin":34499,"position":5},"title":"CHASCOM\u00daS: LA POLIC\u00cdA APREHENDI\u00d3 A UN SUJETO QUE ROB\u00d3 ELEMENTOS DE LA ESCUELA 2 Y RECUPER\u00d3 LO SUSTRA\u00cdDO","author":"Alejandro Sosa Ruda","date":"4 junio, 2023","format":false,"excerpt":"Eran 3 de los cuales pudieron detener a uno, tras subir a los techos. Recuperaron lo robado. 4 de Junio de 2023 CHASCOM\u00daS -\u00a0\u00a0 Durante el d\u00eda de ayer, alrededor de las siete horas, personal policial se traslad\u00f3 a la escuela n 2 ubicada en la calle Franklin, dado a\u2026","rel":"","context":"En \u00abDESTACADAS\u00bb","block_context":{"text":"DESTACADAS","link":"https:\/\/larevistadigital.com.ar\/blog\/category\/destacadas\/"},"img":{"alt_text":"","src":"https:\/\/i0.wp.com\/larevistadigital.com.ar\/blog\/wp-content\/uploads\/WhatsApp-Image-2023-06-03-at-19.31.06-1.jpeg?fit=898%2C1200&ssl=1&resize=350%2C200","width":350,"height":200,"srcset":"https:\/\/i0.wp.com\/larevistadigital.com.ar\/blog\/wp-content\/uploads\/WhatsApp-Image-2023-06-03-at-19.31.06-1.jpeg?fit=898%2C1200&ssl=1&resize=350%2C200 1x, https:\/\/i0.wp.com\/larevistadigital.com.ar\/blog\/wp-content\/uploads\/WhatsApp-Image-2023-06-03-at-19.31.06-1.jpeg?fit=898%2C1200&ssl=1&resize=525%2C300 1.5x, https:\/\/i0.wp.com\/larevistadigital.com.ar\/blog\/wp-content\/uploads\/WhatsApp-Image-2023-06-03-at-19.31.06-1.jpeg?fit=898%2C1200&ssl=1&resize=700%2C400 2x"},"classes":[]}],"_links":{"self":[{"href":"https:\/\/larevistadigital.com.ar\/blog\/wp-json\/wp\/v2\/posts\/34499","targetHints":{"allow":["GET"]}}],"collection":[{"href":"https:\/\/larevistadigital.com.ar\/blog\/wp-json\/wp\/v2\/posts"}],"about":[{"href":"https:\/\/larevistadigital.com.ar\/blog\/wp-json\/wp\/v2\/types\/post"}],"author":[{"embeddable":true,"href":"https:\/\/larevistadigital.com.ar\/blog\/wp-json\/wp\/v2\/users\/3"}],"replies":[{"embeddable":true,"href":"https:\/\/larevistadigital.com.ar\/blog\/wp-json\/wp\/v2\/comments?post=34499"}],"version-history":[{"count":1,"href":"https:\/\/larevistadigital.com.ar\/blog\/wp-json\/wp\/v2\/posts\/34499\/revisions"}],"predecessor-version":[{"id":34501,"href":"https:\/\/larevistadigital.com.ar\/blog\/wp-json\/wp\/v2\/posts\/34499\/revisions\/34501"}],"wp:featuredmedia":[{"embeddable":true,"href":"https:\/\/larevistadigital.com.ar\/blog\/wp-json\/wp\/v2\/media\/34500"}],"wp:attachment":[{"href":"https:\/\/larevistadigital.com.ar\/blog\/wp-json\/wp\/v2\/media?parent=34499"}],"wp:term":[{"taxonomy":"category","embeddable":true,"href":"https:\/\/larevistadigital.com.ar\/blog\/wp-json\/wp\/v2\/categories?post=34499"},{"taxonomy":"post_tag","embeddable":true,"href":"https:\/\/larevistadigital.com.ar\/blog\/wp-json\/wp\/v2\/tags?post=34499"}],"curies":[{"name":"wp","href":"https:\/\/api.w.org\/{rel}","templated":true}]}}