{"id":34503,"date":"2023-11-10T11:44:26","date_gmt":"2023-11-10T14:44:26","guid":{"rendered":"https:\/\/larevistadigital.com.ar\/blog\/?p=34503"},"modified":"2023-11-10T11:44:26","modified_gmt":"2023-11-10T14:44:26","slug":"chascomus-allanamiento-en-calle-garay","status":"publish","type":"post","link":"https:\/\/larevistadigital.com.ar\/blog\/chascomus-allanamiento-en-calle-garay\/","title":{"rendered":"CHASCOM\u00daS: ALLANAMIENTO EN CALLE GARAY"},"content":{"rendered":"<p>10 de Noviembre de 2023<\/p>\n<p><strong>CHASCOM\u00daS &#8211;\u00a0<\/strong> En horas de la tarde de ayer 9 de Noviembre, la Polic\u00eda Comunal realizo un allanamiento en calle Garay con motivo de una investigaci\u00f3n iniciada en Comisar\u00eda de la Mujer y la Familia de Chascomus seguida por el delito de <strong>AMENAZAS AGRAVADAS POR EL USO DE ARMA DE FUEGO<\/strong>. En la diligencia se notificaron de distintas medidas al propietario del lugar.<\/p>\n","protected":false},"excerpt":{"rendered":"<div class=\"mh-excerpt\"><p>10 de Noviembre de 2023 CHASCOM\u00daS &#8211;\u00a0 En horas de la tarde de ayer 9 de Noviembre, la Polic\u00eda Comunal realizo un allanamiento en calle Garay con motivo de una investigaci\u00f3n iniciada en Comisar\u00eda de <a class=\"mh-excerpt-more\" href=\"https:\/\/larevistadigital.com.ar\/blog\/chascomus-allanamiento-en-calle-garay\/\" title=\"CHASCOM\u00daS: ALLANAMIENTO EN CALLE GARAY\">[Leer M\u00e1s]<\/a><\/p>\n<\/div>","protected":false},"author":3,"featured_media":1596,"comment_status":"open","ping_status":"open","sticky":false,"template":"","format":"standard","meta":{"_jetpack_memberships_contains_paid_content":false,"footnotes":"","jetpack_publicize_message":"","jetpack_publicize_feature_enabled":true,"jetpack_social_post_already_shared":true,"jetpack_social_options":{"image_generator_settings":{"template":"highway","default_image_id":0,"font":"","enabled":false},"version":2}},"categories":[1],"tags":[],"class_list":{"0":"post-34503","1":"post","2":"type-post","3":"status-publish","4":"format-standard","5":"has-post-thumbnail","7":"category-sin-categoria"},"jetpack_publicize_connections":[],"jetpack_featured_media_url":"https:\/\/i0.wp.com\/larevistadigital.com.ar\/blog\/wp-content\/uploads\/2017\/03\/policia-nino-mata.jpg?fit=745%2C574&ssl=1","jetpack_sharing_enabled":true,"jetpack_shortlink":"https:\/\/wp.me\/p8qtrQ-8Yv","jetpack-related-posts":[{"id":44302,"url":"https:\/\/larevistadigital.com.ar\/blog\/allanamiento-por-drogas-en-calle-garay-una-mujer-detenida\/","url_meta":{"origin":34503,"position":0},"title":"Allanamiento por drogas en calle Garay: una mujer detenida","author":"Alejandro Sosa Ruda","date":"5 marzo, 2026","format":false,"excerpt":"El procedimiento se realiz\u00f3 en una vivienda ubicada en calle Garay. Interviene la Fiscal\u00eda de Estupefacientes a cargo del Dr. Jorge Larrarte. Un allanamiento por presunta comercializaci\u00f3n de estupefacientes se llev\u00f3 a cabo en las \u00faltimas horas en un domicilio de la calle Garay al 200, donde el personal policial\u2026","rel":"","context":"En \u00abDESTACADAS\u00bb","block_context":{"text":"DESTACADAS","link":"https:\/\/larevistadigital.com.ar\/blog\/category\/destacadas\/"},"img":{"alt_text":"","src":"https:\/\/i0.wp.com\/larevistadigital.com.ar\/blog\/wp-content\/uploads\/allanamiento-Garay.jpg?fit=1200%2C510&ssl=1&resize=350%2C200","width":350,"height":200,"srcset":"https:\/\/i0.wp.com\/larevistadigital.com.ar\/blog\/wp-content\/uploads\/allanamiento-Garay.jpg?fit=1200%2C510&ssl=1&resize=350%2C200 1x, https:\/\/i0.wp.com\/larevistadigital.com.ar\/blog\/wp-content\/uploads\/allanamiento-Garay.jpg?fit=1200%2C510&ssl=1&resize=525%2C300 1.5x, https:\/\/i0.wp.com\/larevistadigital.com.ar\/blog\/wp-content\/uploads\/allanamiento-Garay.jpg?fit=1200%2C510&ssl=1&resize=700%2C400 2x, https:\/\/i0.wp.com\/larevistadigital.com.ar\/blog\/wp-content\/uploads\/allanamiento-Garay.jpg?fit=1200%2C510&ssl=1&resize=1050%2C600 3x"},"classes":[]},{"id":42405,"url":"https:\/\/larevistadigital.com.ar\/blog\/chascomus-allanamiento-en-el-barrio-escribano-tras-el-robo-de-dos-bicicletas\/","url_meta":{"origin":34503,"position":1},"title":"Chascom\u00fas: Allanamiento en el Barrio Escribano, tras el robo de dos bicicletas","author":"Alejandro Sosa Ruda","date":"5 noviembre, 2025","format":false,"excerpt":"La Polic\u00eda de Chascom\u00fas realiz\u00f3 un allanamiento en una vivienda de calle Estrada y notific\u00f3 al presunto autor del robo de dos bicicletas sustra\u00eddas del patio de una casa del barrio Escribano. 05 de Noviembre de 2025 CHASCOM\u00daS -\u00a0 \u00a0Autoridades policiales informaron que, a ra\u00edz de una denuncia radicada el\u2026","rel":"","context":"En \u00abINTERES GENERAL\u00bb","block_context":{"text":"INTERES GENERAL","link":"https:\/\/larevistadigital.com.ar\/blog\/category\/interes-general\/"},"img":{"alt_text":"","src":"https:\/\/i0.wp.com\/larevistadigital.com.ar\/blog\/wp-content\/uploads\/Patrullero-La-Plata-Berisso-Policia.jpg?fit=882%2C492&ssl=1&resize=350%2C200","width":350,"height":200,"srcset":"https:\/\/i0.wp.com\/larevistadigital.com.ar\/blog\/wp-content\/uploads\/Patrullero-La-Plata-Berisso-Policia.jpg?fit=882%2C492&ssl=1&resize=350%2C200 1x, https:\/\/i0.wp.com\/larevistadigital.com.ar\/blog\/wp-content\/uploads\/Patrullero-La-Plata-Berisso-Policia.jpg?fit=882%2C492&ssl=1&resize=525%2C300 1.5x, https:\/\/i0.wp.com\/larevistadigital.com.ar\/blog\/wp-content\/uploads\/Patrullero-La-Plata-Berisso-Policia.jpg?fit=882%2C492&ssl=1&resize=700%2C400 2x"},"classes":[]},{"id":12558,"url":"https:\/\/larevistadigital.com.ar\/blog\/comenzo-la-repavimentacion-de-calle-garay\/","url_meta":{"origin":34503,"position":2},"title":"EXCELENTE NOTICIA: COMENZ\u00d3 LA REPAVIMENTACI\u00d3N DE CALLE GARAY","author":"Alejandro Sosa Ruda","date":"9 octubre, 2019","format":false,"excerpt":"En el marco del Plan Integral de Pavimentaci\u00f3n impulsado por la Municipalidad, ayer comenzaron los trabajos previos para la repavimentaci\u00f3n de la calle Garay. En tal sentido, se hace saber a la comunidad que permanecer\u00e1n cortadas al tr\u00e1nsito las calles circundantes. Entre ellas, ser\u00e1 una cuadra de Garay entre Fragata\u2026","rel":"","context":"En \u00abCHASCOM\u00daS\u00bb","block_context":{"text":"CHASCOM\u00daS","link":"https:\/\/larevistadigital.com.ar\/blog\/category\/chascomus\/"},"img":{"alt_text":"","src":"https:\/\/i0.wp.com\/larevistadigital.com.ar\/blog\/wp-content\/uploads\/garay_08deoctubrede2019_elfuerte.jpg?fit=737%2C415&ssl=1&resize=350%2C200","width":350,"height":200,"srcset":"https:\/\/i0.wp.com\/larevistadigital.com.ar\/blog\/wp-content\/uploads\/garay_08deoctubrede2019_elfuerte.jpg?fit=737%2C415&ssl=1&resize=350%2C200 1x, https:\/\/i0.wp.com\/larevistadigital.com.ar\/blog\/wp-content\/uploads\/garay_08deoctubrede2019_elfuerte.jpg?fit=737%2C415&ssl=1&resize=525%2C300 1.5x, https:\/\/i0.wp.com\/larevistadigital.com.ar\/blog\/wp-content\/uploads\/garay_08deoctubrede2019_elfuerte.jpg?fit=737%2C415&ssl=1&resize=700%2C400 2x"},"classes":[]},{"id":28778,"url":"https:\/\/larevistadigital.com.ar\/blog\/chascomus-incautan-cocaina-en-un-allanamiento\/","url_meta":{"origin":34503,"position":3},"title":"CHASCOM\u00daS: INCAUTAN COCA\u00cdNA EN UN ALLANAMIENTO.","author":"Alejandro Sosa Ruda","date":"4 noviembre, 2022","format":false,"excerpt":"La cantidad secuestrada no fue suficiente para detener a la persona, seg\u00fan dispuso el Juez Gasquet. 4 de noviembre de 2022 CHASCOM\u00daS -\u00a0\u00a0Durante el d\u00eda de ayer y en horas de la tarde, se efectiviz\u00f3 un importante allanamiento para con una vivienda ubicada en la calle Saturnino Justo de la\u2026","rel":"","context":"En \u00abINTERES GENERAL\u00bb","block_context":{"text":"INTERES GENERAL","link":"https:\/\/larevistadigital.com.ar\/blog\/category\/interes-general\/"},"img":{"alt_text":"","src":"https:\/\/i0.wp.com\/larevistadigital.com.ar\/blog\/wp-content\/uploads\/WhatsApp-Image-2022-11-03-at-21.16.28-e1667570805685.jpeg?fit=821%2C1200&ssl=1&resize=350%2C200","width":350,"height":200,"srcset":"https:\/\/i0.wp.com\/larevistadigital.com.ar\/blog\/wp-content\/uploads\/WhatsApp-Image-2022-11-03-at-21.16.28-e1667570805685.jpeg?fit=821%2C1200&ssl=1&resize=350%2C200 1x, https:\/\/i0.wp.com\/larevistadigital.com.ar\/blog\/wp-content\/uploads\/WhatsApp-Image-2022-11-03-at-21.16.28-e1667570805685.jpeg?fit=821%2C1200&ssl=1&resize=525%2C300 1.5x, https:\/\/i0.wp.com\/larevistadigital.com.ar\/blog\/wp-content\/uploads\/WhatsApp-Image-2022-11-03-at-21.16.28-e1667570805685.jpeg?fit=821%2C1200&ssl=1&resize=700%2C400 2x"},"classes":[]},{"id":42450,"url":"https:\/\/larevistadigital.com.ar\/blog\/chascomus-hallaron-sin-vida-a-una-persona-en-su-comercio\/","url_meta":{"origin":34503,"position":4},"title":"Chascom\u00fas: Hallaron sin vida a una persona en su comercio","author":"Alejandro Sosa Ruda","date":"10 noviembre, 2025","format":false,"excerpt":"10 de Noviembre de 2025 CHASCOM\u00daS -\u00a0 En la tarde de este lunes, aproximadamente a las 16:30 hs. personal policial y m\u00e9dico intervino en un comercio de la calle Garay, tras el llamado de una persona que alert\u00f3 sobre una situaci\u00f3n de emergencia.Al arribar al lugar, el equipo de salud\u2026","rel":"","context":"En \u00abDESTACADAS\u00bb","block_context":{"text":"DESTACADAS","link":"https:\/\/larevistadigital.com.ar\/blog\/category\/destacadas\/"},"img":{"alt_text":"","src":"https:\/\/i0.wp.com\/larevistadigital.com.ar\/blog\/wp-content\/uploads\/patrullero.jpg?fit=800%2C267&ssl=1&resize=350%2C200","width":350,"height":200,"srcset":"https:\/\/i0.wp.com\/larevistadigital.com.ar\/blog\/wp-content\/uploads\/patrullero.jpg?fit=800%2C267&ssl=1&resize=350%2C200 1x, https:\/\/i0.wp.com\/larevistadigital.com.ar\/blog\/wp-content\/uploads\/patrullero.jpg?fit=800%2C267&ssl=1&resize=525%2C300 1.5x, https:\/\/i0.wp.com\/larevistadigital.com.ar\/blog\/wp-content\/uploads\/patrullero.jpg?fit=800%2C267&ssl=1&resize=700%2C400 2x"},"classes":[]},{"id":30512,"url":"https:\/\/larevistadigital.com.ar\/blog\/chascomus-operativo-y-detencion-de-dos-sujetos\/","url_meta":{"origin":34503,"position":5},"title":"CHASCOM\u00daS: OPERATIVO Y DETENCI\u00d3N DE DOS SUJETOS","author":"Alejandro Sosa Ruda","date":"10 marzo, 2023","format":false,"excerpt":"Pese a realizar sendos allanamientos que no arrojaron resultados, al haber una orden de detenci\u00f3n, la polic\u00eda logr\u00f3 ubicarlos y detenerlos. 9 de marzo de 2023 CHASCOM\u00daS -\u00a0 A ra\u00edz de las investigaciones respecto de un hecho que fue caratulado como \"Robo Agravado por ser en poblado y en banda,\u2026","rel":"","context":"En \u00abDESTACADAS\u00bb","block_context":{"text":"DESTACADAS","link":"https:\/\/larevistadigital.com.ar\/blog\/category\/destacadas\/"},"img":{"alt_text":"","src":"https:\/\/i0.wp.com\/larevistadigital.com.ar\/blog\/wp-content\/uploads\/1620734311775.jpg?fit=1200%2C777&ssl=1&resize=350%2C200","width":350,"height":200,"srcset":"https:\/\/i0.wp.com\/larevistadigital.com.ar\/blog\/wp-content\/uploads\/1620734311775.jpg?fit=1200%2C777&ssl=1&resize=350%2C200 1x, https:\/\/i0.wp.com\/larevistadigital.com.ar\/blog\/wp-content\/uploads\/1620734311775.jpg?fit=1200%2C777&ssl=1&resize=525%2C300 1.5x, https:\/\/i0.wp.com\/larevistadigital.com.ar\/blog\/wp-content\/uploads\/1620734311775.jpg?fit=1200%2C777&ssl=1&resize=700%2C400 2x, https:\/\/i0.wp.com\/larevistadigital.com.ar\/blog\/wp-content\/uploads\/1620734311775.jpg?fit=1200%2C777&ssl=1&resize=1050%2C600 3x"},"classes":[]}],"_links":{"self":[{"href":"https:\/\/larevistadigital.com.ar\/blog\/wp-json\/wp\/v2\/posts\/34503","targetHints":{"allow":["GET"]}}],"collection":[{"href":"https:\/\/larevistadigital.com.ar\/blog\/wp-json\/wp\/v2\/posts"}],"about":[{"href":"https:\/\/larevistadigital.com.ar\/blog\/wp-json\/wp\/v2\/types\/post"}],"author":[{"embeddable":true,"href":"https:\/\/larevistadigital.com.ar\/blog\/wp-json\/wp\/v2\/users\/3"}],"replies":[{"embeddable":true,"href":"https:\/\/larevistadigital.com.ar\/blog\/wp-json\/wp\/v2\/comments?post=34503"}],"version-history":[{"count":1,"href":"https:\/\/larevistadigital.com.ar\/blog\/wp-json\/wp\/v2\/posts\/34503\/revisions"}],"predecessor-version":[{"id":34504,"href":"https:\/\/larevistadigital.com.ar\/blog\/wp-json\/wp\/v2\/posts\/34503\/revisions\/34504"}],"wp:featuredmedia":[{"embeddable":true,"href":"https:\/\/larevistadigital.com.ar\/blog\/wp-json\/wp\/v2\/media\/1596"}],"wp:attachment":[{"href":"https:\/\/larevistadigital.com.ar\/blog\/wp-json\/wp\/v2\/media?parent=34503"}],"wp:term":[{"taxonomy":"category","embeddable":true,"href":"https:\/\/larevistadigital.com.ar\/blog\/wp-json\/wp\/v2\/categories?post=34503"},{"taxonomy":"post_tag","embeddable":true,"href":"https:\/\/larevistadigital.com.ar\/blog\/wp-json\/wp\/v2\/tags?post=34503"}],"curies":[{"name":"wp","href":"https:\/\/api.w.org\/{rel}","templated":true}]}}