{"id":34505,"date":"2023-11-10T11:56:59","date_gmt":"2023-11-10T14:56:59","guid":{"rendered":"https:\/\/larevistadigital.com.ar\/blog\/?p=34505"},"modified":"2023-11-10T11:56:59","modified_gmt":"2023-11-10T14:56:59","slug":"chascomus-la-policia-comunal-recupero-una-moto-robada-de-calle-libres-del-sur-y-soler","status":"publish","type":"post","link":"https:\/\/larevistadigital.com.ar\/blog\/chascomus-la-policia-comunal-recupero-una-moto-robada-de-calle-libres-del-sur-y-soler\/","title":{"rendered":"CHASCOM\u00daS: LA POLIC\u00cdA COMUNAL RECUPER\u00d3 UNA MOTO ROBADA DE CALLE LIBRES DEL SUR Y SOLER."},"content":{"rendered":"<h2>La Polic\u00eda recuper\u00f3 el veh\u00edculo que fue denunciado como robado por la ma\u00f1ana.<\/h2>\n<p>10 de Noviembre de 2023<\/p>\n<p><strong>CHASCOM\u00daS &#8211;\u00a0<\/strong> En las \u00faltimas horas del d\u00eda de ayer, se recibi\u00f3 la denuncia del robo de una motocicleta que se hallaba estacionada en libres del sur y soler, iniciadas las tareas de investigaci\u00f3n y estando la misma en estado avanzado, solo se puede informar que la misma fue recuperada en horas de la ma\u00f1ana del d\u00eda de la fecha. El bien sustra\u00eddo fue reconocido por la v\u00edctima por lo que de manera inmediata fue restituida.<\/p>\n","protected":false},"excerpt":{"rendered":"<div class=\"mh-excerpt\"><p>La Polic\u00eda recuper\u00f3 el veh\u00edculo que fue denunciado como robado por la ma\u00f1ana. 10 de Noviembre de 2023 CHASCOM\u00daS &#8211;\u00a0 En las \u00faltimas horas del d\u00eda de ayer, se recibi\u00f3 la denuncia del robo de <a class=\"mh-excerpt-more\" href=\"https:\/\/larevistadigital.com.ar\/blog\/chascomus-la-policia-comunal-recupero-una-moto-robada-de-calle-libres-del-sur-y-soler\/\" title=\"CHASCOM\u00daS: LA POLIC\u00cdA COMUNAL RECUPER\u00d3 UNA MOTO ROBADA DE CALLE LIBRES DEL SUR Y SOLER.\">[Leer M\u00e1s]<\/a><\/p>\n<\/div>","protected":false},"author":3,"featured_media":34506,"comment_status":"open","ping_status":"open","sticky":false,"template":"","format":"standard","meta":{"_jetpack_memberships_contains_paid_content":false,"footnotes":"","jetpack_publicize_message":"","jetpack_publicize_feature_enabled":true,"jetpack_social_post_already_shared":true,"jetpack_social_options":{"image_generator_settings":{"template":"highway","default_image_id":0,"font":"","enabled":false},"version":2}},"categories":[6,44],"tags":[],"class_list":{"0":"post-34505","1":"post","2":"type-post","3":"status-publish","4":"format-standard","5":"has-post-thumbnail","7":"category-chascomus","8":"category-policiales"},"jetpack_publicize_connections":[],"jetpack_featured_media_url":"https:\/\/i0.wp.com\/larevistadigital.com.ar\/blog\/wp-content\/uploads\/WhatsApp-Image-2023-11-10-at-11.20.33.jpeg?fit=1201%2C1600&ssl=1","jetpack_sharing_enabled":true,"jetpack_shortlink":"https:\/\/wp.me\/p8qtrQ-8Yx","jetpack-related-posts":[{"id":31007,"url":"https:\/\/larevistadigital.com.ar\/blog\/chascomus-la-policia-recupero-y-devolvio-a-su-propietario-una-bicicleta-mountain-bike-robada-anoche\/","url_meta":{"origin":34505,"position":0},"title":"CHASCOM\u00daS: LA POLIC\u00cdA RECUPER\u00d3 Y DEVOLVI\u00d3 A SU PROPIETARIO UNA BICICLETA MOUNTAIN BIKE, ROBADA ANOCHE","author":"Alejandro Sosa Ruda","date":"12 abril, 2023","format":false,"excerpt":"La Polic\u00eda Comunal logr\u00f3 recuperar el rodado que fue robado ayer a la noche y se lo reintegr\u00f3 a su propietario. 12 de abril de 2023 CHASCOM\u00daS\u00a0 -\u00a0 Durante las \u00faltimas horas del d\u00eda de ayer, se recibi\u00f3 una denuncia por el robo de una bicicleta en calles 11 de\u2026","rel":"","context":"En \u00abCHASCOM\u00daS\u00bb","block_context":{"text":"CHASCOM\u00daS","link":"https:\/\/larevistadigital.com.ar\/blog\/category\/chascomus\/"},"img":{"alt_text":"","src":"https:\/\/i0.wp.com\/larevistadigital.com.ar\/blog\/wp-content\/uploads\/WhatsApp-Image-2023-04-12-at-17.04.41.jpeg?fit=675%2C1200&ssl=1&resize=350%2C200","width":350,"height":200,"srcset":"https:\/\/i0.wp.com\/larevistadigital.com.ar\/blog\/wp-content\/uploads\/WhatsApp-Image-2023-04-12-at-17.04.41.jpeg?fit=675%2C1200&ssl=1&resize=350%2C200 1x, https:\/\/i0.wp.com\/larevistadigital.com.ar\/blog\/wp-content\/uploads\/WhatsApp-Image-2023-04-12-at-17.04.41.jpeg?fit=675%2C1200&ssl=1&resize=525%2C300 1.5x"},"classes":[]},{"id":31672,"url":"https:\/\/larevistadigital.com.ar\/blog\/chascomus-la-policia-recupero-un-automovil-denunciado-como-robado-el-dia-de-ayer\/","url_meta":{"origin":34505,"position":1},"title":"CHASCOM\u00daS: LA POLIC\u00cdA RECUPER\u00d3 UN AUTOM\u00d3VIL DENUNCIADO COMO ROBADO EL D\u00cdA DE AYER","author":"Alejandro Sosa Ruda","date":"21 mayo, 2023","format":false,"excerpt":"Volvemos a hacer hincapi\u00e9 en la importancia de denunciar los il\u00edcitos. La denyuncia se hizo ayer y en un d\u00eda de trabajo se logr\u00f3 recuperar el veh\u00edculo robado. 21 de mayo de 20232 CHASCOM\u00daS\u00a0 -\u00a0 En las \u00faltimas horas del d\u00eda de ayer y primeras horas de la madrugada de\u2026","rel":"","context":"En \u00abDESTACADAS\u00bb","block_context":{"text":"DESTACADAS","link":"https:\/\/larevistadigital.com.ar\/blog\/category\/destacadas\/"},"img":{"alt_text":"","src":"https:\/\/i0.wp.com\/larevistadigital.com.ar\/blog\/wp-content\/uploads\/WhatsApp-Image-2023-05-21-at-09.29.49.jpeg?fit=900%2C1200&ssl=1&resize=350%2C200","width":350,"height":200,"srcset":"https:\/\/i0.wp.com\/larevistadigital.com.ar\/blog\/wp-content\/uploads\/WhatsApp-Image-2023-05-21-at-09.29.49.jpeg?fit=900%2C1200&ssl=1&resize=350%2C200 1x, https:\/\/i0.wp.com\/larevistadigital.com.ar\/blog\/wp-content\/uploads\/WhatsApp-Image-2023-05-21-at-09.29.49.jpeg?fit=900%2C1200&ssl=1&resize=525%2C300 1.5x, https:\/\/i0.wp.com\/larevistadigital.com.ar\/blog\/wp-content\/uploads\/WhatsApp-Image-2023-05-21-at-09.29.49.jpeg?fit=900%2C1200&ssl=1&resize=700%2C400 2x"},"classes":[]},{"id":5752,"url":"https:\/\/larevistadigital.com.ar\/blog\/la-policia-recupero-objetos-robados\/","url_meta":{"origin":34505,"position":2},"title":"LA POLIC\u00cdA RECUPER\u00d3 OBJETOS ROBADOS","author":"Alejandro Sosa Ruda","date":"10 junio, 2018","format":false,"excerpt":"El d\u00eda jueves, pasadas las 23:00 horas se toma conocimiento en la EPC Chascomus que un joven del sexo masculino hab\u00eda asaltado un kiosco ubicado en calle Alvear entre arenales y Soler de Chascom\u00fas. El ladr\u00f3n sustrajo un celular del empleado del lugar, cerca de 3.000 pesos y caja registradora.\u2026","rel":"","context":"En \u00abPOLICIALES\u00bb","block_context":{"text":"POLICIALES","link":"https:\/\/larevistadigital.com.ar\/blog\/category\/policiales\/"},"img":{"alt_text":"","src":"https:\/\/i0.wp.com\/larevistadigital.com.ar\/blog\/wp-content\/uploads\/2018\/06\/WhatsApp-Image-2018-06-08-at-18.57.12.jpeg?fit=675%2C1200&ssl=1&resize=350%2C200","width":350,"height":200,"srcset":"https:\/\/i0.wp.com\/larevistadigital.com.ar\/blog\/wp-content\/uploads\/2018\/06\/WhatsApp-Image-2018-06-08-at-18.57.12.jpeg?fit=675%2C1200&ssl=1&resize=350%2C200 1x, https:\/\/i0.wp.com\/larevistadigital.com.ar\/blog\/wp-content\/uploads\/2018\/06\/WhatsApp-Image-2018-06-08-at-18.57.12.jpeg?fit=675%2C1200&ssl=1&resize=525%2C300 1.5x"},"classes":[]},{"id":13915,"url":"https:\/\/larevistadigital.com.ar\/blog\/chascomus-grupo-de-adolescentes-cometen-varios-delitos-hay-un-detenido\/","url_meta":{"origin":34505,"position":3},"title":"CHASCOMUS: GRUPO DE ADOLESCENTES COMETEN VARIOS DELITOS. HAY UN DETENIDO","author":"Alejandro Sosa Ruda","date":"30 diciembre, 2019","format":false,"excerpt":"En la ma\u00f1ana de ayer Un grupo de cuatro j\u00f3venes mayores de edad m\u00e1s un menor, concretaron lo que puede calificarse como un ra\u00cdd delictivo, durante la ma\u00f1ana de ayer. Alrededor de las seis de la ma\u00f1ana y por algunas cuadras de calle Casalins como tambi\u00e9n Franklin, se dedicaron a\u2026","rel":"","context":"En \u00abINTERES GENERAL\u00bb","block_context":{"text":"INTERES GENERAL","link":"https:\/\/larevistadigital.com.ar\/blog\/category\/interes-general\/"},"img":{"alt_text":"","src":"https:\/\/i0.wp.com\/larevistadigital.com.ar\/blog\/wp-content\/uploads\/2019\/01\/bbx_755050019_comisaria_chasco_01.jpg?fit=800%2C579&ssl=1&resize=350%2C200","width":350,"height":200,"srcset":"https:\/\/i0.wp.com\/larevistadigital.com.ar\/blog\/wp-content\/uploads\/2019\/01\/bbx_755050019_comisaria_chasco_01.jpg?fit=800%2C579&ssl=1&resize=350%2C200 1x, https:\/\/i0.wp.com\/larevistadigital.com.ar\/blog\/wp-content\/uploads\/2019\/01\/bbx_755050019_comisaria_chasco_01.jpg?fit=800%2C579&ssl=1&resize=525%2C300 1.5x, https:\/\/i0.wp.com\/larevistadigital.com.ar\/blog\/wp-content\/uploads\/2019\/01\/bbx_755050019_comisaria_chasco_01.jpg?fit=800%2C579&ssl=1&resize=700%2C400 2x"},"classes":[]},{"id":34811,"url":"https:\/\/larevistadigital.com.ar\/blog\/la-policia-comunal-recupero-una-moto-robada-2\/","url_meta":{"origin":34505,"position":4},"title":"LA POLIC\u00cdA COMUNAL RECUPER\u00d3 UNA MOTO ROBADA","author":"Alejandro Sosa Ruda","date":"8 diciembre, 2023","format":false,"excerpt":"La hab\u00edan robado el 4 hace tres d\u00edas en el Barrio F\u00e1tima. Ya fue restitu\u00edda. 7 de diciembre de 2023 CHASCOM\u00daS -\u00a0 En horas de la noche del d\u00eda de ayer y personal policial de E.P.C. Chasomus 1ra. procedi\u00f3 a incautar una motocicleta Zanella ZB de color negro la cual\u2026","rel":"","context":"En \u00abCHASCOM\u00daS\u00bb","block_context":{"text":"CHASCOM\u00daS","link":"https:\/\/larevistadigital.com.ar\/blog\/category\/chascomus\/"},"img":{"alt_text":"","src":"https:\/\/i0.wp.com\/larevistadigital.com.ar\/blog\/wp-content\/uploads\/WhatsApp-Image-2023-12-06-at-20.49.36.jpeg?fit=1200%2C818&ssl=1&resize=350%2C200","width":350,"height":200,"srcset":"https:\/\/i0.wp.com\/larevistadigital.com.ar\/blog\/wp-content\/uploads\/WhatsApp-Image-2023-12-06-at-20.49.36.jpeg?fit=1200%2C818&ssl=1&resize=350%2C200 1x, https:\/\/i0.wp.com\/larevistadigital.com.ar\/blog\/wp-content\/uploads\/WhatsApp-Image-2023-12-06-at-20.49.36.jpeg?fit=1200%2C818&ssl=1&resize=525%2C300 1.5x, https:\/\/i0.wp.com\/larevistadigital.com.ar\/blog\/wp-content\/uploads\/WhatsApp-Image-2023-12-06-at-20.49.36.jpeg?fit=1200%2C818&ssl=1&resize=700%2C400 2x, https:\/\/i0.wp.com\/larevistadigital.com.ar\/blog\/wp-content\/uploads\/WhatsApp-Image-2023-12-06-at-20.49.36.jpeg?fit=1200%2C818&ssl=1&resize=1050%2C600 3x"},"classes":[]},{"id":34537,"url":"https:\/\/larevistadigital.com.ar\/blog\/chascomus-la-policia-comunal-recupero-una-moto-robada-en-calle-peru\/","url_meta":{"origin":34505,"position":5},"title":"CHASCOM\u00daS: LA POLIC\u00cdA COMUNAL RECUPER\u00d3 UNA MOTO ROBADA EN CALLE PER\u00da","author":"Alejandro Sosa Ruda","date":"14 noviembre, 2023","format":false,"excerpt":"La investigaci\u00f3n policial logr\u00f3 con rapidez obtener resultado positivo. 14 de Noviembre de 2023 CHASCOM\u00daS -\u00a0 En el d\u00eda de ayer y en horas de la noche, se tom\u00f3 conocimiento de la sustracci\u00f3n de una motocicleta de la calle Peru. Iniciada la Investigaci\u00f3n personal policial de E.P.C. Chascomus 1Ra. realizando\u2026","rel":"","context":"En \u00abSin categor\u00eda\u00bb","block_context":{"text":"Sin categor\u00eda","link":"https:\/\/larevistadigital.com.ar\/blog\/category\/sin-categoria\/"},"img":{"alt_text":"","src":"https:\/\/i0.wp.com\/larevistadigital.com.ar\/blog\/wp-content\/uploads\/2017\/03\/policia-nino-mata.jpg?fit=745%2C574&ssl=1&resize=350%2C200","width":350,"height":200,"srcset":"https:\/\/i0.wp.com\/larevistadigital.com.ar\/blog\/wp-content\/uploads\/2017\/03\/policia-nino-mata.jpg?fit=745%2C574&ssl=1&resize=350%2C200 1x, https:\/\/i0.wp.com\/larevistadigital.com.ar\/blog\/wp-content\/uploads\/2017\/03\/policia-nino-mata.jpg?fit=745%2C574&ssl=1&resize=525%2C300 1.5x, https:\/\/i0.wp.com\/larevistadigital.com.ar\/blog\/wp-content\/uploads\/2017\/03\/policia-nino-mata.jpg?fit=745%2C574&ssl=1&resize=700%2C400 2x"},"classes":[]}],"_links":{"self":[{"href":"https:\/\/larevistadigital.com.ar\/blog\/wp-json\/wp\/v2\/posts\/34505","targetHints":{"allow":["GET"]}}],"collection":[{"href":"https:\/\/larevistadigital.com.ar\/blog\/wp-json\/wp\/v2\/posts"}],"about":[{"href":"https:\/\/larevistadigital.com.ar\/blog\/wp-json\/wp\/v2\/types\/post"}],"author":[{"embeddable":true,"href":"https:\/\/larevistadigital.com.ar\/blog\/wp-json\/wp\/v2\/users\/3"}],"replies":[{"embeddable":true,"href":"https:\/\/larevistadigital.com.ar\/blog\/wp-json\/wp\/v2\/comments?post=34505"}],"version-history":[{"count":1,"href":"https:\/\/larevistadigital.com.ar\/blog\/wp-json\/wp\/v2\/posts\/34505\/revisions"}],"predecessor-version":[{"id":34507,"href":"https:\/\/larevistadigital.com.ar\/blog\/wp-json\/wp\/v2\/posts\/34505\/revisions\/34507"}],"wp:featuredmedia":[{"embeddable":true,"href":"https:\/\/larevistadigital.com.ar\/blog\/wp-json\/wp\/v2\/media\/34506"}],"wp:attachment":[{"href":"https:\/\/larevistadigital.com.ar\/blog\/wp-json\/wp\/v2\/media?parent=34505"}],"wp:term":[{"taxonomy":"category","embeddable":true,"href":"https:\/\/larevistadigital.com.ar\/blog\/wp-json\/wp\/v2\/categories?post=34505"},{"taxonomy":"post_tag","embeddable":true,"href":"https:\/\/larevistadigital.com.ar\/blog\/wp-json\/wp\/v2\/tags?post=34505"}],"curies":[{"name":"wp","href":"https:\/\/api.w.org\/{rel}","templated":true}]}}