{"id":34508,"date":"2023-11-10T12:23:49","date_gmt":"2023-11-10T15:23:49","guid":{"rendered":"https:\/\/larevistadigital.com.ar\/blog\/?p=34508"},"modified":"2023-11-10T12:23:49","modified_gmt":"2023-11-10T15:23:49","slug":"este-no-te-pega-mas-menor-de-13-anos-mato-a-su-papa-de-un-balazo-luego-que-este-golpeara-a-su-madre","status":"publish","type":"post","link":"https:\/\/larevistadigital.com.ar\/blog\/este-no-te-pega-mas-menor-de-13-anos-mato-a-su-papa-de-un-balazo-luego-que-este-golpeara-a-su-madre\/","title":{"rendered":"\u00abESTE NO TE PEGA M\u00c1S\u00bb&#8230; MENOR DE 13 A\u00d1OS MAT\u00d3 A SU PAP\u00c1 DE UN BALAZO LUEGO QUE \u00c9STE GOLPEARA A SU MADRE"},"content":{"rendered":"<h3>Sucedi\u00f3 en Mor\u00f3n. Le peg\u00f3 un tiro en la cabeza mientras dorm\u00eda.<\/h3>\n<p>10 de Noviembre de 2023<\/p>\n<p class=\"article__dropline\">El hombre hab\u00eda atacado a su esposa luego de recriminarle que no hab\u00eda realizado unas compras. Ante esta situaci\u00f3n, el menor consol\u00f3 a la mujer, tom\u00f3 el arma y bale\u00f3 al agresor.<\/p>\n<blockquote>\n<h3>Un chico de 13 a\u00f1os mat\u00f3 de un disparo en la cabeza a su pap\u00e1 mientras dorm\u00eda luego de ver c\u00f3mo le agredi\u00f3 a su mam\u00e1 por no haber realizado unas compras. \u201cEste no te pega m\u00e1s\u201d, le dijo.<\/h3>\n<\/blockquote>\n<p>El dram\u00e1tico episodio ocurri\u00f3 ayer por la tarde en una vivienda ubicada en la intersecci\u00f3n de las calles Lan\u00fas y Murucuy\u00e1, en la localidad bonaerense de Mor\u00f3n. El agresor, identificado como <strong>Daniel Roberto G\u00f3mez<\/strong>, de 65 a\u00f1os, se encontraba\u00a0<b>internado en grave estado,\u00a0<\/b>pero esta ma\u00f1ana se<i>\u00a0<\/i>confirm\u00f3 su muerte.<\/p>\n<blockquote>\n<h3>De acuerdo a lo informado por los investigadores a la agencia T\u00e9lam, el adolescente, cansado de las situaciones de violencia de g\u00e9nero que viv\u00eda d\u00eda a d\u00eda su madre, tom\u00f3 la dr\u00e1stica decisi\u00f3n.<\/h3>\n<\/blockquote>\n<p>La discusi\u00f3n hab\u00eda comenzado porque el padre del chico le recrimin\u00f3 a su esposa no haber realizado unas compras. Tras ello la golpe\u00f3 y fue a recostarse a su habitaci\u00f3n.<\/p>\n<blockquote>\n<h3>El hijo de la pareja presenci\u00f3 toda la situaci\u00f3n y tras el ataque se acerc\u00f3 a su mam\u00e1 para consolarla y le asegur\u00f3: \u201cEste no te pega m\u00e1s\u201d. Seguido de ello tom\u00f3 un arma calibre 22 que estaba en un placard de la casa y sin mediar palabra le dispar\u00f3 en la cabeza a su pap\u00e1 mientras permanec\u00eda acostado.<\/h3>\n<\/blockquote>\n<p>Enseguida la mujer socorri\u00f3 a su marido y llam\u00f3 a la Polic\u00eda y al servicio de emergencias. La ambulancia lleg\u00f3 r\u00e1pidamente al lugar y lo traslad\u00f3 al Hospital G\u00fcemes de Haedo, donde permaneci\u00f3 internado en grave estado hasta esta ma\u00f1ana que se confirm\u00f3 su deceso.<\/p>\n<blockquote>\n<h3>Los efectivos, por su parte, comenzaron las tareas de investigaci\u00f3n en la vivienda donde secuestraron el arma que se utiliz\u00f3 en el ataque. En tanto que la madre del chico declar\u00f3 ante la Justicia y sostuvo que su marido era una persona muy violenta, pero que nunca se anim\u00f3 a denunciarlo.<\/h3>\n<\/blockquote>\n<p>Las fuentes judiciales aclararon que el adolescente qued\u00f3 a resguardo de familiares, ya que es inimputable por su edad, mientras que se inici\u00f3 una causa por \u201ctentativa de homicidio y portaci\u00f3n de arma de uso civil\u201d, que qued\u00f3 a cargo de la Fiscal\u00eda de Responsabilidad Penal Juvenil N\u00b02 de Mor\u00f3n.<\/p>\n","protected":false},"excerpt":{"rendered":"<div class=\"mh-excerpt\"><p>Sucedi\u00f3 en Mor\u00f3n. Le peg\u00f3 un tiro en la cabeza mientras dorm\u00eda. 10 de Noviembre de 2023 El hombre hab\u00eda atacado a su esposa luego de recriminarle que no hab\u00eda realizado unas compras. Ante esta <a class=\"mh-excerpt-more\" href=\"https:\/\/larevistadigital.com.ar\/blog\/este-no-te-pega-mas-menor-de-13-anos-mato-a-su-papa-de-un-balazo-luego-que-este-golpeara-a-su-madre\/\" title=\"\u00abESTE NO TE PEGA M\u00c1S\u00bb&#8230; MENOR DE 13 A\u00d1OS MAT\u00d3 A SU PAP\u00c1 DE UN BALAZO LUEGO QUE \u00c9STE GOLPEARA A SU MADRE\">[Leer M\u00e1s]<\/a><\/p>\n<\/div>","protected":false},"author":3,"featured_media":34509,"comment_status":"open","ping_status":"open","sticky":false,"template":"","format":"standard","meta":{"_jetpack_memberships_contains_paid_content":false,"footnotes":"","jetpack_publicize_message":"","jetpack_publicize_feature_enabled":true,"jetpack_social_post_already_shared":true,"jetpack_social_options":{"image_generator_settings":{"template":"highway","default_image_id":0,"font":"","enabled":false},"version":2}},"categories":[50,44],"tags":[],"class_list":{"0":"post-34508","1":"post","2":"type-post","3":"status-publish","4":"format-standard","5":"has-post-thumbnail","7":"category-interes-general","8":"category-policiales"},"jetpack_publicize_connections":[],"jetpack_featured_media_url":"https:\/\/i0.wp.com\/larevistadigital.com.ar\/blog\/wp-content\/uploads\/Picsart_23-11-09_12-49-56-642-1536x864-1.jpg?fit=1536%2C864&ssl=1","jetpack_sharing_enabled":true,"jetpack_shortlink":"https:\/\/wp.me\/p8qtrQ-8YA","jetpack-related-posts":[{"id":33583,"url":"https:\/\/larevistadigital.com.ar\/blog\/mato-a-su-mujer-a-punaladas-delante-de-su-hija-y-termino-linchado-por-sus-vecinos\/","url_meta":{"origin":34508,"position":0},"title":"MAT\u00d3 A SU MUJER A PU\u00d1ALADAS DELANTE DE SU HIJA, Y TERMIN\u00d3 LINCHADO POR SUS VECINOS","author":"Alejandro Sosa Ruda","date":"25 septiembre, 2023","format":false,"excerpt":"El asesino, borracho trep\u00f3 la pared y sorprendi\u00f3 a la v\u00edctima en su propia casa, donde dorm\u00eda junto a la menor, de 11 a\u00f1os. 25 de Septiembre de 2023 JUJUY -\u00a0 Una mujer fue v\u00edctima de un atroz asesinato a manos de su expareja durante la jornada del pasado lunes.\u2026","rel":"","context":"En \u00abINTERES GENERAL\u00bb","block_context":{"text":"INTERES GENERAL","link":"https:\/\/larevistadigital.com.ar\/blog\/category\/interes-general\/"},"img":{"alt_text":"","src":"https:\/\/i0.wp.com\/larevistadigital.com.ar\/blog\/wp-content\/uploads\/Captura-de-pantalla-2023-09-25-144648.png?fit=802%2C437&ssl=1&resize=350%2C200","width":350,"height":200,"srcset":"https:\/\/i0.wp.com\/larevistadigital.com.ar\/blog\/wp-content\/uploads\/Captura-de-pantalla-2023-09-25-144648.png?fit=802%2C437&ssl=1&resize=350%2C200 1x, https:\/\/i0.wp.com\/larevistadigital.com.ar\/blog\/wp-content\/uploads\/Captura-de-pantalla-2023-09-25-144648.png?fit=802%2C437&ssl=1&resize=525%2C300 1.5x, https:\/\/i0.wp.com\/larevistadigital.com.ar\/blog\/wp-content\/uploads\/Captura-de-pantalla-2023-09-25-144648.png?fit=802%2C437&ssl=1&resize=700%2C400 2x"},"classes":[]},{"id":29816,"url":"https:\/\/larevistadigital.com.ar\/blog\/arrecifes-fue-atacado-con-una-molotov-y-mato-a-su-agresor-con-un-rifle-de-aire-comprimido\/","url_meta":{"origin":34508,"position":1},"title":"ARRECIFES: FUE ATACADO CON UNA MOLOTOV, Y MAT\u00d3 A SU AGRESOR CON UN RIFLE DE AIRE COMPRIMIDO","author":"Alejandro Sosa Ruda","date":"18 enero, 2023","format":false,"excerpt":"Un sujeto de 39 a\u00f1os hab\u00eda arrojado una bomba molotov contra la vivienda, cuyo morador, un joven de 24, respondi\u00f3 con un disparo de rifle de aire comprimido, hiriendo mortalmente a uno de los atacantes, quien luego falleci\u00f3 en el hospital local. 18 de enero de 2023 ARRECIFES - En\u2026","rel":"","context":"En \u00abPOLICIALES\u00bb","block_context":{"text":"POLICIALES","link":"https:\/\/larevistadigital.com.ar\/blog\/category\/policiales\/"},"img":{"alt_text":"","src":"https:\/\/i0.wp.com\/larevistadigital.com.ar\/blog\/wp-content\/uploads\/20230117141648_rivadavia-al-800.jpg?fit=880%2C512&ssl=1&resize=350%2C200","width":350,"height":200,"srcset":"https:\/\/i0.wp.com\/larevistadigital.com.ar\/blog\/wp-content\/uploads\/20230117141648_rivadavia-al-800.jpg?fit=880%2C512&ssl=1&resize=350%2C200 1x, https:\/\/i0.wp.com\/larevistadigital.com.ar\/blog\/wp-content\/uploads\/20230117141648_rivadavia-al-800.jpg?fit=880%2C512&ssl=1&resize=525%2C300 1.5x, https:\/\/i0.wp.com\/larevistadigital.com.ar\/blog\/wp-content\/uploads\/20230117141648_rivadavia-al-800.jpg?fit=880%2C512&ssl=1&resize=700%2C400 2x"},"classes":[]},{"id":29410,"url":"https:\/\/larevistadigital.com.ar\/blog\/baradero-un-joven-mato-a-un-automovilista-a-golpes-luego-de-una-discusion-por-un-choque\/","url_meta":{"origin":34508,"position":2},"title":"BARADERO: UN JOVEN MAT\u00d3 A UN AUTOMOVILISTA A GOLPES LUEGO DE UNA DISCUSI\u00d3N POR UN CHOQUE","author":"Alejandro Sosa Ruda","date":"11 diciembre, 2022","format":false,"excerpt":"El hombre recibi\u00f3 un golpe de pu\u00f1o en el rostro y al caer su cabeza impact\u00f3 contra el cord\u00f3n. El sujeto qued\u00f3 internado en grave estado y el martes por la noche falleci\u00f3 como consecuencia de las lesiones sufridas. 10 de diciembre de 2022 BARADERO -\u00a0 Un hombre de 67\u2026","rel":"","context":"En \u00abPOLICIALES\u00bb","block_context":{"text":"POLICIALES","link":"https:\/\/larevistadigital.com.ar\/blog\/category\/policiales\/"},"img":{"alt_text":"","src":"https:\/\/i0.wp.com\/larevistadigital.com.ar\/blog\/wp-content\/uploads\/POLICIA-4.jpg?fit=880%2C512&ssl=1&resize=350%2C200","width":350,"height":200,"srcset":"https:\/\/i0.wp.com\/larevistadigital.com.ar\/blog\/wp-content\/uploads\/POLICIA-4.jpg?fit=880%2C512&ssl=1&resize=350%2C200 1x, https:\/\/i0.wp.com\/larevistadigital.com.ar\/blog\/wp-content\/uploads\/POLICIA-4.jpg?fit=880%2C512&ssl=1&resize=525%2C300 1.5x, https:\/\/i0.wp.com\/larevistadigital.com.ar\/blog\/wp-content\/uploads\/POLICIA-4.jpg?fit=880%2C512&ssl=1&resize=700%2C400 2x"},"classes":[]},{"id":38091,"url":"https:\/\/larevistadigital.com.ar\/blog\/berazategui-un-chico-mato-a-su-papa-e-hirio-a-su-mama-y-a-su-hermana-en-un-country\/","url_meta":{"origin":34508,"position":3},"title":"Berazategui: Un chico mat\u00f3 a su pap\u00e1 e hiri\u00f3 a su mam\u00e1 y a su hermana en un country","author":"Alejandro Sosa Ruda","date":"1 diciembre, 2024","format":false,"excerpt":"Ocurri\u00f3 en Fincas de Hudson. Los vecinos alertaron a la Polic\u00eda Bonaerense luego de escuchar disparos y de la madre que sali\u00f3 a los gritos. El adolescente intent\u00f3 suicidarse y est\u00e1 internado en estado cr\u00edtico. 01 de diciembre de 2024 BERAZATEGUI -\u00a0 Un tr\u00e1gico episodio sacudi\u00f3 este domingo al country\u2026","rel":"","context":"En \u00abPOLICIALES\u00bb","block_context":{"text":"POLICIALES","link":"https:\/\/larevistadigital.com.ar\/blog\/category\/policiales\/"},"img":{"alt_text":"","src":"https:\/\/i0.wp.com\/larevistadigital.com.ar\/blog\/wp-content\/uploads\/Captura-de-pantalla-2024-12-01-202635.png?fit=696%2C346&ssl=1&resize=350%2C200","width":350,"height":200,"srcset":"https:\/\/i0.wp.com\/larevistadigital.com.ar\/blog\/wp-content\/uploads\/Captura-de-pantalla-2024-12-01-202635.png?fit=696%2C346&ssl=1&resize=350%2C200 1x, https:\/\/i0.wp.com\/larevistadigital.com.ar\/blog\/wp-content\/uploads\/Captura-de-pantalla-2024-12-01-202635.png?fit=696%2C346&ssl=1&resize=525%2C300 1.5x"},"classes":[]},{"id":10609,"url":"https:\/\/larevistadigital.com.ar\/blog\/femicidio-asesino-de-tres-balazos-a-su-ex-pareja-y-luego-se-mato-dentro-del-auto\/","url_meta":{"origin":34508,"position":4},"title":"FEMICIDIO: ASESIN\u00d3 DE TRES BALAZOS A SU EX PAREJA Y LUEGO SE MAT\u00d3 DENTRO DEL AUTO","author":"Alejandro Sosa Ruda","date":"13 junio, 2019","format":false,"excerpt":"Gabriela Scalise ten\u00eda 43 a\u00f1os y fue atacada por su ex cuando intentaba entrar en su casa. Un hombre asesin\u00f3 de tres balazos a su ex pareja\u00a0en la esquina de su casa\u00a0ubicada en\u00a0la ciudad de Chacabuco, provincia de Buenos Aires, y luego de haber cometido el crimen,\u00a0fue hallado sin vida\u2026","rel":"","context":"En \u00abPOLICIALES\u00bb","block_context":{"text":"POLICIALES","link":"https:\/\/larevistadigital.com.ar\/blog\/category\/policiales\/"},"img":{"alt_text":"","src":"https:\/\/i0.wp.com\/larevistadigital.com.ar\/blog\/wp-content\/uploads\/gabi.jpg?fit=461%2C618&ssl=1&resize=350%2C200","width":350,"height":200},"classes":[]},{"id":14524,"url":"https:\/\/larevistadigital.com.ar\/blog\/exploto-su-celular-mientras-dormia-y-sufrio-quemaduras-en-todo-el-cuerpo\/","url_meta":{"origin":34508,"position":5},"title":"EXPLOT\u00d3 SU CELULAR MIENTRAS DORM\u00cdA Y SUFRI\u00d3 QUEMADURAS EN TODO EL CUERPO","author":"Alejandro Sosa Ruda","date":"2 febrero, 2020","format":false,"excerpt":"Un joven de 22 a\u00f1os sufri\u00f3\u00a0quemaduras en diferentes lugares de su cuerpo al explotarle el tel\u00e9fono celular mientras dorm\u00eda\u00a0en la localidad cordobesa de La Falda, por lo que debi\u00f3 asistir a un centro de salud de la zona para que le quitaran el\u00a0l\u00edquido \u00e1cido\u00a0de la bater\u00eda que le hab\u00eda quedado\u00a0impregnado.\u2026","rel":"","context":"En \u00abINTERES GENERAL\u00bb","block_context":{"text":"INTERES GENERAL","link":"https:\/\/larevistadigital.com.ar\/blog\/category\/interes-general\/"},"img":{"alt_text":"","src":"https:\/\/i0.wp.com\/larevistadigital.com.ar\/blog\/wp-content\/uploads\/Screenshot_2-80.jpg?fit=940%2C529&ssl=1&resize=350%2C200","width":350,"height":200,"srcset":"https:\/\/i0.wp.com\/larevistadigital.com.ar\/blog\/wp-content\/uploads\/Screenshot_2-80.jpg?fit=940%2C529&ssl=1&resize=350%2C200 1x, https:\/\/i0.wp.com\/larevistadigital.com.ar\/blog\/wp-content\/uploads\/Screenshot_2-80.jpg?fit=940%2C529&ssl=1&resize=525%2C300 1.5x, https:\/\/i0.wp.com\/larevistadigital.com.ar\/blog\/wp-content\/uploads\/Screenshot_2-80.jpg?fit=940%2C529&ssl=1&resize=700%2C400 2x"},"classes":[]}],"_links":{"self":[{"href":"https:\/\/larevistadigital.com.ar\/blog\/wp-json\/wp\/v2\/posts\/34508","targetHints":{"allow":["GET"]}}],"collection":[{"href":"https:\/\/larevistadigital.com.ar\/blog\/wp-json\/wp\/v2\/posts"}],"about":[{"href":"https:\/\/larevistadigital.com.ar\/blog\/wp-json\/wp\/v2\/types\/post"}],"author":[{"embeddable":true,"href":"https:\/\/larevistadigital.com.ar\/blog\/wp-json\/wp\/v2\/users\/3"}],"replies":[{"embeddable":true,"href":"https:\/\/larevistadigital.com.ar\/blog\/wp-json\/wp\/v2\/comments?post=34508"}],"version-history":[{"count":1,"href":"https:\/\/larevistadigital.com.ar\/blog\/wp-json\/wp\/v2\/posts\/34508\/revisions"}],"predecessor-version":[{"id":34510,"href":"https:\/\/larevistadigital.com.ar\/blog\/wp-json\/wp\/v2\/posts\/34508\/revisions\/34510"}],"wp:featuredmedia":[{"embeddable":true,"href":"https:\/\/larevistadigital.com.ar\/blog\/wp-json\/wp\/v2\/media\/34509"}],"wp:attachment":[{"href":"https:\/\/larevistadigital.com.ar\/blog\/wp-json\/wp\/v2\/media?parent=34508"}],"wp:term":[{"taxonomy":"category","embeddable":true,"href":"https:\/\/larevistadigital.com.ar\/blog\/wp-json\/wp\/v2\/categories?post=34508"},{"taxonomy":"post_tag","embeddable":true,"href":"https:\/\/larevistadigital.com.ar\/blog\/wp-json\/wp\/v2\/tags?post=34508"}],"curies":[{"name":"wp","href":"https:\/\/api.w.org\/{rel}","templated":true}]}}