{"id":34513,"date":"2023-11-11T12:43:21","date_gmt":"2023-11-11T15:43:21","guid":{"rendered":"https:\/\/larevistadigital.com.ar\/blog\/?p=34513"},"modified":"2023-11-11T12:43:21","modified_gmt":"2023-11-11T15:43:21","slug":"despidieron-por-cierre-a-los-empleados-de-la-clinica","status":"publish","type":"post","link":"https:\/\/larevistadigital.com.ar\/blog\/despidieron-por-cierre-a-los-empleados-de-la-clinica\/","title":{"rendered":"DESPIDIERON POR CIERRE A LOS EMPLEADOS DE LA CL\u00cdNICA"},"content":{"rendered":"<h2>Hasta ayer se recib\u00edan los telegramas de despido y se retiraba la aparatolog\u00eda. Seg\u00fan dicen, solo quedar\u00eda activo el sector de di\u00e1lisis, pero no deja de ser peligroso, ya que con la Clinica sin funcionar, \u00bfqu\u00e9 se har\u00eda en caso que un paciente se descompensara?&#8230;<\/h2>\n<p>11 de Noviembre de 2023<\/p>\n<p><strong>CHASCOM\u00daS &#8211;\u00a0<\/strong> Lamentablemente y de manera ins\u00f3lita las autoridades de la Cl\u00ednica Chascom\u00fas decidieron despedir al personal y cerrar las puertas de manera definitiva.<\/p>\n<blockquote>\n<h3>Los empleados, se encontraron de pronto con un telegrama que nunca pensaron recibir: el telegrama de despido. Y la informaci\u00f3n que algunos manejan es que como no hubieron inversores se decidi\u00f3 no continuar con el proyecto que en realidad nunca termin\u00f3 de conformarse.<\/h3>\n<\/blockquote>\n<p>Antes de publicar, decidimos investigar y tratar de hablar con distintos empleados de la Cl\u00ednica, y algunos apesadumbrados, otros desesperados nos confirmaron lo que ya algunos medios hab\u00edan publicado como noticia.<\/p>\n<blockquote>\n<h3>Corrieron mil versiones, pero lo m\u00e1s importante es que mucha gente qued\u00f3 comprometida con gastos o inversiones a las que ahora no podr\u00e1n cumplir. Gente que alquil\u00f3, que realiz\u00f3 alguna compra en cuotas o contrajo otra obligaci\u00f3n y de pronto se ve sin su trabajo. Pero adem\u00e1s de todo eso, lo peor es que en un mes se vienen las fiestas, y que todas estas personas seguramente no la pasen tan bien.<\/h3>\n<\/blockquote>\n<p>Realmente, consideramos que esto es una terrible injusticia por d\u00f3nde se lo mire. Esto fue un proyecto, para muchos un sue\u00f1o que nunca termin\u00f3 de concretarse. Nunca estuvo todo debidamente informado, y el cierre no fue la excepci\u00f3n. Inclusive desde el municipio no se le di\u00f3 la importancia que esta instituci\u00f3n reviste para la ciudad. Hasta fue dif\u00edcil encontrar informaci\u00f3n fidedigna de lo ocurrido. Es como que a nadie le importara o todos miraran hacia otro lado.<\/p>\n<p>Ahora, hay gente sufriendo. Dicen que el lunes mantendr\u00e1n una reuni\u00f3n en el Ministerio de Trabajo, para acordar los t\u00e9rminos de las correspondientes indemnizaciones. Y pareciera que este fue el final de una historia que dej\u00f3 en la calle a muchas personas, pero tendr\u00e1 consecuencias graves para muchos vecinos de Chascom\u00fas. Nuestra humilde opini\u00f3n, es que el gobierno municipal deber\u00eda tomar cartas en el asunto. Por lo menos, ocuparse de esos vecinos que hoy quedaron en la calle. Esperemos que as\u00ed sea.<\/p>\n<p>Imagen; FM Gral Paz (96.3)<\/p>\n","protected":false},"excerpt":{"rendered":"<div class=\"mh-excerpt\"><p>Hasta ayer se recib\u00edan los telegramas de despido y se retiraba la aparatolog\u00eda. Seg\u00fan dicen, solo quedar\u00eda activo el sector de di\u00e1lisis, pero no deja de ser peligroso, ya que con la Clinica sin funcionar, <a class=\"mh-excerpt-more\" href=\"https:\/\/larevistadigital.com.ar\/blog\/despidieron-por-cierre-a-los-empleados-de-la-clinica\/\" title=\"DESPIDIERON POR CIERRE A LOS EMPLEADOS DE LA CL\u00cdNICA\">[Leer M\u00e1s]<\/a><\/p>\n<\/div>","protected":false},"author":3,"featured_media":34514,"comment_status":"open","ping_status":"open","sticky":false,"template":"","format":"standard","meta":{"_jetpack_memberships_contains_paid_content":false,"footnotes":"","jetpack_publicize_message":"","jetpack_publicize_feature_enabled":true,"jetpack_social_post_already_shared":true,"jetpack_social_options":{"image_generator_settings":{"template":"highway","default_image_id":0,"font":"","enabled":false},"version":2}},"categories":[41],"tags":[],"class_list":{"0":"post-34513","1":"post","2":"type-post","3":"status-publish","4":"format-standard","5":"has-post-thumbnail","7":"category-destacadas"},"jetpack_publicize_connections":[],"jetpack_featured_media_url":"https:\/\/i0.wp.com\/larevistadigital.com.ar\/blog\/wp-content\/uploads\/Clinica-Chascomus.jpg?fit=768%2C588&ssl=1","jetpack_sharing_enabled":true,"jetpack_shortlink":"https:\/\/wp.me\/p8qtrQ-8YF","jetpack-related-posts":[{"id":30528,"url":"https:\/\/larevistadigital.com.ar\/blog\/indignacion-en-villa-del-sur-denuncian-despidos-indiscriminados-y-persecucion-a-trabajadores\/","url_meta":{"origin":34513,"position":0},"title":"INDIGNACI\u00d3N EN VILLA DEL SUR: DENUNCIAN DESPIDOS INDISCRIMINADOS Y PERSECUCI\u00d3N A TRABAJADORES.","author":"Alejandro Sosa Ruda","date":"12 marzo, 2023","format":false,"excerpt":"As\u00ed lo plantean los trabajadores, luego del despido de dos personas. Dicen que es el corolario de una persecuci\u00f3n de los superiores. 11 de Marzo de 2023 CHASCOM\u00daS -\u00a0 \u00a0Por lo visto la situaci\u00f3n en Villa del Sur, no es tan tranquila como parece. Algunos trabajadores est\u00e1n preocupados y muy\u2026","rel":"","context":"En \u00abDESTACADAS\u00bb","block_context":{"text":"DESTACADAS","link":"https:\/\/larevistadigital.com.ar\/blog\/category\/destacadas\/"},"img":{"alt_text":"","src":"https:\/\/i0.wp.com\/larevistadigital.com.ar\/blog\/wp-content\/uploads\/despidos-sin-causa.jpg?fit=800%2C897&ssl=1&resize=350%2C200","width":350,"height":200,"srcset":"https:\/\/i0.wp.com\/larevistadigital.com.ar\/blog\/wp-content\/uploads\/despidos-sin-causa.jpg?fit=800%2C897&ssl=1&resize=350%2C200 1x, https:\/\/i0.wp.com\/larevistadigital.com.ar\/blog\/wp-content\/uploads\/despidos-sin-causa.jpg?fit=800%2C897&ssl=1&resize=525%2C300 1.5x, https:\/\/i0.wp.com\/larevistadigital.com.ar\/blog\/wp-content\/uploads\/despidos-sin-causa.jpg?fit=800%2C897&ssl=1&resize=700%2C400 2x"},"classes":[]},{"id":9345,"url":"https:\/\/larevistadigital.com.ar\/blog\/chascomus-nuevo-paro-en-la-clinica-privada\/","url_meta":{"origin":34513,"position":1},"title":"CHASCOM\u00daS: NUEVO PARO EN LA CL\u00cdNICA PRIVADA","author":"Alejandro Sosa Ruda","date":"25 marzo, 2019","format":false,"excerpt":"Se conoci\u00f3 que hoy habr\u00eda una nueva medida de fuerza de los trabajadores de la Cl\u00ednica Privada Chascom\u00fas, quienes contin\u00faan reclamando por el pago de salarios atrasados. Seg\u00fan las \u00faltimas informaciones, a los empleados se les debe casi la totalidad del medio aguinaldo del mes de diciembre, un bono especial\u2026","rel":"","context":"En \u00abCHASCOM\u00daS\u00bb","block_context":{"text":"CHASCOM\u00daS","link":"https:\/\/larevistadigital.com.ar\/blog\/category\/chascomus\/"},"img":{"alt_text":"","src":"https:\/\/i0.wp.com\/larevistadigital.com.ar\/blog\/wp-content\/uploads\/2019\/03\/Cl%C3%ADnica-Privada-Chascom%C3%BAs-SA.jpg?fit=620%2C369&ssl=1&resize=350%2C200","width":350,"height":200,"srcset":"https:\/\/i0.wp.com\/larevistadigital.com.ar\/blog\/wp-content\/uploads\/2019\/03\/Cl%C3%ADnica-Privada-Chascom%C3%BAs-SA.jpg?fit=620%2C369&ssl=1&resize=350%2C200 1x, https:\/\/i0.wp.com\/larevistadigital.com.ar\/blog\/wp-content\/uploads\/2019\/03\/Cl%C3%ADnica-Privada-Chascom%C3%BAs-SA.jpg?fit=620%2C369&ssl=1&resize=525%2C300 1.5x"},"classes":[]},{"id":12562,"url":"https:\/\/larevistadigital.com.ar\/blog\/se-levanto-hoy-el-paro-en-la-clinica-chascomus\/","url_meta":{"origin":34513,"position":2},"title":"SE LEVANT\u00d3 HOY EL PARO EN LA CL\u00cdNICA CHASCOM\u00daS","author":"Alejandro Sosa Ruda","date":"9 octubre, 2019","format":false,"excerpt":"Mari Altamirano, referente del gremio ATSA, habl\u00f3 acerca del paro que llevaron adelante en la Cl\u00ednica Privada Chascom\u00fas. Mencionando que hoy levantar\u00e1n el paro a las 6 de la ma\u00f1ana, pese a no haber recibido ninguna remuneraci\u00f3n. La deuda con el personal es por el pago de lo que resta\u2026","rel":"","context":"En \u00abINTERES GENERAL\u00bb","block_context":{"text":"INTERES GENERAL","link":"https:\/\/larevistadigital.com.ar\/blog\/category\/interes-general\/"},"img":{"alt_text":"","src":"https:\/\/i0.wp.com\/larevistadigital.com.ar\/blog\/wp-content\/uploads\/2018\/02\/Cl%C3%ADnica-Privada-Chascom%C3%BAs-SA.jpg?fit=620%2C369&ssl=1&resize=350%2C200","width":350,"height":200,"srcset":"https:\/\/i0.wp.com\/larevistadigital.com.ar\/blog\/wp-content\/uploads\/2018\/02\/Cl%C3%ADnica-Privada-Chascom%C3%BAs-SA.jpg?fit=620%2C369&ssl=1&resize=350%2C200 1x, https:\/\/i0.wp.com\/larevistadigital.com.ar\/blog\/wp-content\/uploads\/2018\/02\/Cl%C3%ADnica-Privada-Chascom%C3%BAs-SA.jpg?fit=620%2C369&ssl=1&resize=525%2C300 1.5x"},"classes":[]},{"id":17254,"url":"https:\/\/larevistadigital.com.ar\/blog\/la-clinica-chascomus-de-paro-por-falta-de-pago\/","url_meta":{"origin":34513,"position":3},"title":"LA CL\u00cdNICA CHASCOM\u00daS DE PARO, POR FALTA DE PAGO","author":"Alejandro Sosa Ruda","date":"27 octubre, 2020","format":false,"excerpt":"La referente gremial de los trabajadores, Mary Altamirano, dialog\u00f3 con Rub\u00e9n Mart\u00ednez y Leandro Solferino en el aire de Libres del Sur FM 90.1.\u00a0 La representante mencion\u00f3 que otra vez la Cl\u00ednica mantiene una deuda con los trabajadores, aclarando que \"algunos trabajadores est\u00e1n sin cobrar parte del mes de junio,\u2026","rel":"","context":"En \u00abGREMIALES\u00bb","block_context":{"text":"GREMIALES","link":"https:\/\/larevistadigital.com.ar\/blog\/category\/gremiales\/"},"img":{"alt_text":"","src":"https:\/\/i0.wp.com\/larevistadigital.com.ar\/blog\/wp-content\/uploads\/2017\/07\/clinica_elfuerte_170316.jpg?fit=619%2C456&ssl=1&resize=350%2C200","width":350,"height":200,"srcset":"https:\/\/i0.wp.com\/larevistadigital.com.ar\/blog\/wp-content\/uploads\/2017\/07\/clinica_elfuerte_170316.jpg?fit=619%2C456&ssl=1&resize=350%2C200 1x, https:\/\/i0.wp.com\/larevistadigital.com.ar\/blog\/wp-content\/uploads\/2017\/07\/clinica_elfuerte_170316.jpg?fit=619%2C456&ssl=1&resize=525%2C300 1.5x"},"classes":[]},{"id":11514,"url":"https:\/\/larevistadigital.com.ar\/blog\/chascomus-confirmaron-despido-de-trabajadores-de-unitec-blue\/","url_meta":{"origin":34513,"position":4},"title":"CHASCOM\u00daS: CONFIRMARON DESPIDO DE TRABAJADORES DE UNITEC BLUE","author":"Alejandro Sosa Ruda","date":"25 julio, 2019","format":false,"excerpt":"Este jueves se confirm\u00f3 el despido de los 23 trabajadores que a\u00fan permanec\u00edan en la empresa nanotecnol\u00f3gica Unitec Blue de la ciudad de Chascom\u00fas. Desde la empresa no han emitido informaci\u00f3n alguna pero los referentes sindicales hab\u00edan se\u00f1alado d\u00edas pasados que la paralizaci\u00f3n en la producci\u00f3n hab\u00eda obligado a la\u2026","rel":"","context":"En \u00abCHASCOM\u00daS\u00bb","block_context":{"text":"CHASCOM\u00daS","link":"https:\/\/larevistadigital.com.ar\/blog\/category\/chascomus\/"},"img":{"alt_text":"","src":"https:\/\/i0.wp.com\/larevistadigital.com.ar\/blog\/wp-content\/uploads\/2017\/07\/unitec_blue.jpg?fit=600%2C397&ssl=1&resize=350%2C200","width":350,"height":200,"srcset":"https:\/\/i0.wp.com\/larevistadigital.com.ar\/blog\/wp-content\/uploads\/2017\/07\/unitec_blue.jpg?fit=600%2C397&ssl=1&resize=350%2C200 1x, https:\/\/i0.wp.com\/larevistadigital.com.ar\/blog\/wp-content\/uploads\/2017\/07\/unitec_blue.jpg?fit=600%2C397&ssl=1&resize=525%2C300 1.5x"},"classes":[]},{"id":9380,"url":"https:\/\/larevistadigital.com.ar\/blog\/continuan-los-problemas-en-la-clinica-privada-chascomus\/","url_meta":{"origin":34513,"position":5},"title":"CONTIN\u00daAN LOS PROBLEMAS EN LA CL\u00cdNICA PRIVADA CHASCOM\u00daS","author":"Alejandro Sosa Ruda","date":"26 marzo, 2019","format":false,"excerpt":"Los problemas econ\u00f3micos de la Cl\u00ednica Chascom\u00fas no parecen tener final, nuevamente la idea de realizar un paro general a raz\u00f3n de la deuda con sus trabajadores se encuentra en proceso de establecerla nuevamente. Horacio Sotelo trabajador de la entidad y que personifica el reclamo era entrevistado en la ma\u00f1ana\u2026","rel":"","context":"En \u00abCHASCOM\u00daS\u00bb","block_context":{"text":"CHASCOM\u00daS","link":"https:\/\/larevistadigital.com.ar\/blog\/category\/chascomus\/"},"img":{"alt_text":"","src":"https:\/\/i0.wp.com\/larevistadigital.com.ar\/blog\/wp-content\/uploads\/2019\/03\/Cl%C3%ADnica-Privada-Chascom%C3%BAs-SA.jpg?fit=620%2C369&ssl=1&resize=350%2C200","width":350,"height":200,"srcset":"https:\/\/i0.wp.com\/larevistadigital.com.ar\/blog\/wp-content\/uploads\/2019\/03\/Cl%C3%ADnica-Privada-Chascom%C3%BAs-SA.jpg?fit=620%2C369&ssl=1&resize=350%2C200 1x, https:\/\/i0.wp.com\/larevistadigital.com.ar\/blog\/wp-content\/uploads\/2019\/03\/Cl%C3%ADnica-Privada-Chascom%C3%BAs-SA.jpg?fit=620%2C369&ssl=1&resize=525%2C300 1.5x"},"classes":[]}],"_links":{"self":[{"href":"https:\/\/larevistadigital.com.ar\/blog\/wp-json\/wp\/v2\/posts\/34513","targetHints":{"allow":["GET"]}}],"collection":[{"href":"https:\/\/larevistadigital.com.ar\/blog\/wp-json\/wp\/v2\/posts"}],"about":[{"href":"https:\/\/larevistadigital.com.ar\/blog\/wp-json\/wp\/v2\/types\/post"}],"author":[{"embeddable":true,"href":"https:\/\/larevistadigital.com.ar\/blog\/wp-json\/wp\/v2\/users\/3"}],"replies":[{"embeddable":true,"href":"https:\/\/larevistadigital.com.ar\/blog\/wp-json\/wp\/v2\/comments?post=34513"}],"version-history":[{"count":1,"href":"https:\/\/larevistadigital.com.ar\/blog\/wp-json\/wp\/v2\/posts\/34513\/revisions"}],"predecessor-version":[{"id":34515,"href":"https:\/\/larevistadigital.com.ar\/blog\/wp-json\/wp\/v2\/posts\/34513\/revisions\/34515"}],"wp:featuredmedia":[{"embeddable":true,"href":"https:\/\/larevistadigital.com.ar\/blog\/wp-json\/wp\/v2\/media\/34514"}],"wp:attachment":[{"href":"https:\/\/larevistadigital.com.ar\/blog\/wp-json\/wp\/v2\/media?parent=34513"}],"wp:term":[{"taxonomy":"category","embeddable":true,"href":"https:\/\/larevistadigital.com.ar\/blog\/wp-json\/wp\/v2\/categories?post=34513"},{"taxonomy":"post_tag","embeddable":true,"href":"https:\/\/larevistadigital.com.ar\/blog\/wp-json\/wp\/v2\/tags?post=34513"}],"curies":[{"name":"wp","href":"https:\/\/api.w.org\/{rel}","templated":true}]}}