{"id":34519,"date":"2023-11-13T12:03:37","date_gmt":"2023-11-13T15:03:37","guid":{"rendered":"https:\/\/larevistadigital.com.ar\/blog\/?p=34519"},"modified":"2023-11-13T12:03:37","modified_gmt":"2023-11-13T15:03:37","slug":"top-secret-chascomus-confidencial-secretos-chimentos-y-mas","status":"publish","type":"post","link":"https:\/\/larevistadigital.com.ar\/blog\/top-secret-chascomus-confidencial-secretos-chimentos-y-mas\/","title":{"rendered":"(TOP SECRET) &#8211; CHASCOM\u00daS CONFIDENCIAL- SECRETOS&#8230; CHIMENTOS Y M\u00c1S"},"content":{"rendered":"<h2>Nuestro segundo env\u00edo de \u00abTop Secret\u00bb, con informaci\u00f3n clasificada y lo que ten\u00e9s que saber&#8230; (Gracias a nuestros colaboradores enmascarados)\u00a0 y a los que de forma an\u00f3nima nos env\u00edan mensajes privados.<\/h2>\n<p>16 de Noviembre de 2023<\/p>\n<ul>\n<li><strong>Ballotage 1:<\/strong> <em>Se efectu\u00f3 una reuni\u00f3n en un local donde se acostumbraba a juntadas del sector que comanda un ex candidato\u2026 \u00bfel motivo? Pedir ayuda para fiscalizar para Milei en el pr\u00f3ximo Ballotage. Convocada por el ex candidato a concejal de LLA. Participaron mujeres de un vecinalismo y dem\u00e1s. El due\u00f1o del local prometi\u00f3 colaborar con las viandas para los fiscales.<\/em><\/li>\n<li><strong>Ballotage 2: <\/strong><em>Sorprende la volubilidad de algunos personajes que mientras hace un corto tiempo atr\u00e1s tildaban de loco, desequilibrado e impresentable a Milei, ahora est\u00e1n dispuestas a colaborar en la fiscalizaci\u00f3n a su favor\u2026(Si no te gustan mis principios, tengo otros)<\/em><\/li>\n<li><strong>Ballotage 3: <\/strong><em>Un conocido personaje de la pol\u00edtica local, de extracci\u00f3n vecinalista no quiere definir a qui\u00e9n apoyar\u00e1 en el pr\u00f3ximo Ballotage, ya que aspira a conseguir algo de quien sea el ganador de la pr\u00f3xima elecci\u00f3n, dado que se lleva bien con ambos bandos\u2026<\/em><\/li>\n<li><strong>Ballotage 4<\/strong>:<em> Un destacado personaje de la pol\u00edtica local est\u00e1 reclutando voluntades para ayudar en la fiscalizaci\u00f3n para Javier Milei en el pr\u00f3ximo ballotage del 19 de noviembre. Lo hace directamente desde su lugar de trabajo (puesto pol\u00edtico) y sin sonrojarse\u2026<\/em><\/li>\n<li><strong>Ballotage 5:<\/strong><em> Hay m\u00e1s radicales de los que se piensa, que no lo dir\u00e1n p\u00fablicamente, pero van a votar por Sergio Tom\u00e1s Massa. No dirigentes de primera l\u00ednea, pero si afiliados hist\u00f3ricos. <\/em><em>Y muchos de la vieja guardia que van por el voto en blanco\u2026<\/em><\/li>\n<\/ul>\n<ul>\n<li><strong>Reto: <\/strong><em>La secretaria de un gremio recibi\u00f3 un tir\u00f3n de orejas de sus superiores, por jugar en contra del intendente en la pasada elecci\u00f3n.<\/em><\/li>\n<li><strong>Cambios:<\/strong><em> Es un secreto a voces que luego de la re\u00f1ida elecci\u00f3n que lo llev\u00f3 a ser reelecto, el intendente Javier Gast\u00f3n est\u00e1 decidido a realizar cambios en el gabinete para su pr\u00f3xima gesti\u00f3n.<\/em><\/li>\n<li><strong>Camaleones internos:\u00a0<\/strong><em>Hay algunas personas en el \u00e1mbito del oficialismo local que pese a ser un gobierno del Frente Renovador, est\u00e1n jugando muy fuerte a favor de Javier Milei en el pr\u00f3ximo Ballotage. Pero el que se destaca, y es el peor de todos es un empleado municipal, supuestamente amigo y cercano a la gesti\u00f3n, con rango de director que est\u00e1 jugando fuerte y por lo bajo a favor del \u00abPeluca\u00bb&#8230;\u00a1Si el Chapa y Sergio Tom\u00e1s se enteran!&#8230;<\/em><\/li>\n<\/ul>\n<p><em>\u00a0<\/em><\/p>\n","protected":false},"excerpt":{"rendered":"<div class=\"mh-excerpt\"><p>Nuestro segundo env\u00edo de \u00abTop Secret\u00bb, con informaci\u00f3n clasificada y lo que ten\u00e9s que saber&#8230; (Gracias a nuestros colaboradores enmascarados)\u00a0 y a los que de forma an\u00f3nima nos env\u00edan mensajes privados. 16 de Noviembre de <a class=\"mh-excerpt-more\" href=\"https:\/\/larevistadigital.com.ar\/blog\/top-secret-chascomus-confidencial-secretos-chimentos-y-mas\/\" title=\"(TOP SECRET) &#8211; CHASCOM\u00daS CONFIDENCIAL- SECRETOS&#8230; CHIMENTOS Y M\u00c1S\">[Leer M\u00e1s]<\/a><\/p>\n<\/div>","protected":false},"author":3,"featured_media":34520,"comment_status":"open","ping_status":"open","sticky":false,"template":"","format":"standard","meta":{"_jetpack_memberships_contains_paid_content":false,"footnotes":"","jetpack_publicize_message":"","jetpack_publicize_feature_enabled":true,"jetpack_social_post_already_shared":true,"jetpack_social_options":{"image_generator_settings":{"template":"highway","default_image_id":0,"font":"","enabled":false},"version":2}},"categories":[41],"tags":[],"class_list":{"0":"post-34519","1":"post","2":"type-post","3":"status-publish","4":"format-standard","5":"has-post-thumbnail","7":"category-destacadas"},"jetpack_publicize_connections":[],"jetpack_featured_media_url":"https:\/\/i0.wp.com\/larevistadigital.com.ar\/blog\/wp-content\/uploads\/TOP-SECRET-1.jpg?fit=1800%2C1013&ssl=1","jetpack_sharing_enabled":true,"jetpack_shortlink":"https:\/\/wp.me\/p8qtrQ-8YL","jetpack-related-posts":[{"id":34426,"url":"https:\/\/larevistadigital.com.ar\/blog\/confidencial-algunas-perlitas-politicas-de-la-politica-local\/","url_meta":{"origin":34519,"position":0},"title":"(CONFIDENCIAL) ALGUNAS PERLITAS POL\u00cdTICAS DE LA POL\u00cdTICA LOCAL&#8230;","author":"Alejandro Sosa Ruda","date":"7 noviembre, 2023","format":false,"excerpt":"Pasaron los comicios, y en pol\u00edtica siguen pasando cosas: pases de facturas, reclamos, seducciones, broncas y m\u00e1s... 7 de Noviembre de 2023 CHASCOM\u00daS -\u00a0 Luego de las elecciones pasadas, donde result\u00f3 triunfante y reelecto el intendente municipal Javier Gast\u00f3n, las cosas no solo no terminaron ah\u00ed, sino que comenzaron los\u2026","rel":"","context":"En \u00abDESTACADAS\u00bb","block_context":{"text":"DESTACADAS","link":"https:\/\/larevistadigital.com.ar\/blog\/category\/destacadas\/"},"img":{"alt_text":"","src":"https:\/\/i0.wp.com\/larevistadigital.com.ar\/blog\/wp-content\/uploads\/TOP-SECRET.jpg?fit=1200%2C675&ssl=1&resize=350%2C200","width":350,"height":200,"srcset":"https:\/\/i0.wp.com\/larevistadigital.com.ar\/blog\/wp-content\/uploads\/TOP-SECRET.jpg?fit=1200%2C675&ssl=1&resize=350%2C200 1x, https:\/\/i0.wp.com\/larevistadigital.com.ar\/blog\/wp-content\/uploads\/TOP-SECRET.jpg?fit=1200%2C675&ssl=1&resize=525%2C300 1.5x, https:\/\/i0.wp.com\/larevistadigital.com.ar\/blog\/wp-content\/uploads\/TOP-SECRET.jpg?fit=1200%2C675&ssl=1&resize=700%2C400 2x, https:\/\/i0.wp.com\/larevistadigital.com.ar\/blog\/wp-content\/uploads\/TOP-SECRET.jpg?fit=1200%2C675&ssl=1&resize=1050%2C600 3x"},"classes":[]},{"id":34402,"url":"https:\/\/larevistadigital.com.ar\/blog\/34402-2\/","url_meta":{"origin":34519,"position":1},"title":"(CONFIDENCIAL) ALGUNAS PERLITAS POL\u00cdTICAS DE LA POL\u00cdTICA LOCAL&#8230;","author":"Alejandro Sosa Ruda","date":"7 noviembre, 2023","format":false,"excerpt":"Pasaron los comicios, y en pol\u00edtica siguen pasando cosas: pases de facturas, reclamos, seducciones, broncas y m\u00e1s... 7 de Noviembre de 2023 CHASCOM\u00daS -\u00a0 Luego de las elecciones pasadas, donde result\u00f3 triunfante y reelecto el intendente municipal Javier Gast\u00f3n, las cosas no solo no terminaron ah\u00ed, sino que comenzaron los\u2026","rel":"","context":"En \u00abCHASCOM\u00daS\u00bb","block_context":{"text":"CHASCOM\u00daS","link":"https:\/\/larevistadigital.com.ar\/blog\/category\/chascomus\/"},"img":{"alt_text":"","src":"https:\/\/i0.wp.com\/larevistadigital.com.ar\/blog\/wp-content\/uploads\/TOP-SECRET.jpg?fit=1200%2C675&ssl=1&resize=350%2C200","width":350,"height":200,"srcset":"https:\/\/i0.wp.com\/larevistadigital.com.ar\/blog\/wp-content\/uploads\/TOP-SECRET.jpg?fit=1200%2C675&ssl=1&resize=350%2C200 1x, https:\/\/i0.wp.com\/larevistadigital.com.ar\/blog\/wp-content\/uploads\/TOP-SECRET.jpg?fit=1200%2C675&ssl=1&resize=525%2C300 1.5x, https:\/\/i0.wp.com\/larevistadigital.com.ar\/blog\/wp-content\/uploads\/TOP-SECRET.jpg?fit=1200%2C675&ssl=1&resize=700%2C400 2x, https:\/\/i0.wp.com\/larevistadigital.com.ar\/blog\/wp-content\/uploads\/TOP-SECRET.jpg?fit=1200%2C675&ssl=1&resize=1050%2C600 3x"},"classes":[]},{"id":30481,"url":"https:\/\/larevistadigital.com.ar\/blog\/segun-una-encuesta-alberto-fernandez-es-el-candidato-que-menos-mide-dentro-del-peronismo\/","url_meta":{"origin":34519,"position":2},"title":"SEG\u00daN UNA ENCUESTA, ALBERTO FERNANDEZ ES EL CANDIDATO QUE MENOS MIDE DENTRO DEL PERONISMO","author":"Alejandro Sosa Ruda","date":"8 marzo, 2023","format":false,"excerpt":"Tambi\u00e9n la muestra deja un \"empate t\u00e9cnico\" entre Patricia Bullrich y Horacio Rodriguez Larreta, pero el Jefe de Gobierno mide m\u00e1s en un ballotage. 8 de marzo de 2023 Seg\u00fan publican en el sitio \"La Pol\u00edtica Online\", se realiz\u00f3 una encuesta que revel\u00f3 que Alberto Fern\u00e1ndez es el candidato del\u2026","rel":"","context":"En \u00abINTERES GENERAL\u00bb","block_context":{"text":"INTERES GENERAL","link":"https:\/\/larevistadigital.com.ar\/blog\/category\/interes-general\/"},"img":{"alt_text":"","src":"https:\/\/i0.wp.com\/larevistadigital.com.ar\/blog\/wp-content\/uploads\/63dfe51e1e6c3_940_529.jpg?fit=940%2C529&ssl=1&resize=350%2C200","width":350,"height":200,"srcset":"https:\/\/i0.wp.com\/larevistadigital.com.ar\/blog\/wp-content\/uploads\/63dfe51e1e6c3_940_529.jpg?fit=940%2C529&ssl=1&resize=350%2C200 1x, https:\/\/i0.wp.com\/larevistadigital.com.ar\/blog\/wp-content\/uploads\/63dfe51e1e6c3_940_529.jpg?fit=940%2C529&ssl=1&resize=525%2C300 1.5x, https:\/\/i0.wp.com\/larevistadigital.com.ar\/blog\/wp-content\/uploads\/63dfe51e1e6c3_940_529.jpg?fit=940%2C529&ssl=1&resize=700%2C400 2x"},"classes":[]},{"id":34189,"url":"https:\/\/larevistadigital.com.ar\/blog\/el-diputado-jose-ignacio-cote-rossi-presento-un-repudio-por-los-agravios-de-milei-sobre-raul-alfonsin\/","url_meta":{"origin":34519,"position":3},"title":"EL DIPUTADO JOS\u00c9 IGNACIO \u00abCOTE\u00bb ROSSI PRESENT\u00d3 UN REPUDIO POR LOS AGRAVIOS DE MILEI SOBRE RA\u00daL ALFONS\u00cdN","author":"Alejandro Sosa Ruda","date":"25 octubre, 2023","format":false,"excerpt":"El legislador ori\u00fando de Chascom\u00fas, present\u00f3 un repudio a los insultantes conceptos vertidos por el candidato de derecha. 25 de Octubre de 2023 BUENOS AIRES -\u00a0\u00a0El Diputado Provincial nativo de Chascom\u00fas, Jos\u00e9 Ignacio Cote Rossi present\u00f3 un repudio por los injuriosos dichos, vertidos por Javier Milei, referente de derecha y\u2026","rel":"","context":"En \u00abDESTACADAS\u00bb","block_context":{"text":"DESTACADAS","link":"https:\/\/larevistadigital.com.ar\/blog\/category\/destacadas\/"},"img":{"alt_text":"Cote Rossi","src":"https:\/\/i0.wp.com\/larevistadigital.com.ar\/blog\/wp-content\/uploads\/20190927133540_rossi.jpg?fit=1200%2C685&ssl=1&resize=350%2C200","width":350,"height":200,"srcset":"https:\/\/i0.wp.com\/larevistadigital.com.ar\/blog\/wp-content\/uploads\/20190927133540_rossi.jpg?fit=1200%2C685&ssl=1&resize=350%2C200 1x, https:\/\/i0.wp.com\/larevistadigital.com.ar\/blog\/wp-content\/uploads\/20190927133540_rossi.jpg?fit=1200%2C685&ssl=1&resize=525%2C300 1.5x, https:\/\/i0.wp.com\/larevistadigital.com.ar\/blog\/wp-content\/uploads\/20190927133540_rossi.jpg?fit=1200%2C685&ssl=1&resize=700%2C400 2x, https:\/\/i0.wp.com\/larevistadigital.com.ar\/blog\/wp-content\/uploads\/20190927133540_rossi.jpg?fit=1200%2C685&ssl=1&resize=1050%2C600 3x"},"classes":[]},{"id":34203,"url":"https:\/\/larevistadigital.com.ar\/blog\/sanz-advierte-una-ruptura-de-jxc-si-el-pro-decide-apoyar-a-javier-milei\/","url_meta":{"origin":34519,"position":4},"title":"SANZ ADVIERTE UNA RUPTURA DE JXC SI EL PRO DECIDE APOYAR A JAVIER MILEI","author":"Alejandro Sosa Ruda","date":"25 octubre, 2023","format":false,"excerpt":"\u201cSi las partes empiezan a decidir cosas diferentes, es obvio que se rompe; las coaliciones viven los que sus miembros quieren, no viven eternamente\u201d, dijo el ex titular de la UCR, 25 de Octubre de 2023 Ernesto Sanz, destacado ex senador y ex presidente de la Uni\u00f3n C\u00edvica Radical (UCR),\u2026","rel":"","context":"En \u00abINTERES GENERAL\u00bb","block_context":{"text":"INTERES GENERAL","link":"https:\/\/larevistadigital.com.ar\/blog\/category\/interes-general\/"},"img":{"alt_text":"","src":"https:\/\/i0.wp.com\/larevistadigital.com.ar\/blog\/wp-content\/uploads\/Captura-de-pantalla-2023-10-25-112931.png?fit=797%2C501&ssl=1&resize=350%2C200","width":350,"height":200,"srcset":"https:\/\/i0.wp.com\/larevistadigital.com.ar\/blog\/wp-content\/uploads\/Captura-de-pantalla-2023-10-25-112931.png?fit=797%2C501&ssl=1&resize=350%2C200 1x, https:\/\/i0.wp.com\/larevistadigital.com.ar\/blog\/wp-content\/uploads\/Captura-de-pantalla-2023-10-25-112931.png?fit=797%2C501&ssl=1&resize=525%2C300 1.5x, https:\/\/i0.wp.com\/larevistadigital.com.ar\/blog\/wp-content\/uploads\/Captura-de-pantalla-2023-10-25-112931.png?fit=797%2C501&ssl=1&resize=700%2C400 2x"},"classes":[]},{"id":41894,"url":"https:\/\/larevistadigital.com.ar\/blog\/jorge-taiana-en-mar-chiquita-aseguro-que-milei-ya-fracaso\/","url_meta":{"origin":34519,"position":5},"title":"Jorge Taiana en Mar Chiquita asegur\u00f3 que \u00abMilei ya fracas\u00f3\u00bb","author":"Alejandro Sosa Ruda","date":"12 octubre, 2025","format":false,"excerpt":"El candidato a diputado nacional por Fuerza Patria encabez\u00f3 un acto junto a Jorge Paredi y Jimena L\u00f3pez, en el marco del ciclo \u201cPeronistas con Historia\u201d. 12 de Octubre de 2025 Mar Chiquita.- BUENOS AIRES-\u00a0 \u00a0Durante un encuentro en el Centro Cultural de Santa Clara del Mar, el primer candidato\u2026","rel":"","context":"En \u00abPOLITICA PROVINCIAL\u00bb","block_context":{"text":"POLITICA PROVINCIAL","link":"https:\/\/larevistadigital.com.ar\/blog\/category\/politica\/politica-provincial\/"},"img":{"alt_text":"","src":"https:\/\/i0.wp.com\/larevistadigital.com.ar\/blog\/wp-content\/uploads\/4eb65d6be2e2083c8a0472ccbe0bc1e6e6b04463.jpg?fit=1140%2C760&ssl=1&resize=350%2C200","width":350,"height":200,"srcset":"https:\/\/i0.wp.com\/larevistadigital.com.ar\/blog\/wp-content\/uploads\/4eb65d6be2e2083c8a0472ccbe0bc1e6e6b04463.jpg?fit=1140%2C760&ssl=1&resize=350%2C200 1x, https:\/\/i0.wp.com\/larevistadigital.com.ar\/blog\/wp-content\/uploads\/4eb65d6be2e2083c8a0472ccbe0bc1e6e6b04463.jpg?fit=1140%2C760&ssl=1&resize=525%2C300 1.5x, https:\/\/i0.wp.com\/larevistadigital.com.ar\/blog\/wp-content\/uploads\/4eb65d6be2e2083c8a0472ccbe0bc1e6e6b04463.jpg?fit=1140%2C760&ssl=1&resize=700%2C400 2x, https:\/\/i0.wp.com\/larevistadigital.com.ar\/blog\/wp-content\/uploads\/4eb65d6be2e2083c8a0472ccbe0bc1e6e6b04463.jpg?fit=1140%2C760&ssl=1&resize=1050%2C600 3x"},"classes":[]}],"_links":{"self":[{"href":"https:\/\/larevistadigital.com.ar\/blog\/wp-json\/wp\/v2\/posts\/34519","targetHints":{"allow":["GET"]}}],"collection":[{"href":"https:\/\/larevistadigital.com.ar\/blog\/wp-json\/wp\/v2\/posts"}],"about":[{"href":"https:\/\/larevistadigital.com.ar\/blog\/wp-json\/wp\/v2\/types\/post"}],"author":[{"embeddable":true,"href":"https:\/\/larevistadigital.com.ar\/blog\/wp-json\/wp\/v2\/users\/3"}],"replies":[{"embeddable":true,"href":"https:\/\/larevistadigital.com.ar\/blog\/wp-json\/wp\/v2\/comments?post=34519"}],"version-history":[{"count":1,"href":"https:\/\/larevistadigital.com.ar\/blog\/wp-json\/wp\/v2\/posts\/34519\/revisions"}],"predecessor-version":[{"id":34521,"href":"https:\/\/larevistadigital.com.ar\/blog\/wp-json\/wp\/v2\/posts\/34519\/revisions\/34521"}],"wp:featuredmedia":[{"embeddable":true,"href":"https:\/\/larevistadigital.com.ar\/blog\/wp-json\/wp\/v2\/media\/34520"}],"wp:attachment":[{"href":"https:\/\/larevistadigital.com.ar\/blog\/wp-json\/wp\/v2\/media?parent=34519"}],"wp:term":[{"taxonomy":"category","embeddable":true,"href":"https:\/\/larevistadigital.com.ar\/blog\/wp-json\/wp\/v2\/categories?post=34519"},{"taxonomy":"post_tag","embeddable":true,"href":"https:\/\/larevistadigital.com.ar\/blog\/wp-json\/wp\/v2\/tags?post=34519"}],"curies":[{"name":"wp","href":"https:\/\/api.w.org\/{rel}","templated":true}]}}