{"id":34523,"date":"2023-11-14T12:41:35","date_gmt":"2023-11-14T15:41:35","guid":{"rendered":"https:\/\/larevistadigital.com.ar\/blog\/?p=34523"},"modified":"2023-11-14T12:41:35","modified_gmt":"2023-11-14T15:41:35","slug":"media-sancion-avanza-el-proyecto-para-incluir-info-nutricional-en-las-cartas-de-los-restaurantes","status":"publish","type":"post","link":"https:\/\/larevistadigital.com.ar\/blog\/media-sancion-avanza-el-proyecto-para-incluir-info-nutricional-en-las-cartas-de-los-restaurantes\/","title":{"rendered":"(MEDIA SANCI\u00d3N) AVANZA EL PROYECTO PARA INCLU\u00cdR INFO NUTRICIONAL EN LAS CARTAS DE LOS RESTAURANTES"},"content":{"rendered":"<h2 class=\"fparrafo ctext fz18 lh25\">El proyecto, que obtuvo media sanci\u00f3n en el Senado provincial, promueve que las personas consumidoras accedan a la informaci\u00f3n nutricional de los platos en las cartas de men\u00fa, incorporando la obligatoriedad de brindar dicha informaci\u00f3n en el caso de los establecimientos gastron\u00f3micos de mayor envergadura, mientras que ser\u00e1 optativo para los peque\u00f1os y medianos comercios.<\/h2>\n<p>14 de Noviembre de 2023<\/p>\n<p><b>BUENOS AIRES &#8211;\u00a0 \u00a0<\/b>En la \u00faltima sesi\u00f3n del Senado provincial se aprob\u00f3 un proyecto de Ley de la legisladora <strong>Gabriela Demar\u00eda<\/strong> (Uni\u00f3n por la Patria) con el objeto de que los establecimientos gastron\u00f3micos con atenci\u00f3n al p\u00fablico incorporen en sus cartas men\u00fa la informaci\u00f3n nutricional de los platos que all\u00ed se ofrecen, <strong><em>\u201cinformaci\u00f3n a la que hoy no accedemos como personas consumidoras\u201d<\/em><\/strong>, introdujo.<\/p>\n<p>De acuerdo a la letra del proyecto, que tuvo media sanci\u00f3n y pas\u00f3 a Diputados para su tratamiento, <em><strong>\u201clos sujetos alcanzados por la presente ley son los establecimientos comerciales cuyo rubro principal sea el gastron\u00f3mico, cualquiera sea su denominaci\u00f3n, en los que se expendan comidas para ser consumidas en el lugar, que cuenten con una capacidad de ocupaci\u00f3n de doscientas o m\u00e1s personas, o funcionen dentro de un centro o paseo de compras, shopping, estaci\u00f3n de servicio, o hipermercado, en el territorio de la provincia de Buenos Aires\u201d<\/strong><\/em>. Asimismo, se establece que los establecimientos antes mencionados que publiciten o comercialicen sus productos a trav\u00e9s de redes sociales o Apps tambi\u00e9n deber\u00e1n dar cumplimiento a lo estipulado.<\/p>\n<p>En su exposici\u00f3n, la Senadora explic\u00f3 que <strong><em>\u201cvenimos trabajando este proyecto desde hace un tiempo, escuchamos distintas voces, entre ellas las del Colegio de Nutricionistas y la Defensor\u00eda del Pueblo de la Provincia, y lo hicimos en simult\u00e1neo con lo que se estaba desarrollando en Naci\u00f3n respecto a la Ley de Etiquetado Frontal que hoy est\u00e1 vigente\u201d<\/em><\/strong>. En esa l\u00ednea, argument\u00f3 que \u201ccomo personas consumidoras estamos acostumbradas a ver los oct\u00f3gonos, pero la Ley s\u00f3lo se aplica en los alimentos envasados. Con este proyecto buscamos dar un paso m\u00e1s y que al momento de elegir qu\u00e9 comer tengamos la posibilidad de ver la informaci\u00f3n nutricional de los platos que se ofrecen\u201d.<\/p>\n<p>Demar\u00eda, actual presidenta de la Comisi\u00f3n de Usuarios y Consumidores, mencion\u00f3 que su iniciativa fue perfeccionada con otro proyecto del senador Daletto, y finaliz\u00f3 afirmando que, <strong><em>\u201cseguimos trabajando sobre tem\u00e1ticas que son de la vida diaria, que la comunidad nos demanda y es importante ser receptivos y receptivas en nuestro rol legislativo para dar lugar a estas agendas con el objetivo de ampliar y mejorar los derechos de las y los bonaerenses\u201d<\/em><\/strong>. (<b>InfoGEI<\/b>)Ac<\/p>\n","protected":false},"excerpt":{"rendered":"<div class=\"mh-excerpt\"><p>El proyecto, que obtuvo media sanci\u00f3n en el Senado provincial, promueve que las personas consumidoras accedan a la informaci\u00f3n nutricional de los platos en las cartas de men\u00fa, incorporando la obligatoriedad de brindar dicha informaci\u00f3n <a class=\"mh-excerpt-more\" href=\"https:\/\/larevistadigital.com.ar\/blog\/media-sancion-avanza-el-proyecto-para-incluir-info-nutricional-en-las-cartas-de-los-restaurantes\/\" title=\"(MEDIA SANCI\u00d3N) AVANZA EL PROYECTO PARA INCLU\u00cdR INFO NUTRICIONAL EN LAS CARTAS DE LOS RESTAURANTES\">[Leer M\u00e1s]<\/a><\/p>\n<\/div>","protected":false},"author":3,"featured_media":34524,"comment_status":"open","ping_status":"open","sticky":false,"template":"","format":"standard","meta":{"_jetpack_memberships_contains_paid_content":false,"footnotes":"","jetpack_publicize_message":"","jetpack_publicize_feature_enabled":true,"jetpack_social_post_already_shared":true,"jetpack_social_options":{"image_generator_settings":{"template":"highway","default_image_id":0,"font":"","enabled":false},"version":2}},"categories":[50],"tags":[],"class_list":{"0":"post-34523","1":"post","2":"type-post","3":"status-publish","4":"format-standard","5":"has-post-thumbnail","7":"category-interes-general"},"jetpack_publicize_connections":[],"jetpack_featured_media_url":"https:\/\/i0.wp.com\/larevistadigital.com.ar\/blog\/wp-content\/uploads\/20231113190124_senadora-demaria.jpg?fit=880%2C512&ssl=1","jetpack_sharing_enabled":true,"jetpack_shortlink":"https:\/\/wp.me\/p8qtrQ-8YP","jetpack-related-posts":[{"id":41755,"url":"https:\/\/larevistadigital.com.ar\/blog\/el-senado-bonaerense-declaro-la-emergencia-en-bahia-blanca-y-aprobo-un-paquete-de-medidas-sociales-y-economicas\/","url_meta":{"origin":34523,"position":0},"title":"El Senado bonaerense declar\u00f3 la Emergencia en Bah\u00eda Blanca y aprob\u00f3 un paquete de medidas sociales y econ\u00f3micas","author":"Alejandro Sosa Ruda","date":"3 octubre, 2025","format":false,"excerpt":"La norma contempla asistencia, alivio fiscal, congelamiento de tarifas y nuevas leyes con enfoque social y sanitario. 03 de Octubre de 2025 BUENOS AIRES\u00a0 -\u00a0 \u00a0En una sesi\u00f3n cargada de contenido y debate pol\u00edtico, el Senado de la Provincia de Buenos Aires aprob\u00f3 la Emergencia social, econ\u00f3mica, sanitaria, ambiental y\u2026","rel":"","context":"En \u00abPOLITICA PROVINCIAL\u00bb","block_context":{"text":"POLITICA PROVINCIAL","link":"https:\/\/larevistadigital.com.ar\/blog\/category\/politica\/politica-provincial\/"},"img":{"alt_text":"","src":"https:\/\/i0.wp.com\/larevistadigital.com.ar\/blog\/wp-content\/uploads\/Captura-de-pantalla-2025-10-03-172453.jpg?fit=788%2C453&ssl=1&resize=350%2C200","width":350,"height":200,"srcset":"https:\/\/i0.wp.com\/larevistadigital.com.ar\/blog\/wp-content\/uploads\/Captura-de-pantalla-2025-10-03-172453.jpg?fit=788%2C453&ssl=1&resize=350%2C200 1x, https:\/\/i0.wp.com\/larevistadigital.com.ar\/blog\/wp-content\/uploads\/Captura-de-pantalla-2025-10-03-172453.jpg?fit=788%2C453&ssl=1&resize=525%2C300 1.5x, https:\/\/i0.wp.com\/larevistadigital.com.ar\/blog\/wp-content\/uploads\/Captura-de-pantalla-2025-10-03-172453.jpg?fit=788%2C453&ssl=1&resize=700%2C400 2x"},"classes":[]},{"id":26760,"url":"https:\/\/larevistadigital.com.ar\/blog\/media-sancion-diputados-aprobaron-y-enviaron-al-senado-el-proyecto-de-sos-rural\/","url_meta":{"origin":34523,"position":1},"title":"MEDIA SANCI\u00d3N: DIPUTADOS APROBARON Y ENVIARON AL SENADO EL PROYECTO DE SOS RURAL\u00bb","author":"Alejandro Sosa Ruda","date":"20 julio, 2022","format":false,"excerpt":"La iniciativa, que crea por ley un sistema de identificaci\u00f3n de tranqueras para garantizar la llegada de los servicios de emergencia a todos los inmuebles del \u00e1rea rural de la provincia de Buenos Aires, ya hab\u00eda sido aprobada por la C\u00e1mara baja en noviembre de 2020, pero termin\u00f3 durmiendo el\u2026","rel":"","context":"En \u00abINTERES GENERAL\u00bb","block_context":{"text":"INTERES GENERAL","link":"https:\/\/larevistadigital.com.ar\/blog\/category\/interes-general\/"},"img":{"alt_text":"","src":"https:\/\/i0.wp.com\/larevistadigital.com.ar\/blog\/wp-content\/uploads\/20220720170135_diputados-aprobaron-y-giraron-al-senado-el-proyecto-de-sos-rural.jpg?fit=880%2C512&ssl=1&resize=350%2C200","width":350,"height":200,"srcset":"https:\/\/i0.wp.com\/larevistadigital.com.ar\/blog\/wp-content\/uploads\/20220720170135_diputados-aprobaron-y-giraron-al-senado-el-proyecto-de-sos-rural.jpg?fit=880%2C512&ssl=1&resize=350%2C200 1x, https:\/\/i0.wp.com\/larevistadigital.com.ar\/blog\/wp-content\/uploads\/20220720170135_diputados-aprobaron-y-giraron-al-senado-el-proyecto-de-sos-rural.jpg?fit=880%2C512&ssl=1&resize=525%2C300 1.5x, https:\/\/i0.wp.com\/larevistadigital.com.ar\/blog\/wp-content\/uploads\/20220720170135_diputados-aprobaron-y-giraron-al-senado-el-proyecto-de-sos-rural.jpg?fit=880%2C512&ssl=1&resize=700%2C400 2x"},"classes":[]},{"id":41512,"url":"https:\/\/larevistadigital.com.ar\/blog\/chascomus-plantean-la-necesidad-de-una-ordenanza-que-obligue-a-exhibir-cartas-en-el-exterior-de-bares-y-restaurantes\/","url_meta":{"origin":34523,"position":2},"title":"Chascom\u00fas: plantean la necesidad de una ordenanza que obligue a exhibir cartas en el exterior de bares y restaurantes","author":"Alejandro Sosa Ruda","date":"18 septiembre, 2025","format":false,"excerpt":"La propuesta apunta a reforzar los derechos de los consumidores y a mejorar la experiencia tur\u00edstica, en l\u00ednea con pr\u00e1cticas internacionales de transparencia gastron\u00f3mica. 18 de septiembre de 2025 En\u00a0Chascom\u00fas\u00a0comienza a instalarse el debate sobre la importancia de que bares, restaurantes y confiter\u00edas exhiban de manera obligatoria en el exterior\u2026","rel":"","context":"En \u00abINTERES GENERAL\u00bb","block_context":{"text":"INTERES GENERAL","link":"https:\/\/larevistadigital.com.ar\/blog\/category\/interes-general\/"},"img":{"alt_text":"","src":"https:\/\/i0.wp.com\/larevistadigital.com.ar\/blog\/wp-content\/uploads\/Imagen-Neuquen-exigen-a-restaurantes-exhibir-menu-en-la-entrada-foto-mati-subat-03.webp?fit=1024%2C820&ssl=1&resize=350%2C200","width":350,"height":200,"srcset":"https:\/\/i0.wp.com\/larevistadigital.com.ar\/blog\/wp-content\/uploads\/Imagen-Neuquen-exigen-a-restaurantes-exhibir-menu-en-la-entrada-foto-mati-subat-03.webp?fit=1024%2C820&ssl=1&resize=350%2C200 1x, https:\/\/i0.wp.com\/larevistadigital.com.ar\/blog\/wp-content\/uploads\/Imagen-Neuquen-exigen-a-restaurantes-exhibir-menu-en-la-entrada-foto-mati-subat-03.webp?fit=1024%2C820&ssl=1&resize=525%2C300 1.5x, https:\/\/i0.wp.com\/larevistadigital.com.ar\/blog\/wp-content\/uploads\/Imagen-Neuquen-exigen-a-restaurantes-exhibir-menu-en-la-entrada-foto-mati-subat-03.webp?fit=1024%2C820&ssl=1&resize=700%2C400 2x"},"classes":[]},{"id":33985,"url":"https:\/\/larevistadigital.com.ar\/blog\/el-oficialismo-logro-aprobar-su-proyecto-en-la-reforma-de-la-ley-de-alquileres\/","url_meta":{"origin":34523,"position":3},"title":"EL OFICIALISMO LOGR\u00d3 APROBAR SU PROYECTO EN LA REFORMA DE LA LEY DE ALQUILERES","author":"Alejandro Sosa Ruda","date":"11 octubre, 2023","format":false,"excerpt":"La C\u00e1mara de Diputados convirti\u00f3 en ley, por 128 contra 114 votos, el proyecto de reforma de alquileres con los cambios incluidos por el Senado impulsados por el Frente de Todos, con lo cual los contratos entre propietarios e inquilinos se mantendr\u00e1n por tres a\u00f1os y tendr\u00e1n una actualizaci\u00f3n semestral,\u2026","rel":"","context":"En \u00abDESTACADAS\u00bb","block_context":{"text":"DESTACADAS","link":"https:\/\/larevistadigital.com.ar\/blog\/category\/destacadas\/"},"img":{"alt_text":"","src":"https:\/\/i0.wp.com\/larevistadigital.com.ar\/blog\/wp-content\/uploads\/Captura-de-pantalla-2023-10-11-123452.png?fit=1093%2C528&ssl=1&resize=350%2C200","width":350,"height":200,"srcset":"https:\/\/i0.wp.com\/larevistadigital.com.ar\/blog\/wp-content\/uploads\/Captura-de-pantalla-2023-10-11-123452.png?fit=1093%2C528&ssl=1&resize=350%2C200 1x, https:\/\/i0.wp.com\/larevistadigital.com.ar\/blog\/wp-content\/uploads\/Captura-de-pantalla-2023-10-11-123452.png?fit=1093%2C528&ssl=1&resize=525%2C300 1.5x, https:\/\/i0.wp.com\/larevistadigital.com.ar\/blog\/wp-content\/uploads\/Captura-de-pantalla-2023-10-11-123452.png?fit=1093%2C528&ssl=1&resize=700%2C400 2x, https:\/\/i0.wp.com\/larevistadigital.com.ar\/blog\/wp-content\/uploads\/Captura-de-pantalla-2023-10-11-123452.png?fit=1093%2C528&ssl=1&resize=1050%2C600 3x"},"classes":[]},{"id":38184,"url":"https:\/\/larevistadigital.com.ar\/blog\/dan-detalles-sobre-la-creacion-del-centro-de-industria-farmaceutica-bonaerense\/","url_meta":{"origin":34523,"position":4},"title":"Dan detalles sobre la creaci\u00f3n del Centro de Industria Farmace\u00fatica Bonaerense","author":"Alejandro Sosa Ruda","date":"9 diciembre, 2024","format":false,"excerpt":"Durante una reuni\u00f3n conjunta de las comisiones de Legislaci\u00f3n General, Salud P\u00fablica y Presupuesto e Impuestos de la C\u00e1mara de Diputados de la provincia de Buenos Aires, se debati\u00f3 el proyecto impulsado por el gobernador Axel Kicillof para establecer el Centro de Industria Farmac\u00e9utica Bonaerense. 09 de diciembre de 2024\u2026","rel":"","context":"En \u00abINTERES GENERAL\u00bb","block_context":{"text":"INTERES GENERAL","link":"https:\/\/larevistadigital.com.ar\/blog\/category\/interes-general\/"},"img":{"alt_text":"","src":"https:\/\/i0.wp.com\/larevistadigital.com.ar\/blog\/wp-content\/uploads\/20241207162159_laura-aloisi-centro-de-industria-farmaceutica.jpg?fit=880%2C512&ssl=1&resize=350%2C200","width":350,"height":200,"srcset":"https:\/\/i0.wp.com\/larevistadigital.com.ar\/blog\/wp-content\/uploads\/20241207162159_laura-aloisi-centro-de-industria-farmaceutica.jpg?fit=880%2C512&ssl=1&resize=350%2C200 1x, https:\/\/i0.wp.com\/larevistadigital.com.ar\/blog\/wp-content\/uploads\/20241207162159_laura-aloisi-centro-de-industria-farmaceutica.jpg?fit=880%2C512&ssl=1&resize=525%2C300 1.5x, https:\/\/i0.wp.com\/larevistadigital.com.ar\/blog\/wp-content\/uploads\/20241207162159_laura-aloisi-centro-de-industria-farmaceutica.jpg?fit=880%2C512&ssl=1&resize=700%2C400 2x"},"classes":[]},{"id":36579,"url":"https:\/\/larevistadigital.com.ar\/blog\/chascomus-la-oficina-municipal-de-informacion-al-consumidor-recibe-consultas-y-reclamos-sobre-productos-y-servicios\/","url_meta":{"origin":34523,"position":5},"title":"CHASCOM\u00daS: LA OFICINA MUNICIPAL DE INFORMACI\u00d3N AL CONSUMIDOR RECIBE CONSULTAS Y RECLAMOS SOBRE PRODUCTOS Y SERVICIOS","author":"Alejandro Sosa Ruda","date":"3 julio, 2024","format":false,"excerpt":"La (OMIC) es un servicio gratuito de informaci\u00f3n y orientaci\u00f3n a las personas consumidoras que, adem\u00e1s, media en los conflictos que puedan surgir entre personas consumidoras y proveedores de bienes y servicios, para intentar llegar a la mejor soluci\u00f3n. 03 de Julio de 2024 CHASCOM\u00daS -\u00a0 La Oficina Municipal de\u2026","rel":"","context":"En \u00abINTERES GENERAL\u00bb","block_context":{"text":"INTERES GENERAL","link":"https:\/\/larevistadigital.com.ar\/blog\/category\/interes-general\/"},"img":{"alt_text":"OMIC","src":"https:\/\/i0.wp.com\/larevistadigital.com.ar\/blog\/wp-content\/uploads\/2024_07_04_01_23_06_5614209.jpg?fit=600%2C391&ssl=1&resize=350%2C200","width":350,"height":200,"srcset":"https:\/\/i0.wp.com\/larevistadigital.com.ar\/blog\/wp-content\/uploads\/2024_07_04_01_23_06_5614209.jpg?fit=600%2C391&ssl=1&resize=350%2C200 1x, https:\/\/i0.wp.com\/larevistadigital.com.ar\/blog\/wp-content\/uploads\/2024_07_04_01_23_06_5614209.jpg?fit=600%2C391&ssl=1&resize=525%2C300 1.5x"},"classes":[]}],"_links":{"self":[{"href":"https:\/\/larevistadigital.com.ar\/blog\/wp-json\/wp\/v2\/posts\/34523","targetHints":{"allow":["GET"]}}],"collection":[{"href":"https:\/\/larevistadigital.com.ar\/blog\/wp-json\/wp\/v2\/posts"}],"about":[{"href":"https:\/\/larevistadigital.com.ar\/blog\/wp-json\/wp\/v2\/types\/post"}],"author":[{"embeddable":true,"href":"https:\/\/larevistadigital.com.ar\/blog\/wp-json\/wp\/v2\/users\/3"}],"replies":[{"embeddable":true,"href":"https:\/\/larevistadigital.com.ar\/blog\/wp-json\/wp\/v2\/comments?post=34523"}],"version-history":[{"count":1,"href":"https:\/\/larevistadigital.com.ar\/blog\/wp-json\/wp\/v2\/posts\/34523\/revisions"}],"predecessor-version":[{"id":34525,"href":"https:\/\/larevistadigital.com.ar\/blog\/wp-json\/wp\/v2\/posts\/34523\/revisions\/34525"}],"wp:featuredmedia":[{"embeddable":true,"href":"https:\/\/larevistadigital.com.ar\/blog\/wp-json\/wp\/v2\/media\/34524"}],"wp:attachment":[{"href":"https:\/\/larevistadigital.com.ar\/blog\/wp-json\/wp\/v2\/media?parent=34523"}],"wp:term":[{"taxonomy":"category","embeddable":true,"href":"https:\/\/larevistadigital.com.ar\/blog\/wp-json\/wp\/v2\/categories?post=34523"},{"taxonomy":"post_tag","embeddable":true,"href":"https:\/\/larevistadigital.com.ar\/blog\/wp-json\/wp\/v2\/tags?post=34523"}],"curies":[{"name":"wp","href":"https:\/\/api.w.org\/{rel}","templated":true}]}}