{"id":34563,"date":"2023-11-20T13:38:43","date_gmt":"2023-11-20T16:38:43","guid":{"rendered":"https:\/\/larevistadigital.com.ar\/blog\/?p=34563"},"modified":"2023-11-20T13:38:43","modified_gmt":"2023-11-20T16:38:43","slug":"javier-milei-es-el-nuevo-presidente-de-la-argentina","status":"publish","type":"post","link":"https:\/\/larevistadigital.com.ar\/blog\/javier-milei-es-el-nuevo-presidente-de-la-argentina\/","title":{"rendered":"JAVIER MILEI ES EL NUEVO PRESIDENTE DE LA ARGENTINA"},"content":{"rendered":"<h2>Gan\u00f3 el balotaje y se transform\u00f3 en el nuevo presidente electo.<\/h2>\n<p>20 de Noviembre de 2023<\/p>\n<p>El candidato presidencial de La Libertad Avanza (LLA), <strong>Javier Milei<\/strong>, se impuso con el 55,95 por ciento de los votos sobre el postulante de Uni\u00f3n por la Patria (UXP), <strong>Sergio Massa<\/strong> quien obtuvo el 44,04.<\/p>\n<blockquote>\n<h3>De esta manera, Milei se consagra como presidente electo y asumir\u00e1 el 10 de diciembre pr\u00f3ximo.<\/h3>\n<\/blockquote>\n<p>Este domingo, luego de que el\u00a0<a href=\"https:\/\/www.lanoticia1.com\/noticia\/sergio-massa-reconocio-la-derrota-me-he-comunicado-con-javier-milei-para-felicitarlo\">candidato oficialista reconociera la derrota<\/a>, habl\u00f3 desde su bunker de campa\u00f1a, ante cientos de militantes y dirigentes de su espacio y del PRO.<\/p>\n<blockquote>\n<h3><em>\u201cEs una noche hist\u00f3rico porque se ha terminado una forma de hacer pol\u00edtica y comienza otra\u201d<\/em>, asever\u00f3.<\/h3>\n<\/blockquote>\n<p>Y a\u00f1adi\u00f3: <strong>\u00abNo es momento para tibios. Hay que avanzar r\u00e1pido con cambios, no hay tiempo para gradualismos\u00bb<\/strong>.<\/p>\n<p><strong>\u00abHoy comienza la reconstrucci\u00f3n de Argentina\u00bb<\/strong>, dijo el nuevo mandatario, a la vez que sostuvo: <em><strong>\u00abHoy comienza el fin de la decadencia argentina y hoy empezamos dar vuelta la p\u00e1gina de nuestra historia. Se termina el modelo empobrecedor del Estado omnipresente y se termina la idea de que el Estado es un bot\u00edn a repartirse\u00bb<\/strong><\/em>.<\/p>\n<blockquote>\n<h3>Asimismo, le pidi\u00f3 al Gobierno de <strong>Alberto Fern\u00e1ndez<\/strong> que se haga cargo de la situaci\u00f3n hasta entregar el mandato el 10 de diciembre.<\/h3>\n<\/blockquote>\n<p>Adem\u00e1s, vaticin\u00f3: <em><strong>\u201cA pesar de los problemas enormes que tiene el pa\u00eds, Argentina tiene futuro, pero ese futuro existe si es liberal.<\/strong><\/em><\/p>\n<p>Publicado en LaNoticia1<\/p>\n","protected":false},"excerpt":{"rendered":"<div class=\"mh-excerpt\"><p>Gan\u00f3 el balotaje y se transform\u00f3 en el nuevo presidente electo. 20 de Noviembre de 2023 El candidato presidencial de La Libertad Avanza (LLA), Javier Milei, se impuso con el 55,95 por ciento de los <a class=\"mh-excerpt-more\" href=\"https:\/\/larevistadigital.com.ar\/blog\/javier-milei-es-el-nuevo-presidente-de-la-argentina\/\" title=\"JAVIER MILEI ES EL NUEVO PRESIDENTE DE LA ARGENTINA\">[Leer M\u00e1s]<\/a><\/p>\n<\/div>","protected":false},"author":3,"featured_media":34565,"comment_status":"open","ping_status":"open","sticky":false,"template":"","format":"standard","meta":{"_jetpack_memberships_contains_paid_content":false,"footnotes":"","jetpack_publicize_message":"","jetpack_publicize_feature_enabled":true,"jetpack_social_post_already_shared":true,"jetpack_social_options":{"image_generator_settings":{"template":"highway","default_image_id":0,"font":"","enabled":false},"version":2}},"categories":[41],"tags":[],"class_list":{"0":"post-34563","1":"post","2":"type-post","3":"status-publish","4":"format-standard","5":"has-post-thumbnail","7":"category-destacadas"},"jetpack_publicize_connections":[],"jetpack_featured_media_url":"https:\/\/i0.wp.com\/larevistadigital.com.ar\/blog\/wp-content\/uploads\/Captura-de-pantalla-2023-11-20-132400.png?fit=1070%2C485&ssl=1","jetpack_sharing_enabled":true,"jetpack_shortlink":"https:\/\/wp.me\/p8qtrQ-8Zt","jetpack-related-posts":[{"id":34739,"url":"https:\/\/larevistadigital.com.ar\/blog\/luis-petri-sera-el-ministro-de-defensa-del-gobierno-de-milei\/","url_meta":{"origin":34563,"position":0},"title":"LUIS PETRI SER\u00c1 EL MINISTRO DE DEFENSA DEL GOBIERNO DE MILEI","author":"Alejandro Sosa Ruda","date":"4 diciembre, 2023","format":false,"excerpt":"El presidente electo confirm\u00f3 que el dirigente radical estar\u00e1 al frente de la cartera que hoy conduce Jorge Taiana. \u201cLa f\u00f3rmula completa de Juntos por el Cambio ha quedado integrada al gobierno\u201d, inform\u00f3 la oficina del presidente electo. 4 de Diciembre de 2023 La f\u00f3rmula presidencial de Juntos por el\u2026","rel":"","context":"En \u00abINTERES GENERAL\u00bb","block_context":{"text":"INTERES GENERAL","link":"https:\/\/larevistadigital.com.ar\/blog\/category\/interes-general\/"},"img":{"alt_text":"","src":"https:\/\/i0.wp.com\/larevistadigital.com.ar\/blog\/wp-content\/uploads\/Captura-de-pantalla-2023-12-04-170029.png?fit=800%2C511&ssl=1&resize=350%2C200","width":350,"height":200,"srcset":"https:\/\/i0.wp.com\/larevistadigital.com.ar\/blog\/wp-content\/uploads\/Captura-de-pantalla-2023-12-04-170029.png?fit=800%2C511&ssl=1&resize=350%2C200 1x, https:\/\/i0.wp.com\/larevistadigital.com.ar\/blog\/wp-content\/uploads\/Captura-de-pantalla-2023-12-04-170029.png?fit=800%2C511&ssl=1&resize=525%2C300 1.5x, https:\/\/i0.wp.com\/larevistadigital.com.ar\/blog\/wp-content\/uploads\/Captura-de-pantalla-2023-12-04-170029.png?fit=800%2C511&ssl=1&resize=700%2C400 2x"},"classes":[]},{"id":34573,"url":"https:\/\/larevistadigital.com.ar\/blog\/milei-privatizaciones-y-derogacion-de-la-ley-de-alquileres\/","url_meta":{"origin":34563,"position":1},"title":"MILEI: PRIVATIZACIONES Y DEROGACI\u00d3N DE LA LEY DE ALQUILERES","author":"Alejandro Sosa Ruda","date":"20 noviembre, 2023","format":false,"excerpt":"Buscar\u00e1 que dejen de ser estatales la petrolera YPF, la TV P\u00fablica, Radio Nacional y T\u00e9lam. 20 de Noviembre de 2023 El reci\u00e9n elegido presidente, Javier Milei, sorprendi\u00f3 este lunes al ratificar sus planes para impulsar cambios en Argentina. Entre sus propuestas m\u00e1s destacadas, se\u00f1al\u00f3 su intenci\u00f3n de privatizar importantes\u2026","rel":"","context":"En \u00abINTERES GENERAL\u00bb","block_context":{"text":"INTERES GENERAL","link":"https:\/\/larevistadigital.com.ar\/blog\/category\/interes-general\/"},"img":{"alt_text":"","src":"https:\/\/i0.wp.com\/larevistadigital.com.ar\/blog\/wp-content\/uploads\/c89b685835069c69b701cbd57e63ffcd4eb680a3.jpg?fit=1140%2C760&ssl=1&resize=350%2C200","width":350,"height":200,"srcset":"https:\/\/i0.wp.com\/larevistadigital.com.ar\/blog\/wp-content\/uploads\/c89b685835069c69b701cbd57e63ffcd4eb680a3.jpg?fit=1140%2C760&ssl=1&resize=350%2C200 1x, https:\/\/i0.wp.com\/larevistadigital.com.ar\/blog\/wp-content\/uploads\/c89b685835069c69b701cbd57e63ffcd4eb680a3.jpg?fit=1140%2C760&ssl=1&resize=525%2C300 1.5x, https:\/\/i0.wp.com\/larevistadigital.com.ar\/blog\/wp-content\/uploads\/c89b685835069c69b701cbd57e63ffcd4eb680a3.jpg?fit=1140%2C760&ssl=1&resize=700%2C400 2x, https:\/\/i0.wp.com\/larevistadigital.com.ar\/blog\/wp-content\/uploads\/c89b685835069c69b701cbd57e63ffcd4eb680a3.jpg?fit=1140%2C760&ssl=1&resize=1050%2C600 3x"},"classes":[]},{"id":37778,"url":"https:\/\/larevistadigital.com.ar\/blog\/milei-viaja-a-eeuu-con-la-intencion-de-reunirse-con-donald-trump-antes-de-su-asuncion\/","url_meta":{"origin":34563,"position":2},"title":"Milei viaja a EEUU con la intenci\u00f3n de reunirse con Donald Trump antes de su asunci\u00f3n","author":"Alejandro Sosa Ruda","date":"7 noviembre, 2024","format":false,"excerpt":"El presidente se comunic\u00f3 telef\u00f3nicamente con Trump, y dialogaron unos minutos. 7 de Noviembre de 2024 Luego de varios intentos, el presidente Javier Milei logr\u00f3 comunicarse con el presidente electo de los Estados Unidos, Donald Trump, y mantuvieron un di\u00e1logo durante algunos minutos. Lo destacado de la charla, al m\u00e1rgen\u2026","rel":"","context":"En \u00abDESTACADAS\u00bb","block_context":{"text":"DESTACADAS","link":"https:\/\/larevistadigital.com.ar\/blog\/category\/destacadas\/"},"img":{"alt_text":"","src":"https:\/\/i0.wp.com\/larevistadigital.com.ar\/blog\/wp-content\/uploads\/Captura-de-pantalla-2024-11-07-005736.png?fit=701%2C386&ssl=1&resize=350%2C200","width":350,"height":200,"srcset":"https:\/\/i0.wp.com\/larevistadigital.com.ar\/blog\/wp-content\/uploads\/Captura-de-pantalla-2024-11-07-005736.png?fit=701%2C386&ssl=1&resize=350%2C200 1x, https:\/\/i0.wp.com\/larevistadigital.com.ar\/blog\/wp-content\/uploads\/Captura-de-pantalla-2024-11-07-005736.png?fit=701%2C386&ssl=1&resize=525%2C300 1.5x, https:\/\/i0.wp.com\/larevistadigital.com.ar\/blog\/wp-content\/uploads\/Captura-de-pantalla-2024-11-07-005736.png?fit=701%2C386&ssl=1&resize=700%2C400 2x"},"classes":[]},{"id":32962,"url":"https:\/\/larevistadigital.com.ar\/blog\/massa-convocara-a-un-gobierno-de-unidad-con-radicales-y-peronistas-que-estan-en-el-pro\/","url_meta":{"origin":34563,"position":3},"title":"MASSA CONVOCAR\u00c1 A UN GOBIERNO DE UNIDAD CON RADICALES Y PERONISTAS QUE EST\u00c1N EN EL PRO","author":"Alejandro Sosa Ruda","date":"21 agosto, 2023","format":false,"excerpt":"El candidato a presidente y ministro de Econom\u00eda advirti\u00f3 que \"cuando se vota a presidente se vota a personas, no a la suma de las fuerzas pol\u00edticas\" e invit\u00f3 a \"compartir el sue\u00f1o de los que votaron a Grabois, a Horacio y que no comparten la idea del todo o\u2026","rel":"","context":"En \u00abINTERES GENERAL\u00bb","block_context":{"text":"INTERES GENERAL","link":"https:\/\/larevistadigital.com.ar\/blog\/category\/interes-general\/"},"img":{"alt_text":"","src":"https:\/\/i0.wp.com\/larevistadigital.com.ar\/blog\/wp-content\/uploads\/64d3dbd66b37e_1200.jpg?fit=1200%2C675&ssl=1&resize=350%2C200","width":350,"height":200,"srcset":"https:\/\/i0.wp.com\/larevistadigital.com.ar\/blog\/wp-content\/uploads\/64d3dbd66b37e_1200.jpg?fit=1200%2C675&ssl=1&resize=350%2C200 1x, https:\/\/i0.wp.com\/larevistadigital.com.ar\/blog\/wp-content\/uploads\/64d3dbd66b37e_1200.jpg?fit=1200%2C675&ssl=1&resize=525%2C300 1.5x, https:\/\/i0.wp.com\/larevistadigital.com.ar\/blog\/wp-content\/uploads\/64d3dbd66b37e_1200.jpg?fit=1200%2C675&ssl=1&resize=700%2C400 2x, https:\/\/i0.wp.com\/larevistadigital.com.ar\/blog\/wp-content\/uploads\/64d3dbd66b37e_1200.jpg?fit=1200%2C675&ssl=1&resize=1050%2C600 3x"},"classes":[]},{"id":34189,"url":"https:\/\/larevistadigital.com.ar\/blog\/el-diputado-jose-ignacio-cote-rossi-presento-un-repudio-por-los-agravios-de-milei-sobre-raul-alfonsin\/","url_meta":{"origin":34563,"position":4},"title":"EL DIPUTADO JOS\u00c9 IGNACIO \u00abCOTE\u00bb ROSSI PRESENT\u00d3 UN REPUDIO POR LOS AGRAVIOS DE MILEI SOBRE RA\u00daL ALFONS\u00cdN","author":"Alejandro Sosa Ruda","date":"25 octubre, 2023","format":false,"excerpt":"El legislador ori\u00fando de Chascom\u00fas, present\u00f3 un repudio a los insultantes conceptos vertidos por el candidato de derecha. 25 de Octubre de 2023 BUENOS AIRES -\u00a0\u00a0El Diputado Provincial nativo de Chascom\u00fas, Jos\u00e9 Ignacio Cote Rossi present\u00f3 un repudio por los injuriosos dichos, vertidos por Javier Milei, referente de derecha y\u2026","rel":"","context":"En \u00abDESTACADAS\u00bb","block_context":{"text":"DESTACADAS","link":"https:\/\/larevistadigital.com.ar\/blog\/category\/destacadas\/"},"img":{"alt_text":"Cote Rossi","src":"https:\/\/i0.wp.com\/larevistadigital.com.ar\/blog\/wp-content\/uploads\/20190927133540_rossi.jpg?fit=1200%2C685&ssl=1&resize=350%2C200","width":350,"height":200,"srcset":"https:\/\/i0.wp.com\/larevistadigital.com.ar\/blog\/wp-content\/uploads\/20190927133540_rossi.jpg?fit=1200%2C685&ssl=1&resize=350%2C200 1x, https:\/\/i0.wp.com\/larevistadigital.com.ar\/blog\/wp-content\/uploads\/20190927133540_rossi.jpg?fit=1200%2C685&ssl=1&resize=525%2C300 1.5x, https:\/\/i0.wp.com\/larevistadigital.com.ar\/blog\/wp-content\/uploads\/20190927133540_rossi.jpg?fit=1200%2C685&ssl=1&resize=700%2C400 2x, https:\/\/i0.wp.com\/larevistadigital.com.ar\/blog\/wp-content\/uploads\/20190927133540_rossi.jpg?fit=1200%2C685&ssl=1&resize=1050%2C600 3x"},"classes":[]},{"id":37694,"url":"https:\/\/larevistadigital.com.ar\/blog\/comunicado-de-la-ucr-local\/","url_meta":{"origin":34563,"position":5},"title":"Comunicado de la UCR local","author":"Alejandro Sosa Ruda","date":"31 octubre, 2024","format":false,"excerpt":"Mentir sobre el compromiso democr\u00e1tico de Ra\u00fal Alfons\u00edn es de canalla y una afrenta al pueblo argentino El Comit\u00e9 Nacional de la Uni\u00f3n C\u00edvica Radical, sus gobernadores, Bloques legislativos nacionales y el Foro de Intendentes exhortaron hoy a Javier Milei a respetar la memoria del ex presidente Ra\u00fal Alfons\u00edn y\u2026","rel":"","context":"En \u00abPOLITICA\u00bb","block_context":{"text":"POLITICA","link":"https:\/\/larevistadigital.com.ar\/blog\/category\/politica\/"},"img":{"alt_text":"","src":"https:\/\/i0.wp.com\/larevistadigital.com.ar\/blog\/wp-content\/uploads\/1114px-Escudo_de_la_UCR.svg_.png?fit=1109%2C1200&ssl=1&resize=350%2C200","width":350,"height":200,"srcset":"https:\/\/i0.wp.com\/larevistadigital.com.ar\/blog\/wp-content\/uploads\/1114px-Escudo_de_la_UCR.svg_.png?fit=1109%2C1200&ssl=1&resize=350%2C200 1x, https:\/\/i0.wp.com\/larevistadigital.com.ar\/blog\/wp-content\/uploads\/1114px-Escudo_de_la_UCR.svg_.png?fit=1109%2C1200&ssl=1&resize=525%2C300 1.5x, https:\/\/i0.wp.com\/larevistadigital.com.ar\/blog\/wp-content\/uploads\/1114px-Escudo_de_la_UCR.svg_.png?fit=1109%2C1200&ssl=1&resize=700%2C400 2x, https:\/\/i0.wp.com\/larevistadigital.com.ar\/blog\/wp-content\/uploads\/1114px-Escudo_de_la_UCR.svg_.png?fit=1109%2C1200&ssl=1&resize=1050%2C600 3x"},"classes":[]}],"_links":{"self":[{"href":"https:\/\/larevistadigital.com.ar\/blog\/wp-json\/wp\/v2\/posts\/34563","targetHints":{"allow":["GET"]}}],"collection":[{"href":"https:\/\/larevistadigital.com.ar\/blog\/wp-json\/wp\/v2\/posts"}],"about":[{"href":"https:\/\/larevistadigital.com.ar\/blog\/wp-json\/wp\/v2\/types\/post"}],"author":[{"embeddable":true,"href":"https:\/\/larevistadigital.com.ar\/blog\/wp-json\/wp\/v2\/users\/3"}],"replies":[{"embeddable":true,"href":"https:\/\/larevistadigital.com.ar\/blog\/wp-json\/wp\/v2\/comments?post=34563"}],"version-history":[{"count":1,"href":"https:\/\/larevistadigital.com.ar\/blog\/wp-json\/wp\/v2\/posts\/34563\/revisions"}],"predecessor-version":[{"id":34566,"href":"https:\/\/larevistadigital.com.ar\/blog\/wp-json\/wp\/v2\/posts\/34563\/revisions\/34566"}],"wp:featuredmedia":[{"embeddable":true,"href":"https:\/\/larevistadigital.com.ar\/blog\/wp-json\/wp\/v2\/media\/34565"}],"wp:attachment":[{"href":"https:\/\/larevistadigital.com.ar\/blog\/wp-json\/wp\/v2\/media?parent=34563"}],"wp:term":[{"taxonomy":"category","embeddable":true,"href":"https:\/\/larevistadigital.com.ar\/blog\/wp-json\/wp\/v2\/categories?post=34563"},{"taxonomy":"post_tag","embeddable":true,"href":"https:\/\/larevistadigital.com.ar\/blog\/wp-json\/wp\/v2\/tags?post=34563"}],"curies":[{"name":"wp","href":"https:\/\/api.w.org\/{rel}","templated":true}]}}