{"id":34567,"date":"2023-11-20T13:48:42","date_gmt":"2023-11-20T16:48:42","guid":{"rendered":"https:\/\/larevistadigital.com.ar\/blog\/?p=34567"},"modified":"2023-11-20T13:48:42","modified_gmt":"2023-11-20T16:48:42","slug":"carrio-afirmo-que-jxc-se-rompio-y-que-la-coalicion-civica-recupera-total-autonomia","status":"publish","type":"post","link":"https:\/\/larevistadigital.com.ar\/blog\/carrio-afirmo-que-jxc-se-rompio-y-que-la-coalicion-civica-recupera-total-autonomia\/","title":{"rendered":"CARRI\u00d3 AFIRM\u00d3 QUE JXC SE ROMPI\u00d3 Y QUE LA COALICI\u00d3N C\u00cdVICA RECUPERA TOTAL AUTONOM\u00cdA."},"content":{"rendered":"<div class=\"wrapper-header\">\n<div class=\"container-xl\">\n<div class=\"row\">\n<div class=\"col-12\">\n<h2 class=\"head-content mb-4\">Tras el balotaje, la fundadora de la coalici\u00f3n manifest\u00f3 que el espacio pol\u00edtico que lidera <em>\u00abretoma su plena autonom\u00eda y van a luchar por los principios fundacionales, el contrato moral, el contrato republicano y el contrato de desarrollo econ\u00f3mico\u201d.<\/em><\/h2>\n<p>20 de Noviembre de 2023<\/p>\n<p>A trav\u00e9s de un mensaje de audio que difundi\u00f3 a los medios de prensa una vez finalizado el balotaje que consagr\u00f3 a <strong>Javier Milei<\/strong> como nuevo Presidente, Carri\u00f3 manifest\u00f3 que <strong>\u201chabi\u00e9ndose roto la alianza JxC por voluntad ajena a la Coalici\u00f3n C\u00edvica\u00bb<\/strong> ese espacio\u00a0<strong>\u00abretoma su plena autonom\u00eda y van a luchar por los principios fundacionales, el contrato moral, el contrato republicano y el contrato de desarrollo econ\u00f3mico\u201d.<\/strong><\/p>\n<p><em>\u201cNo van a participar de ning\u00fan tipo de negociaci\u00f3n. Su rol es reconstruir la Rep\u00fablica si \u00e9sta se ve amenazada\u201d<\/em>, indic\u00f3 Carri\u00f3, quien desde un primer momento cuestion\u00f3 el acercamiento del expresidente Mauricio Macri al presidente electo Javier Milei.<\/p>\n<p><strong>Luego del llamado \u201cPacto de Acassuso\u201d<\/strong>, en el cual tanto Mauricio Macri como Patricia Bullrich expresaron su respaldo a Milei rumbo al balotaje,<strong>\u00a0la Coalici\u00f3n C\u00edvica hab\u00eda convocado a no votar por ninguna de las dos opciones<\/strong>\u00a0en el balotaje de este domingo.<\/p>\n<p><em><strong>\u201cAceptamos el resultado electoral, pero no votaremos por ninguna de las dos opciones que competir\u00e1n en el balotaje, las que proponen gobiernos irresponsables basados en imposibilidades morales y pol\u00edticas y pacto de impunidad\u00bb,<\/strong><\/em> expres\u00f3 en ese momento en un comunicado la Coalici\u00f3n C\u00edvica.<\/p>\n<p>Agregaron, en la previa de la segunda vuelta, que \u201cen consecuencia no es ni con Massa, ni con Milei\u201d.<\/p>\n<p>En declaraciones que efectu\u00f3 luego de las elecciones generales del 22 de octubre, Carri\u00f3 hab\u00eda ratificado la postura de neutralidad de su partido rumbo al balotaje, y hab\u00eda cuestionado a Milei al afirmar que \u201cno vamos a dar un salto al vac\u00edo en la venta de \u00f3rganos de los que violan los derechos humanos. No estamos de acuerdo con la venta de ni\u00f1os, todo esto va a conducir a delitos de lesa humanidad\u00bb.<\/p>\n<\/div>\n<\/div>\n<\/div>\n<\/div>\n<div class=\"wrapper-editable-content\">\n<div class=\"wrapper-info-note\">\n<div class=\"col-md-12\">\n<div class=\"wrapper-author-social\">\n<div class=\"author-box mb-4\"><\/div>\n<\/div>\n<\/div>\n<\/div>\n<\/div>\n","protected":false},"excerpt":{"rendered":"<div class=\"mh-excerpt\"><p>Tras el balotaje, la fundadora de la coalici\u00f3n manifest\u00f3 que el espacio pol\u00edtico que lidera \u00abretoma su plena autonom\u00eda y van a luchar por los principios fundacionales, el contrato moral, el contrato republicano y el <a class=\"mh-excerpt-more\" href=\"https:\/\/larevistadigital.com.ar\/blog\/carrio-afirmo-que-jxc-se-rompio-y-que-la-coalicion-civica-recupera-total-autonomia\/\" title=\"CARRI\u00d3 AFIRM\u00d3 QUE JXC SE ROMPI\u00d3 Y QUE LA COALICI\u00d3N C\u00cdVICA RECUPERA TOTAL AUTONOM\u00cdA.\">[Leer M\u00e1s]<\/a><\/p>\n<\/div>","protected":false},"author":3,"featured_media":34568,"comment_status":"open","ping_status":"open","sticky":false,"template":"","format":"standard","meta":{"_jetpack_memberships_contains_paid_content":false,"footnotes":"","jetpack_publicize_message":"","jetpack_publicize_feature_enabled":true,"jetpack_social_post_already_shared":true,"jetpack_social_options":{"image_generator_settings":{"template":"highway","default_image_id":0,"font":"","enabled":false},"version":2}},"categories":[50,12],"tags":[],"class_list":{"0":"post-34567","1":"post","2":"type-post","3":"status-publish","4":"format-standard","5":"has-post-thumbnail","7":"category-interes-general","8":"category-politica"},"jetpack_publicize_connections":[],"jetpack_featured_media_url":"https:\/\/i0.wp.com\/larevistadigital.com.ar\/blog\/wp-content\/uploads\/5e31e3fd4819d.01.2020-565_1200.jpg?fit=1004%2C565&ssl=1","jetpack_sharing_enabled":true,"jetpack_shortlink":"https:\/\/wp.me\/p8qtrQ-8Zx","jetpack-related-posts":[{"id":31203,"url":"https:\/\/larevistadigital.com.ar\/blog\/la-coalicion-civica-bonaerense-ratifico-la-candidatura-a-presidente-de-elisa-carrio\/","url_meta":{"origin":34567,"position":0},"title":"LA COALICI\u00d3N C\u00cdVICA BONAERENSE RATIFIC\u00d3 LA CANDIDATURA A PRESIDENTE DE ELISA CARRI\u00d3","author":"Alejandro Sosa Ruda","date":"23 abril, 2023","format":false,"excerpt":"Finalizado el Congreso partidario que se hizo en Bragado de cara a las pr\u00f3ximas elecciones, la presidenta de la Coalici\u00f3n C\u00edvica (CC) bonaerense y diputada provincial, Maricel Etchecoin, ratific\u00f3 la candidatura a presidenta de la dirigente Elisa Carri\u00f3\". Estuvieron presentes, el precandidato a gobernador del PRO, Diego Santilli y el\u2026","rel":"","context":"En \u00abINTERES GENERAL\u00bb","block_context":{"text":"INTERES GENERAL","link":"https:\/\/larevistadigital.com.ar\/blog\/category\/interes-general\/"},"img":{"alt_text":"","src":"https:\/\/i0.wp.com\/larevistadigital.com.ar\/blog\/wp-content\/uploads\/20230423125125_congreso-coalicion-civica.jpg?fit=880%2C512&ssl=1&resize=350%2C200","width":350,"height":200,"srcset":"https:\/\/i0.wp.com\/larevistadigital.com.ar\/blog\/wp-content\/uploads\/20230423125125_congreso-coalicion-civica.jpg?fit=880%2C512&ssl=1&resize=350%2C200 1x, https:\/\/i0.wp.com\/larevistadigital.com.ar\/blog\/wp-content\/uploads\/20230423125125_congreso-coalicion-civica.jpg?fit=880%2C512&ssl=1&resize=525%2C300 1.5x, https:\/\/i0.wp.com\/larevistadigital.com.ar\/blog\/wp-content\/uploads\/20230423125125_congreso-coalicion-civica.jpg?fit=880%2C512&ssl=1&resize=700%2C400 2x"},"classes":[]},{"id":34203,"url":"https:\/\/larevistadigital.com.ar\/blog\/sanz-advierte-una-ruptura-de-jxc-si-el-pro-decide-apoyar-a-javier-milei\/","url_meta":{"origin":34567,"position":1},"title":"SANZ ADVIERTE UNA RUPTURA DE JXC SI EL PRO DECIDE APOYAR A JAVIER MILEI","author":"Alejandro Sosa Ruda","date":"25 octubre, 2023","format":false,"excerpt":"\u201cSi las partes empiezan a decidir cosas diferentes, es obvio que se rompe; las coaliciones viven los que sus miembros quieren, no viven eternamente\u201d, dijo el ex titular de la UCR, 25 de Octubre de 2023 Ernesto Sanz, destacado ex senador y ex presidente de la Uni\u00f3n C\u00edvica Radical (UCR),\u2026","rel":"","context":"En \u00abINTERES GENERAL\u00bb","block_context":{"text":"INTERES GENERAL","link":"https:\/\/larevistadigital.com.ar\/blog\/category\/interes-general\/"},"img":{"alt_text":"","src":"https:\/\/i0.wp.com\/larevistadigital.com.ar\/blog\/wp-content\/uploads\/Captura-de-pantalla-2023-10-25-112931.png?fit=797%2C501&ssl=1&resize=350%2C200","width":350,"height":200,"srcset":"https:\/\/i0.wp.com\/larevistadigital.com.ar\/blog\/wp-content\/uploads\/Captura-de-pantalla-2023-10-25-112931.png?fit=797%2C501&ssl=1&resize=350%2C200 1x, https:\/\/i0.wp.com\/larevistadigital.com.ar\/blog\/wp-content\/uploads\/Captura-de-pantalla-2023-10-25-112931.png?fit=797%2C501&ssl=1&resize=525%2C300 1.5x, https:\/\/i0.wp.com\/larevistadigital.com.ar\/blog\/wp-content\/uploads\/Captura-de-pantalla-2023-10-25-112931.png?fit=797%2C501&ssl=1&resize=700%2C400 2x"},"classes":[]},{"id":30066,"url":"https:\/\/larevistadigital.com.ar\/blog\/la-que-faltaba-elisa-carrio-anuncio-que-sera-candidata-a-presidente-en-las-paso-de-juntos-por-el-cambio\/","url_meta":{"origin":34567,"position":2},"title":"LA QUE FALTABA: ELISA CARRI\u00d3 ANUNCI\u00d3 QUE SER\u00c1 CANDIDATA A PRESIDENTE EN LAS PASO DE JUNTOS POR EL CAMBIO","author":"Alejandro Sosa Ruda","date":"8 febrero, 2023","format":false,"excerpt":"La l\u00edder de la Coalici\u00f3n C\u00edvica asegur\u00f3 que decidi\u00f3 postularse para \"garantizar la unidad\" en la principal coalici\u00f3n opositora. Recomend\u00f3 que haya una gran oferta de candidatos a nivel nacional, pero listas unificadas de legisladores. 08 de febrero de 2023 Elisa Carri\u00f3 anunci\u00f3 este mi\u00e9rcoles que ser\u00e1 candidata a Presidente\u2026","rel":"","context":"En \u00abDESTACADAS\u00bb","block_context":{"text":"DESTACADAS","link":"https:\/\/larevistadigital.com.ar\/blog\/category\/destacadas\/"},"img":{"alt_text":"","src":"https:\/\/i0.wp.com\/larevistadigital.com.ar\/blog\/wp-content\/uploads\/566112.png?fit=1200%2C675&ssl=1&resize=350%2C200","width":350,"height":200,"srcset":"https:\/\/i0.wp.com\/larevistadigital.com.ar\/blog\/wp-content\/uploads\/566112.png?fit=1200%2C675&ssl=1&resize=350%2C200 1x, https:\/\/i0.wp.com\/larevistadigital.com.ar\/blog\/wp-content\/uploads\/566112.png?fit=1200%2C675&ssl=1&resize=525%2C300 1.5x, https:\/\/i0.wp.com\/larevistadigital.com.ar\/blog\/wp-content\/uploads\/566112.png?fit=1200%2C675&ssl=1&resize=700%2C400 2x, https:\/\/i0.wp.com\/larevistadigital.com.ar\/blog\/wp-content\/uploads\/566112.png?fit=1200%2C675&ssl=1&resize=1050%2C600 3x"},"classes":[]},{"id":38944,"url":"https:\/\/larevistadigital.com.ar\/blog\/elisa-carrio-la-eterna-candidata-promesas-de-retiro-incumplidas-y-nuevas-ambiciones-politicas\/","url_meta":{"origin":34567,"position":3},"title":"Elisa Carri\u00f3, la eterna candidata: promesas de retiro incumplidas y nuevas ambiciones pol\u00edticas","author":"Alejandro Sosa Ruda","date":"6 marzo, 2025","format":false,"excerpt":"La l\u00edder de la Coalici\u00f3n C\u00edvica vuelve a postularse para diputada tras reiteradas promesas de alejarse de la pol\u00edtica. Cr\u00edtica de Macri, aliada de Macri, cr\u00edtica de Milei: el eterno juego de Lilita. 06 de Marzo de 2025 Elisa Carri\u00f3 anunci\u00f3 una vez m\u00e1s su regreso a la arena pol\u00edtica.\u2026","rel":"","context":"En \u00abINTERES GENERAL\u00bb","block_context":{"text":"INTERES GENERAL","link":"https:\/\/larevistadigital.com.ar\/blog\/category\/interes-general\/"},"img":{"alt_text":"","src":"https:\/\/i0.wp.com\/larevistadigital.com.ar\/blog\/wp-content\/uploads\/lilita.jpg?fit=800%2C600&ssl=1&resize=350%2C200","width":350,"height":200,"srcset":"https:\/\/i0.wp.com\/larevistadigital.com.ar\/blog\/wp-content\/uploads\/lilita.jpg?fit=800%2C600&ssl=1&resize=350%2C200 1x, https:\/\/i0.wp.com\/larevistadigital.com.ar\/blog\/wp-content\/uploads\/lilita.jpg?fit=800%2C600&ssl=1&resize=525%2C300 1.5x, https:\/\/i0.wp.com\/larevistadigital.com.ar\/blog\/wp-content\/uploads\/lilita.jpg?fit=800%2C600&ssl=1&resize=700%2C400 2x"},"classes":[]},{"id":29878,"url":"https:\/\/larevistadigital.com.ar\/blog\/maxi-abad-con-un-estadio-repleto-lanzo-su-candidatura-a-gobernador\/","url_meta":{"origin":34567,"position":4},"title":"MAXI ABAD, CON UN ESTADIO REPLETO, LANZ\u00d3 SU CANDIDATURA A GOBERNADOR","author":"Alejandro Sosa Ruda","date":"21 enero, 2023","format":false,"excerpt":"Una gran cantidad de militantes hist\u00f3ricos y de la Juventud radical, le dieron un gran marco al estadio de Once Unidos: Ernesto Sanz, Daniel Salvador, Gast\u00f3n Manes y Jes\u00fas Rodr\u00edguez, entre otros, acompa\u00f1aron a Abad en el lanzamiento formal de su precandidatura a gobernador bonaerense. 21 de enero de 2023\u2026","rel":"","context":"En \u00abPOLITICA PROVINCIAL\u00bb","block_context":{"text":"POLITICA PROVINCIAL","link":"https:\/\/larevistadigital.com.ar\/blog\/category\/politica\/politica-provincial\/"},"img":{"alt_text":"","src":"https:\/\/i0.wp.com\/larevistadigital.com.ar\/blog\/wp-content\/uploads\/20230121110604_maximiliano-abad-acto-ucr.jpg?fit=880%2C512&ssl=1&resize=350%2C200","width":350,"height":200,"srcset":"https:\/\/i0.wp.com\/larevistadigital.com.ar\/blog\/wp-content\/uploads\/20230121110604_maximiliano-abad-acto-ucr.jpg?fit=880%2C512&ssl=1&resize=350%2C200 1x, https:\/\/i0.wp.com\/larevistadigital.com.ar\/blog\/wp-content\/uploads\/20230121110604_maximiliano-abad-acto-ucr.jpg?fit=880%2C512&ssl=1&resize=525%2C300 1.5x, https:\/\/i0.wp.com\/larevistadigital.com.ar\/blog\/wp-content\/uploads\/20230121110604_maximiliano-abad-acto-ucr.jpg?fit=880%2C512&ssl=1&resize=700%2C400 2x"},"classes":[]},{"id":21408,"url":"https:\/\/larevistadigital.com.ar\/blog\/carrio-compro-quesos-en-chascomus-y-condimentos-en-dolores\/","url_meta":{"origin":34567,"position":5},"title":"CARRI\u00d3 COMPR\u00d3 QUESOS EN CHASCOM\u00daS Y CONDIMENTOS EN DOLORES","author":"Alejandro Sosa Ruda","date":"6 agosto, 2021","format":false,"excerpt":"De\u00a0camino a Pinamar\u00a0la exdiputada nacional por la Coalici\u00f3n C\u00edvica ARI,\u00a0Elisa Carri\u00f3, par\u00f3 en Chascom\u00fas y Dolores para comprar productos regionales.\u00a0 La dirigente opositora al Gobierno public\u00f3 un tuit con un v\u00eddeo en la que se la ve en su auto, sentada en el asiento del acompa\u00f1ante con un queso en\u2026","rel":"","context":"En \u00abINTERES GENERAL\u00bb","block_context":{"text":"INTERES GENERAL","link":"https:\/\/larevistadigital.com.ar\/blog\/category\/interes-general\/"},"img":{"alt_text":"","src":"https:\/\/i0.wp.com\/larevistadigital.com.ar\/blog\/wp-content\/uploads\/ce8af0c5440f4714bd8eba6db8de22cef672fcfe.jpg?fit=1140%2C759&ssl=1&resize=350%2C200","width":350,"height":200,"srcset":"https:\/\/i0.wp.com\/larevistadigital.com.ar\/blog\/wp-content\/uploads\/ce8af0c5440f4714bd8eba6db8de22cef672fcfe.jpg?fit=1140%2C759&ssl=1&resize=350%2C200 1x, https:\/\/i0.wp.com\/larevistadigital.com.ar\/blog\/wp-content\/uploads\/ce8af0c5440f4714bd8eba6db8de22cef672fcfe.jpg?fit=1140%2C759&ssl=1&resize=525%2C300 1.5x, https:\/\/i0.wp.com\/larevistadigital.com.ar\/blog\/wp-content\/uploads\/ce8af0c5440f4714bd8eba6db8de22cef672fcfe.jpg?fit=1140%2C759&ssl=1&resize=700%2C400 2x, https:\/\/i0.wp.com\/larevistadigital.com.ar\/blog\/wp-content\/uploads\/ce8af0c5440f4714bd8eba6db8de22cef672fcfe.jpg?fit=1140%2C759&ssl=1&resize=1050%2C600 3x"},"classes":[]}],"_links":{"self":[{"href":"https:\/\/larevistadigital.com.ar\/blog\/wp-json\/wp\/v2\/posts\/34567","targetHints":{"allow":["GET"]}}],"collection":[{"href":"https:\/\/larevistadigital.com.ar\/blog\/wp-json\/wp\/v2\/posts"}],"about":[{"href":"https:\/\/larevistadigital.com.ar\/blog\/wp-json\/wp\/v2\/types\/post"}],"author":[{"embeddable":true,"href":"https:\/\/larevistadigital.com.ar\/blog\/wp-json\/wp\/v2\/users\/3"}],"replies":[{"embeddable":true,"href":"https:\/\/larevistadigital.com.ar\/blog\/wp-json\/wp\/v2\/comments?post=34567"}],"version-history":[{"count":1,"href":"https:\/\/larevistadigital.com.ar\/blog\/wp-json\/wp\/v2\/posts\/34567\/revisions"}],"predecessor-version":[{"id":34569,"href":"https:\/\/larevistadigital.com.ar\/blog\/wp-json\/wp\/v2\/posts\/34567\/revisions\/34569"}],"wp:featuredmedia":[{"embeddable":true,"href":"https:\/\/larevistadigital.com.ar\/blog\/wp-json\/wp\/v2\/media\/34568"}],"wp:attachment":[{"href":"https:\/\/larevistadigital.com.ar\/blog\/wp-json\/wp\/v2\/media?parent=34567"}],"wp:term":[{"taxonomy":"category","embeddable":true,"href":"https:\/\/larevistadigital.com.ar\/blog\/wp-json\/wp\/v2\/categories?post=34567"},{"taxonomy":"post_tag","embeddable":true,"href":"https:\/\/larevistadigital.com.ar\/blog\/wp-json\/wp\/v2\/tags?post=34567"}],"curies":[{"name":"wp","href":"https:\/\/api.w.org\/{rel}","templated":true}]}}