{"id":34571,"date":"2023-11-20T17:50:59","date_gmt":"2023-11-20T20:50:59","guid":{"rendered":"https:\/\/larevistadigital.com.ar\/blog\/?p=34571"},"modified":"2023-11-20T17:50:59","modified_gmt":"2023-11-20T20:50:59","slug":"los-resultados-de-la-eleccion-en-cada-localidad-en-la-cuenca-del-salado","status":"publish","type":"post","link":"https:\/\/larevistadigital.com.ar\/blog\/los-resultados-de-la-eleccion-en-cada-localidad-en-la-cuenca-del-salado\/","title":{"rendered":"LOS RESULTADOS DE LA ELECCI\u00d3N EN CADA LOCALIDAD EN LA CUENCA DEL SALADO"},"content":{"rendered":"<h2>Ac\u00e1 brindamos los resultados de localidades de la cuenca del Salado.<\/h2>\n<p>20 de Noviembre de 2023<\/p>\n<p><strong>Las Flores<\/strong><br \/>\nMilei 57,93% 9639<br \/>\nMassa 42,6% 7000<br \/>\n<strong>San Miguel del Monte<\/strong><br \/>\nMilei 58,46% 8499<br \/>\nMassa 42,53% 6038<br \/>\n<strong>Gral Belgrano<\/strong><br \/>\nMilei 59,32% 7296<br \/>\nMassa 40,67% 5003<br \/>\n<strong>Gral Paz<\/strong><br \/>\nMilei 53,77% 4884<br \/>\nMassa 46,22% 4198<br \/>\n<strong>Chascom\u00fas<\/strong><br \/>\nMilei 58,66% 15019<br \/>\nMassa 41,33% 10582<br \/>\n<strong>Lezama<\/strong><br \/>\nMilei 60,79% 2262<br \/>\nMassa 39,20% 1459<br \/>\n<strong>Pila<\/strong><br \/>\nMilei 56,83% 1550<br \/>\nMassa 43,16% 1177<br \/>\n<strong>Castelli<\/strong><br \/>\nMilei 55,36% 3392<br \/>\nMassa 44,63% 2735<br \/>\n<strong>Dolores<\/strong><br \/>\nMilei 60,64% 11216<br \/>\nMassa 39,35% 7279<br \/>\n<strong>Tordillo<\/strong><br \/>\nMilei 57,56% 1008<br \/>\nMassa 42,43% 743<\/p>\n","protected":false},"excerpt":{"rendered":"<div class=\"mh-excerpt\"><p>Ac\u00e1 brindamos los resultados de localidades de la cuenca del Salado. 20 de Noviembre de 2023 Las Flores Milei 57,93% 9639 Massa 42,6% 7000 San Miguel del Monte Milei 58,46% 8499 Massa 42,53% 6038 Gral <a class=\"mh-excerpt-more\" href=\"https:\/\/larevistadigital.com.ar\/blog\/los-resultados-de-la-eleccion-en-cada-localidad-en-la-cuenca-del-salado\/\" title=\"LOS RESULTADOS DE LA ELECCI\u00d3N EN CADA LOCALIDAD EN LA CUENCA DEL SALADO\">[Leer M\u00e1s]<\/a><\/p>\n<\/div>","protected":false},"author":3,"featured_media":24075,"comment_status":"open","ping_status":"open","sticky":false,"template":"","format":"standard","meta":{"_jetpack_memberships_contains_paid_content":false,"footnotes":"","jetpack_publicize_message":"","jetpack_publicize_feature_enabled":true,"jetpack_social_post_already_shared":true,"jetpack_social_options":{"image_generator_settings":{"template":"highway","default_image_id":0,"font":"","enabled":false},"version":2}},"categories":[51],"tags":[],"class_list":{"0":"post-34571","1":"post","2":"type-post","3":"status-publish","4":"format-standard","5":"has-post-thumbnail","7":"category-regionales"},"jetpack_publicize_connections":[],"jetpack_featured_media_url":"https:\/\/i0.wp.com\/larevistadigital.com.ar\/blog\/wp-content\/uploads\/elecciones-urna-voto-g20180522-707903.jpg?fit=950%2C534&ssl=1","jetpack_sharing_enabled":true,"jetpack_shortlink":"https:\/\/wp.me\/p8qtrQ-8ZB","jetpack-related-posts":[{"id":34294,"url":"https:\/\/larevistadigital.com.ar\/blog\/el-miercoles-sortearan-los-seis-temas-del-debate-presidencial-entre-massa-y-milei\/","url_meta":{"origin":34571,"position":0},"title":"EL MI\u00c9RCOLES: SORTEAR\u00c1N LOS SEIS TEMAS DEL DEBATE PRESIDENCIAL ENTRE MASSA Y MILEI","author":"Alejandro Sosa Ruda","date":"31 octubre, 2023","format":false,"excerpt":"El encuentro de los candidatos de Uni\u00f3n por la Patria y de La Libertad Avanza ser\u00e1 el pr\u00f3ximo domingo 12 de noviembre, en la Facultad de Derecho de la Universidad de Buenos Aires. 31 de Octubre de 2023 La\u00a0C\u00e1mara Nacional Electoral (CNE) sortear\u00e1 este mi\u00e9rcoles los seis ejes tem\u00e1ticos del\u2026","rel":"","context":"En \u00abPOLITICA\u00bb","block_context":{"text":"POLITICA","link":"https:\/\/larevistadigital.com.ar\/blog\/category\/politica\/"},"img":{"alt_text":"","src":"https:\/\/i0.wp.com\/larevistadigital.com.ar\/blog\/wp-content\/uploads\/651a0fc099ab1_1200.jpg?fit=1200%2C675&ssl=1&resize=350%2C200","width":350,"height":200,"srcset":"https:\/\/i0.wp.com\/larevistadigital.com.ar\/blog\/wp-content\/uploads\/651a0fc099ab1_1200.jpg?fit=1200%2C675&ssl=1&resize=350%2C200 1x, https:\/\/i0.wp.com\/larevistadigital.com.ar\/blog\/wp-content\/uploads\/651a0fc099ab1_1200.jpg?fit=1200%2C675&ssl=1&resize=525%2C300 1.5x, https:\/\/i0.wp.com\/larevistadigital.com.ar\/blog\/wp-content\/uploads\/651a0fc099ab1_1200.jpg?fit=1200%2C675&ssl=1&resize=700%2C400 2x, https:\/\/i0.wp.com\/larevistadigital.com.ar\/blog\/wp-content\/uploads\/651a0fc099ab1_1200.jpg?fit=1200%2C675&ssl=1&resize=1050%2C600 3x"},"classes":[]},{"id":32962,"url":"https:\/\/larevistadigital.com.ar\/blog\/massa-convocara-a-un-gobierno-de-unidad-con-radicales-y-peronistas-que-estan-en-el-pro\/","url_meta":{"origin":34571,"position":1},"title":"MASSA CONVOCAR\u00c1 A UN GOBIERNO DE UNIDAD CON RADICALES Y PERONISTAS QUE EST\u00c1N EN EL PRO","author":"Alejandro Sosa Ruda","date":"21 agosto, 2023","format":false,"excerpt":"El candidato a presidente y ministro de Econom\u00eda advirti\u00f3 que \"cuando se vota a presidente se vota a personas, no a la suma de las fuerzas pol\u00edticas\" e invit\u00f3 a \"compartir el sue\u00f1o de los que votaron a Grabois, a Horacio y que no comparten la idea del todo o\u2026","rel":"","context":"En \u00abINTERES GENERAL\u00bb","block_context":{"text":"INTERES GENERAL","link":"https:\/\/larevistadigital.com.ar\/blog\/category\/interes-general\/"},"img":{"alt_text":"","src":"https:\/\/i0.wp.com\/larevistadigital.com.ar\/blog\/wp-content\/uploads\/64d3dbd66b37e_1200.jpg?fit=1200%2C675&ssl=1&resize=350%2C200","width":350,"height":200,"srcset":"https:\/\/i0.wp.com\/larevistadigital.com.ar\/blog\/wp-content\/uploads\/64d3dbd66b37e_1200.jpg?fit=1200%2C675&ssl=1&resize=350%2C200 1x, https:\/\/i0.wp.com\/larevistadigital.com.ar\/blog\/wp-content\/uploads\/64d3dbd66b37e_1200.jpg?fit=1200%2C675&ssl=1&resize=525%2C300 1.5x, https:\/\/i0.wp.com\/larevistadigital.com.ar\/blog\/wp-content\/uploads\/64d3dbd66b37e_1200.jpg?fit=1200%2C675&ssl=1&resize=700%2C400 2x, https:\/\/i0.wp.com\/larevistadigital.com.ar\/blog\/wp-content\/uploads\/64d3dbd66b37e_1200.jpg?fit=1200%2C675&ssl=1&resize=1050%2C600 3x"},"classes":[]},{"id":34264,"url":"https:\/\/larevistadigital.com.ar\/blog\/massa-presentara-sus-propuestas-a-la-union-industrial-argentina\/","url_meta":{"origin":34571,"position":2},"title":"MASSA PRESENTAR\u00c1 SUS PROPUESTAS A LA UNI\u00d3N INDUSTRIAL ARGENTINA","author":"Alejandro Sosa Ruda","date":"31 octubre, 2023","format":false,"excerpt":"Ser\u00e1 en un encuentro donde el candidato a presidente por Uni\u00f3n por la Patria presentar\u00e1 una agenda productiva. En los pr\u00f3ximos d\u00edas, las autoridades de la UIA conf\u00edan tener una reuni\u00f3n similar con Javier Milei. 31 de Octubre de 2023 Ma\u00f1ana martes, el ministro de Econom\u00eda y candidato presidencial de\u2026","rel":"","context":"En \u00abINTERES GENERAL\u00bb","block_context":{"text":"INTERES GENERAL","link":"https:\/\/larevistadigital.com.ar\/blog\/category\/interes-general\/"},"img":{"alt_text":"","src":"https:\/\/i0.wp.com\/larevistadigital.com.ar\/blog\/wp-content\/uploads\/massa.png?fit=790%2C442&ssl=1&resize=350%2C200","width":350,"height":200,"srcset":"https:\/\/i0.wp.com\/larevistadigital.com.ar\/blog\/wp-content\/uploads\/massa.png?fit=790%2C442&ssl=1&resize=350%2C200 1x, https:\/\/i0.wp.com\/larevistadigital.com.ar\/blog\/wp-content\/uploads\/massa.png?fit=790%2C442&ssl=1&resize=525%2C300 1.5x, https:\/\/i0.wp.com\/larevistadigital.com.ar\/blog\/wp-content\/uploads\/massa.png?fit=790%2C442&ssl=1&resize=700%2C400 2x"},"classes":[]},{"id":33248,"url":"https:\/\/larevistadigital.com.ar\/blog\/kicillof-ni-bullrich-ni-milei-van-a-resolver-un-solo-problema\/","url_meta":{"origin":34571,"position":3},"title":"KICILLOF: \u00abNI BULLRICH NI MILEI VAN A RESOLVER UN SOLO PROBLEMA\u00bb","author":"Alejandro Sosa Ruda","date":"3 septiembre, 2023","format":false,"excerpt":"\"La derecha tiene dos candidatos pero un solo proyecto, que es quitar derechos\", dijo el Gobernador a trav\u00e9s de\u00a0sus redes sociales. 03 de septiembre de 2023 El gobernador bonaerense,\u00a0Axel Kicillof, advirti\u00f3 este domingo que los candidatos presidenciales opositores,\u00a0Patricia Bullrich\u00a0y\u00a0Javier Milei,\u00a0\"no van a resolver un solo problema\", por lo que el\u2026","rel":"","context":"En \u00abPOLITICA PROVINCIAL\u00bb","block_context":{"text":"POLITICA PROVINCIAL","link":"https:\/\/larevistadigital.com.ar\/blog\/category\/politica\/politica-provincial\/"},"img":{"alt_text":"","src":"https:\/\/i0.wp.com\/larevistadigital.com.ar\/blog\/wp-content\/uploads\/1693770149328.jpeg?fit=1200%2C594&ssl=1&resize=350%2C200","width":350,"height":200,"srcset":"https:\/\/i0.wp.com\/larevistadigital.com.ar\/blog\/wp-content\/uploads\/1693770149328.jpeg?fit=1200%2C594&ssl=1&resize=350%2C200 1x, https:\/\/i0.wp.com\/larevistadigital.com.ar\/blog\/wp-content\/uploads\/1693770149328.jpeg?fit=1200%2C594&ssl=1&resize=525%2C300 1.5x, https:\/\/i0.wp.com\/larevistadigital.com.ar\/blog\/wp-content\/uploads\/1693770149328.jpeg?fit=1200%2C594&ssl=1&resize=700%2C400 2x, https:\/\/i0.wp.com\/larevistadigital.com.ar\/blog\/wp-content\/uploads\/1693770149328.jpeg?fit=1200%2C594&ssl=1&resize=1050%2C600 3x"},"classes":[]},{"id":34203,"url":"https:\/\/larevistadigital.com.ar\/blog\/sanz-advierte-una-ruptura-de-jxc-si-el-pro-decide-apoyar-a-javier-milei\/","url_meta":{"origin":34571,"position":4},"title":"SANZ ADVIERTE UNA RUPTURA DE JXC SI EL PRO DECIDE APOYAR A JAVIER MILEI","author":"Alejandro Sosa Ruda","date":"25 octubre, 2023","format":false,"excerpt":"\u201cSi las partes empiezan a decidir cosas diferentes, es obvio que se rompe; las coaliciones viven los que sus miembros quieren, no viven eternamente\u201d, dijo el ex titular de la UCR, 25 de Octubre de 2023 Ernesto Sanz, destacado ex senador y ex presidente de la Uni\u00f3n C\u00edvica Radical (UCR),\u2026","rel":"","context":"En \u00abINTERES GENERAL\u00bb","block_context":{"text":"INTERES GENERAL","link":"https:\/\/larevistadigital.com.ar\/blog\/category\/interes-general\/"},"img":{"alt_text":"","src":"https:\/\/i0.wp.com\/larevistadigital.com.ar\/blog\/wp-content\/uploads\/Captura-de-pantalla-2023-10-25-112931.png?fit=797%2C501&ssl=1&resize=350%2C200","width":350,"height":200,"srcset":"https:\/\/i0.wp.com\/larevistadigital.com.ar\/blog\/wp-content\/uploads\/Captura-de-pantalla-2023-10-25-112931.png?fit=797%2C501&ssl=1&resize=350%2C200 1x, https:\/\/i0.wp.com\/larevistadigital.com.ar\/blog\/wp-content\/uploads\/Captura-de-pantalla-2023-10-25-112931.png?fit=797%2C501&ssl=1&resize=525%2C300 1.5x, https:\/\/i0.wp.com\/larevistadigital.com.ar\/blog\/wp-content\/uploads\/Captura-de-pantalla-2023-10-25-112931.png?fit=797%2C501&ssl=1&resize=700%2C400 2x"},"classes":[]},{"id":34563,"url":"https:\/\/larevistadigital.com.ar\/blog\/javier-milei-es-el-nuevo-presidente-de-la-argentina\/","url_meta":{"origin":34571,"position":5},"title":"JAVIER MILEI ES EL NUEVO PRESIDENTE DE LA ARGENTINA","author":"Alejandro Sosa Ruda","date":"20 noviembre, 2023","format":false,"excerpt":"Gan\u00f3 el balotaje y se transform\u00f3 en el nuevo presidente electo. 20 de Noviembre de 2023 El candidato presidencial de La Libertad Avanza (LLA), Javier Milei, se impuso con el 55,95 por ciento de los votos sobre el postulante de Uni\u00f3n por la Patria (UXP), Sergio Massa quien obtuvo el\u2026","rel":"","context":"En \u00abDESTACADAS\u00bb","block_context":{"text":"DESTACADAS","link":"https:\/\/larevistadigital.com.ar\/blog\/category\/destacadas\/"},"img":{"alt_text":"","src":"https:\/\/i0.wp.com\/larevistadigital.com.ar\/blog\/wp-content\/uploads\/Captura-de-pantalla-2023-11-20-132400.png?fit=1070%2C485&ssl=1&resize=350%2C200","width":350,"height":200,"srcset":"https:\/\/i0.wp.com\/larevistadigital.com.ar\/blog\/wp-content\/uploads\/Captura-de-pantalla-2023-11-20-132400.png?fit=1070%2C485&ssl=1&resize=350%2C200 1x, https:\/\/i0.wp.com\/larevistadigital.com.ar\/blog\/wp-content\/uploads\/Captura-de-pantalla-2023-11-20-132400.png?fit=1070%2C485&ssl=1&resize=525%2C300 1.5x, https:\/\/i0.wp.com\/larevistadigital.com.ar\/blog\/wp-content\/uploads\/Captura-de-pantalla-2023-11-20-132400.png?fit=1070%2C485&ssl=1&resize=700%2C400 2x, https:\/\/i0.wp.com\/larevistadigital.com.ar\/blog\/wp-content\/uploads\/Captura-de-pantalla-2023-11-20-132400.png?fit=1070%2C485&ssl=1&resize=1050%2C600 3x"},"classes":[]}],"_links":{"self":[{"href":"https:\/\/larevistadigital.com.ar\/blog\/wp-json\/wp\/v2\/posts\/34571","targetHints":{"allow":["GET"]}}],"collection":[{"href":"https:\/\/larevistadigital.com.ar\/blog\/wp-json\/wp\/v2\/posts"}],"about":[{"href":"https:\/\/larevistadigital.com.ar\/blog\/wp-json\/wp\/v2\/types\/post"}],"author":[{"embeddable":true,"href":"https:\/\/larevistadigital.com.ar\/blog\/wp-json\/wp\/v2\/users\/3"}],"replies":[{"embeddable":true,"href":"https:\/\/larevistadigital.com.ar\/blog\/wp-json\/wp\/v2\/comments?post=34571"}],"version-history":[{"count":1,"href":"https:\/\/larevistadigital.com.ar\/blog\/wp-json\/wp\/v2\/posts\/34571\/revisions"}],"predecessor-version":[{"id":34572,"href":"https:\/\/larevistadigital.com.ar\/blog\/wp-json\/wp\/v2\/posts\/34571\/revisions\/34572"}],"wp:featuredmedia":[{"embeddable":true,"href":"https:\/\/larevistadigital.com.ar\/blog\/wp-json\/wp\/v2\/media\/24075"}],"wp:attachment":[{"href":"https:\/\/larevistadigital.com.ar\/blog\/wp-json\/wp\/v2\/media?parent=34571"}],"wp:term":[{"taxonomy":"category","embeddable":true,"href":"https:\/\/larevistadigital.com.ar\/blog\/wp-json\/wp\/v2\/categories?post=34571"},{"taxonomy":"post_tag","embeddable":true,"href":"https:\/\/larevistadigital.com.ar\/blog\/wp-json\/wp\/v2\/tags?post=34571"}],"curies":[{"name":"wp","href":"https:\/\/api.w.org\/{rel}","templated":true}]}}