{"id":34573,"date":"2023-11-20T18:36:18","date_gmt":"2023-11-20T21:36:18","guid":{"rendered":"https:\/\/larevistadigital.com.ar\/blog\/?p=34573"},"modified":"2023-11-20T18:36:18","modified_gmt":"2023-11-20T21:36:18","slug":"milei-privatizaciones-y-derogacion-de-la-ley-de-alquileres","status":"publish","type":"post","link":"https:\/\/larevistadigital.com.ar\/blog\/milei-privatizaciones-y-derogacion-de-la-ley-de-alquileres\/","title":{"rendered":"MILEI: PRIVATIZACIONES Y DEROGACI\u00d3N DE LA LEY DE ALQUILERES"},"content":{"rendered":"<h2 class=\"nota__hero__summary\">Buscar\u00e1 que dejen de ser estatales la petrolera YPF, la TV P\u00fablica, Radio Nacional y T\u00e9lam.<\/h2>\n<p>20 de Noviembre de 2023<\/p>\n<div class=\"flex-1 overflow-hidden\">\n<div class=\"react-scroll-to-bottom--css-bvmlc-79elbk h-full\">\n<div class=\"react-scroll-to-bottom--css-bvmlc-1n7m0yu\">\n<div class=\"flex flex-col text-sm gizmo:pb-9 dark:bg-gray-800 gizmo:dark:bg-transparent\">\n<div class=\"w-full text-token-text-primary border-b border-black\/10 gizmo:border-0 dark:border-gray-900\/50 gizmo:dark:border-0 bg-gray-50 gizmo:bg-transparent dark:bg-[#444654] gizmo:dark:bg-transparent\" data-testid=\"conversation-turn-9\">\n<div class=\"p-4 gizmo:py-2 justify-center text-base md:gap-6 md:py-6 m-auto\">\n<div class=\"flex flex-1 gap-4 text-base mx-auto md:gap-6 gizmo:gap-3 gizmo:md:px-5 gizmo:lg:px-1 gizmo:xl:px-5 md:max-w-2xl lg:max-w-[38rem] gizmo:md:max-w-3xl gizmo:lg:max-w-[40rem] gizmo:xl:max-w-[48rem] xl:max-w-3xl } group final-completion\">\n<div class=\"relative flex w-[calc(100%-50px)] flex-col gizmo:w-full lg:w-[calc(100%-115px)] agent-turn\">\n<div class=\"flex-col gap-1 md:gap-3\">\n<div class=\"flex flex-grow flex-col max-w-full gap-3 gizmo:gap-0\">\n<div class=\"min-h-[20px] text-message flex flex-col items-start gap-3 whitespace-pre-wrap break-words [.text-message+&amp;]:mt-5 overflow-x-auto\" data-message-author-role=\"assistant\" data-message-id=\"cab46152-d7b0-4e77-8e5b-df964d02dd19\">\n<div class=\"markdown prose w-full break-words dark:prose-invert dark\">\n<p>El reci\u00e9n elegido presidente, <strong>Javier Milei<\/strong>, sorprendi\u00f3 este lunes al ratificar sus planes para impulsar cambios en Argentina. Entre sus propuestas m\u00e1s destacadas, se\u00f1al\u00f3 su intenci\u00f3n de privatizar importantes entidades, como la petrolera YPF, la TV p\u00fablica, Radio Nacional y Telam.<\/p>\n<p>En relaci\u00f3n a YPF, <strong>Milei<\/strong> critic\u00f3 la estatizaci\u00f3n previa y abog\u00f3 por una reestructuraci\u00f3n antes de su eventual venta.<em><strong> \u00abEn la transici\u00f3n hacia una nueva pol\u00edtica energ\u00e9tica, YPF y Enarsa desempe\u00f1ar\u00e1n un papel clave. Mientras se optimizan estas estructuras, se buscar\u00e1 agregar valor para beneficiar a los argentinos en una futura venta\u00bb<\/strong><\/em>, expres\u00f3 el presidente electo.<\/p>\n<blockquote>\n<h3>En una entrevista en Radio Mitre, Milei cuestion\u00f3 el papel actual de la TV P\u00fablica, calific\u00e1ndola como un \u00abmecanismo de propaganda\u00bb. Afirm\u00f3 que su gobierno buscar\u00e1 la privatizaci\u00f3n no solo de la TV P\u00fablica, sino tambi\u00e9n de Radio Nacional y Telam, argumentando que el sector privado puede gestionar de manera m\u00e1s eficiente estos medios.<\/h3>\n<\/blockquote>\n<p>En cuanto a la pol\u00e9mica Ley de Alquileres, <strong>Milei<\/strong> fue contundente al se\u00f1alar la necesidad de derogarla. Para \u00e9l, esta ley ha generado m\u00e1s perjuicios que beneficios y ha propuesto una visi\u00f3n m\u00e1s flexible de los contratos de alquiler, permitiendo que se pacten \u00aben cualquier moneda\u00bb. En sus palabras, <em><strong>\u00abla libertad monetaria es una de las \u00e1reas en las que buscamos avanzar\u00bb.<\/strong><\/em><\/p>\n<p>Estas declaraciones reflejan la firme postura del presidente electo en su b\u00fasqueda de reformas significativas en diversos sectores, marcando el comienzo de una nueva etapa en la pol\u00edtica argentina.<\/p>\n<\/div>\n<\/div>\n<\/div>\n<div class=\"flex justify-between empty:hidden gizmo:mt-1 gizmo:justify-start gizmo:gap-3 lg:block gizmo:lg:flex\">\n<div class=\"text-gray-400 flex self-end lg:self-center justify-center gizmo:lg:justify-start mt-2 gizmo:mt-0 visible gap-1\"><button class=\"flex ml-auto gizmo:ml-0 gap-1 items-center rounded-md p-1 text-xs gizmo:gap-1.5 gizmo:pl-0 dark:text-gray-400 dark:hover:text-gray-200 disabled:dark:hover:text-gray-400 hover:text-gray-950 md:invisible md:group-hover:visible md:group-[.final-completion]:visible\"><\/button><\/p>\n<div class=\"flex gap-1\"><\/div>\n<div class=\"flex items-center gap-1.5 text-xs\"><\/div>\n<\/div>\n<\/div>\n<\/div>\n<\/div>\n<\/div>\n<\/div>\n<\/div>\n<\/div>\n<\/div>\n<\/div>\n<\/div>\n<div class=\"w-full pt-2 md:pt-0 border-t md:border-t-0 gizmo:border-t-0 dark:border-white\/20 md:border-transparent md:dark:border-transparent md:pl-2 gizmo:pl-0 gizmo:md:pl-0 md:w-[calc(100%-.5rem)]\">\n<div class=\"relative flex h-full flex-1 items-stretch md:flex-col\">\n<div class=\"flex w-full items-center\"><\/div>\n<\/div>\n<\/div>\n","protected":false},"excerpt":{"rendered":"<div class=\"mh-excerpt\"><p>Buscar\u00e1 que dejen de ser estatales la petrolera YPF, la TV P\u00fablica, Radio Nacional y T\u00e9lam. 20 de Noviembre de 2023 El reci\u00e9n elegido presidente, Javier Milei, sorprendi\u00f3 este lunes al ratificar sus planes para <a class=\"mh-excerpt-more\" href=\"https:\/\/larevistadigital.com.ar\/blog\/milei-privatizaciones-y-derogacion-de-la-ley-de-alquileres\/\" title=\"MILEI: PRIVATIZACIONES Y DEROGACI\u00d3N DE LA LEY DE ALQUILERES\">[Leer M\u00e1s]<\/a><\/p>\n<\/div>","protected":false},"author":3,"featured_media":34574,"comment_status":"open","ping_status":"open","sticky":false,"template":"","format":"standard","meta":{"_jetpack_memberships_contains_paid_content":false,"footnotes":"","jetpack_publicize_message":"","jetpack_publicize_feature_enabled":true,"jetpack_social_post_already_shared":true,"jetpack_social_options":{"image_generator_settings":{"template":"highway","default_image_id":0,"font":"","enabled":false},"version":2}},"categories":[50],"tags":[],"class_list":{"0":"post-34573","1":"post","2":"type-post","3":"status-publish","4":"format-standard","5":"has-post-thumbnail","7":"category-interes-general"},"jetpack_publicize_connections":[],"jetpack_featured_media_url":"https:\/\/i0.wp.com\/larevistadigital.com.ar\/blog\/wp-content\/uploads\/c89b685835069c69b701cbd57e63ffcd4eb680a3.jpg?fit=1140%2C760&ssl=1","jetpack_sharing_enabled":true,"jetpack_shortlink":"https:\/\/wp.me\/p8qtrQ-8ZD","jetpack-related-posts":[],"_links":{"self":[{"href":"https:\/\/larevistadigital.com.ar\/blog\/wp-json\/wp\/v2\/posts\/34573","targetHints":{"allow":["GET"]}}],"collection":[{"href":"https:\/\/larevistadigital.com.ar\/blog\/wp-json\/wp\/v2\/posts"}],"about":[{"href":"https:\/\/larevistadigital.com.ar\/blog\/wp-json\/wp\/v2\/types\/post"}],"author":[{"embeddable":true,"href":"https:\/\/larevistadigital.com.ar\/blog\/wp-json\/wp\/v2\/users\/3"}],"replies":[{"embeddable":true,"href":"https:\/\/larevistadigital.com.ar\/blog\/wp-json\/wp\/v2\/comments?post=34573"}],"version-history":[{"count":1,"href":"https:\/\/larevistadigital.com.ar\/blog\/wp-json\/wp\/v2\/posts\/34573\/revisions"}],"predecessor-version":[{"id":34575,"href":"https:\/\/larevistadigital.com.ar\/blog\/wp-json\/wp\/v2\/posts\/34573\/revisions\/34575"}],"wp:featuredmedia":[{"embeddable":true,"href":"https:\/\/larevistadigital.com.ar\/blog\/wp-json\/wp\/v2\/media\/34574"}],"wp:attachment":[{"href":"https:\/\/larevistadigital.com.ar\/blog\/wp-json\/wp\/v2\/media?parent=34573"}],"wp:term":[{"taxonomy":"category","embeddable":true,"href":"https:\/\/larevistadigital.com.ar\/blog\/wp-json\/wp\/v2\/categories?post=34573"},{"taxonomy":"post_tag","embeddable":true,"href":"https:\/\/larevistadigital.com.ar\/blog\/wp-json\/wp\/v2\/tags?post=34573"}],"curies":[{"name":"wp","href":"https:\/\/api.w.org\/{rel}","templated":true}]}}