{"id":34587,"date":"2023-11-21T14:11:56","date_gmt":"2023-11-21T17:11:56","guid":{"rendered":"https:\/\/larevistadigital.com.ar\/blog\/?p=34587"},"modified":"2023-11-21T14:11:56","modified_gmt":"2023-11-21T17:11:56","slug":"desmanejos-en-el-hogar-de-ancianos-la-ucr-presento-un-proyecto-de-comunicacion-por-las-irregularidades","status":"publish","type":"post","link":"https:\/\/larevistadigital.com.ar\/blog\/desmanejos-en-el-hogar-de-ancianos-la-ucr-presento-un-proyecto-de-comunicacion-por-las-irregularidades\/","title":{"rendered":"DESMANEJOS EN EL HOGAR DE ANCIANOS: LA UCR PRESENT\u00d3 UN PROYECTO DE COMUNICACI\u00d3N POR LAS IRREGULARIDADES"},"content":{"rendered":"<h2>Se present\u00f3 una comunicaci\u00f3n por las irregularidades en el Hogar Municipal de Ancianos, aunque curiosamente no se incluye el tema de la pol\u00edtica de algunos jefes de favorecer a algunos empleados.<\/h2>\n<p>21 de Noviembre de 2023<\/p>\n<p><strong>CHASCOM\u00daS &#8211;<\/strong>\u00a0 Luego que se hiciera p\u00fablico el reclamo de empleados y familiares de los internos del Hogar Municipal de Ancianos, que publicamos en primicia, los concejales de la Uni\u00f3n C\u00edvica Radical presentaron un proyecto de comunicaci\u00f3n, abordando el tema,<\/p>\n<blockquote>\n<h3>As\u00ed, la lamentable situaci\u00f3n que no contempl\u00f3 el \u00e1rea competente del municipio ser\u00e1 debatida en el Concejo Deliberante proximamente.<\/h3>\n<\/blockquote>\n<p>Nos preguntamos si alcanzara con esto para que el departamento ejecutivo termine con quienes cobran sueldos en el Municipio y no cumplen con el horario, o directamente no van y tienen otro trabajo , <strong>\u00bfo seguiran contando con la proteccion de algun funcionario del Ejecutivo.?<\/strong><\/p>\n<blockquote>\n<h3>Esperemos que en la sesi\u00f3n del concejo, de la que estaremos atentos, algun concejal aborde esta situaci\u00f3n que es la que l\u00f3gicamente m\u00e1s ha molestado a los trabajadores del lugar. Estos desmanejos de las autoridades, solo han provocado el enfrentamiento entre empleados por situaciones totalmente injustas.<\/h3>\n<\/blockquote>\n<p>Va siendo hora que desde el concejo, se enfrenten estos temas que son un justo reclamo de los trabajadores que en definitiva son quienes votan a sus representantes. Es la mejor manera de honrar el mandato popular que los puso en ese lugar llamado Concejo Deliberante.<\/p>\n<p><strong>LA COMUNICACI\u00d3N<\/strong><\/p>\n<p><img data-recalc-dims=\"1\" loading=\"lazy\" decoding=\"async\" class=\"alignnone size-full wp-image-34583\" src=\"https:\/\/i0.wp.com\/larevistadigital.com.ar\/blog\/wp-content\/uploads\/b049bb1758300f90cca0dba1b27b30bc-01.jpg?resize=1654%2C2339&#038;ssl=1\" alt=\"\" width=\"1654\" height=\"2339\" srcset=\"https:\/\/i0.wp.com\/larevistadigital.com.ar\/blog\/wp-content\/uploads\/b049bb1758300f90cca0dba1b27b30bc-01.jpg?w=1654&amp;ssl=1 1654w, https:\/\/i0.wp.com\/larevistadigital.com.ar\/blog\/wp-content\/uploads\/b049bb1758300f90cca0dba1b27b30bc-01.jpg?resize=212%2C300&amp;ssl=1 212w, https:\/\/i0.wp.com\/larevistadigital.com.ar\/blog\/wp-content\/uploads\/b049bb1758300f90cca0dba1b27b30bc-01.jpg?resize=724%2C1024&amp;ssl=1 724w, https:\/\/i0.wp.com\/larevistadigital.com.ar\/blog\/wp-content\/uploads\/b049bb1758300f90cca0dba1b27b30bc-01.jpg?resize=768%2C1086&amp;ssl=1 768w, https:\/\/i0.wp.com\/larevistadigital.com.ar\/blog\/wp-content\/uploads\/b049bb1758300f90cca0dba1b27b30bc-01.jpg?resize=1086%2C1536&amp;ssl=1 1086w, https:\/\/i0.wp.com\/larevistadigital.com.ar\/blog\/wp-content\/uploads\/b049bb1758300f90cca0dba1b27b30bc-01.jpg?resize=1448%2C2048&amp;ssl=1 1448w\" sizes=\"auto, (max-width: 1000px) 100vw, 1000px\" \/><img data-recalc-dims=\"1\" loading=\"lazy\" decoding=\"async\" class=\"alignnone size-full wp-image-34584\" src=\"https:\/\/i0.wp.com\/larevistadigital.com.ar\/blog\/wp-content\/uploads\/b049bb1758300f90cca0dba1b27b30bc-11.jpg?resize=1654%2C2339&#038;ssl=1\" alt=\"\" width=\"1654\" height=\"2339\" srcset=\"https:\/\/i0.wp.com\/larevistadigital.com.ar\/blog\/wp-content\/uploads\/b049bb1758300f90cca0dba1b27b30bc-11.jpg?w=1654&amp;ssl=1 1654w, https:\/\/i0.wp.com\/larevistadigital.com.ar\/blog\/wp-content\/uploads\/b049bb1758300f90cca0dba1b27b30bc-11.jpg?resize=212%2C300&amp;ssl=1 212w, https:\/\/i0.wp.com\/larevistadigital.com.ar\/blog\/wp-content\/uploads\/b049bb1758300f90cca0dba1b27b30bc-11.jpg?resize=724%2C1024&amp;ssl=1 724w, https:\/\/i0.wp.com\/larevistadigital.com.ar\/blog\/wp-content\/uploads\/b049bb1758300f90cca0dba1b27b30bc-11.jpg?resize=768%2C1086&amp;ssl=1 768w, https:\/\/i0.wp.com\/larevistadigital.com.ar\/blog\/wp-content\/uploads\/b049bb1758300f90cca0dba1b27b30bc-11.jpg?resize=1086%2C1536&amp;ssl=1 1086w, https:\/\/i0.wp.com\/larevistadigital.com.ar\/blog\/wp-content\/uploads\/b049bb1758300f90cca0dba1b27b30bc-11.jpg?resize=1448%2C2048&amp;ssl=1 1448w\" sizes=\"auto, (max-width: 1000px) 100vw, 1000px\" \/><\/p>\n<p><img data-recalc-dims=\"1\" loading=\"lazy\" decoding=\"async\" class=\"alignnone size-full wp-image-34585\" src=\"https:\/\/i0.wp.com\/larevistadigital.com.ar\/blog\/wp-content\/uploads\/b049bb1758300f90cca0dba1b27b30bc-21.jpg?resize=1654%2C2339&#038;ssl=1\" alt=\"\" width=\"1654\" height=\"2339\" srcset=\"https:\/\/i0.wp.com\/larevistadigital.com.ar\/blog\/wp-content\/uploads\/b049bb1758300f90cca0dba1b27b30bc-21.jpg?w=1654&amp;ssl=1 1654w, https:\/\/i0.wp.com\/larevistadigital.com.ar\/blog\/wp-content\/uploads\/b049bb1758300f90cca0dba1b27b30bc-21.jpg?resize=212%2C300&amp;ssl=1 212w, https:\/\/i0.wp.com\/larevistadigital.com.ar\/blog\/wp-content\/uploads\/b049bb1758300f90cca0dba1b27b30bc-21.jpg?resize=724%2C1024&amp;ssl=1 724w, https:\/\/i0.wp.com\/larevistadigital.com.ar\/blog\/wp-content\/uploads\/b049bb1758300f90cca0dba1b27b30bc-21.jpg?resize=768%2C1086&amp;ssl=1 768w, https:\/\/i0.wp.com\/larevistadigital.com.ar\/blog\/wp-content\/uploads\/b049bb1758300f90cca0dba1b27b30bc-21.jpg?resize=1086%2C1536&amp;ssl=1 1086w, https:\/\/i0.wp.com\/larevistadigital.com.ar\/blog\/wp-content\/uploads\/b049bb1758300f90cca0dba1b27b30bc-21.jpg?resize=1448%2C2048&amp;ssl=1 1448w\" sizes=\"auto, (max-width: 1000px) 100vw, 1000px\" \/><\/p>\n","protected":false},"excerpt":{"rendered":"<div class=\"mh-excerpt\"><p>Se present\u00f3 una comunicaci\u00f3n por las irregularidades en el Hogar Municipal de Ancianos, aunque curiosamente no se incluye el tema de la pol\u00edtica de algunos jefes de favorecer a algunos empleados. 21 de Noviembre de <a class=\"mh-excerpt-more\" href=\"https:\/\/larevistadigital.com.ar\/blog\/desmanejos-en-el-hogar-de-ancianos-la-ucr-presento-un-proyecto-de-comunicacion-por-las-irregularidades\/\" title=\"DESMANEJOS EN EL HOGAR DE ANCIANOS: LA UCR PRESENT\u00d3 UN PROYECTO DE COMUNICACI\u00d3N POR LAS IRREGULARIDADES\">[Leer M\u00e1s]<\/a><\/p>\n<\/div>","protected":false},"author":3,"featured_media":5212,"comment_status":"open","ping_status":"open","sticky":false,"template":"","format":"standard","meta":{"_jetpack_memberships_contains_paid_content":false,"footnotes":"","jetpack_publicize_message":"","jetpack_publicize_feature_enabled":true,"jetpack_social_post_already_shared":true,"jetpack_social_options":{"image_generator_settings":{"template":"highway","default_image_id":0,"font":"","enabled":false},"version":2}},"categories":[41,23],"tags":[],"class_list":{"0":"post-34587","1":"post","2":"type-post","3":"status-publish","4":"format-standard","5":"has-post-thumbnail","7":"category-destacadas","8":"category-politica-local"},"jetpack_publicize_connections":[],"jetpack_featured_media_url":"https:\/\/i0.wp.com\/larevistadigital.com.ar\/blog\/wp-content\/uploads\/2018\/03\/449787492_1_concejo-chascomus.jpg?fit=825%2C490&ssl=1","jetpack_sharing_enabled":true,"jetpack_shortlink":"https:\/\/wp.me\/p8qtrQ-8ZR","jetpack-related-posts":[{"id":34556,"url":"https:\/\/larevistadigital.com.ar\/blog\/denuncian-lamentable-y-preocupante-realidad-en-el-hogar-municipal-de-ancianos\/","url_meta":{"origin":34587,"position":0},"title":"DENUNCIAN LAMENTABLE Y PREOCUPANTE REALIDAD EN EL HOGAR MUNICIPAL DE ANCIANOS","author":"Alejandro Sosa Ruda","date":"17 noviembre, 2023","format":false,"excerpt":"Un lugar que supo ser de excelencia, hoy se ve afectado por distintas irregularidades que han deteriorado seriamente su funcionamiento y son preocupaci\u00f3n para las familias de los abuelos que all\u00ed viven. 17 de Noviembre de 2023 CHASCOM\u00daS -\u00a0 Hoy el grupo de prensa de chascom\u00fas y la zona, tomamos\u2026","rel":"","context":"En \u00abDESTACADAS\u00bb","block_context":{"text":"DESTACADAS","link":"https:\/\/larevistadigital.com.ar\/blog\/category\/destacadas\/"},"img":{"alt_text":"","src":"https:\/\/i0.wp.com\/larevistadigital.com.ar\/blog\/wp-content\/uploads\/hogar-elfuerte31demayode2020.jpg?fit=737%2C415&ssl=1&resize=350%2C200","width":350,"height":200,"srcset":"https:\/\/i0.wp.com\/larevistadigital.com.ar\/blog\/wp-content\/uploads\/hogar-elfuerte31demayode2020.jpg?fit=737%2C415&ssl=1&resize=350%2C200 1x, https:\/\/i0.wp.com\/larevistadigital.com.ar\/blog\/wp-content\/uploads\/hogar-elfuerte31demayode2020.jpg?fit=737%2C415&ssl=1&resize=525%2C300 1.5x, https:\/\/i0.wp.com\/larevistadigital.com.ar\/blog\/wp-content\/uploads\/hogar-elfuerte31demayode2020.jpg?fit=737%2C415&ssl=1&resize=700%2C400 2x"},"classes":[]},{"id":5317,"url":"https:\/\/larevistadigital.com.ar\/blog\/hogar-de-ancianos-ministerio-de-salud-aprobo-las-obras-realizadas\/","url_meta":{"origin":34587,"position":1},"title":"HOGAR DE ANCIANOS: MINISTERIO DE SALUD APROB\u00d3 LAS OBRAS REALIZADAS","author":"admin","date":"29 marzo, 2018","format":false,"excerpt":"Esta ma\u00f1ana inspectores del Ministerio de Salud de la Provincia de Buenos Aires realizaron una recorrida por el Hogar de Ancianos de Castelli con el fin de certificar las obras realizadas. Los agentes certificaron las refacciones y ampliaciones y las evaluaron de forma positiva, permitiendo su aprobaci\u00f3n. Este es el\u2026","rel":"","context":"En \u00abCASTELLI\u00bb","block_context":{"text":"CASTELLI","link":"https:\/\/larevistadigital.com.ar\/blog\/category\/castelli\/"},"img":{"alt_text":"","src":"https:\/\/i0.wp.com\/larevistadigital.com.ar\/blog\/wp-content\/uploads\/2018\/03\/29064207_906032666233103_8367034162837477004_o-662x335.jpg?fit=662%2C335&ssl=1&resize=350%2C200","width":350,"height":200,"srcset":"https:\/\/i0.wp.com\/larevistadigital.com.ar\/blog\/wp-content\/uploads\/2018\/03\/29064207_906032666233103_8367034162837477004_o-662x335.jpg?fit=662%2C335&ssl=1&resize=350%2C200 1x, https:\/\/i0.wp.com\/larevistadigital.com.ar\/blog\/wp-content\/uploads\/2018\/03\/29064207_906032666233103_8367034162837477004_o-662x335.jpg?fit=662%2C335&ssl=1&resize=525%2C300 1.5x"},"classes":[]},{"id":13066,"url":"https:\/\/larevistadigital.com.ar\/blog\/javier-gaston-queremos-que-cada-area-del-hogar-de-ancianos-tenga-su-ropa-y-su-color-identificatorio\/","url_meta":{"origin":34587,"position":2},"title":"JAVIER GAST\u00d3N: \u201cQUEREMOS QUE CADA \u00c1REA DEL HOGAR DE ANCIANOS TENGA SU ROPA Y SU COLOR IDENTIFICATORIO\u201d","author":"Alejandro Sosa Ruda","date":"5 noviembre, 2019","format":false,"excerpt":"Esta ma\u00f1ana el Intendente Municipal de Chascom\u00fas, entreg\u00f3 nueva indumentaria a los profesionales, enfermeras, cocineras, mucamas, cuidadoras, roperas y lavadoras del Hogar de Ancianos Municipal. \u201cQueremos que cada \u00e1rea tenga su ropa y su color identificatorio. Por eso, todos los turnos del personal municipal ya cuentan con la ropa adecuada\u2026","rel":"","context":"En \u00abCHASCOM\u00daS\u00bb","block_context":{"text":"CHASCOM\u00daS","link":"https:\/\/larevistadigital.com.ar\/blog\/category\/chascomus\/"},"img":{"alt_text":"","src":"https:\/\/i0.wp.com\/larevistadigital.com.ar\/blog\/wp-content\/uploads\/74273205_2541237045997050_2840964662638411776_n.jpg?fit=600%2C402&ssl=1&resize=350%2C200","width":350,"height":200,"srcset":"https:\/\/i0.wp.com\/larevistadigital.com.ar\/blog\/wp-content\/uploads\/74273205_2541237045997050_2840964662638411776_n.jpg?fit=600%2C402&ssl=1&resize=350%2C200 1x, https:\/\/i0.wp.com\/larevistadigital.com.ar\/blog\/wp-content\/uploads\/74273205_2541237045997050_2840964662638411776_n.jpg?fit=600%2C402&ssl=1&resize=525%2C300 1.5x"},"classes":[]},{"id":16356,"url":"https:\/\/larevistadigital.com.ar\/blog\/covid-19-positivo-en-un-enfermero-del-hogar-de-ancianos-aislaron-a-los-residentes\/","url_meta":{"origin":34587,"position":3},"title":"COVID 19 POSITIVO EN UN ENFERMERO DEL HOGAR DE ANCIANOS. AISLARON A LOS RESIDENTES","author":"Alejandro Sosa Ruda","date":"17 septiembre, 2020","format":false,"excerpt":"El d\u00eda de ayer, se supo de manera \"extraoficial\" que un enfermero del Hogar Municipal de Ancianos, dio positivo al hisopado de COVID-19. Esto motiv\u00f3 la decisi\u00f3n de la Direcci\u00f3n del Hogar Municipal de aislar de manera preventiva en sus habitaciones a los abuelos y abuelas que all\u00ed residen, desde\u2026","rel":"","context":"En \u00abCHASCOM\u00daS\u00bb","block_context":{"text":"CHASCOM\u00daS","link":"https:\/\/larevistadigital.com.ar\/blog\/category\/chascomus\/"},"img":{"alt_text":"","src":"https:\/\/i0.wp.com\/larevistadigital.com.ar\/blog\/wp-content\/uploads\/hogar-elfuerte31demayode2020.jpg?fit=737%2C415&ssl=1&resize=350%2C200","width":350,"height":200,"srcset":"https:\/\/i0.wp.com\/larevistadigital.com.ar\/blog\/wp-content\/uploads\/hogar-elfuerte31demayode2020.jpg?fit=737%2C415&ssl=1&resize=350%2C200 1x, https:\/\/i0.wp.com\/larevistadigital.com.ar\/blog\/wp-content\/uploads\/hogar-elfuerte31demayode2020.jpg?fit=737%2C415&ssl=1&resize=525%2C300 1.5x, https:\/\/i0.wp.com\/larevistadigital.com.ar\/blog\/wp-content\/uploads\/hogar-elfuerte31demayode2020.jpg?fit=737%2C415&ssl=1&resize=700%2C400 2x"},"classes":[]},{"id":27275,"url":"https:\/\/larevistadigital.com.ar\/blog\/chascomus-el-bloque-de-la-ucr-y-cambiemos-presentara-manana-el-pedido-de-apertura-de-paritarias-al-gobierno-municipal\/","url_meta":{"origin":34587,"position":4},"title":"CHASCOM\u00daS: EL BLOQUE DE LA UCR Y CAMBIEMOS PRESENTAR\u00c1 MA\u00d1ANA EL PEDIDO DE APERTURA DE PARITARIAS AL GOBIERNO MUNICIPAL","author":"Alejandro Sosa Ruda","date":"25 agosto, 2022","format":false,"excerpt":"Ser\u00e1 presentado ma\u00f1ana para que se trate \"sobre tablas\". Es una reacci\u00f3n necesaria para tratar de colaborar con los empleados municipales, luego de la inacci\u00f3n de los gremios locales. CHASCOM\u00daS -\u00a0 Desde el bloque de UCR-Cambiemos, se presentar\u00e1 ma\u00f1ana a efectos de ser tratado \"sobre tablas\" un Proyecto de Comunicaci\u00f3n\u2026","rel":"","context":"En \u00abDESTACADAS\u00bb","block_context":{"text":"DESTACADAS","link":"https:\/\/larevistadigital.com.ar\/blog\/category\/destacadas\/"},"img":{"alt_text":"","src":"https:\/\/i0.wp.com\/larevistadigital.com.ar\/blog\/wp-content\/uploads\/2018\/09\/concejo-chascomus.jpg?fit=954%2C768&ssl=1&resize=350%2C200","width":350,"height":200,"srcset":"https:\/\/i0.wp.com\/larevistadigital.com.ar\/blog\/wp-content\/uploads\/2018\/09\/concejo-chascomus.jpg?fit=954%2C768&ssl=1&resize=350%2C200 1x, https:\/\/i0.wp.com\/larevistadigital.com.ar\/blog\/wp-content\/uploads\/2018\/09\/concejo-chascomus.jpg?fit=954%2C768&ssl=1&resize=525%2C300 1.5x, https:\/\/i0.wp.com\/larevistadigital.com.ar\/blog\/wp-content\/uploads\/2018\/09\/concejo-chascomus.jpg?fit=954%2C768&ssl=1&resize=700%2C400 2x"},"classes":[]},{"id":1003,"url":"https:\/\/larevistadigital.com.ar\/blog\/el-dia-de-la-mujer-el-intendente-recorrio-el-hogar-de-ancianos-y-el-caps-ipora\/","url_meta":{"origin":34587,"position":5},"title":"El D\u00eda de la Mujer el Intendente recorri\u00f3 el Hogar de Ancianos y el CAPS Ipor\u00e1","author":"editor","date":"10 marzo, 2017","format":false,"excerpt":"No particip\u00f3 de la marcha por las calles El Intendente Municipal particip\u00f3 el pasado mi\u00e9rcoles de una recorrida en el marco de las conmemoraciones realizadas por el D\u00edadelaMujer en el Hogar de Ancianos Municipal y en el Centro de Atenci\u00f3n Primaria de Salud del barrio Ipor\u00e1. Durante el encuentro con\u2026","rel":"","context":"En \u00abCHASCOM\u00daS\u00bb","block_context":{"text":"CHASCOM\u00daS","link":"https:\/\/larevistadigital.com.ar\/blog\/category\/chascomus\/"},"img":{"alt_text":"","src":"https:\/\/i0.wp.com\/larevistadigital.com.ar\/blog\/wp-content\/uploads\/2017\/03\/gaston_elfuerte_100317.jpg?fit=917%2C584&ssl=1&resize=350%2C200","width":350,"height":200,"srcset":"https:\/\/i0.wp.com\/larevistadigital.com.ar\/blog\/wp-content\/uploads\/2017\/03\/gaston_elfuerte_100317.jpg?fit=917%2C584&ssl=1&resize=350%2C200 1x, https:\/\/i0.wp.com\/larevistadigital.com.ar\/blog\/wp-content\/uploads\/2017\/03\/gaston_elfuerte_100317.jpg?fit=917%2C584&ssl=1&resize=525%2C300 1.5x, https:\/\/i0.wp.com\/larevistadigital.com.ar\/blog\/wp-content\/uploads\/2017\/03\/gaston_elfuerte_100317.jpg?fit=917%2C584&ssl=1&resize=700%2C400 2x"},"classes":[]}],"_links":{"self":[{"href":"https:\/\/larevistadigital.com.ar\/blog\/wp-json\/wp\/v2\/posts\/34587","targetHints":{"allow":["GET"]}}],"collection":[{"href":"https:\/\/larevistadigital.com.ar\/blog\/wp-json\/wp\/v2\/posts"}],"about":[{"href":"https:\/\/larevistadigital.com.ar\/blog\/wp-json\/wp\/v2\/types\/post"}],"author":[{"embeddable":true,"href":"https:\/\/larevistadigital.com.ar\/blog\/wp-json\/wp\/v2\/users\/3"}],"replies":[{"embeddable":true,"href":"https:\/\/larevistadigital.com.ar\/blog\/wp-json\/wp\/v2\/comments?post=34587"}],"version-history":[{"count":1,"href":"https:\/\/larevistadigital.com.ar\/blog\/wp-json\/wp\/v2\/posts\/34587\/revisions"}],"predecessor-version":[{"id":34588,"href":"https:\/\/larevistadigital.com.ar\/blog\/wp-json\/wp\/v2\/posts\/34587\/revisions\/34588"}],"wp:featuredmedia":[{"embeddable":true,"href":"https:\/\/larevistadigital.com.ar\/blog\/wp-json\/wp\/v2\/media\/5212"}],"wp:attachment":[{"href":"https:\/\/larevistadigital.com.ar\/blog\/wp-json\/wp\/v2\/media?parent=34587"}],"wp:term":[{"taxonomy":"category","embeddable":true,"href":"https:\/\/larevistadigital.com.ar\/blog\/wp-json\/wp\/v2\/categories?post=34587"},{"taxonomy":"post_tag","embeddable":true,"href":"https:\/\/larevistadigital.com.ar\/blog\/wp-json\/wp\/v2\/tags?post=34587"}],"curies":[{"name":"wp","href":"https:\/\/api.w.org\/{rel}","templated":true}]}}