{"id":34632,"date":"2023-11-26T13:50:40","date_gmt":"2023-11-26T16:50:40","guid":{"rendered":"https:\/\/larevistadigital.com.ar\/blog\/?p=34632"},"modified":"2023-11-26T13:50:40","modified_gmt":"2023-11-26T16:50:40","slug":"que-presidentes-estaran-en-la-asuncion-de-javier-milei","status":"publish","type":"post","link":"https:\/\/larevistadigital.com.ar\/blog\/que-presidentes-estaran-en-la-asuncion-de-javier-milei\/","title":{"rendered":"\u00bfQU\u00c9 PRESIDENTES ESTAR\u00c1N EN LA ASUNCI\u00d3N DE JAVIER MILEI?"},"content":{"rendered":"<h2>Esta semana siguieron los encuentros del equipo entrante con los ministros que se van. Que confirmar d\u00f3nde serpa la entrega del mando.<\/h2>\n<p>26 de Noviembre de 2023<\/p>\n<article class=\"article-body article-body--first-paragraph\" data-td-script-src=\"https:\/\/www.0221.com.ar\/js-custom\/vendor\/jquery\/jquery-3.6.0.min-min-version-1688510846.js\">A 15 d\u00edas de la asunci\u00f3n de <strong>Javier Milei<\/strong> como presidente, el gobierno saliente de <strong>Alberto Fern\u00e1ndez<\/strong>\u00a0y el entrante mantuvieron esta semana distintas reuniones de transici\u00f3n, mientras se define el nuevo\u00a0<strong>gabinete\u00a0<\/strong>y los detalles e invitados internacionales a la ceremonia de traspaso de poder, prevista para el pr\u00f3ximo domingo 10 de diciembre.<\/p>\n<\/article>\n<article class=\"article-body article-body--second-paragraph\">La semana pr\u00f3xima ambas c\u00e1maras del Congreso se reunir\u00e1n en Asamblea Legislativa para proclamar formalmente la f\u00f3rmula integrada por <strong>Milei<\/strong> y <strong>Victoria Villarroel<\/strong>, que se impuso con el 55,69 por ciento de los votos (14.476.462 sufragios) -seg\u00fan el escrutinio provisorio- en la segunda vuelta de las elecciones nacionales disputadas el pasado domingo. Se trata de un hecho in\u00e9dito que<strong>\u00a0los dos integrantes de la f\u00f3rmula presidencial sean diputados al momento de asumir como presidente y vicepresidente<\/strong>, respectivamente.<\/p>\n<p>En principio, la Asamblea Legislativa est\u00e1 prevista para el mi\u00e9rcoles 29, aunque no se descarta que pueda adelantarse al martes 28, ya que depende de cuando termine el escrutinio definitivo que est\u00e1n realizando la justicia electoral en cada distrito del pa\u00eds, seg\u00fan informaron fuentes parlamentarias.<\/p>\n<article class=\"article-body article-body--fourth-paragraph\">La asamblea de la pr\u00f3xima semana estar\u00e1 encabezada por la vicepresidenta Cristina Fern\u00e1ndez de Kirchner,\u00a0quien estar\u00e1 secundada por la presidenta provisional del Senado,\u00a0<strong>Claudia Abdala de Zamora<\/strong>; y la titular de Diputados, <strong>Cecila Moreau<\/strong>, mientras sigue abierta en el Congreso la discusi\u00f3n para definir qui\u00e9nes ser\u00e1n los pr\u00f3ximos titulares de ambas c\u00e1maras.<\/p>\n<article class=\"article-body article-body--fifth-paragraph\">El plenario ser\u00e1 abierto por la Vicepresidenta y luego se conformar\u00e1 una comisi\u00f3n redactora donde se sumar\u00e1n los votos de cada provincia y all\u00ed se votar\u00e1 a favor de proclamar la f\u00f3rmula ganadora del balotaje del pasado domingo.<\/p>\n<\/article>\n<article class=\"article-body article-body--sixth-paragraph\">\n<h2><span style=\"color: #ff0000\">LAS PRESENCIAS INTERNACIONALES<\/span><\/h2>\n<p><strong>Milei<\/strong> y <strong>Villarruel<\/strong> volver\u00e1n al Congreso el 10 de diciembre para la tradicional ceremonia en la que deber\u00e1n prestar juramento, ocasi\u00f3n en la que tambi\u00e9n se reunir\u00e1 la Asamblea Legislativa, frente a la cual el electo presidente pronunciar\u00e1 un discurso para anunciar los principales ejes de su gesti\u00f3n y las primeras medidas que adoptar\u00e1. Luego, se producir\u00e1 la ceremonia de traspaso del mando, en el cual <strong>Milei<\/strong> recibir\u00e1 del actual mandatario saliente, <strong>Alberto Fern\u00e1ndez<\/strong>, los atributos presidenciales, en un lugar que ser\u00e1 definido la semana entrante, indicaron a T\u00e9lam fuentes de Presidencia.<\/p>\n<blockquote>\n<h3>Para esa ceremonia ya comprometieron su presencia l\u00edderes internacionales, algunas confirmadas en las conversaciones telef\u00f3nicas que Milei mantuvo esta semana desde el hotel Libertador con referentes de otras naciones.<\/h3>\n<\/blockquote>\n<div id=\"451056-Libre-1168626404_wrap\" class=\"embed_cont type_imagen\">\n<div id=\"451056-Libre-1168626404_content\" class=\"embed_content\"><img data-recalc-dims=\"1\" decoding=\"async\" id=\"451056-Libre-1168626404_embed\" title=\"El presidente chileno Gabriel Boric confirm&amp;oacute; su presencia\" src=\"https:\/\/i0.wp.com\/media.0221.com.ar\/p\/3afe8b32c6b8acf923e29469ed6c2fb5\/adjuntos\/357\/imagenes\/100\/130\/0100130249\/1400x0\/smart\/gabriel-boricjpg.jpg?w=1400&#038;ssl=1\" alt=\"El presidente chileno Gabriel Boric confirm&amp;oacute; su presencia\"   data-td-src-property=\"https:\/\/media.0221.com.ar\/p\/3afe8b32c6b8acf923e29469ed6c2fb5\/adjuntos\/357\/imagenes\/100\/130\/0100130249\/1400x0\/smart\/gabriel-boricjpg.jpg\" \/><\/div>\n<div id=\"451056-Libre-1168626404_epigrafe\" class=\"embed_epigrafe\">\n<p>El presidente chileno Gabriel Boric confirm\u00f3 su presencia<\/p>\n<\/div>\n<div id=\"451056-Libre-1168626404_copyright\" class=\"embed_copyright\"><\/div>\n<\/div>\n<blockquote>\n<h3>En principio, ya comprometi\u00f3 su presencia el mandatario de Chile,\u00a0<strong>Gabriel Boric<\/strong>, en una pol\u00edtica de Estado \u00abindependiente de si los gobiernos de turnos son afines o no\u00bb, seg\u00fan anunci\u00f3 esta semana la ministra vocera del ejecutivo trasandino,\u00a0<strong>Camila Vallejo<\/strong>.<\/h3>\n<\/blockquote>\n<p>Invitado por <strong>Milei<\/strong>, tambi\u00e9n estar\u00e1 el expresidente brasile\u00f1o\u00a0<strong>Jair Bolsonaro<\/strong>, quien encendi\u00f3 la pol\u00e9mica durante la semana al expresar que si el actual presidente brasile\u00f1o\u00a0<strong>Luiz In\u00e1cio Lula da Silva<\/strong>\u00a0tambi\u00e9n asiste a la ceremonia de asunci\u00f3n \u00abser\u00e1 abucheado\u00bb y \u00abse la tendr\u00e1 que aguantar\u00bb. El comentario se dio luego de que Milei dijera que Lula \u00abser\u00e1 bienvenido\u00bb si decidiera acudir al acto de jura. Lula felicit\u00f3 el domingo por las redes sociales el proceso eleccionario argentino al reconocer los resultados del balotaje, pero no confirm\u00f3 su asistencia a los actos del 10 de diciembre.<\/p>\n<blockquote>\n<h3>Bolsonaro pretende traer una comitiva de unos 20 dirigentes aliados de la ultraderecha de su pa\u00eds a la ceremonia de asunci\u00f3n de Milei, entre ella su esposa\u00a0<strong>Michelle<\/strong>, titular de la rama femenina del Partido Liberal.<\/h3>\n<\/blockquote>\n<div id=\"368364-Libre-833188967_wrap\" class=\"embed_cont type_imagen\">\n<div id=\"368364-Libre-833188967_content\" class=\"embed_content\"><img data-recalc-dims=\"1\" decoding=\"async\" id=\"368364-Libre-833188967_embed\" title=\"Jair Bolsonaro, el ex presidente de Brasil &amp;nbsp;\" src=\"https:\/\/i0.wp.com\/media.0221.com.ar\/p\/86536bf4e09eec146392a04f8462e454\/adjuntos\/357\/imagenes\/100\/045\/0100045117\/1400x0\/smart\/bolsonaro.jpg?w=1400&#038;ssl=1\" alt=\"Jair Bolsonaro, el ex presidente de Brasil &amp;nbsp;\"   data-td-src-property=\"https:\/\/media.0221.com.ar\/p\/86536bf4e09eec146392a04f8462e454\/adjuntos\/357\/imagenes\/100\/045\/0100045117\/1400x0\/smart\/bolsonaro.jpg\" \/><\/div>\n<div id=\"368364-Libre-833188967_epigrafe\" class=\"embed_epigrafe\">\n<p>Jair Bolsonaro, el ex presidente de Brasil<\/p>\n<p>&nbsp;<\/p>\n<\/div>\n<div id=\"368364-Libre-833188967_copyright\" class=\"embed_copyright\"><\/div>\n<\/div>\n<blockquote>\n<h3>Otro de los mandatarios confirmados es el primer ministro de Hungr\u00eda, el ultranacionalista Viktor Orb\u00e1n, quien felicit\u00f3 el viernes por tel\u00e9fono a Milei. Orb\u00e1n fue el \u00fanico l\u00edder de la Uni\u00f3n Europea que el 1 de enero de 2019 particip\u00f3 en la investidura precisamente del ultraderechista Bolsonaro como presidente de Brasil.<\/h3>\n<\/blockquote>\n<p>Tambi\u00e9n lo har\u00e1 el presidente de Paraguay,\u00a0<strong>Santiago Pe\u00f1a<\/strong>, luego de conversar con Milei esta semana en un clima de \u00abimportante aproximaci\u00f3n y gran entendimiento entre ambos\u00bb, inform\u00f3 el canciller de ese pa\u00eds\u00a0<strong>Rub\u00e9n Ram\u00edrez<\/strong>.<\/p>\n<blockquote>\n<h3>Adem\u00e1s, Milei tuvo un intercambio con la presidenta peruana\u00a0<strong>Diana Boluarte<\/strong>, quien le expres\u00f3 su \u00abintenci\u00f3n de estar presente en la asunci\u00f3n, previa consulta al Congreso\u00bb de su pa\u00eds.<\/h3>\n<\/blockquote>\n<div id=\"450850-Libre-779204687_wrap\" class=\"embed_cont type_imagen\">\n<div id=\"450850-Libre-779204687_content\" class=\"embed_content\"><img data-recalc-dims=\"1\" decoding=\"async\" id=\"450850-Libre-779204687_embed\" title=\"Donald Trumpo y Javier Milei. Tuvieron contacto telef&amp;oacute;nico tras el triunfo del libertario\" src=\"https:\/\/i0.wp.com\/media.0221.com.ar\/p\/25686dfe39d2bb2acae2d0320af2392f\/adjuntos\/357\/imagenes\/100\/129\/0100129877\/1400x0\/smart\/trump-milei-1jpg.jpg?w=1400&#038;ssl=1\" alt=\"Donald Trumpo y Javier Milei. Tuvieron contacto telef&amp;oacute;nico tras el triunfo del libertario\"   data-td-src-property=\"https:\/\/media.0221.com.ar\/p\/25686dfe39d2bb2acae2d0320af2392f\/adjuntos\/357\/imagenes\/100\/129\/0100129877\/1400x0\/smart\/trump-milei-1jpg.jpg\" \/><\/div>\n<div id=\"450850-Libre-779204687_epigrafe\" class=\"embed_epigrafe\">\n<p>Donald Trumpo y Javier Milei. Tuvieron contacto telef\u00f3nico tras el triunfo del libertario<\/p>\n<\/div>\n<div id=\"450850-Libre-779204687_copyright\" class=\"embed_copyright\"><\/div>\n<\/div>\n<p>Tambi\u00e9n se comunic\u00f3 con Milei el presidente de Estados Unidos,<strong>\u00a0Joe Biden<\/strong>, seg\u00fan lo confirmado por la futura canciller\u00a0<strong>Diana Mondino<\/strong>, quien inform\u00f3 que el mandatario norteamericano no podr\u00e1 asistir a la ceremonia de asunci\u00f3n. Milei recibi\u00f3 adem\u00e1s el llamado del exmandatario de Estados Unidos,\u00a0<strong>Donald Trump<\/strong>, quien lo felicit\u00f3 y anticip\u00f3 que viajar\u00e1 a Buenos Aires \u00abpara reunirse\u00bb con \u00e9l, pero no se precis\u00f3 si lo har\u00e1 para el 10 de diciembre.<\/p>\n<h2><span style=\"color: #ff0000\">LA TRANSICI\u00d3N CON ALBERTO FERN\u00c1NDEZ<\/span><\/h2>\n<p>Las reuniones de transici\u00f3n entre el gobierno actual y el pr\u00f3ximo se iniciaron el martes, con un encuentro de dos horas y media entre Fern\u00e1ndez y Milei, en la quinta presidencial de Olivos. En ese encuentro repasaron \u00ablos temas de Estado y la agenda internacional\u00bb, y se aclar\u00f3 que \u00abno hubo ning\u00fan pedido particular\u00bb sobre alg\u00fan tema, informaron fuentes de la Presidencia.<\/p>\n<p>All\u00ed se acord\u00f3 que las pr\u00f3ximas conversaciones sobre la transici\u00f3n queden en manos del vicejefe de Gabinete,\u00a0<strong>Juan Manuel Olmos<\/strong>; y de\u00a0<strong>Nicol\u00e1s Posse<\/strong>, designado futuro jefe de Gabinete de Milei.<\/p>\n<p>El viernes, el secretario General de la Presidencia,\u00a0<strong>Julio Vitobello<\/strong>, recibi\u00f3 en Casa Rosada a\u00a0<strong>Karina Milei<\/strong>, la hermana del presidente electo y referente de La Libertad Avanza (LLA); y a\u00a0<strong>Sandra Pettovello<\/strong>, quien es mencionada como futura ministra de Capital Humano, para continuar en la coordinaci\u00f3n del traspaso a las nuevas autoridades y empezar a definir los detalles de la jornada del 10 de diciembre, indicaron voceros de Presidencia. Durante la semana, se multiplicaron tambi\u00e9n las reuniones de transici\u00f3n en los distintos ministerios.<\/p>\n<div id=\"450622-Libre-1752791457_wrap\" class=\"embed_cont type_imagen\">\n<div id=\"450622-Libre-1752791457_content\" class=\"embed_content\"><img data-recalc-dims=\"1\" decoding=\"async\" id=\"450622-Libre-1752791457_embed\" title=\"El encuentro de Milei y Alberto Fern&amp;aacute;ndez en Olivos &amp;nbsp;\" src=\"https:\/\/i0.wp.com\/media.0221.com.ar\/p\/d244f448549f814e2f93ba28c553a7ce\/adjuntos\/357\/imagenes\/100\/129\/0100129568\/1400x0\/smart\/alberto-fernandez-javier-milei-transicion-1jpg.jpg?w=1400&#038;ssl=1\" alt=\"El encuentro de Milei y Alberto Fern&amp;aacute;ndez en Olivos &amp;nbsp;\"   data-td-src-property=\"https:\/\/media.0221.com.ar\/p\/d244f448549f814e2f93ba28c553a7ce\/adjuntos\/357\/imagenes\/100\/129\/0100129568\/1400x0\/smart\/alberto-fernandez-javier-milei-transicion-1jpg.jpg\" \/><\/div>\n<div id=\"450622-Libre-1752791457_epigrafe\" class=\"embed_epigrafe\">\n<p>El encuentro de Milei y Alberto Fern\u00e1ndez en Olivos<\/p>\n<p>&nbsp;<\/p>\n<\/div>\n<div id=\"450622-Libre-1752791457_copyright\" class=\"embed_copyright\"><\/div>\n<\/div>\n<blockquote>\n<h3>El martes, el ministro de Seguridad,\u00a0<strong>An\u00edbal Fern\u00e1ndez<\/strong>, recibi\u00f3 en su despacho a Posse y el designado ministro del Interior,\u00a0<strong>Guillermo Francos<\/strong>, para conversar sobre \u00abaspectos vinculados a la seguridad p\u00fablica\u00bb.<\/h3>\n<\/blockquote>\n<p>Por su parte, el ministro de Econom\u00eda,\u00a0<strong>Sergio Massa<\/strong>, design\u00f3 a un equipo que se har\u00e1 cargo de los aspectos econ\u00f3micos de la transici\u00f3n, compuesto por los secretarios de Pol\u00edtica Econ\u00f3mica,\u00a0<strong>Gabriel Rubinstein<\/strong>; y de Hacienda,\u00a0<strong>Ra\u00fal Rigo<\/strong>; el jefe de Asesores del Palacio de Hacienda,\u00a0<strong>Leonardo Madcur<\/strong>; y el titular del Banco Central,\u00a0<strong>Miguel Pesce<\/strong>.<\/p>\n<blockquote>\n<h3>El mi\u00e9rcoles, luego de posponer su viaje a Italia,\u00a0<strong>Cristina Fern\u00e1ndez de Kirchner<\/strong>\u00a0recibi\u00f3 durante una hora y media en su despacho del Senado, ubicado en el primer piso del Congreso de la Naci\u00f3n, a su sucesora Villarruel, para coordinar la organizaci\u00f3n de la Asamblea Legislativa.<\/h3>\n<\/blockquote>\n<div id=\"450791-Libre-1630610964_wrap\" class=\"embed_cont type_imagen\">\n<div id=\"450791-Libre-1630610964_content\" class=\"embed_content\"><img data-recalc-dims=\"1\" decoding=\"async\" id=\"450791-Libre-1630610964_embed\" title=\"Victoria Villaruel al salir del encuentro con Cristina Fern&amp;aacute;ndez de Kirchner\" src=\"https:\/\/i0.wp.com\/media.0221.com.ar\/p\/e07d6c4eae006453701ff17855cb7bf0\/adjuntos\/357\/imagenes\/100\/129\/0100129778\/1400x0\/smart\/victoria-villarrueljpg.jpg?w=1400&#038;ssl=1\" alt=\"Victoria Villaruel al salir del encuentro con Cristina Fern&amp;aacute;ndez de Kirchner\"   data-td-src-property=\"https:\/\/media.0221.com.ar\/p\/e07d6c4eae006453701ff17855cb7bf0\/adjuntos\/357\/imagenes\/100\/129\/0100129778\/1400x0\/smart\/victoria-villarrueljpg.jpg\" \/><\/div>\n<div id=\"450791-Libre-1630610964_epigrafe\" class=\"embed_epigrafe\">\n<p>Victoria Villaruel al salir del encuentro con Cristina Fern\u00e1ndez de Kirchner<\/p>\n<\/div>\n<div id=\"450791-Libre-1630610964_copyright\" class=\"embed_copyright\"><\/div>\n<\/div>\n<blockquote>\n<h3><em><strong>\u00abHablamos de la transici\u00f3n, que ser\u00e1 ordenada, respetuosa, donde ella y la persona que design\u00f3 para la transici\u00f3n nos explic\u00f3 el funcionamiento del Senado y los pr\u00f3ximos pasos a seguir en los siguientes d\u00edas\u00bb<\/strong><\/em>, coment\u00f3 <strong>Villarruel<\/strong> ante los medios sobre un encuentro del que no trascendi\u00f3 foto.<\/h3>\n<\/blockquote>\n<p>El jueves, el canciller\u00a0<strong>Santiago Cafiero<\/strong>\u00a0recibi\u00f3 durante una hora en su despacho a Mondino, para acordar la designaci\u00f3n de los equipos t\u00e9cnicos encargados de poner en marcha y ordenar la transici\u00f3n, adem\u00e1s de ofrecer la \u00abentrega de informaci\u00f3n o encuentros que soliciten las autoridades entrantes\u00bb, indicaron a esta agencia fuentes del Palacio San Mart\u00edn.<\/p>\n<p>Ese mismo d\u00eda, la ministra de Trabajo,\u00a0<strong>Raquel Olmos<\/strong>, recibi\u00f3 en su despacho a\u00a0<strong>Omar Yas\u00edn<\/strong>, un abogado laboralista que se menciona como secretario de Trabajo del gobierno de Milei; y a\u00a0<strong>Horacio Pitrau<\/strong>,\u00a0<strong>Miguel \u00c1ngel Ponte<\/strong>\u00a0y\u00a0<strong>Gustavo Mor\u00f3n<\/strong>, quienes ocupar\u00e1n distintos cargos en esa \u00e1rea.<\/p>\n<p>publicado en 0221<\/p>\n<\/article>\n<div class=\"banner banner--align-center banner--no-background\">\n<div class=\"banner__content-wrapper\"><\/div>\n<\/div>\n<\/article>\n<div>\n<div id=\"Parallax\"><\/div>\n<\/div>\n<article class=\"article-body article-body--fifth-paragraph\">\n<div id=\"450544-Libre-720275380_wrap\" class=\"embed_cont type_imagen\"><\/div>\n<\/article>\n<\/article>\n","protected":false},"excerpt":{"rendered":"<div class=\"mh-excerpt\"><p>Esta semana siguieron los encuentros del equipo entrante con los ministros que se van. Que confirmar d\u00f3nde serpa la entrega del mando. 26 de Noviembre de 2023 A 15 d\u00edas de la asunci\u00f3n de Javier <a class=\"mh-excerpt-more\" href=\"https:\/\/larevistadigital.com.ar\/blog\/que-presidentes-estaran-en-la-asuncion-de-javier-milei\/\" title=\"\u00bfQU\u00c9 PRESIDENTES ESTAR\u00c1N EN LA ASUNCI\u00d3N DE JAVIER MILEI?\">[Leer M\u00e1s]<\/a><\/p>\n<\/div>","protected":false},"author":3,"featured_media":34633,"comment_status":"open","ping_status":"open","sticky":false,"template":"","format":"standard","meta":{"_jetpack_memberships_contains_paid_content":false,"footnotes":"","jetpack_publicize_message":"","jetpack_publicize_feature_enabled":true,"jetpack_social_post_already_shared":true,"jetpack_social_options":{"image_generator_settings":{"template":"highway","default_image_id":0,"font":"","enabled":false},"version":2}},"categories":[50,12],"tags":[],"class_list":{"0":"post-34632","1":"post","2":"type-post","3":"status-publish","4":"format-standard","5":"has-post-thumbnail","7":"category-interes-general","8":"category-politica"},"jetpack_publicize_connections":[],"jetpack_featured_media_url":"https:\/\/i0.wp.com\/larevistadigital.com.ar\/blog\/wp-content\/uploads\/Captura-de-pantalla-2023-11-26-133234.png?fit=834%2C509&ssl=1","jetpack_sharing_enabled":true,"jetpack_shortlink":"https:\/\/wp.me\/p8qtrQ-90A","jetpack-related-posts":[{"id":37778,"url":"https:\/\/larevistadigital.com.ar\/blog\/milei-viaja-a-eeuu-con-la-intencion-de-reunirse-con-donald-trump-antes-de-su-asuncion\/","url_meta":{"origin":34632,"position":0},"title":"Milei viaja a EEUU con la intenci\u00f3n de reunirse con Donald Trump antes de su asunci\u00f3n","author":"Alejandro Sosa Ruda","date":"7 noviembre, 2024","format":false,"excerpt":"El presidente se comunic\u00f3 telef\u00f3nicamente con Trump, y dialogaron unos minutos. 7 de Noviembre de 2024 Luego de varios intentos, el presidente Javier Milei logr\u00f3 comunicarse con el presidente electo de los Estados Unidos, Donald Trump, y mantuvieron un di\u00e1logo durante algunos minutos. Lo destacado de la charla, al m\u00e1rgen\u2026","rel":"","context":"En \u00abDESTACADAS\u00bb","block_context":{"text":"DESTACADAS","link":"https:\/\/larevistadigital.com.ar\/blog\/category\/destacadas\/"},"img":{"alt_text":"","src":"https:\/\/i0.wp.com\/larevistadigital.com.ar\/blog\/wp-content\/uploads\/Captura-de-pantalla-2024-11-07-005736.png?fit=701%2C386&ssl=1&resize=350%2C200","width":350,"height":200,"srcset":"https:\/\/i0.wp.com\/larevistadigital.com.ar\/blog\/wp-content\/uploads\/Captura-de-pantalla-2024-11-07-005736.png?fit=701%2C386&ssl=1&resize=350%2C200 1x, https:\/\/i0.wp.com\/larevistadigital.com.ar\/blog\/wp-content\/uploads\/Captura-de-pantalla-2024-11-07-005736.png?fit=701%2C386&ssl=1&resize=525%2C300 1.5x, https:\/\/i0.wp.com\/larevistadigital.com.ar\/blog\/wp-content\/uploads\/Captura-de-pantalla-2024-11-07-005736.png?fit=701%2C386&ssl=1&resize=700%2C400 2x"},"classes":[]},{"id":36200,"url":"https:\/\/larevistadigital.com.ar\/blog\/bukele-estuvo-con-milei-luego-de-su-asuncion-presidencial-en-ecuador\/","url_meta":{"origin":34632,"position":1},"title":"BUKELE ESTUVO CON MILEI, LUEGO DE SU ASUNCI\u00d3N PRESIDENCIAL EN ECUADOR","author":"Alejandro Sosa Ruda","date":"2 junio, 2024","format":false,"excerpt":"SAN SALVADOR, \u2013 El presidente de El Salvador, Nayib Bukele, se reuni\u00f3 con su hom\u00f3logo argentino, Javier Milei, tras la ceremonia de investidura para su segundo mandato consecutivo de cinco a\u00f1os (2024-2029). La Casa Presidencial salvadore\u00f1a inform\u00f3 sobre el encuentro y comparti\u00f3 en X un corto video en el que\u2026","rel":"","context":"En \u00abPOLITICA\u00bb","block_context":{"text":"POLITICA","link":"https:\/\/larevistadigital.com.ar\/blog\/category\/politica\/"},"img":{"alt_text":"","src":"https:\/\/i0.wp.com\/larevistadigital.com.ar\/blog\/wp-content\/uploads\/Captura-de-pantalla-2024-06-02-194902.png?fit=795%2C487&ssl=1&resize=350%2C200","width":350,"height":200,"srcset":"https:\/\/i0.wp.com\/larevistadigital.com.ar\/blog\/wp-content\/uploads\/Captura-de-pantalla-2024-06-02-194902.png?fit=795%2C487&ssl=1&resize=350%2C200 1x, https:\/\/i0.wp.com\/larevistadigital.com.ar\/blog\/wp-content\/uploads\/Captura-de-pantalla-2024-06-02-194902.png?fit=795%2C487&ssl=1&resize=525%2C300 1.5x, https:\/\/i0.wp.com\/larevistadigital.com.ar\/blog\/wp-content\/uploads\/Captura-de-pantalla-2024-06-02-194902.png?fit=795%2C487&ssl=1&resize=700%2C400 2x"},"classes":[]},{"id":35948,"url":"https:\/\/larevistadigital.com.ar\/blog\/reaparecio-cristina-si-hubieramos-adoctrinado-este-hombre-no-seria-presidente\/","url_meta":{"origin":34632,"position":2},"title":"REAPARECI\u00d3 CRISTINA: \u00abSI HUBIERAMOS ADOCTRINADO, ESTE HOMBRE NO SER\u00cdA PRESIDENTE\u00bb","author":"Alejandro Sosa Ruda","date":"28 abril, 2024","format":false,"excerpt":"Cristina Fern\u00e1ndez de Kirchner hizo su primera aparici\u00f3n p\u00fablica desde la asunci\u00f3n de Javier Milei, este s\u00e1bado en Quilmes Oeste durante la inauguraci\u00f3n del microestadio \"presidente N\u00e9stor Kirchner\", junto a la Intendenta local, Mayra Mendoza. Critic\u00f3 duramente el plan econ\u00f3mico de Javier Milei y emiti\u00f3 un mensaje contundente sobre la\u2026","rel":"","context":"En \u00abDESTACADAS\u00bb","block_context":{"text":"DESTACADAS","link":"https:\/\/larevistadigital.com.ar\/blog\/category\/destacadas\/"},"img":{"alt_text":"","src":"https:\/\/i0.wp.com\/larevistadigital.com.ar\/blog\/wp-content\/uploads\/20240427191612_cristina-kirchner-mayra-mendoza-quilmes.jpg?fit=880%2C512&ssl=1&resize=350%2C200","width":350,"height":200,"srcset":"https:\/\/i0.wp.com\/larevistadigital.com.ar\/blog\/wp-content\/uploads\/20240427191612_cristina-kirchner-mayra-mendoza-quilmes.jpg?fit=880%2C512&ssl=1&resize=350%2C200 1x, https:\/\/i0.wp.com\/larevistadigital.com.ar\/blog\/wp-content\/uploads\/20240427191612_cristina-kirchner-mayra-mendoza-quilmes.jpg?fit=880%2C512&ssl=1&resize=525%2C300 1.5x, https:\/\/i0.wp.com\/larevistadigital.com.ar\/blog\/wp-content\/uploads\/20240427191612_cristina-kirchner-mayra-mendoza-quilmes.jpg?fit=880%2C512&ssl=1&resize=700%2C400 2x"},"classes":[]},{"id":36185,"url":"https:\/\/larevistadigital.com.ar\/blog\/chascomus-el-lunes-javier-hartmann-asume-como-el-nuevo-jefe-de-pami\/","url_meta":{"origin":34632,"position":3},"title":"CHASCOM\u00daS: EL LUNES  JAVIER HARTMANN ASUME COMO EL NUEVO JEFE DE PAMI","author":"Alejandro Sosa Ruda","date":"1 junio, 2024","format":false,"excerpt":"Lo har\u00e1 luego de 6 meses de asumido el gobierno de Javier Milei. 1\" de Junio de 2024 CHASCOM\u00daS -\u00a0 \u00a0Durante la jornada de ayer, y luego de seis meses de asumido el gobierno del presidente Javier Milei, se firmaron las resoluciones para el ingreso de los nuevos directores de\u2026","rel":"","context":"En \u00abINTERES GENERAL\u00bb","block_context":{"text":"INTERES GENERAL","link":"https:\/\/larevistadigital.com.ar\/blog\/category\/interes-general\/"},"img":{"alt_text":"","src":"https:\/\/i0.wp.com\/larevistadigital.com.ar\/blog\/wp-content\/uploads\/432729461_10229482065548797_5440544988613717060_n.jpg?fit=672%2C679&ssl=1&resize=350%2C200","width":350,"height":200,"srcset":"https:\/\/i0.wp.com\/larevistadigital.com.ar\/blog\/wp-content\/uploads\/432729461_10229482065548797_5440544988613717060_n.jpg?fit=672%2C679&ssl=1&resize=350%2C200 1x, https:\/\/i0.wp.com\/larevistadigital.com.ar\/blog\/wp-content\/uploads\/432729461_10229482065548797_5440544988613717060_n.jpg?fit=672%2C679&ssl=1&resize=525%2C300 1.5x"},"classes":[]},{"id":37619,"url":"https:\/\/larevistadigital.com.ar\/blog\/elisa-carrio-milei-juega-con-fuego-si-cristina-le-gana-la-provincia-cae-el-gobierno\/","url_meta":{"origin":34632,"position":4},"title":"Elisa Carri\u00f3: \u201cMilei juega con fuego; si Cristina le gana la provincia, cae el Gobierno\u201d","author":"Alejandro Sosa Ruda","date":"27 octubre, 2024","format":false,"excerpt":"La referente de la Coalici\u00f3n C\u00edvica, Elisa Carri\u00f3 afirm\u00f3 que Javier Milei \"est\u00e1 jugando con fuego\" y advirti\u00f3 que, si Cristina Fern\u00e1ndez de Kirchner gana en la provincia de Buenos Aires, el gobierno de Milei podr\u00eda verse afectado. 27 de Octubre de 2024 BUENOS AIRES -\u00a0 Carri\u00f3 expres\u00f3 su preocupaci\u00f3n\u2026","rel":"","context":"En \u00abINTERES GENERAL\u00bb","block_context":{"text":"INTERES GENERAL","link":"https:\/\/larevistadigital.com.ar\/blog\/category\/interes-general\/"},"img":{"alt_text":"","src":"https:\/\/i0.wp.com\/larevistadigital.com.ar\/blog\/wp-content\/uploads\/20241026163808_elisa-carrio-milei-cristina.jpg?fit=880%2C512&ssl=1&resize=350%2C200","width":350,"height":200,"srcset":"https:\/\/i0.wp.com\/larevistadigital.com.ar\/blog\/wp-content\/uploads\/20241026163808_elisa-carrio-milei-cristina.jpg?fit=880%2C512&ssl=1&resize=350%2C200 1x, https:\/\/i0.wp.com\/larevistadigital.com.ar\/blog\/wp-content\/uploads\/20241026163808_elisa-carrio-milei-cristina.jpg?fit=880%2C512&ssl=1&resize=525%2C300 1.5x, https:\/\/i0.wp.com\/larevistadigital.com.ar\/blog\/wp-content\/uploads\/20241026163808_elisa-carrio-milei-cristina.jpg?fit=880%2C512&ssl=1&resize=700%2C400 2x"},"classes":[]},{"id":22508,"url":"https:\/\/larevistadigital.com.ar\/blog\/javier-milei-le-puso-la-voz-a-un-personaje-de-los-simpson-y-estallo-internet\/","url_meta":{"origin":34632,"position":5},"title":"JAVIER MILEI LE PUSO LA VOZ A UN PERSONAJE DE LOS SIMPSON Y ESTALL\u00d3 INTERNET","author":"Alejandro Sosa Ruda","date":"28 octubre, 2021","format":false,"excerpt":"Se trata de un montaje que fue publicado por una usuaria de\u00a0Twitter, en el que le cambiaron el sonido de uno\u00a0de los cap\u00edtulos de la serie de\u00a0Matt Groening\u00a0para insertarle la voz del candidato a diputado por\u00a0La Libertad Avanza.\u00a0\u00a1No te pierdas el video! Los Simpson dan para todo; cada episodio podemos\u2026","rel":"","context":"En \u00abINTERES GENERAL\u00bb","block_context":{"text":"INTERES GENERAL","link":"https:\/\/larevistadigital.com.ar\/blog\/category\/interes-general\/"},"img":{"alt_text":"","src":"https:\/\/i0.wp.com\/larevistadigital.com.ar\/blog\/wp-content\/uploads\/Captura-de-pantalla-2021-10-28-002551.jpg?fit=1195%2C677&ssl=1&resize=350%2C200","width":350,"height":200,"srcset":"https:\/\/i0.wp.com\/larevistadigital.com.ar\/blog\/wp-content\/uploads\/Captura-de-pantalla-2021-10-28-002551.jpg?fit=1195%2C677&ssl=1&resize=350%2C200 1x, https:\/\/i0.wp.com\/larevistadigital.com.ar\/blog\/wp-content\/uploads\/Captura-de-pantalla-2021-10-28-002551.jpg?fit=1195%2C677&ssl=1&resize=525%2C300 1.5x, https:\/\/i0.wp.com\/larevistadigital.com.ar\/blog\/wp-content\/uploads\/Captura-de-pantalla-2021-10-28-002551.jpg?fit=1195%2C677&ssl=1&resize=700%2C400 2x, https:\/\/i0.wp.com\/larevistadigital.com.ar\/blog\/wp-content\/uploads\/Captura-de-pantalla-2021-10-28-002551.jpg?fit=1195%2C677&ssl=1&resize=1050%2C600 3x"},"classes":[]}],"_links":{"self":[{"href":"https:\/\/larevistadigital.com.ar\/blog\/wp-json\/wp\/v2\/posts\/34632","targetHints":{"allow":["GET"]}}],"collection":[{"href":"https:\/\/larevistadigital.com.ar\/blog\/wp-json\/wp\/v2\/posts"}],"about":[{"href":"https:\/\/larevistadigital.com.ar\/blog\/wp-json\/wp\/v2\/types\/post"}],"author":[{"embeddable":true,"href":"https:\/\/larevistadigital.com.ar\/blog\/wp-json\/wp\/v2\/users\/3"}],"replies":[{"embeddable":true,"href":"https:\/\/larevistadigital.com.ar\/blog\/wp-json\/wp\/v2\/comments?post=34632"}],"version-history":[{"count":1,"href":"https:\/\/larevistadigital.com.ar\/blog\/wp-json\/wp\/v2\/posts\/34632\/revisions"}],"predecessor-version":[{"id":34634,"href":"https:\/\/larevistadigital.com.ar\/blog\/wp-json\/wp\/v2\/posts\/34632\/revisions\/34634"}],"wp:featuredmedia":[{"embeddable":true,"href":"https:\/\/larevistadigital.com.ar\/blog\/wp-json\/wp\/v2\/media\/34633"}],"wp:attachment":[{"href":"https:\/\/larevistadigital.com.ar\/blog\/wp-json\/wp\/v2\/media?parent=34632"}],"wp:term":[{"taxonomy":"category","embeddable":true,"href":"https:\/\/larevistadigital.com.ar\/blog\/wp-json\/wp\/v2\/categories?post=34632"},{"taxonomy":"post_tag","embeddable":true,"href":"https:\/\/larevistadigital.com.ar\/blog\/wp-json\/wp\/v2\/tags?post=34632"}],"curies":[{"name":"wp","href":"https:\/\/api.w.org\/{rel}","templated":true}]}}