{"id":347,"date":"2017-02-18T20:50:33","date_gmt":"2017-02-18T20:50:33","guid":{"rendered":"https:\/\/larevistadigital.com.ar\/blog\/?p=347"},"modified":"2017-02-20T20:55:38","modified_gmt":"2017-02-20T20:55:38","slug":"senador-provincial-patricio-hogan-visito-centro-jubilados-mar-del-plata","status":"publish","type":"post","link":"https:\/\/larevistadigital.com.ar\/blog\/senador-provincial-patricio-hogan-visito-centro-jubilados-mar-del-plata\/","title":{"rendered":"El senador provincial Patricio Hogan visit\u00f3 un centro de jubilados en Mar del Plata"},"content":{"rendered":"<p>En la ma\u00f1ana de este viernes, en Mar del Plata, el senador provincial <strong>Patricio Hogan<\/strong> (frente Renovador) visit\u00f3 el Centro de Jubilados \u201cPlenitud\u201d, en el barrio Caisamar.<\/p>\n<p>All\u00ed, donde tambi\u00e9n funciona la <strong>Sociedad de Fomento \u201cJos\u00e9 M. Estrada\u201d<\/strong>, dialog\u00f3 con integrantes de la entidad sobre sus preocupaciones y demandas. Los jubilados fueron contundentes al expresar una <strong><em>\u201ctotal falta de respuesta por parte de las autoridades municipales\u201d.<\/em><\/strong><\/p>\n<p>En el marco de esta visita, <strong>Patricio Hogan<\/strong> e integrantes de la organizaci\u00f3n hablaron sobre diferentes problem\u00e1ticas que afectan a los jubilados, como lo que ocurre con la obra social <strong>PAMI<\/strong>, quienes a trav\u00e9s de mediada burocr\u00e1ticas no cumplen con la asistencia debida, seg\u00fan manifestaron los presentes.<\/p>\n<p><strong>\u201cA mi PAMI me niega cierta cobertura porque dicen que tengo un auto modelo 2007, que lo compr\u00e9 en base al esfuerzo laboral de toda mi vida\u201d<\/strong>, coment\u00f3 <strong>\u201cCacho\u201d<\/strong>, uno de los miembros de la entidad.<\/p>\n<p>&nbsp;<\/p>\n<p><strong><em>\u201cNos vamos a comprometer a ayudarlos desde el senado provincial en lo que haga falta. Es muy valorable que, a pesar de los problemas, tengan esa voluntad y ganas para seguir adelante\u201d<\/em><\/strong>, afirm\u00f3 <strong>Patricio Hogan.<\/strong><\/p>\n<p>Por otra parte, respecto al funcionamiento de la Sociedad de Fomento, manifestaron su preocupaci\u00f3n por la falta de respuestas del Poder Ejecutivo de General Pueyrred\u00f3n, quienes les adeudan varios meses de los convenios vecinales.<\/p>\n<p><strong><em>\u201cTenemos algunos problemas serios para hacer algunos arreglos, hay filtraciones de agua y necesitamos ese dinero para las reparaciones. Sino, vamos a tener problemas mayores en lo edilicio\u201d<\/em><\/strong>, expresaron desde la asociaci\u00f3n. <strong><em>\u201cUno termina sintiendo, a esta altura de la vida, que los jubilados estamos totalmente desamparados\u201d<\/em><\/strong>, describieron.<\/p>\n<p>El Centro de Jubilados \u201cPlenitud\u201d y Asociaci\u00f3n de Fomento \u201cJos\u00e9. M. Estrada\u201d lleva m\u00e1s de 60 a\u00f1os en funcionamiento, siendo un lugar de referencia para la zona, con numerosas actividades a la que acuden jubilados y vecinos del barrio Caisamar y aleda\u00f1os.<br \/>\n&nbsp;<\/p>\n","protected":false},"excerpt":{"rendered":"<div class=\"mh-excerpt\"><p>En la ma\u00f1ana de este viernes, en Mar del Plata, el senador provincial Patricio Hogan (frente Renovador) visit\u00f3 el Centro de Jubilados \u201cPlenitud\u201d, en el barrio Caisamar. All\u00ed, donde tambi\u00e9n funciona la Sociedad de Fomento <a class=\"mh-excerpt-more\" href=\"https:\/\/larevistadigital.com.ar\/blog\/senador-provincial-patricio-hogan-visito-centro-jubilados-mar-del-plata\/\" title=\"El senador provincial Patricio Hogan visit\u00f3 un centro de jubilados en Mar del Plata\">[Leer M\u00e1s]<\/a><\/p>\n<\/div>","protected":false},"author":2,"featured_media":348,"comment_status":"open","ping_status":"open","sticky":false,"template":"","format":"standard","meta":{"_jetpack_memberships_contains_paid_content":false,"footnotes":"","jetpack_publicize_message":"","jetpack_publicize_feature_enabled":true,"jetpack_social_post_already_shared":false,"jetpack_social_options":{"image_generator_settings":{"template":"highway","default_image_id":0,"font":"","enabled":false},"version":2}},"categories":[12,24],"tags":[],"class_list":{"0":"post-347","1":"post","2":"type-post","3":"status-publish","4":"format-standard","5":"has-post-thumbnail","7":"category-politica","8":"category-politica-provincial"},"jetpack_publicize_connections":[],"jetpack_featured_media_url":"https:\/\/i0.wp.com\/larevistadigital.com.ar\/blog\/wp-content\/uploads\/2017\/02\/hog200217.jpg?fit=677%2C437&ssl=1","jetpack_sharing_enabled":true,"jetpack_shortlink":"https:\/\/wp.me\/p8qtrQ-5B","jetpack-related-posts":[{"id":1151,"url":"https:\/\/larevistadigital.com.ar\/blog\/el-senador-patricio-hogan-visito-el-centro-de-apoyo-a-la-mujer-maltratada-en-mar-del-plata\/","url_meta":{"origin":347,"position":0},"title":"EL SENADOR PATRICIO HOGAN VISIT\u00d3 EL CENTRO DE APOYO A LA MUJER MALTRATADA EN MAR DEL PLATA","author":"Alejandro Sosa Ruda","date":"13 marzo, 2017","format":false,"excerpt":"El senador provincial Patricio Hogan (Frente Renovador) visit\u00f3 este viernes el Centro de Apoyo a la Mujer Maltratada (CAMM), en Mar del Plata. Recibido por una de las profesionales voluntarias que trabajan en el lugar, dialog\u00f3 sobre las problem\u00e1ticas que afectan actualmente a los derechos de la mujer, como la\u2026","rel":"","context":"En \u00abPOLITICA\u00bb","block_context":{"text":"POLITICA","link":"https:\/\/larevistadigital.com.ar\/blog\/category\/politica\/"},"img":{"alt_text":"","src":"https:\/\/i0.wp.com\/larevistadigital.com.ar\/blog\/wp-content\/uploads\/2017\/03\/DSCN9047.jpg?fit=1200%2C808&ssl=1&resize=350%2C200","width":350,"height":200,"srcset":"https:\/\/i0.wp.com\/larevistadigital.com.ar\/blog\/wp-content\/uploads\/2017\/03\/DSCN9047.jpg?fit=1200%2C808&ssl=1&resize=350%2C200 1x, https:\/\/i0.wp.com\/larevistadigital.com.ar\/blog\/wp-content\/uploads\/2017\/03\/DSCN9047.jpg?fit=1200%2C808&ssl=1&resize=525%2C300 1.5x, https:\/\/i0.wp.com\/larevistadigital.com.ar\/blog\/wp-content\/uploads\/2017\/03\/DSCN9047.jpg?fit=1200%2C808&ssl=1&resize=700%2C400 2x, https:\/\/i0.wp.com\/larevistadigital.com.ar\/blog\/wp-content\/uploads\/2017\/03\/DSCN9047.jpg?fit=1200%2C808&ssl=1&resize=1050%2C600 3x"},"classes":[]},{"id":2588,"url":"https:\/\/larevistadigital.com.ar\/blog\/vidal-lanzo-en-la-plata-un-plan-para-que-jubilados-viajen-gratis\/","url_meta":{"origin":347,"position":1},"title":"VIDAL LANZ\u00d3 EN LA PLATA UN PLAN PARA QUE JUBILADOS VIAJEN GRATIS","author":"Alejandro Sosa Ruda","date":"30 junio, 2017","format":false,"excerpt":"La idea es que m\u00e1s de 2.000.000 de beneficiarios puedan conocer distintas localidades tur\u00edsticas del pa\u00eds \u00a0 La gobernadora de la provincia de Buenos Aires, Mar\u00eda Eugenia Vidal, present\u00f3 hoy el programa \"Turismo Grande\", destinado a que m\u00e1s de dos millones de jubilados y pensionados bonaerenses puedan viajar y conocer\u2026","rel":"","context":"En \u00abDESTACADAS\u00bb","block_context":{"text":"DESTACADAS","link":"https:\/\/larevistadigital.com.ar\/blog\/category\/destacadas\/"},"img":{"alt_text":"","src":"https:\/\/i0.wp.com\/larevistadigital.com.ar\/blog\/wp-content\/uploads\/2017\/06\/multimedia.grande.94f0b2b7b2af81e9.766964616c20666f7272615f6772616e64652e6a7067.jpg?fit=960%2C669&ssl=1&resize=350%2C200","width":350,"height":200,"srcset":"https:\/\/i0.wp.com\/larevistadigital.com.ar\/blog\/wp-content\/uploads\/2017\/06\/multimedia.grande.94f0b2b7b2af81e9.766964616c20666f7272615f6772616e64652e6a7067.jpg?fit=960%2C669&ssl=1&resize=350%2C200 1x, https:\/\/i0.wp.com\/larevistadigital.com.ar\/blog\/wp-content\/uploads\/2017\/06\/multimedia.grande.94f0b2b7b2af81e9.766964616c20666f7272615f6772616e64652e6a7067.jpg?fit=960%2C669&ssl=1&resize=525%2C300 1.5x, https:\/\/i0.wp.com\/larevistadigital.com.ar\/blog\/wp-content\/uploads\/2017\/06\/multimedia.grande.94f0b2b7b2af81e9.766964616c20666f7272615f6772616e64652e6a7067.jpg?fit=960%2C669&ssl=1&resize=700%2C400 2x"},"classes":[]},{"id":15204,"url":"https:\/\/larevistadigital.com.ar\/blog\/pami-y-anses-pagaran-bono-de-1-600-a-jubilados\/","url_meta":{"origin":347,"position":2},"title":"PAMI Y ANSES PAGARAN BONO DE $1.600.- A JUBILADOS","author":"Alejandro Sosa Ruda","date":"12 mayo, 2020","format":false,"excerpt":"La medida beneficia a 540.000 personas afiliadas. Ser\u00e1 un pago extraordinario en reemplazo de los bolsones de alimentos. Esta semana, la directora Ejecutiva de PAMI, Luana\u00a0Volnovich\u00a0y la titular de ANSES, Fernanda\u00a0Raverta, anunciaron que se otorgar\u00e1 una suma fija y extraordinaria de $1.600 a 540.000 personas afiliados en reemplazo de los\u2026","rel":"","context":"En \u00abINTERES GENERAL\u00bb","block_context":{"text":"INTERES GENERAL","link":"https:\/\/larevistadigital.com.ar\/blog\/category\/interes-general\/"},"img":{"alt_text":"","src":"https:\/\/i0.wp.com\/larevistadigital.com.ar\/blog\/wp-content\/uploads\/0001245877.jpg?fit=1020%2C674&ssl=1&resize=350%2C200","width":350,"height":200,"srcset":"https:\/\/i0.wp.com\/larevistadigital.com.ar\/blog\/wp-content\/uploads\/0001245877.jpg?fit=1020%2C674&ssl=1&resize=350%2C200 1x, https:\/\/i0.wp.com\/larevistadigital.com.ar\/blog\/wp-content\/uploads\/0001245877.jpg?fit=1020%2C674&ssl=1&resize=525%2C300 1.5x, https:\/\/i0.wp.com\/larevistadigital.com.ar\/blog\/wp-content\/uploads\/0001245877.jpg?fit=1020%2C674&ssl=1&resize=700%2C400 2x"},"classes":[]},{"id":41151,"url":"https:\/\/larevistadigital.com.ar\/blog\/encuentro-con-jubilados-y-personas-con-discapacidad-junto-al-gobernador-kicillof\/","url_meta":{"origin":347,"position":3},"title":"Encuentro con jubilados y personas con discapacidad junto al gobernador Kicillof","author":"Alejandro Sosa Ruda","date":"30 agosto, 2025","format":false,"excerpt":"El ministro, junto a otros funcionarios de la cartera, estuvieron presentes en las recorridas por el Centro de Jubilados \u201cInstituto Unzu\u00e9\u201d y\u00a0el Taller Protegido Municipal. 30 De Agosto de 2025 BUENOS AIRES\u00a0 -\u00a0 \u00a0El gobernador de la provincia de Buenos Aires, Axel Kicillof, junto al ministro Andr\u00e9s Larroque y a\u2026","rel":"","context":"En \u00abPOLITICA PROVINCIAL\u00bb","block_context":{"text":"POLITICA PROVINCIAL","link":"https:\/\/larevistadigital.com.ar\/blog\/category\/politica\/politica-provincial\/"},"img":{"alt_text":"","src":"https:\/\/i0.wp.com\/larevistadigital.com.ar\/blog\/wp-content\/uploads\/GzdMTNEXgAAo7er.jpg?fit=700%2C467&ssl=1&resize=350%2C200","width":350,"height":200,"srcset":"https:\/\/i0.wp.com\/larevistadigital.com.ar\/blog\/wp-content\/uploads\/GzdMTNEXgAAo7er.jpg?fit=700%2C467&ssl=1&resize=350%2C200 1x, https:\/\/i0.wp.com\/larevistadigital.com.ar\/blog\/wp-content\/uploads\/GzdMTNEXgAAo7er.jpg?fit=700%2C467&ssl=1&resize=525%2C300 1.5x, https:\/\/i0.wp.com\/larevistadigital.com.ar\/blog\/wp-content\/uploads\/GzdMTNEXgAAo7er.jpg?fit=700%2C467&ssl=1&resize=700%2C400 2x"},"classes":[]},{"id":15434,"url":"https:\/\/larevistadigital.com.ar\/blog\/utilizaban-a-muerto-para-estafar-a-pami\/","url_meta":{"origin":347,"position":4},"title":"MUERTO ERA UTILIZADO PARA ESTAFAR A PAMI","author":"Alejandro Sosa Ruda","date":"31 mayo, 2020","format":false,"excerpt":"Los acusados hicieron figurar al fallecido Hugo Alberto Del Pino como exodont\u00f3logo, titular de una cl\u00ednica que se encarg\u00f3 de prestar servicios odontol\u00f3gicos a jubilados de Mar del Plata y la zona entre 2005 y 2008. La Justicia Federal elev\u00f3 a juicio una causa por una intrincada estafa al PAMI\u2026","rel":"","context":"En \u00abINTERES GENERAL\u00bb","block_context":{"text":"INTERES GENERAL","link":"https:\/\/larevistadigital.com.ar\/blog\/category\/interes-general\/"},"img":{"alt_text":"","src":"https:\/\/i0.wp.com\/larevistadigital.com.ar\/blog\/wp-content\/uploads\/2a1bd6be35e1bb5b8c3fe2fd3aa80d3f.jpg?fit=1200%2C599&ssl=1&resize=350%2C200","width":350,"height":200,"srcset":"https:\/\/i0.wp.com\/larevistadigital.com.ar\/blog\/wp-content\/uploads\/2a1bd6be35e1bb5b8c3fe2fd3aa80d3f.jpg?fit=1200%2C599&ssl=1&resize=350%2C200 1x, https:\/\/i0.wp.com\/larevistadigital.com.ar\/blog\/wp-content\/uploads\/2a1bd6be35e1bb5b8c3fe2fd3aa80d3f.jpg?fit=1200%2C599&ssl=1&resize=525%2C300 1.5x, https:\/\/i0.wp.com\/larevistadigital.com.ar\/blog\/wp-content\/uploads\/2a1bd6be35e1bb5b8c3fe2fd3aa80d3f.jpg?fit=1200%2C599&ssl=1&resize=700%2C400 2x, https:\/\/i0.wp.com\/larevistadigital.com.ar\/blog\/wp-content\/uploads\/2a1bd6be35e1bb5b8c3fe2fd3aa80d3f.jpg?fit=1200%2C599&ssl=1&resize=1050%2C600 3x"},"classes":[]},{"id":30539,"url":"https:\/\/larevistadigital.com.ar\/blog\/diputado-sufre-un-fuerte-accidente-mientras-viajaba-con-su-familia\/","url_meta":{"origin":347,"position":5},"title":"DIPUTADO SUFRE UN FUERTE ACCIDENTE MIENTRAS VIAJABA CON SU FAMILIA","author":"Alejandro Sosa Ruda","date":"12 marzo, 2023","format":false,"excerpt":"Chocaron de frente con otro veh\u00edculo en la zona sur de Mar del Plata. Se trata del ex intendente de Miramar y su familia que resultaron heridos. Fueron trasladados a un hospital privado de la ciudad, donde permanecieron en observaci\u00f3n. 11 de marzo de 2023 MAR DEL PLATA -\u00a0 El\u2026","rel":"","context":"En \u00abPOLICIALES\u00bb","block_context":{"text":"POLICIALES","link":"https:\/\/larevistadigital.com.ar\/blog\/category\/policiales\/"},"img":{"alt_text":"","src":"https:\/\/i0.wp.com\/larevistadigital.com.ar\/blog\/wp-content\/uploads\/20230311172246_acc.jpg?fit=880%2C512&ssl=1&resize=350%2C200","width":350,"height":200,"srcset":"https:\/\/i0.wp.com\/larevistadigital.com.ar\/blog\/wp-content\/uploads\/20230311172246_acc.jpg?fit=880%2C512&ssl=1&resize=350%2C200 1x, https:\/\/i0.wp.com\/larevistadigital.com.ar\/blog\/wp-content\/uploads\/20230311172246_acc.jpg?fit=880%2C512&ssl=1&resize=525%2C300 1.5x, https:\/\/i0.wp.com\/larevistadigital.com.ar\/blog\/wp-content\/uploads\/20230311172246_acc.jpg?fit=880%2C512&ssl=1&resize=700%2C400 2x"},"classes":[]}],"_links":{"self":[{"href":"https:\/\/larevistadigital.com.ar\/blog\/wp-json\/wp\/v2\/posts\/347","targetHints":{"allow":["GET"]}}],"collection":[{"href":"https:\/\/larevistadigital.com.ar\/blog\/wp-json\/wp\/v2\/posts"}],"about":[{"href":"https:\/\/larevistadigital.com.ar\/blog\/wp-json\/wp\/v2\/types\/post"}],"author":[{"embeddable":true,"href":"https:\/\/larevistadigital.com.ar\/blog\/wp-json\/wp\/v2\/users\/2"}],"replies":[{"embeddable":true,"href":"https:\/\/larevistadigital.com.ar\/blog\/wp-json\/wp\/v2\/comments?post=347"}],"version-history":[{"count":1,"href":"https:\/\/larevistadigital.com.ar\/blog\/wp-json\/wp\/v2\/posts\/347\/revisions"}],"predecessor-version":[{"id":349,"href":"https:\/\/larevistadigital.com.ar\/blog\/wp-json\/wp\/v2\/posts\/347\/revisions\/349"}],"wp:featuredmedia":[{"embeddable":true,"href":"https:\/\/larevistadigital.com.ar\/blog\/wp-json\/wp\/v2\/media\/348"}],"wp:attachment":[{"href":"https:\/\/larevistadigital.com.ar\/blog\/wp-json\/wp\/v2\/media?parent=347"}],"wp:term":[{"taxonomy":"category","embeddable":true,"href":"https:\/\/larevistadigital.com.ar\/blog\/wp-json\/wp\/v2\/categories?post=347"},{"taxonomy":"post_tag","embeddable":true,"href":"https:\/\/larevistadigital.com.ar\/blog\/wp-json\/wp\/v2\/tags?post=347"}],"curies":[{"name":"wp","href":"https:\/\/api.w.org\/{rel}","templated":true}]}}