{"id":34791,"date":"2023-12-06T09:33:41","date_gmt":"2023-12-06T12:33:41","guid":{"rendered":"https:\/\/larevistadigital.com.ar\/blog\/?p=34791"},"modified":"2023-12-06T09:33:41","modified_gmt":"2023-12-06T12:33:41","slug":"gral-madariaga-tragedia-un-joven-murio-y-otro-esta-grave-tras-chocar-con-un-arbol","status":"publish","type":"post","link":"https:\/\/larevistadigital.com.ar\/blog\/gral-madariaga-tragedia-un-joven-murio-y-otro-esta-grave-tras-chocar-con-un-arbol\/","title":{"rendered":"GRAL. MADARIAGA: \u00a1TRAGEDIA!. UN JOVEN MURI\u00d3 Y OTRO EST\u00c1 GRAVE TRAS CHOCAR CON UN \u00c1RBOL."},"content":{"rendered":"<h2 class=\"fparrafo ctext fz18 lh25\">Los bomberos lograron rescatar a los dos ocupantes. Como consecuencia del impacto, el que viajaba de acompa\u00f1ante, de 25 a\u00f1os, perdi\u00f3 la vida; mientras que el conductor de 26 est\u00e1 internado en terapia intensiva.<\/h2>\n<p>6 de diciembre de 2023<\/p>\n<p><strong>GRAL. MADARIAGA &#8211;\u00a0 <\/strong>Un tr\u00e1gico hecho ocurri\u00f3 en General Madariaga cuando un auto, en el que viajaban dos j\u00f3venes, despist\u00f3 y termin\u00f3 incrustado contra un \u00e1rbol y un poste de luz.<\/p>\n<blockquote>\n<h3>Como consecuencia del impacto, el que viajaba de acompa\u00f1ante, de 25 a\u00f1os, perdi\u00f3 la vida; mientras que el conductor de 26 est\u00e1 internado en terapia intensiva.<\/h3>\n<\/blockquote>\n<p>Fuentes oficiales confirmaron que el accidente tuvo lugar a las 5.30 del s\u00e1bado, cuando un Fiat Vivace blanco, circulaba por Av. Buenos Aires, cerca de la calle 33, en inmediaciones del Paseo del Bicentenario.<\/p>\n<blockquote>\n<h3>Por causas que a\u00fan no fueron establecidas, el conductor del Fiat perdi\u00f3 el control del veh\u00edculo.<\/h3>\n<\/blockquote>\n<p>Se produce un derrape que lo hace cambiar de carril, del izquierdo al derecho; da un giro de 90 grados, se sube al boulevard que divide los sentidos de circulaci\u00f3n de la avenida, y termina impactando contra un \u00e1rbol y un poste de luz.<\/p>\n<blockquote>\n<h3>Producto del ruido provocado por el fuerte impacto, vecinos del lugar llamaron al 911. El sistema de emergencia y la Polic\u00eda acudi\u00f3 al lugar.<\/h3>\n<\/blockquote>\n<p>Los bomberos locales debieron participar para sacar a los ocupantes que estaban dentro del veh\u00edculo, bajo los hierros retorcidos. Cuando fueron rescatados, ambos estaban con vida.<\/p>\n<blockquote>\n<h3>David Albarengo, que iba de acompa\u00f1ante muri\u00f3 a los pocos minutos de ingresar al Hospital Municipal, seg\u00fan public\u00f3 el sitio local El Fundador. En tanto, el conductor permanece internado en sala de terapia intensiva.<\/h3>\n<\/blockquote>\n<p>Si bien no se difundi\u00f3 parte m\u00e9dico, medios locales consignaron que est\u00e1 con m\u00faltiples heridas, alguna muy graves, y que se encuentra bajo observaci\u00f3n permanente. (<b>InfoGEI<\/b>) Mg<\/p>\n","protected":false},"excerpt":{"rendered":"<div class=\"mh-excerpt\"><p>Los bomberos lograron rescatar a los dos ocupantes. Como consecuencia del impacto, el que viajaba de acompa\u00f1ante, de 25 a\u00f1os, perdi\u00f3 la vida; mientras que el conductor de 26 est\u00e1 internado en terapia intensiva. 6 <a class=\"mh-excerpt-more\" href=\"https:\/\/larevistadigital.com.ar\/blog\/gral-madariaga-tragedia-un-joven-murio-y-otro-esta-grave-tras-chocar-con-un-arbol\/\" title=\"GRAL. MADARIAGA: \u00a1TRAGEDIA!. UN JOVEN MURI\u00d3 Y OTRO EST\u00c1 GRAVE TRAS CHOCAR CON UN \u00c1RBOL.\">[Leer M\u00e1s]<\/a><\/p>\n<\/div>","protected":false},"author":3,"featured_media":34792,"comment_status":"open","ping_status":"open","sticky":false,"template":"","format":"standard","meta":{"_jetpack_memberships_contains_paid_content":false,"footnotes":"","jetpack_publicize_message":"","jetpack_publicize_feature_enabled":true,"jetpack_social_post_already_shared":true,"jetpack_social_options":{"image_generator_settings":{"template":"highway","default_image_id":0,"font":"","enabled":false},"version":2}},"categories":[44,51],"tags":[],"class_list":{"0":"post-34791","1":"post","2":"type-post","3":"status-publish","4":"format-standard","5":"has-post-thumbnail","7":"category-policiales","8":"category-regionales"},"jetpack_publicize_connections":[],"jetpack_featured_media_url":"https:\/\/i0.wp.com\/larevistadigital.com.ar\/blog\/wp-content\/uploads\/20231205162217_auto.jpg?fit=880%2C512&ssl=1","jetpack_sharing_enabled":true,"jetpack_shortlink":"https:\/\/wp.me\/p8qtrQ-939","jetpack-related-posts":[{"id":26181,"url":"https:\/\/larevistadigital.com.ar\/blog\/mueren-dos-vecinos-de-gral-madariaga-en-un-accidente-en-la-ruta-74\/","url_meta":{"origin":34791,"position":0},"title":"MUEREN DOS VECINOS DE GRAL. MADARIAGA EN UN ACCIDENTE EN LA RUTA 74","author":"Alejandro Sosa Ruda","date":"28 junio, 2022","format":false,"excerpt":"Las v\u00edctimas fueron un hombre de 74 a\u00f1os y su hija de 48. El choque fatal se produjo a la altura del kil\u00f3metro 19. Dos vecinos de la ciudad de\u00a0General Madariaga\u00a0fallecieron este martes como consecuencia de un fuerte choque ocurrido en el\u00a0kil\u00f3metro 19 de la Ruta 74. El accidente se\u2026","rel":"","context":"En \u00abPOLICIALES\u00bb","block_context":{"text":"POLICIALES","link":"https:\/\/larevistadigital.com.ar\/blog\/category\/policiales\/"},"img":{"alt_text":"","src":"https:\/\/i0.wp.com\/larevistadigital.com.ar\/blog\/wp-content\/uploads\/bf32d54f8cc62cca02a0cf94446617d1dd33c0c5.jpg?fit=1140%2C781&ssl=1&resize=350%2C200","width":350,"height":200,"srcset":"https:\/\/i0.wp.com\/larevistadigital.com.ar\/blog\/wp-content\/uploads\/bf32d54f8cc62cca02a0cf94446617d1dd33c0c5.jpg?fit=1140%2C781&ssl=1&resize=350%2C200 1x, https:\/\/i0.wp.com\/larevistadigital.com.ar\/blog\/wp-content\/uploads\/bf32d54f8cc62cca02a0cf94446617d1dd33c0c5.jpg?fit=1140%2C781&ssl=1&resize=525%2C300 1.5x, https:\/\/i0.wp.com\/larevistadigital.com.ar\/blog\/wp-content\/uploads\/bf32d54f8cc62cca02a0cf94446617d1dd33c0c5.jpg?fit=1140%2C781&ssl=1&resize=700%2C400 2x, https:\/\/i0.wp.com\/larevistadigital.com.ar\/blog\/wp-content\/uploads\/bf32d54f8cc62cca02a0cf94446617d1dd33c0c5.jpg?fit=1140%2C781&ssl=1&resize=1050%2C600 3x"},"classes":[]},{"id":23172,"url":"https:\/\/larevistadigital.com.ar\/blog\/otra-victima-nuevamente-una-tragedia-con-un-cuatriciclo-en-pinamar\/","url_meta":{"origin":34791,"position":1},"title":"OTRA V\u00cdCTIMA&#8230; NUEVAMENTE UNA TRAGEDIA CON UN CUATRICICLO EN PINAMAR","author":"Alejandro Sosa Ruda","date":"2 enero, 2022","format":false,"excerpt":"Sucedi\u00f3 este s\u00e1bado a la tarde en la zona conocida como \u201cLa Frontera\u201d. La v\u00edctima viajaba como acompa\u00f1ante. El conductor est\u00e1 internado en terapia intensiva gravemente herido. PINAMAR -\u00a0 Tres d\u00edas despu\u00e9s de la muerte de\u00a0Agustina Queirel, la turista de 34 a\u00f1os que volc\u00f3 con su cuatriciclo y muri\u00f3 en\u2026","rel":"","context":"En \u00abPOLICIALES\u00bb","block_context":{"text":"POLICIALES","link":"https:\/\/larevistadigital.com.ar\/blog\/category\/policiales\/"},"img":{"alt_text":"","src":"https:\/\/i0.wp.com\/larevistadigital.com.ar\/blog\/wp-content\/uploads\/Captura-de-pantalla-2022-01-02-112205.jpg?fit=913%2C492&ssl=1&resize=350%2C200","width":350,"height":200,"srcset":"https:\/\/i0.wp.com\/larevistadigital.com.ar\/blog\/wp-content\/uploads\/Captura-de-pantalla-2022-01-02-112205.jpg?fit=913%2C492&ssl=1&resize=350%2C200 1x, https:\/\/i0.wp.com\/larevistadigital.com.ar\/blog\/wp-content\/uploads\/Captura-de-pantalla-2022-01-02-112205.jpg?fit=913%2C492&ssl=1&resize=525%2C300 1.5x, https:\/\/i0.wp.com\/larevistadigital.com.ar\/blog\/wp-content\/uploads\/Captura-de-pantalla-2022-01-02-112205.jpg?fit=913%2C492&ssl=1&resize=700%2C400 2x"},"classes":[]},{"id":8855,"url":"https:\/\/larevistadigital.com.ar\/blog\/accidente-fatal-en-ruta-11-muere-un-hombre-de-63-anos\/","url_meta":{"origin":34791,"position":2},"title":"ACCIDENTE FATAL EN RUTA 11. MUERE UN HOMBRE DE 63 A\u00d1OS","author":"Alejandro Sosa Ruda","date":"3 marzo, 2019","format":false,"excerpt":"Sucedi\u00f3 en la madrugada del domingo en la ruta interbalnearia camino a Santa Clara. La v\u00edctima fatal era un marplatense que iba acompa\u00f1ado de tres adultos y cuatro ni\u00f1os, todos hospitalizados. Una mujer est\u00e1 grave. Un terrible siniestro vial sucedi\u00f3 esta madrugada en el\u00a0kil\u00f3metro 497\u00a0de la\u00a0ruta 11, camino a\u00a0Santa Clara\u00a0cuando\u2026","rel":"","context":"En \u00abPOLICIALES\u00bb","block_context":{"text":"POLICIALES","link":"https:\/\/larevistadigital.com.ar\/blog\/category\/policiales\/"},"img":{"alt_text":"","src":"https:\/\/i0.wp.com\/larevistadigital.com.ar\/blog\/wp-content\/uploads\/2019\/03\/1551626678673.jpg?fit=1020%2C622&ssl=1&resize=350%2C200","width":350,"height":200,"srcset":"https:\/\/i0.wp.com\/larevistadigital.com.ar\/blog\/wp-content\/uploads\/2019\/03\/1551626678673.jpg?fit=1020%2C622&ssl=1&resize=350%2C200 1x, https:\/\/i0.wp.com\/larevistadigital.com.ar\/blog\/wp-content\/uploads\/2019\/03\/1551626678673.jpg?fit=1020%2C622&ssl=1&resize=525%2C300 1.5x, https:\/\/i0.wp.com\/larevistadigital.com.ar\/blog\/wp-content\/uploads\/2019\/03\/1551626678673.jpg?fit=1020%2C622&ssl=1&resize=700%2C400 2x"},"classes":[]},{"id":44042,"url":"https:\/\/larevistadigital.com.ar\/blog\/grave-accidente-en-los-medanos-de-villa-gesell-volco-un-utv-y-una-mujer-esta-en-terapia-intensiva\/","url_meta":{"origin":34791,"position":3},"title":"Grave accidente en los m\u00e9danos de Villa Gesell: volc\u00f3 un UTV y una mujer est\u00e1 en terapia intensiva","author":"Alejandro Sosa Ruda","date":"18 febrero, 2026","format":false,"excerpt":"El hecho ocurri\u00f3 en la zona conocida como \u201cLa Olla\u201d. La v\u00edctima, de 33 a\u00f1os, fue derivada a Mar del Plata con pron\u00f3stico reservado. El veh\u00edculo habr\u00eda circulado a alta velocidad y no hubo otros rodados involucrados. 18 de febrero de 2026 VILLA GESELL -\u00a0 \u00a0 Un nuevo siniestro con\u2026","rel":"","context":"En \u00abDESTACADAS\u00bb","block_context":{"text":"DESTACADAS","link":"https:\/\/larevistadigital.com.ar\/blog\/category\/destacadas\/"},"img":{"alt_text":"","src":"https:\/\/i0.wp.com\/larevistadigital.com.ar\/blog\/wp-content\/uploads\/4bc76fe6773a45f18cb02e7a89582b1676911f15.png?fit=1140%2C666&ssl=1&resize=350%2C200","width":350,"height":200,"srcset":"https:\/\/i0.wp.com\/larevistadigital.com.ar\/blog\/wp-content\/uploads\/4bc76fe6773a45f18cb02e7a89582b1676911f15.png?fit=1140%2C666&ssl=1&resize=350%2C200 1x, https:\/\/i0.wp.com\/larevistadigital.com.ar\/blog\/wp-content\/uploads\/4bc76fe6773a45f18cb02e7a89582b1676911f15.png?fit=1140%2C666&ssl=1&resize=525%2C300 1.5x, https:\/\/i0.wp.com\/larevistadigital.com.ar\/blog\/wp-content\/uploads\/4bc76fe6773a45f18cb02e7a89582b1676911f15.png?fit=1140%2C666&ssl=1&resize=700%2C400 2x, https:\/\/i0.wp.com\/larevistadigital.com.ar\/blog\/wp-content\/uploads\/4bc76fe6773a45f18cb02e7a89582b1676911f15.png?fit=1140%2C666&ssl=1&resize=1050%2C600 3x"},"classes":[]},{"id":38789,"url":"https:\/\/larevistadigital.com.ar\/blog\/38789-2\/","url_meta":{"origin":34791,"position":4},"title":"Violento accidente en la ruta","author":"Alejandro Sosa Ruda","date":"23 febrero, 2025","format":false,"excerpt":"Un impactante accidente ocurri\u00f3 esta tarde en el kil\u00f3metro 33 de la Ruta 56, en jurisdicci\u00f3n de General Madariaga. 23 de Febrero de 2025 GRAL. MADARIAGA -\u00a0 Por motivos que a\u00fan se investigan, el conductor de un veh\u00edculo perdi\u00f3 el control, despist\u00f3 y termin\u00f3 volcando. A pesar de la violencia\u2026","rel":"","context":"En \u00abPOLICIALES\u00bb","block_context":{"text":"POLICIALES","link":"https:\/\/larevistadigital.com.ar\/blog\/category\/policiales\/"},"img":{"alt_text":"","src":"https:\/\/i0.wp.com\/larevistadigital.com.ar\/blog\/wp-content\/uploads\/8fbc56a1501b492bdb4c4b76cde98e5e3ce7f180.jpg?fit=900%2C900&ssl=1&resize=350%2C200","width":350,"height":200,"srcset":"https:\/\/i0.wp.com\/larevistadigital.com.ar\/blog\/wp-content\/uploads\/8fbc56a1501b492bdb4c4b76cde98e5e3ce7f180.jpg?fit=900%2C900&ssl=1&resize=350%2C200 1x, https:\/\/i0.wp.com\/larevistadigital.com.ar\/blog\/wp-content\/uploads\/8fbc56a1501b492bdb4c4b76cde98e5e3ce7f180.jpg?fit=900%2C900&ssl=1&resize=525%2C300 1.5x, https:\/\/i0.wp.com\/larevistadigital.com.ar\/blog\/wp-content\/uploads\/8fbc56a1501b492bdb4c4b76cde98e5e3ce7f180.jpg?fit=900%2C900&ssl=1&resize=700%2C400 2x"},"classes":[]},{"id":43482,"url":"https:\/\/larevistadigital.com.ar\/blog\/grave-choque-en-la-ruta-un-joven-jinete-de-ayacucho-lucha-por-su-vida-y-hay-dos-fallecidos\/","url_meta":{"origin":34791,"position":5},"title":"Grave choque en la ruta: un joven jinete de Ayacucho lucha por su vida y hay dos fallecidos","author":"Alejandro Sosa Ruda","date":"20 enero, 2026","format":false,"excerpt":"El accidente ocurri\u00f3 en Bragado cuando regresaban del Festival Nacional de Doma y Folklore de Jes\u00fas Mar\u00eda. El domador permanece internado en terapia intensiva. 20 de enero de 2026 BUENOS AIRES -\u00a0 \u00a0Un violento choque entre dos camionetas ocurrido este lunes por la ma\u00f1ana en la Ruta Provincial 46, a\u2026","rel":"","context":"En \u00abREGIONALES\u00bb","block_context":{"text":"REGIONALES","link":"https:\/\/larevistadigital.com.ar\/blog\/category\/regionales\/"},"img":{"alt_text":"","src":"https:\/\/i0.wp.com\/larevistadigital.com.ar\/blog\/wp-content\/uploads\/5d1bd716a96d09568d558a7f5137fd1a0fefde85.jpg?fit=1140%2C641&ssl=1&resize=350%2C200","width":350,"height":200,"srcset":"https:\/\/i0.wp.com\/larevistadigital.com.ar\/blog\/wp-content\/uploads\/5d1bd716a96d09568d558a7f5137fd1a0fefde85.jpg?fit=1140%2C641&ssl=1&resize=350%2C200 1x, https:\/\/i0.wp.com\/larevistadigital.com.ar\/blog\/wp-content\/uploads\/5d1bd716a96d09568d558a7f5137fd1a0fefde85.jpg?fit=1140%2C641&ssl=1&resize=525%2C300 1.5x, https:\/\/i0.wp.com\/larevistadigital.com.ar\/blog\/wp-content\/uploads\/5d1bd716a96d09568d558a7f5137fd1a0fefde85.jpg?fit=1140%2C641&ssl=1&resize=700%2C400 2x, https:\/\/i0.wp.com\/larevistadigital.com.ar\/blog\/wp-content\/uploads\/5d1bd716a96d09568d558a7f5137fd1a0fefde85.jpg?fit=1140%2C641&ssl=1&resize=1050%2C600 3x"},"classes":[]}],"_links":{"self":[{"href":"https:\/\/larevistadigital.com.ar\/blog\/wp-json\/wp\/v2\/posts\/34791","targetHints":{"allow":["GET"]}}],"collection":[{"href":"https:\/\/larevistadigital.com.ar\/blog\/wp-json\/wp\/v2\/posts"}],"about":[{"href":"https:\/\/larevistadigital.com.ar\/blog\/wp-json\/wp\/v2\/types\/post"}],"author":[{"embeddable":true,"href":"https:\/\/larevistadigital.com.ar\/blog\/wp-json\/wp\/v2\/users\/3"}],"replies":[{"embeddable":true,"href":"https:\/\/larevistadigital.com.ar\/blog\/wp-json\/wp\/v2\/comments?post=34791"}],"version-history":[{"count":1,"href":"https:\/\/larevistadigital.com.ar\/blog\/wp-json\/wp\/v2\/posts\/34791\/revisions"}],"predecessor-version":[{"id":34793,"href":"https:\/\/larevistadigital.com.ar\/blog\/wp-json\/wp\/v2\/posts\/34791\/revisions\/34793"}],"wp:featuredmedia":[{"embeddable":true,"href":"https:\/\/larevistadigital.com.ar\/blog\/wp-json\/wp\/v2\/media\/34792"}],"wp:attachment":[{"href":"https:\/\/larevistadigital.com.ar\/blog\/wp-json\/wp\/v2\/media?parent=34791"}],"wp:term":[{"taxonomy":"category","embeddable":true,"href":"https:\/\/larevistadigital.com.ar\/blog\/wp-json\/wp\/v2\/categories?post=34791"},{"taxonomy":"post_tag","embeddable":true,"href":"https:\/\/larevistadigital.com.ar\/blog\/wp-json\/wp\/v2\/tags?post=34791"}],"curies":[{"name":"wp","href":"https:\/\/api.w.org\/{rel}","templated":true}]}}