{"id":34794,"date":"2023-12-06T09:44:50","date_gmt":"2023-12-06T12:44:50","guid":{"rendered":"https:\/\/larevistadigital.com.ar\/blog\/?p=34794"},"modified":"2023-12-06T09:44:50","modified_gmt":"2023-12-06T12:44:50","slug":"mar-del-plata-un-colegio-indemnizo-a-una-alumna-que-sufrio-bulling-con-11-millones-de-pesos","status":"publish","type":"post","link":"https:\/\/larevistadigital.com.ar\/blog\/mar-del-plata-un-colegio-indemnizo-a-una-alumna-que-sufrio-bulling-con-11-millones-de-pesos\/","title":{"rendered":"MAR DEL PLATA: UN COLEGIO INDEMNIZ\u00d3 A UNA ALUMNA QUE SUFRI\u00d3 BULLING CON 11 MILLONES DE PESOS."},"content":{"rendered":"<h2 class=\"fparrafo ctext fz18 lh25\">La acci\u00f3n iniciada hab\u00eda tenido un fallo de primera instancia, que fue ratificado por la Sala II de la C\u00e1mara de Apelaciones en lo Civil y Comercial.<\/h2>\n<p>6 de diciembre de 2023<\/p>\n<p><strong>MAR DEL PLATA &#8211;<\/strong>\u00a0 La causa judicial que inici\u00f3 la alumna de un colegio privado de la ciudad de Mar del Plata a las autoridades del establecimiento por situaciones de bullying tuvo su instancia final con una resoluci\u00f3n favorable a la denunciante y una indemnizaci\u00f3n ya efectivizada por un monto de casi 11 millones de pesos.<\/p>\n<blockquote>\n<h3>La acci\u00f3n iniciada hab\u00eda tenido un fallo de primera instancia, que fue ratificado por la Sala II de la C\u00e1mara de Apelaciones en lo Civil y Comercial, que debi\u00f3 atender el recurso que hab\u00eda presentado la representaci\u00f3n legal del Colegio Galileo Galilei de Mar del Plata, acusado y ahora condenado por este caso.<\/h3>\n<\/blockquote>\n<p>Las autoridades de la instituci\u00f3n hab\u00edan advertido, en ocasi\u00f3n de conocer lo resuelto por el primer juez que fij\u00f3 postura en este hecho, que no estaban en condiciones de afrontar la suma que se les exig\u00eda.<\/p>\n<blockquote>\n<h3>El abogado Juan Pablo Ambos, que representa a la joven que fue v\u00edctima de estas situaciones de acoso escolar, asegur\u00f3 que la indemnizaci\u00f3n requerida \u00abya fue efectivizada\u00bb y confirm\u00f3 que la suma \u00abes de casi 11 millones de pesos\u00bb ya que contempla intereses que aplican en la actualizaci\u00f3n del monto original establecido.<\/h3>\n<\/blockquote>\n<p>En cuanto a la satisfacci\u00f3n por el resultado que tuvo la demanda judicial destac\u00f3 que su clienta, que ya egres\u00f3 de ese colegio, qued\u00f3 satisfecha. \u00abConsidera que se pudo hacer justicia en este caso\u00bb y destac\u00f3 que m\u00e1s all\u00e1 del dinero en concepto de indemnizaci\u00f3n valora que en los tribunales haya encontrado esta respuesta porque \u00abdel colegio no recibi\u00f3 disculpas\u00bb.<\/p>\n<blockquote>\n<h3><em><strong>\u00abEl fallo en s\u00ed es justicia hacia su causa y una forma de disculpas por lo que ha sufrido\u00bb<\/strong><\/em>, asegur\u00f3 al repasar este caso y la resoluci\u00f3n que alcanz\u00f3 en esta segunda instancia. <strong><em>\u00abNo hubo recurso ante la Suprema Corte\u00bb<\/em><\/strong>, dijo sobre la posibilidad que descartaron desde la conducci\u00f3n del colegio.<\/h3>\n<\/blockquote>\n<p>Reconoci\u00f3 el profesional que este fallo \u00absienta un precedente\u00bb en materia de estos casos de bullying. \u00abEs importante que las escuelas tomen las medidas adecuadas, escuchen a los alumnos que sufren esta problem\u00e1tica y prevenir y sancionar a aquellos que lo causan\u00bb, afirm\u00f3. (<b>InfoGEI<\/b>)Mg<\/p>\n","protected":false},"excerpt":{"rendered":"<div class=\"mh-excerpt\"><p>La acci\u00f3n iniciada hab\u00eda tenido un fallo de primera instancia, que fue ratificado por la Sala II de la C\u00e1mara de Apelaciones en lo Civil y Comercial. 6 de diciembre de 2023 MAR DEL PLATA <a class=\"mh-excerpt-more\" href=\"https:\/\/larevistadigital.com.ar\/blog\/mar-del-plata-un-colegio-indemnizo-a-una-alumna-que-sufrio-bulling-con-11-millones-de-pesos\/\" title=\"MAR DEL PLATA: UN COLEGIO INDEMNIZ\u00d3 A UNA ALUMNA QUE SUFRI\u00d3 BULLING CON 11 MILLONES DE PESOS.\">[Leer M\u00e1s]<\/a><\/p>\n<\/div>","protected":false},"author":3,"featured_media":34795,"comment_status":"open","ping_status":"open","sticky":false,"template":"","format":"standard","meta":{"_jetpack_memberships_contains_paid_content":false,"footnotes":"","jetpack_publicize_message":"","jetpack_publicize_feature_enabled":true,"jetpack_social_post_already_shared":true,"jetpack_social_options":{"image_generator_settings":{"template":"highway","default_image_id":0,"font":"","enabled":false},"version":2}},"categories":[51,29],"tags":[],"class_list":{"0":"post-34794","1":"post","2":"type-post","3":"status-publish","4":"format-standard","5":"has-post-thumbnail","7":"category-regionales","8":"category-sociedad"},"jetpack_publicize_connections":[],"jetpack_featured_media_url":"https:\/\/i0.wp.com\/larevistadigital.com.ar\/blog\/wp-content\/uploads\/20231205153900_galileo.jpg?fit=880%2C512&ssl=1","jetpack_sharing_enabled":true,"jetpack_shortlink":"https:\/\/wp.me\/p8qtrQ-93c","jetpack-related-posts":[{"id":42077,"url":"https:\/\/larevistadigital.com.ar\/blog\/violencia-en-una-escuela-de-mar-del-plata-una-alumna-ataco-a-la-directora-y-la-dejo-hospitalizada\/","url_meta":{"origin":34794,"position":0},"title":"Violencia en una escuela de Mar del Plata: una alumna atac\u00f3 a la directora y la dej\u00f3 hospitalizada","author":"Alejandro Sosa Ruda","date":"19 octubre, 2025","format":false,"excerpt":"La directora de la Escuela Primaria N\u00b063 sufri\u00f3 golpes y traumatismo de cr\u00e1neo al intervenir para frenar una pelea entre alumnos. La agresora, que ya hab\u00eda protagonizado otros episodios violentos, tambi\u00e9n hab\u00eda lesionado a otras docentes. 19 de Octubre de 2025 MAR DEL PLATA -\u00a0 \u00a0Un nuevo y preocupante episodio\u2026","rel":"","context":"En \u00abSin categor\u00eda\u00bb","block_context":{"text":"Sin categor\u00eda","link":"https:\/\/larevistadigital.com.ar\/blog\/category\/sin-categoria\/"},"img":{"alt_text":"","src":"https:\/\/i0.wp.com\/larevistadigital.com.ar\/blog\/wp-content\/uploads\/Captura-de-pantalla-2025-10-19-195736.jpg?fit=682%2C379&ssl=1&resize=350%2C200","width":350,"height":200,"srcset":"https:\/\/i0.wp.com\/larevistadigital.com.ar\/blog\/wp-content\/uploads\/Captura-de-pantalla-2025-10-19-195736.jpg?fit=682%2C379&ssl=1&resize=350%2C200 1x, https:\/\/i0.wp.com\/larevistadigital.com.ar\/blog\/wp-content\/uploads\/Captura-de-pantalla-2025-10-19-195736.jpg?fit=682%2C379&ssl=1&resize=525%2C300 1.5x"},"classes":[]},{"id":29314,"url":"https:\/\/larevistadigital.com.ar\/blog\/mar-del-plata-fuerte-rechazo-a-la-decision-que-habilita-la-explotacion-petrolera\/","url_meta":{"origin":34794,"position":1},"title":"MAR DEL PLATA: FUERTE RECHAZO A LA DECISI\u00d3N QUE HABILITA LA EXPLOTACI\u00d3N PETROLERA.","author":"Alejandro Sosa Ruda","date":"8 diciembre, 2022","format":false,"excerpt":"\u201cEste fallo es una condena para el Mar Argentino. La C\u00e1mara cede ante las constantes presiones del gobierno y la industria. Decidi\u00f3 dejar sin efecto la cautelar y aprobar la exploraci\u00f3n s\u00edsmica, sin argumentaci\u00f3n que sustente este decisi\u00f3n e ignorando deliberadamente los fundamentos presentados que demuestran la afectaci\u00f3n directa de\u2026","rel":"","context":"En \u00abREGIONALES\u00bb","block_context":{"text":"REGIONALES","link":"https:\/\/larevistadigital.com.ar\/blog\/category\/regionales\/"},"img":{"alt_text":"","src":"https:\/\/i0.wp.com\/larevistadigital.com.ar\/blog\/wp-content\/uploads\/20221206161436_mar-argentino-plataformas-petroleo-2-855x500-1.jpg?fit=880%2C512&ssl=1&resize=350%2C200","width":350,"height":200,"srcset":"https:\/\/i0.wp.com\/larevistadigital.com.ar\/blog\/wp-content\/uploads\/20221206161436_mar-argentino-plataformas-petroleo-2-855x500-1.jpg?fit=880%2C512&ssl=1&resize=350%2C200 1x, https:\/\/i0.wp.com\/larevistadigital.com.ar\/blog\/wp-content\/uploads\/20221206161436_mar-argentino-plataformas-petroleo-2-855x500-1.jpg?fit=880%2C512&ssl=1&resize=525%2C300 1.5x, https:\/\/i0.wp.com\/larevistadigital.com.ar\/blog\/wp-content\/uploads\/20221206161436_mar-argentino-plataformas-petroleo-2-855x500-1.jpg?fit=880%2C512&ssl=1&resize=700%2C400 2x"},"classes":[]},{"id":40626,"url":"https:\/\/larevistadigital.com.ar\/blog\/google-debera-indemnizar-a-un-hombre-que-aparecio-desnudo-en-street-view\/","url_meta":{"origin":34794,"position":2},"title":"Google deber\u00e1 indemnizar a un hombre que apareci\u00f3 desnudo en Street View","author":"Alejandro Sosa Ruda","date":"26 julio, 2025","format":false,"excerpt":"Un vecino de Bragado, en la provincia de Buenos Aires, le gan\u00f3 un juicio a Google, que deber\u00e1 indemnizarlo con una suma superior a los 16 millones de pesos, tras haberse publicado una imagen suya completamente desnudo en Google Street View. La foto fue captada dentro del patio de su\u2026","rel":"","context":"En \u00abINTERES GENERAL\u00bb","block_context":{"text":"INTERES GENERAL","link":"https:\/\/larevistadigital.com.ar\/blog\/category\/interes-general\/"},"img":{"alt_text":"","src":"https:\/\/i0.wp.com\/larevistadigital.com.ar\/blog\/wp-content\/uploads\/20250725191831_hombre-desnudo-street-view-google.jpg?fit=880%2C512&ssl=1&resize=350%2C200","width":350,"height":200,"srcset":"https:\/\/i0.wp.com\/larevistadigital.com.ar\/blog\/wp-content\/uploads\/20250725191831_hombre-desnudo-street-view-google.jpg?fit=880%2C512&ssl=1&resize=350%2C200 1x, https:\/\/i0.wp.com\/larevistadigital.com.ar\/blog\/wp-content\/uploads\/20250725191831_hombre-desnudo-street-view-google.jpg?fit=880%2C512&ssl=1&resize=525%2C300 1.5x, https:\/\/i0.wp.com\/larevistadigital.com.ar\/blog\/wp-content\/uploads\/20250725191831_hombre-desnudo-street-view-google.jpg?fit=880%2C512&ssl=1&resize=700%2C400 2x"},"classes":[]},{"id":17745,"url":"https:\/\/larevistadigital.com.ar\/blog\/una-persona-de-mar-del-plata-gano-el-quini-6-y-obtuvo-17-millones-de-pesos\/","url_meta":{"origin":34794,"position":3},"title":"UNA PERSONA DE MAR DEL PLATA GAN\u00d3 EL QUINI 6 Y OBTUVO 17 MILLONES DE PESOS","author":"Alejandro Sosa Ruda","date":"19 noviembre, 2020","format":false,"excerpt":"MAR DEL PLATA - Un hombre de Mar del Plata se hizo millonario de la noche a la ma\u00f1ana con el Quini 6. Apost\u00f3 a 6 n\u00fameros de este tradicional sorteo y gan\u00f3 17 millones de pesos. El ganador de la modalidad Revancha del Quini 6 escogi\u00f3 los siguientes n\u00fameros:\u2026","rel":"","context":"En \u00abREGIONALES\u00bb","block_context":{"text":"REGIONALES","link":"https:\/\/larevistadigital.com.ar\/blog\/category\/regionales\/"},"img":{"alt_text":"","src":"https:\/\/i0.wp.com\/larevistadigital.com.ar\/blog\/wp-content\/uploads\/quini-6-bolillero.jpg?fit=696%2C464&ssl=1&resize=350%2C200","width":350,"height":200,"srcset":"https:\/\/i0.wp.com\/larevistadigital.com.ar\/blog\/wp-content\/uploads\/quini-6-bolillero.jpg?fit=696%2C464&ssl=1&resize=350%2C200 1x, https:\/\/i0.wp.com\/larevistadigital.com.ar\/blog\/wp-content\/uploads\/quini-6-bolillero.jpg?fit=696%2C464&ssl=1&resize=525%2C300 1.5x"},"classes":[]},{"id":29959,"url":"https:\/\/larevistadigital.com.ar\/blog\/mar-del-plata-los-bomberos-le-salvaron-la-vida-a-un-bebe-que-no-podia-respirar\/","url_meta":{"origin":34794,"position":4},"title":"MAR DEL PLATA: LOS BOMBEROS LE SALVARON LA VIDA A UN BEBE QUE NO POD\u00cdA RESPIRAR","author":"Alejandro Sosa Ruda","date":"3 febrero, 2023","format":false,"excerpt":"El personal del cuartel de San Patricio asisti\u00f3 a la criatura ante el pedido de auxilio de su mam\u00e1. 3 de febrero de 2023 MAR DEL PLATA -\u00a0 El pedido desesperado de una mam\u00e1, que se acerc\u00f3 al\u00a0cuartel de bomberos del barrio San Patricio\u00a0para\u00a0pedir auxilio porque su beb\u00e9 hab\u00eda dejado\u2026","rel":"","context":"En \u00abREGIONALES\u00bb","block_context":{"text":"REGIONALES","link":"https:\/\/larevistadigital.com.ar\/blog\/category\/regionales\/"},"img":{"alt_text":"","src":"https:\/\/i0.wp.com\/larevistadigital.com.ar\/blog\/wp-content\/uploads\/Captura-de-pantalla-2023-02-03-124543.png?fit=812%2C423&ssl=1&resize=350%2C200","width":350,"height":200,"srcset":"https:\/\/i0.wp.com\/larevistadigital.com.ar\/blog\/wp-content\/uploads\/Captura-de-pantalla-2023-02-03-124543.png?fit=812%2C423&ssl=1&resize=350%2C200 1x, https:\/\/i0.wp.com\/larevistadigital.com.ar\/blog\/wp-content\/uploads\/Captura-de-pantalla-2023-02-03-124543.png?fit=812%2C423&ssl=1&resize=525%2C300 1.5x, https:\/\/i0.wp.com\/larevistadigital.com.ar\/blog\/wp-content\/uploads\/Captura-de-pantalla-2023-02-03-124543.png?fit=812%2C423&ssl=1&resize=700%2C400 2x"},"classes":[]},{"id":28318,"url":"https:\/\/larevistadigital.com.ar\/blog\/mar-chiquita-enjuician-a-propietarios-de-explotaciones-agricolas-por-dano-ambiental\/","url_meta":{"origin":34794,"position":5},"title":"MAR CHIQUITA: ENJUICIAN A PROPIETARIOS DE EXPLOTACIONES AGRICOLAS POR \u00abDA\u00d1O AMBIENTAL\u00bb","author":"Alejandro Sosa Ruda","date":"5 octubre, 2022","format":false,"excerpt":"El tribunal lo decidi\u00f3 a partir de una \"acci\u00f3n preventiva de incidencia colectiva\" por los vecinos del \"Corredor Santa Clara, Partido de Mar Chiquita\", por la aplicaci\u00f3n, manipulaci\u00f3n, traslado y disposici\u00f3n\" de \"residuos peligrosos\", incluso agroqu\u00edmicos. 05 de Octubre de 2022 La Corte Suprema de la Naci\u00f3n dispuso que la\u2026","rel":"","context":"En \u00abPOLICIALES\u00bb","block_context":{"text":"POLICIALES","link":"https:\/\/larevistadigital.com.ar\/blog\/category\/policiales\/"},"img":{"alt_text":"","src":"https:\/\/i0.wp.com\/larevistadigital.com.ar\/blog\/wp-content\/uploads\/20221005175017_mar.jpg?fit=880%2C512&ssl=1&resize=350%2C200","width":350,"height":200,"srcset":"https:\/\/i0.wp.com\/larevistadigital.com.ar\/blog\/wp-content\/uploads\/20221005175017_mar.jpg?fit=880%2C512&ssl=1&resize=350%2C200 1x, https:\/\/i0.wp.com\/larevistadigital.com.ar\/blog\/wp-content\/uploads\/20221005175017_mar.jpg?fit=880%2C512&ssl=1&resize=525%2C300 1.5x, https:\/\/i0.wp.com\/larevistadigital.com.ar\/blog\/wp-content\/uploads\/20221005175017_mar.jpg?fit=880%2C512&ssl=1&resize=700%2C400 2x"},"classes":[]}],"_links":{"self":[{"href":"https:\/\/larevistadigital.com.ar\/blog\/wp-json\/wp\/v2\/posts\/34794","targetHints":{"allow":["GET"]}}],"collection":[{"href":"https:\/\/larevistadigital.com.ar\/blog\/wp-json\/wp\/v2\/posts"}],"about":[{"href":"https:\/\/larevistadigital.com.ar\/blog\/wp-json\/wp\/v2\/types\/post"}],"author":[{"embeddable":true,"href":"https:\/\/larevistadigital.com.ar\/blog\/wp-json\/wp\/v2\/users\/3"}],"replies":[{"embeddable":true,"href":"https:\/\/larevistadigital.com.ar\/blog\/wp-json\/wp\/v2\/comments?post=34794"}],"version-history":[{"count":1,"href":"https:\/\/larevistadigital.com.ar\/blog\/wp-json\/wp\/v2\/posts\/34794\/revisions"}],"predecessor-version":[{"id":34796,"href":"https:\/\/larevistadigital.com.ar\/blog\/wp-json\/wp\/v2\/posts\/34794\/revisions\/34796"}],"wp:featuredmedia":[{"embeddable":true,"href":"https:\/\/larevistadigital.com.ar\/blog\/wp-json\/wp\/v2\/media\/34795"}],"wp:attachment":[{"href":"https:\/\/larevistadigital.com.ar\/blog\/wp-json\/wp\/v2\/media?parent=34794"}],"wp:term":[{"taxonomy":"category","embeddable":true,"href":"https:\/\/larevistadigital.com.ar\/blog\/wp-json\/wp\/v2\/categories?post=34794"},{"taxonomy":"post_tag","embeddable":true,"href":"https:\/\/larevistadigital.com.ar\/blog\/wp-json\/wp\/v2\/tags?post=34794"}],"curies":[{"name":"wp","href":"https:\/\/api.w.org\/{rel}","templated":true}]}}