{"id":34797,"date":"2023-12-08T09:50:16","date_gmt":"2023-12-08T12:50:16","guid":{"rendered":"https:\/\/larevistadigital.com.ar\/blog\/?p=34797"},"modified":"2023-12-10T10:23:11","modified_gmt":"2023-12-10T13:23:11","slug":"la-justicia-dispuso-una-zona-libre-de-fumigaciones-en-pehuajo","status":"publish","type":"post","link":"https:\/\/larevistadigital.com.ar\/blog\/la-justicia-dispuso-una-zona-libre-de-fumigaciones-en-pehuajo\/","title":{"rendered":"LA JUSTICIA DISPUSO UNA ZONA LIBRE DE FUMIGACIONES EN PEHUAJO"},"content":{"rendered":"<h2 class=\"fparrafo ctext fz18 lh25\">La orden tiene una vigencia temporal de 90 d\u00edas, plazo que el magistrado impuso al Concejo Deliberante de Pehuaj\u00f3 para que sancione una ordenanza que regule la materia. El caso se hab\u00eda iniciado como consecuencia de la denuncia formulada por el padre de una ni\u00f1a que vive frente a un predio fumigado.<\/h2>\n<p>6 de diciembre de 2023<\/p>\n<p><strong>PEHUAJO &#8211;<\/strong>\u00a0 El juez federal de Pehuaj\u00f3, <strong>Andr\u00e9s Heim<\/strong>, dict\u00f3 una medida cautelar que dispone una zona de exclusi\u00f3n para la aplicaci\u00f3n terrestre de agroqu\u00edmicos de 300 metros, contados desde que termina la zona urbanizada.<\/p>\n<p>En esa zona no se podr\u00e1 realizar la pulverizaci\u00f3n de ese tipo de sustancias, a excepci\u00f3n de las relacionadas a la producci\u00f3n org\u00e1nica, y una zona de amortiguamiento o resguardo de 300 metros a partir de la zona de exclusi\u00f3n, habilitada para aplicar productos con grados de toxicidad baja, identificados con banda azul o verde, y de baja volatilidad.<\/p>\n<blockquote>\n<h3>La orden tiene una vigencia temporal de 90 d\u00edas, plazo que el magistrado impuso al Concejo Deliberante de Pehuaj\u00f3 para que sancione una ordenanza que regule la materia.<\/h3>\n<\/blockquote>\n<p>Heim hizo lugar a una medida cautelar requerida por la fiscal federal <strong>Mar\u00eda Cecilia Mc Intosh<\/strong>. En la investigaci\u00f3n penal, la fiscal hab\u00eda solicitado la inmediata suspensi\u00f3n provisional de las aplicaciones de fumigaciones con plaguicidas, herbicidas, insecticidas y cualquier otro paquete de agroqu\u00edmicos, sea mediante fumigaciones terrestres o a\u00e9reas, respecto de un campo de aproximadamente 25 hect\u00e1reas, situado en la localidad de Francisco Madero.<\/p>\n<blockquote>\n<h3 style=\"text-align: left\">El caso se hab\u00eda iniciado como consecuencia de la denuncia formulada por el padre de una ni\u00f1a que vive frente al predio fumigado a cargo de Javier Quiles y \u00c1ngela C\u00e1ngele.<\/h3>\n<\/blockquote>\n<p>En el caso se constat\u00f3 que la fumigaci\u00f3n repercuti\u00f3 en forma directa en la salud de al menos cuatro personas (entre ellas, dos ni\u00f1os), que, a las pocas horas de ser alcanzadas por las sustancias, se sintieron afectadas a nivel respiratorio y necesitaron la intervenci\u00f3n de personal de salud de la Unidad Sanitaria local y del Hospital de Pehuaj\u00f3. (<b>InfoGEI<\/b>) Mg<\/p>\n","protected":false},"excerpt":{"rendered":"<div class=\"mh-excerpt\"><p>La orden tiene una vigencia temporal de 90 d\u00edas, plazo que el magistrado impuso al Concejo Deliberante de Pehuaj\u00f3 para que sancione una ordenanza que regule la materia. El caso se hab\u00eda iniciado como consecuencia <a class=\"mh-excerpt-more\" href=\"https:\/\/larevistadigital.com.ar\/blog\/la-justicia-dispuso-una-zona-libre-de-fumigaciones-en-pehuajo\/\" title=\"LA JUSTICIA DISPUSO UNA ZONA LIBRE DE FUMIGACIONES EN PEHUAJO\">[Leer M\u00e1s]<\/a><\/p>\n<\/div>","protected":false},"author":3,"featured_media":34798,"comment_status":"open","ping_status":"open","sticky":false,"template":"","format":"standard","meta":{"_jetpack_memberships_contains_paid_content":false,"footnotes":"","jetpack_publicize_message":"","jetpack_publicize_feature_enabled":true,"jetpack_social_post_already_shared":true,"jetpack_social_options":{"image_generator_settings":{"template":"highway","default_image_id":0,"font":"","enabled":false},"version":2}},"categories":[41],"tags":[],"class_list":{"0":"post-34797","1":"post","2":"type-post","3":"status-publish","4":"format-standard","5":"has-post-thumbnail","7":"category-destacadas"},"jetpack_publicize_connections":[],"jetpack_featured_media_url":"https:\/\/i0.wp.com\/larevistadigital.com.ar\/blog\/wp-content\/uploads\/20231205150845_fumigacion-pehuajo-1000x600-1.jpg?fit=880%2C512&ssl=1","jetpack_sharing_enabled":true,"jetpack_shortlink":"https:\/\/wp.me\/p8qtrQ-93f","jetpack-related-posts":[{"id":25569,"url":"https:\/\/larevistadigital.com.ar\/blog\/pehuajo-declararon-la-emergencia-y-desastre-agropecuario\/","url_meta":{"origin":34797,"position":0},"title":"PEHUAJ\u00d3: DECLARARON LA EMERGENCIA Y DES\u00c1STRE AGROPECUARIO","author":"Alejandro Sosa Ruda","date":"2 junio, 2022","format":false,"excerpt":"Lo confirm\u00f3 el Jefe Comunal del distrito, Pablo Zurro, luego de recibir la informaci\u00f3n desde provincia. La emergencia ser\u00e1 aplicada desde el 1 de abril y el 30 septiembre del 2022. Pehuaj\u00f3 es uno de los distritos m\u00e1s afectados por las inundaciones, seg\u00fan un informe de Carbap. PEHUAJ\u00d3 - La\u2026","rel":"","context":"En \u00abREGIONALES\u00bb","block_context":{"text":"REGIONALES","link":"https:\/\/larevistadigital.com.ar\/blog\/category\/regionales\/"},"img":{"alt_text":"","src":"https:\/\/i0.wp.com\/larevistadigital.com.ar\/blog\/wp-content\/uploads\/20220602084704_inundaciones-pehuajo-emergencia.jpg?fit=880%2C512&ssl=1&resize=350%2C200","width":350,"height":200,"srcset":"https:\/\/i0.wp.com\/larevistadigital.com.ar\/blog\/wp-content\/uploads\/20220602084704_inundaciones-pehuajo-emergencia.jpg?fit=880%2C512&ssl=1&resize=350%2C200 1x, https:\/\/i0.wp.com\/larevistadigital.com.ar\/blog\/wp-content\/uploads\/20220602084704_inundaciones-pehuajo-emergencia.jpg?fit=880%2C512&ssl=1&resize=525%2C300 1.5x, https:\/\/i0.wp.com\/larevistadigital.com.ar\/blog\/wp-content\/uploads\/20220602084704_inundaciones-pehuajo-emergencia.jpg?fit=880%2C512&ssl=1&resize=700%2C400 2x"},"classes":[]},{"id":41753,"url":"https:\/\/larevistadigital.com.ar\/blog\/pehuajo-el-intendente-pablo-zurro-denuncio-el-deterioro-de-los-caminos-rurales-y-el-ingreso-ilegal-de-agua\/","url_meta":{"origin":34797,"position":1},"title":"Pehuaj\u00f3: el intendente Pablo Zurro denunci\u00f3 el deterioro de los caminos rurales y el ingreso ilegal de agua","author":"Alejandro Sosa Ruda","date":"3 octubre, 2025","format":false,"excerpt":"El jefe comunal responsabiliz\u00f3 a empresas por el mal estado de las v\u00edas y pidi\u00f3 la intervenci\u00f3n de las autoridades provinciales y nacionales. 03 de Octubre de 2025 BUENOS AIRES -\u00a0 \u00a0El intendente de Pehuaj\u00f3, Pablo Zurro, expres\u00f3 su preocupaci\u00f3n por el cr\u00edtico estado de los caminos rurales del distrito,\u2026","rel":"","context":"En \u00abPOLITICA PROVINCIAL\u00bb","block_context":{"text":"POLITICA PROVINCIAL","link":"https:\/\/larevistadigital.com.ar\/blog\/category\/politica\/politica-provincial\/"},"img":{"alt_text":"","src":"https:\/\/i0.wp.com\/larevistadigital.com.ar\/blog\/wp-content\/uploads\/20251003130418_whatsapp-image-2025-10-03-at-13-03-31.webp?fit=1200%2C685&ssl=1&resize=350%2C200","width":350,"height":200,"srcset":"https:\/\/i0.wp.com\/larevistadigital.com.ar\/blog\/wp-content\/uploads\/20251003130418_whatsapp-image-2025-10-03-at-13-03-31.webp?fit=1200%2C685&ssl=1&resize=350%2C200 1x, https:\/\/i0.wp.com\/larevistadigital.com.ar\/blog\/wp-content\/uploads\/20251003130418_whatsapp-image-2025-10-03-at-13-03-31.webp?fit=1200%2C685&ssl=1&resize=525%2C300 1.5x, https:\/\/i0.wp.com\/larevistadigital.com.ar\/blog\/wp-content\/uploads\/20251003130418_whatsapp-image-2025-10-03-at-13-03-31.webp?fit=1200%2C685&ssl=1&resize=700%2C400 2x, https:\/\/i0.wp.com\/larevistadigital.com.ar\/blog\/wp-content\/uploads\/20251003130418_whatsapp-image-2025-10-03-at-13-03-31.webp?fit=1200%2C685&ssl=1&resize=1050%2C600 3x"},"classes":[]},{"id":27855,"url":"https:\/\/larevistadigital.com.ar\/blog\/pehuajo-un-detenido-cometia-estafas-desde-su-celda\/","url_meta":{"origin":34797,"position":2},"title":"PEHUAJ\u00d3: UN DETENIDO COMET\u00cdA ESTAFAS DESDE SU CELDA","author":"Alejandro Sosa Ruda","date":"18 septiembre, 2022","format":false,"excerpt":"El Fiscal Teodoro Ruiz Schenstron, con asiento en Pehuaj\u00f3, orden\u00f3 a la D.D.I., efectuar tareas investigativas, mediante las cuales se pudo establecer que un presidiario de apellido Cabrera, de 23 a\u00f1os que se encontraba purgando una condena por delitos de g\u00e9nero en la Unidad Penitenciaria n\u00famero 20 de Las Tunas,\u2026","rel":"","context":"En \u00abPOLICIALES\u00bb","block_context":{"text":"POLICIALES","link":"https:\/\/larevistadigital.com.ar\/blog\/category\/policiales\/"},"img":{"alt_text":"","src":"https:\/\/i0.wp.com\/larevistadigital.com.ar\/blog\/wp-content\/uploads\/20220918140741_carcel-ndash-unidad-penal-20.jpg?fit=880%2C512&ssl=1&resize=350%2C200","width":350,"height":200,"srcset":"https:\/\/i0.wp.com\/larevistadigital.com.ar\/blog\/wp-content\/uploads\/20220918140741_carcel-ndash-unidad-penal-20.jpg?fit=880%2C512&ssl=1&resize=350%2C200 1x, https:\/\/i0.wp.com\/larevistadigital.com.ar\/blog\/wp-content\/uploads\/20220918140741_carcel-ndash-unidad-penal-20.jpg?fit=880%2C512&ssl=1&resize=525%2C300 1.5x, https:\/\/i0.wp.com\/larevistadigital.com.ar\/blog\/wp-content\/uploads\/20220918140741_carcel-ndash-unidad-penal-20.jpg?fit=880%2C512&ssl=1&resize=700%2C400 2x"},"classes":[]},{"id":30618,"url":"https:\/\/larevistadigital.com.ar\/blog\/pehuajo-un-empleado-grave-y-bomberos-internados-por-el-incendio-de-una-estacion-de-servicio\/","url_meta":{"origin":34797,"position":3},"title":"PEHUAJ\u00d3: UN EMPLEADO GRAVE Y BOMBEROS INTERNADOS POR EL INCENDIO DE UNA ESTACI\u00d3N DE SERVICIO.","author":"Alejandro Sosa Ruda","date":"15 marzo, 2023","format":false,"excerpt":"El incendio se inici\u00f3 en un galp\u00f3n de la Estaci\u00f3n de Servicio donde hab\u00eda un cami\u00f3n cargando combustible. La persona que estaba all\u00ed result\u00f3 con quemaduras graves. Adem\u00e1s los bomberos resultaron con s\u00edntomas de sofocaci\u00f3n y quemaduras leves. PEHUAJ\u00d3 -\u00a0 Este mi\u00e9rcoles se inici\u00f3 un incendio en un galp\u00f3n, donde\u2026","rel":"","context":"En \u00abINTERES GENERAL\u00bb","block_context":{"text":"INTERES GENERAL","link":"https:\/\/larevistadigital.com.ar\/blog\/category\/interes-general\/"},"img":{"alt_text":"","src":"https:\/\/i0.wp.com\/larevistadigital.com.ar\/blog\/wp-content\/uploads\/20230315181543_incendio.jpg?fit=880%2C512&ssl=1&resize=350%2C200","width":350,"height":200,"srcset":"https:\/\/i0.wp.com\/larevistadigital.com.ar\/blog\/wp-content\/uploads\/20230315181543_incendio.jpg?fit=880%2C512&ssl=1&resize=350%2C200 1x, https:\/\/i0.wp.com\/larevistadigital.com.ar\/blog\/wp-content\/uploads\/20230315181543_incendio.jpg?fit=880%2C512&ssl=1&resize=525%2C300 1.5x, https:\/\/i0.wp.com\/larevistadigital.com.ar\/blog\/wp-content\/uploads\/20230315181543_incendio.jpg?fit=880%2C512&ssl=1&resize=700%2C400 2x"},"classes":[]},{"id":13514,"url":"https:\/\/larevistadigital.com.ar\/blog\/horror-en-pehuajo-fue-a-festejar-su-cumpleanos-y-su-ex-novio-la-apunalo\/","url_meta":{"origin":34797,"position":4},"title":"HORROR EN PEHUAJ\u00d3: FUE A FESTEJAR SU CUMPLEA\u00d1OS Y SU EX NOVIO LA APU\u00d1AL\u00d3","author":"Alejandro Sosa Ruda","date":"6 diciembre, 2019","format":false,"excerpt":"B\u00e1rbara Zavala ten\u00eda 20 a\u00f1os y regresaba de celebrar su cumplea\u00f1os con amigas cuando se cruz\u00f3 con su ex pareja, quien utiliz\u00f3 un\u00a0cuchillo de asador para asesinarla.\u00a0 B\u00e1rbara Zavala\u00a0ten\u00eda 20 a\u00f1os, era hija de un comisario de Pehuaj\u00f3 y fue asesinada este viernes \u00a0frente a tres amigas con las que\u2026","rel":"","context":"En \u00abINTERES GENERAL\u00bb","block_context":{"text":"INTERES GENERAL","link":"https:\/\/larevistadigital.com.ar\/blog\/category\/interes-general\/"},"img":{"alt_text":"","src":"https:\/\/i0.wp.com\/larevistadigital.com.ar\/blog\/wp-content\/uploads\/Screenshot_3-33.jpg?fit=902%2C520&ssl=1&resize=350%2C200","width":350,"height":200,"srcset":"https:\/\/i0.wp.com\/larevistadigital.com.ar\/blog\/wp-content\/uploads\/Screenshot_3-33.jpg?fit=902%2C520&ssl=1&resize=350%2C200 1x, https:\/\/i0.wp.com\/larevistadigital.com.ar\/blog\/wp-content\/uploads\/Screenshot_3-33.jpg?fit=902%2C520&ssl=1&resize=525%2C300 1.5x, https:\/\/i0.wp.com\/larevistadigital.com.ar\/blog\/wp-content\/uploads\/Screenshot_3-33.jpg?fit=902%2C520&ssl=1&resize=700%2C400 2x"},"classes":[]},{"id":27037,"url":"https:\/\/larevistadigital.com.ar\/blog\/pehuajo-una-policia-salvo-a-un-bebe-de-12-meses-con-maniobras-de-rcp\/","url_meta":{"origin":34797,"position":5},"title":"PEHUAJ\u00d3: UNA POLIC\u00cdA SALV\u00d3 A UN BEB\u00c9 DE 12 MESES CON MANIOBRAS DE RCP","author":"Alejandro Sosa Ruda","date":"7 agosto, 2022","format":false,"excerpt":"Un llamado al 911 de la Estaci\u00f3n Comunal de Pehuaj\u00f3, alert\u00f3 sobre el peligro de muerte de un bebe de un a\u00f1o de vida por asfixia. El pedido de auxilio fue captado por el subteniente Guillermo Bartolom\u00e9 y la sargento Micaela Acosta, que se encontraban realizando los recorridos por cuadr\u00edcula,\u2026","rel":"","context":"En \u00abPOLICIALES\u00bb","block_context":{"text":"POLICIALES","link":"https:\/\/larevistadigital.com.ar\/blog\/category\/policiales\/"},"img":{"alt_text":"","src":"https:\/\/i0.wp.com\/larevistadigital.com.ar\/blog\/wp-content\/uploads\/20220806154934_una-policia-salvo-a-un-bebe-de-12-meses-con-maniobras-de-rcp.jpg?fit=880%2C512&ssl=1&resize=350%2C200","width":350,"height":200,"srcset":"https:\/\/i0.wp.com\/larevistadigital.com.ar\/blog\/wp-content\/uploads\/20220806154934_una-policia-salvo-a-un-bebe-de-12-meses-con-maniobras-de-rcp.jpg?fit=880%2C512&ssl=1&resize=350%2C200 1x, https:\/\/i0.wp.com\/larevistadigital.com.ar\/blog\/wp-content\/uploads\/20220806154934_una-policia-salvo-a-un-bebe-de-12-meses-con-maniobras-de-rcp.jpg?fit=880%2C512&ssl=1&resize=525%2C300 1.5x, https:\/\/i0.wp.com\/larevistadigital.com.ar\/blog\/wp-content\/uploads\/20220806154934_una-policia-salvo-a-un-bebe-de-12-meses-con-maniobras-de-rcp.jpg?fit=880%2C512&ssl=1&resize=700%2C400 2x"},"classes":[]}],"_links":{"self":[{"href":"https:\/\/larevistadigital.com.ar\/blog\/wp-json\/wp\/v2\/posts\/34797","targetHints":{"allow":["GET"]}}],"collection":[{"href":"https:\/\/larevistadigital.com.ar\/blog\/wp-json\/wp\/v2\/posts"}],"about":[{"href":"https:\/\/larevistadigital.com.ar\/blog\/wp-json\/wp\/v2\/types\/post"}],"author":[{"embeddable":true,"href":"https:\/\/larevistadigital.com.ar\/blog\/wp-json\/wp\/v2\/users\/3"}],"replies":[{"embeddable":true,"href":"https:\/\/larevistadigital.com.ar\/blog\/wp-json\/wp\/v2\/comments?post=34797"}],"version-history":[{"count":1,"href":"https:\/\/larevistadigital.com.ar\/blog\/wp-json\/wp\/v2\/posts\/34797\/revisions"}],"predecessor-version":[{"id":34799,"href":"https:\/\/larevistadigital.com.ar\/blog\/wp-json\/wp\/v2\/posts\/34797\/revisions\/34799"}],"wp:featuredmedia":[{"embeddable":true,"href":"https:\/\/larevistadigital.com.ar\/blog\/wp-json\/wp\/v2\/media\/34798"}],"wp:attachment":[{"href":"https:\/\/larevistadigital.com.ar\/blog\/wp-json\/wp\/v2\/media?parent=34797"}],"wp:term":[{"taxonomy":"category","embeddable":true,"href":"https:\/\/larevistadigital.com.ar\/blog\/wp-json\/wp\/v2\/categories?post=34797"},{"taxonomy":"post_tag","embeddable":true,"href":"https:\/\/larevistadigital.com.ar\/blog\/wp-json\/wp\/v2\/tags?post=34797"}],"curies":[{"name":"wp","href":"https:\/\/api.w.org\/{rel}","templated":true}]}}