{"id":34802,"date":"2023-12-06T15:28:11","date_gmt":"2023-12-06T18:28:11","guid":{"rendered":"https:\/\/larevistadigital.com.ar\/blog\/?p=34802"},"modified":"2023-12-06T15:41:45","modified_gmt":"2023-12-06T18:41:45","slug":"lezama-en-fatal-accidente-el-tren-arrollo-un-auto-y-fallece-una-mujer-chascomunense","status":"publish","type":"post","link":"https:\/\/larevistadigital.com.ar\/blog\/lezama-en-fatal-accidente-el-tren-arrollo-un-auto-y-fallece-una-mujer-chascomunense\/","title":{"rendered":"LEZAMA: EN FATAL ACCIDENTE EL TREN ARROLL\u00d3 UN AUTO Y FALLECE UNA MUJER CHASCOMUNENSE"},"content":{"rendered":"<h2>La v\u00edctima es una mujer nativa de Chascom\u00fas, quien hace a\u00f1os viv\u00eda en Lezama junto a su marido e hijas.<\/h2>\n<p>6 de diciembre de 2023<\/p>\n<p><strong>LEZAMA &#8211;\u00a0 <\/strong>En un fatal accidente, un autom\u00f3vil cruz\u00f3 las v\u00edas del tren, sin advertir que se acercaba la formaci\u00f3n y fue embestido provocando la muerte de la mujer que lo conduc\u00eda.<\/p>\n<blockquote>\n<h3>Los hechos sucedieron en horas del mediod\u00eda, a la altura del kil\u00f3metro 153 de la ruta 2, cuando un tren de pasajeros con destino a Mar del Plata impact\u00f3 a un autom\u00f3vil que cruzaba por el paso a nivel sin barreras que se encuentra en el lugar.<\/h3>\n<\/blockquote>\n<p>Seg\u00fan relata el portal <strong>infozona.com.ar<\/strong>, el hecho sucedi\u00f3 frente al acceso del \u00abHaras Abril\u00bb, donde se encuentra ese paso sin la debida protecci\u00f3n.<\/p>\n<blockquote>\n<h3>La persona fallecida, era oriunda junto a su marido de la ciudad de Chascom\u00fas, radicada en Lezama hace a\u00f1os y ten\u00eda dos hijas peque\u00f1as. Ten\u00eda un supermercado en esa ciudad. Perdi\u00f3 la vida en el acto.<\/h3>\n<\/blockquote>\n<p>En el lugar, trabajaron Bomberos, CPR, EPC y la Polic\u00eda Vial dada la magnitud del siniestro, relat\u00f3 Infozona.<\/p>\n<p>La formaci\u00f3n ferroviaria permanec\u00eda detenida a unos metros del lugar, donde seguramente estar\u00e1 algunas horas por la tarea de los peritos.<\/p>\n<p>fuente e imagen: Infozona<\/p>\n<p>&nbsp;<\/p>\n","protected":false},"excerpt":{"rendered":"<div class=\"mh-excerpt\"><p>La v\u00edctima es una mujer nativa de Chascom\u00fas, quien hace a\u00f1os viv\u00eda en Lezama junto a su marido e hijas. 6 de diciembre de 2023 LEZAMA &#8211;\u00a0 En un fatal accidente, un autom\u00f3vil cruz\u00f3 las <a class=\"mh-excerpt-more\" href=\"https:\/\/larevistadigital.com.ar\/blog\/lezama-en-fatal-accidente-el-tren-arrollo-un-auto-y-fallece-una-mujer-chascomunense\/\" title=\"LEZAMA: EN FATAL ACCIDENTE EL TREN ARROLL\u00d3 UN AUTO Y FALLECE UNA MUJER CHASCOMUNENSE\">[Leer M\u00e1s]<\/a><\/p>\n<\/div>","protected":false},"author":3,"featured_media":34804,"comment_status":"open","ping_status":"open","sticky":false,"template":"","format":"standard","meta":{"_jetpack_memberships_contains_paid_content":false,"footnotes":"","jetpack_publicize_message":"","jetpack_publicize_feature_enabled":true,"jetpack_social_post_already_shared":true,"jetpack_social_options":{"image_generator_settings":{"template":"highway","default_image_id":0,"font":"","enabled":false},"version":2}},"categories":[41],"tags":[],"class_list":{"0":"post-34802","1":"post","2":"type-post","3":"status-publish","4":"format-standard","5":"has-post-thumbnail","7":"category-destacadas"},"jetpack_publicize_connections":[],"jetpack_featured_media_url":"https:\/\/i0.wp.com\/larevistadigital.com.ar\/blog\/wp-content\/uploads\/Captura-de-pantalla-2023-12-06-151357.png?fit=815%2C338&ssl=1","jetpack_sharing_enabled":true,"jetpack_shortlink":"https:\/\/wp.me\/p8qtrQ-93k","jetpack-related-posts":[{"id":30607,"url":"https:\/\/larevistadigital.com.ar\/blog\/lezama-accidente-en-la-ruta-2-con-el-saldo-de-un-muerto-y-un-herido-grave\/","url_meta":{"origin":34802,"position":0},"title":"LEZAMA: ACCIDENTE EN LA RUTA 2 CON EL SALDO DE UN MUERTO Y UN HERIDO GRAVE.","author":"Alejandro Sosa Ruda","date":"15 marzo, 2023","format":false,"excerpt":"Una mujer muri\u00f3 al chocar un auto contra un cami\u00f3n a la altura del kil\u00f3metro 148, mientras que otra fue hospitalizada en estado cr\u00edtico. 15 de marzo de 2023 LEZAMA -\u00a0 El tr\u00e1gico siniestro, ocurri\u00f3 durante la ma\u00f1ana del d\u00eda de ayer, a la altura del km 148 donde el\u2026","rel":"","context":"En \u00abLEZAMA\u00bb","block_context":{"text":"LEZAMA","link":"https:\/\/larevistadigital.com.ar\/blog\/category\/lezama\/"},"img":{"alt_text":"","src":"https:\/\/i0.wp.com\/larevistadigital.com.ar\/blog\/wp-content\/uploads\/ae0b14745ac17ab4765de25a90a2874aa4827bac.jpg?fit=1140%2C699&ssl=1&resize=350%2C200","width":350,"height":200,"srcset":"https:\/\/i0.wp.com\/larevistadigital.com.ar\/blog\/wp-content\/uploads\/ae0b14745ac17ab4765de25a90a2874aa4827bac.jpg?fit=1140%2C699&ssl=1&resize=350%2C200 1x, https:\/\/i0.wp.com\/larevistadigital.com.ar\/blog\/wp-content\/uploads\/ae0b14745ac17ab4765de25a90a2874aa4827bac.jpg?fit=1140%2C699&ssl=1&resize=525%2C300 1.5x, https:\/\/i0.wp.com\/larevistadigital.com.ar\/blog\/wp-content\/uploads\/ae0b14745ac17ab4765de25a90a2874aa4827bac.jpg?fit=1140%2C699&ssl=1&resize=700%2C400 2x, https:\/\/i0.wp.com\/larevistadigital.com.ar\/blog\/wp-content\/uploads\/ae0b14745ac17ab4765de25a90a2874aa4827bac.jpg?fit=1140%2C699&ssl=1&resize=1050%2C600 3x"},"classes":[]},{"id":24336,"url":"https:\/\/larevistadigital.com.ar\/blog\/lezama-accidente-fatal-en-la-ruta-2-por-choque-entre-un-camion-y-un-auto\/","url_meta":{"origin":34802,"position":1},"title":"LEZAMA: ACCIDENTE FATAL EN LA RUTA 2 POR CHOQUE ENTRE UN CAMI\u00d3N Y UN AUTO","author":"Alejandro Sosa Ruda","date":"4 marzo, 2022","format":false,"excerpt":"El siniestro provoc\u00f3 un muerto y tres heridos graves. LEZAMA -\u00a0 El accidente fue protagonizado por un autom\u00f3vil Chevrolet Cruze que embisti\u00f3 la parte trasera de un cami\u00f3n Dodge 1000, en la Ruta Provincial N\u00b0 2, en el kil\u00f3metro 160, en jurisdicci\u00f3n del partido de Lezama, sentido hacia la Ciudad\u2026","rel":"","context":"En \u00abLEZAMA\u00bb","block_context":{"text":"LEZAMA","link":"https:\/\/larevistadigital.com.ar\/blog\/category\/lezama\/"},"img":{"alt_text":"","src":"https:\/\/i0.wp.com\/larevistadigital.com.ar\/blog\/wp-content\/uploads\/274990046_3038607069735160_7660224162669634410_n.jpg?fit=1029%2C686&ssl=1&resize=350%2C200","width":350,"height":200,"srcset":"https:\/\/i0.wp.com\/larevistadigital.com.ar\/blog\/wp-content\/uploads\/274990046_3038607069735160_7660224162669634410_n.jpg?fit=1029%2C686&ssl=1&resize=350%2C200 1x, https:\/\/i0.wp.com\/larevistadigital.com.ar\/blog\/wp-content\/uploads\/274990046_3038607069735160_7660224162669634410_n.jpg?fit=1029%2C686&ssl=1&resize=525%2C300 1.5x, https:\/\/i0.wp.com\/larevistadigital.com.ar\/blog\/wp-content\/uploads\/274990046_3038607069735160_7660224162669634410_n.jpg?fit=1029%2C686&ssl=1&resize=700%2C400 2x"},"classes":[]},{"id":13796,"url":"https:\/\/larevistadigital.com.ar\/blog\/encuentran-un-hombre-sin-vida-dentro-de-un-automovil\/","url_meta":{"origin":34802,"position":2},"title":"ENCUENTRAN UN HOMBRE SIN VIDA DENTRO DE UN AUTOM\u00d3VIL","author":"Alejandro Sosa Ruda","date":"22 diciembre, 2019","format":false,"excerpt":"Una persona sin vida, fue hallada esta ma\u00f1ana por una se\u00f1ora que se encontraba caminando en la zona rural del partido de Lezama, en cercan\u00edas de una empresa av\u00edcola. El cuerpo estaba dentro de un autom\u00f3vil. La mujer dio aviso a las autoridades, haci\u00e9ndose presente personal del Comando de Prevenci\u00f3n\u2026","rel":"","context":"En \u00abLEZAMA\u00bb","block_context":{"text":"LEZAMA","link":"https:\/\/larevistadigital.com.ar\/blog\/category\/lezama\/"},"img":{"alt_text":"","src":"https:\/\/i0.wp.com\/larevistadigital.com.ar\/blog\/wp-content\/uploads\/Movil-policia-cientifica-662x335.jpg?fit=662%2C335&ssl=1&resize=350%2C200","width":350,"height":200,"srcset":"https:\/\/i0.wp.com\/larevistadigital.com.ar\/blog\/wp-content\/uploads\/Movil-policia-cientifica-662x335.jpg?fit=662%2C335&ssl=1&resize=350%2C200 1x, https:\/\/i0.wp.com\/larevistadigital.com.ar\/blog\/wp-content\/uploads\/Movil-policia-cientifica-662x335.jpg?fit=662%2C335&ssl=1&resize=525%2C300 1.5x"},"classes":[]},{"id":3079,"url":"https:\/\/larevistadigital.com.ar\/blog\/el-tren-a-lezama-sumo-una-nueva-parada-en-alejandro-korn\/","url_meta":{"origin":34802,"position":3},"title":"El tren a Lezama sum\u00f3 una nueva parada en Alejandro Korn","author":"admin","date":"11 agosto, 2017","format":false,"excerpt":"Sin novedad sobre los servicios a Chascom\u00fas Se habilit\u00f3 la parada en Alejandro Korn \u2013 Se suma a las 7 estaciones intermedias y permite la combinaci\u00f3n entre el servicio de larga distancia y los trenes metropolitanos de la l\u00ednea Roca. Trenes Argentinos Operaciones comunic\u00f3 que el tren que une Constituci\u00f3n\u2026","rel":"","context":"En \u00abLEZAMA\u00bb","block_context":{"text":"LEZAMA","link":"https:\/\/larevistadigital.com.ar\/blog\/category\/lezama\/"},"img":{"alt_text":"","src":"https:\/\/i0.wp.com\/larevistadigital.com.ar\/blog\/wp-content\/uploads\/2017\/08\/tren_10deagostode2017_elfuerte.jpg?fit=737%2C415&ssl=1&resize=350%2C200","width":350,"height":200,"srcset":"https:\/\/i0.wp.com\/larevistadigital.com.ar\/blog\/wp-content\/uploads\/2017\/08\/tren_10deagostode2017_elfuerte.jpg?fit=737%2C415&ssl=1&resize=350%2C200 1x, https:\/\/i0.wp.com\/larevistadigital.com.ar\/blog\/wp-content\/uploads\/2017\/08\/tren_10deagostode2017_elfuerte.jpg?fit=737%2C415&ssl=1&resize=525%2C300 1.5x, https:\/\/i0.wp.com\/larevistadigital.com.ar\/blog\/wp-content\/uploads\/2017\/08\/tren_10deagostode2017_elfuerte.jpg?fit=737%2C415&ssl=1&resize=700%2C400 2x"},"classes":[]},{"id":4045,"url":"https:\/\/larevistadigital.com.ar\/blog\/solicitaran-mantener-servicio-ferroviario-lezama-plaza-constitucion\/","url_meta":{"origin":34802,"position":4},"title":"Solicitar\u00e1n mantener el servicio ferroviario entre Lezama y Plaza Constituci\u00f3n","author":"admin","date":"27 noviembre, 2017","format":false,"excerpt":"Tambi\u00e9n beneficia a Chascom\u00fas El reclamo de los usuarios ya tendr\u00eda que haber acompa\u00f1ado por Cuerpos Deliberativos y Departamentos Ejecutivos de ambos distritos, posici\u00f3n a la que seguramente se sumar\u00edan vecinos y autoridades de Brandsen Usuarios del servicio ferroviario que une diariamente Plaza Constituci\u00f3n con la ciudad de Lezama y\u2026","rel":"","context":"En \u00abCHASCOM\u00daS\u00bb","block_context":{"text":"CHASCOM\u00daS","link":"https:\/\/larevistadigital.com.ar\/blog\/category\/chascomus\/"},"img":{"alt_text":"","src":"https:\/\/i0.wp.com\/larevistadigital.com.ar\/blog\/wp-content\/uploads\/2017\/11\/tren_27denoviembrede2017_elfuerte.jpg?fit=737%2C415&ssl=1&resize=350%2C200","width":350,"height":200,"srcset":"https:\/\/i0.wp.com\/larevistadigital.com.ar\/blog\/wp-content\/uploads\/2017\/11\/tren_27denoviembrede2017_elfuerte.jpg?fit=737%2C415&ssl=1&resize=350%2C200 1x, https:\/\/i0.wp.com\/larevistadigital.com.ar\/blog\/wp-content\/uploads\/2017\/11\/tren_27denoviembrede2017_elfuerte.jpg?fit=737%2C415&ssl=1&resize=525%2C300 1.5x, https:\/\/i0.wp.com\/larevistadigital.com.ar\/blog\/wp-content\/uploads\/2017\/11\/tren_27denoviembrede2017_elfuerte.jpg?fit=737%2C415&ssl=1&resize=700%2C400 2x"},"classes":[]},{"id":17379,"url":"https:\/\/larevistadigital.com.ar\/blog\/pila-un-muerto-tras-un-tragico-accidente\/","url_meta":{"origin":34802,"position":5},"title":"PILA: UN MUERTO TRAS UN TR\u00c1GICO ACCIDENTE","author":"Alejandro Sosa Ruda","date":"2 noviembre, 2020","format":false,"excerpt":"El siniestro ocurri\u00f3 en un camino rural y hay otra persona que se encuentra grave. Un autom\u00f3vil Citro\u00ebn C3, con dos ocupantes protagoniz\u00f3 un vuelco fatal en el camino rural del Partido de Pila. Las dos personas sufrieron heridas de gravedad, lo que provoc\u00f3 que uno de los ocupantes muera\u2026","rel":"","context":"En \u00abPILA\u00bb","block_context":{"text":"PILA","link":"https:\/\/larevistadigital.com.ar\/blog\/category\/pila\/"},"img":{"alt_text":"","src":"https:\/\/i0.wp.com\/larevistadigital.com.ar\/blog\/wp-content\/uploads\/a45d96ff7955a88d744ab29408c55a18edacb43d.jpg?fit=1140%2C610&ssl=1&resize=350%2C200","width":350,"height":200,"srcset":"https:\/\/i0.wp.com\/larevistadigital.com.ar\/blog\/wp-content\/uploads\/a45d96ff7955a88d744ab29408c55a18edacb43d.jpg?fit=1140%2C610&ssl=1&resize=350%2C200 1x, https:\/\/i0.wp.com\/larevistadigital.com.ar\/blog\/wp-content\/uploads\/a45d96ff7955a88d744ab29408c55a18edacb43d.jpg?fit=1140%2C610&ssl=1&resize=525%2C300 1.5x, https:\/\/i0.wp.com\/larevistadigital.com.ar\/blog\/wp-content\/uploads\/a45d96ff7955a88d744ab29408c55a18edacb43d.jpg?fit=1140%2C610&ssl=1&resize=700%2C400 2x, https:\/\/i0.wp.com\/larevistadigital.com.ar\/blog\/wp-content\/uploads\/a45d96ff7955a88d744ab29408c55a18edacb43d.jpg?fit=1140%2C610&ssl=1&resize=1050%2C600 3x"},"classes":[]}],"_links":{"self":[{"href":"https:\/\/larevistadigital.com.ar\/blog\/wp-json\/wp\/v2\/posts\/34802","targetHints":{"allow":["GET"]}}],"collection":[{"href":"https:\/\/larevistadigital.com.ar\/blog\/wp-json\/wp\/v2\/posts"}],"about":[{"href":"https:\/\/larevistadigital.com.ar\/blog\/wp-json\/wp\/v2\/types\/post"}],"author":[{"embeddable":true,"href":"https:\/\/larevistadigital.com.ar\/blog\/wp-json\/wp\/v2\/users\/3"}],"replies":[{"embeddable":true,"href":"https:\/\/larevistadigital.com.ar\/blog\/wp-json\/wp\/v2\/comments?post=34802"}],"version-history":[{"count":3,"href":"https:\/\/larevistadigital.com.ar\/blog\/wp-json\/wp\/v2\/posts\/34802\/revisions"}],"predecessor-version":[{"id":34806,"href":"https:\/\/larevistadigital.com.ar\/blog\/wp-json\/wp\/v2\/posts\/34802\/revisions\/34806"}],"wp:featuredmedia":[{"embeddable":true,"href":"https:\/\/larevistadigital.com.ar\/blog\/wp-json\/wp\/v2\/media\/34804"}],"wp:attachment":[{"href":"https:\/\/larevistadigital.com.ar\/blog\/wp-json\/wp\/v2\/media?parent=34802"}],"wp:term":[{"taxonomy":"category","embeddable":true,"href":"https:\/\/larevistadigital.com.ar\/blog\/wp-json\/wp\/v2\/categories?post=34802"},{"taxonomy":"post_tag","embeddable":true,"href":"https:\/\/larevistadigital.com.ar\/blog\/wp-json\/wp\/v2\/tags?post=34802"}],"curies":[{"name":"wp","href":"https:\/\/api.w.org\/{rel}","templated":true}]}}