{"id":34808,"date":"2023-12-08T14:21:23","date_gmt":"2023-12-08T17:21:23","guid":{"rendered":"https:\/\/larevistadigital.com.ar\/blog\/?p=34808"},"modified":"2023-12-10T10:22:11","modified_gmt":"2023-12-10T13:22:11","slug":"encuentran-un-arma-y-la-entregan-a-la-policia","status":"publish","type":"post","link":"https:\/\/larevistadigital.com.ar\/blog\/encuentran-un-arma-y-la-entregan-a-la-policia\/","title":{"rendered":"ENCUENTRAN UN ARMA Y LA ENTREGAN A LA POLIC\u00cdA"},"content":{"rendered":"<h2>Fue en el Taller Protegido, y el arma fue encontrada cuando separaban residuos.<\/h2>\n<p>7 de diciembre de 2023<\/p>\n<p><strong>CHASCOM\u00daS &#8211;\u00a0<\/strong> El d\u00eda martes, se recibi\u00f3 en la Estaci\u00f3n de Polic\u00eda Comunal a una mujer perteneciente a la comisi\u00f3n directiva del taller protegido de Chascom\u00fas, que ten\u00eda en su poder una bolsa con un elemento en su interior que encontr\u00f3 un operario mientras separaba los residuos recolectados por el cami\u00f3n municipal de los distintos puntos de recolecci\u00f3n de la ciudad.<\/p>\n<blockquote>\n<h3>Al observar el interior y de manera segura se procedio a extraer de esa bolsa un arma de fuego tipo revolver con tambor almac\u00e9n cargador de cinco alv\u00e9olos calibre 32 y fuera del arma cuatro municiones.<\/h3>\n<\/blockquote>\n<p>Arma aue a simple vista se nencuentra en condiciones de efectuar disparo, la cual fue incautada de inmediato, iniciando investigaci\u00f3n por HALLAZGO, informando los por menores de inmediato a la U.F.I.D. N 9 a cargo de la Dra. <strong>Daniela Bartoletti.<\/strong><\/p>\n","protected":false},"excerpt":{"rendered":"<div class=\"mh-excerpt\"><p>Fue en el Taller Protegido, y el arma fue encontrada cuando separaban residuos. 7 de diciembre de 2023 CHASCOM\u00daS &#8211;\u00a0 El d\u00eda martes, se recibi\u00f3 en la Estaci\u00f3n de Polic\u00eda Comunal a una mujer perteneciente <a class=\"mh-excerpt-more\" href=\"https:\/\/larevistadigital.com.ar\/blog\/encuentran-un-arma-y-la-entregan-a-la-policia\/\" title=\"ENCUENTRAN UN ARMA Y LA ENTREGAN A LA POLIC\u00cdA\">[Leer M\u00e1s]<\/a><\/p>\n<\/div>","protected":false},"author":3,"featured_media":34809,"comment_status":"open","ping_status":"open","sticky":false,"template":"","format":"standard","meta":{"_jetpack_memberships_contains_paid_content":false,"footnotes":"","jetpack_publicize_message":"","jetpack_publicize_feature_enabled":true,"jetpack_social_post_already_shared":true,"jetpack_social_options":{"image_generator_settings":{"template":"highway","default_image_id":0,"font":"","enabled":false},"version":2}},"categories":[50,44],"tags":[],"class_list":{"0":"post-34808","1":"post","2":"type-post","3":"status-publish","4":"format-standard","5":"has-post-thumbnail","7":"category-interes-general","8":"category-policiales"},"jetpack_publicize_connections":[],"jetpack_featured_media_url":"https:\/\/i0.wp.com\/larevistadigital.com.ar\/blog\/wp-content\/uploads\/WhatsApp-Image-2023-12-06-at-20.45.22.jpeg?fit=811%2C649&ssl=1","jetpack_sharing_enabled":true,"jetpack_shortlink":"https:\/\/wp.me\/p8qtrQ-93q","jetpack-related-posts":[{"id":4717,"url":"https:\/\/larevistadigital.com.ar\/blog\/chascomus-policia-se-quito-la-vida-arma-reglamentaria\/","url_meta":{"origin":34808,"position":0},"title":"CHASCOM\u00daS: POLIC\u00cdA SE QUIT\u00d3 LA VIDA CON SU ARMA REGLAMENTARIA","author":"Alejandro Sosa Ruda","date":"3 febrero, 2018","format":false,"excerpt":"Gran consternaci\u00f3n provoc\u00f3 la infausta noticia que un oficial de polic\u00eda que prestaba servicios en la Jefatura Distrital de Chascom\u00fas, tom\u00f3 la tr\u00e1gica decisi\u00f3n de quitarse la vida en la jornada de ayer. El occiso ten\u00eda la edad de 47 a\u00f1os, y se llamaba Marcelo Sa\u00fal Amado y era oriundo\u2026","rel":"","context":"En \u00abDESTACADAS\u00bb","block_context":{"text":"DESTACADAS","link":"https:\/\/larevistadigital.com.ar\/blog\/category\/destacadas\/"},"img":{"alt_text":"","src":"https:\/\/i0.wp.com\/larevistadigital.com.ar\/blog\/wp-content\/uploads\/2018\/02\/Policia-Luto-x-R.J.Azor_.jpg?fit=1200%2C801&ssl=1&resize=350%2C200","width":350,"height":200,"srcset":"https:\/\/i0.wp.com\/larevistadigital.com.ar\/blog\/wp-content\/uploads\/2018\/02\/Policia-Luto-x-R.J.Azor_.jpg?fit=1200%2C801&ssl=1&resize=350%2C200 1x, https:\/\/i0.wp.com\/larevistadigital.com.ar\/blog\/wp-content\/uploads\/2018\/02\/Policia-Luto-x-R.J.Azor_.jpg?fit=1200%2C801&ssl=1&resize=525%2C300 1.5x, https:\/\/i0.wp.com\/larevistadigital.com.ar\/blog\/wp-content\/uploads\/2018\/02\/Policia-Luto-x-R.J.Azor_.jpg?fit=1200%2C801&ssl=1&resize=700%2C400 2x, https:\/\/i0.wp.com\/larevistadigital.com.ar\/blog\/wp-content\/uploads\/2018\/02\/Policia-Luto-x-R.J.Azor_.jpg?fit=1200%2C801&ssl=1&resize=1050%2C600 3x"},"classes":[]},{"id":34174,"url":"https:\/\/larevistadigital.com.ar\/blog\/chascomus-la-policia-recupero-un-vehiculo-robado-con-arma-de-fuego\/","url_meta":{"origin":34808,"position":1},"title":"CHASCOM\u00daS: LA POLIC\u00cdA RECUPER\u00d3 UN VEH\u00cdCULO ROBADO CON ARMA DE FUEGO","author":"Alejandro Sosa Ruda","date":"23 octubre, 2023","format":false,"excerpt":"La investigaci\u00f3n para dar con los autores est\u00e1 avanzada y en curso 23 de Octubre de 2023 CHASCOM\u00daS -\u00a0 En horas de la tarde, se tom\u00f3 conocimiento de un hecho delictivo en el que autores ignorados tras la utilizaci\u00f3n de arma de fuego lograron sustraer un veh\u00edculo y elementos a\u2026","rel":"","context":"En \u00abCHASCOM\u00daS\u00bb","block_context":{"text":"CHASCOM\u00daS","link":"https:\/\/larevistadigital.com.ar\/blog\/category\/chascomus\/"},"img":{"alt_text":"","src":"https:\/\/i0.wp.com\/larevistadigital.com.ar\/blog\/wp-content\/uploads\/Polic%C3%ADa-Bonaerense-Patrulleros-3.jpg?fit=772%2C434&ssl=1&resize=350%2C200","width":350,"height":200,"srcset":"https:\/\/i0.wp.com\/larevistadigital.com.ar\/blog\/wp-content\/uploads\/Polic%C3%ADa-Bonaerense-Patrulleros-3.jpg?fit=772%2C434&ssl=1&resize=350%2C200 1x, https:\/\/i0.wp.com\/larevistadigital.com.ar\/blog\/wp-content\/uploads\/Polic%C3%ADa-Bonaerense-Patrulleros-3.jpg?fit=772%2C434&ssl=1&resize=525%2C300 1.5x, https:\/\/i0.wp.com\/larevistadigital.com.ar\/blog\/wp-content\/uploads\/Polic%C3%ADa-Bonaerense-Patrulleros-3.jpg?fit=772%2C434&ssl=1&resize=700%2C400 2x"},"classes":[]},{"id":6707,"url":"https:\/\/larevistadigital.com.ar\/blog\/chascomus-detienen-hombre-por-portacion-de-arma\/","url_meta":{"origin":34808,"position":2},"title":"CHASCOM\u00daS: DETIENEN HOMBRE POR PORTACI\u00d3N DE ARMA","author":"Alejandro Sosa Ruda","date":"1 octubre, 2018","format":false,"excerpt":"Un hombre de treinta y seis a\u00f1os oriundo de Lomas de Zamora, fue aprehendido ayer en Chascom\u00fas, cuando manejaba un autom\u00f3vil marca Audi acompa\u00f1ado por una mujer. Los datos filiatorios no se difundieron, a la espera de que el l\u00f3mense declare hoy ante el fiscal Jonatan Robert, de la UFID\u2026","rel":"","context":"En \u00abPOLICIALES\u00bb","block_context":{"text":"POLICIALES","link":"https:\/\/larevistadigital.com.ar\/blog\/category\/policiales\/"},"img":{"alt_text":"","src":"https:\/\/i0.wp.com\/larevistadigital.com.ar\/blog\/wp-content\/uploads\/2018\/10\/COMISARIA-de-CHASCOMUS_02-05-2015.jpg?fit=800%2C600&ssl=1&resize=350%2C200","width":350,"height":200,"srcset":"https:\/\/i0.wp.com\/larevistadigital.com.ar\/blog\/wp-content\/uploads\/2018\/10\/COMISARIA-de-CHASCOMUS_02-05-2015.jpg?fit=800%2C600&ssl=1&resize=350%2C200 1x, https:\/\/i0.wp.com\/larevistadigital.com.ar\/blog\/wp-content\/uploads\/2018\/10\/COMISARIA-de-CHASCOMUS_02-05-2015.jpg?fit=800%2C600&ssl=1&resize=525%2C300 1.5x, https:\/\/i0.wp.com\/larevistadigital.com.ar\/blog\/wp-content\/uploads\/2018\/10\/COMISARIA-de-CHASCOMUS_02-05-2015.jpg?fit=800%2C600&ssl=1&resize=700%2C400 2x"},"classes":[]},{"id":28760,"url":"https:\/\/larevistadigital.com.ar\/blog\/chascomus-roban-casa-de-un-capitan-de-policia-y-luego-descubren-al-autor-que-fue-aprehendido\/","url_meta":{"origin":34808,"position":3},"title":"CHASCOM\u00daS: ROBAN CASA DE UN CAPIT\u00c1N DE POLICIA, Y LUEGO DESCUBREN AL AUTOR QUE FUE APREHENDIDO.","author":"Alejandro Sosa Ruda","date":"3 noviembre, 2022","format":false,"excerpt":"El ladr\u00f3n fue identificado y se recuperaron las cosas robadas. Tiene 17 a\u00f1os y fue aprehendido. 02 de noviembre de 2022 CHASCOM\u00daS -\u00a0 Durante el d\u00eda de hoy, se recibi\u00f3 una denuncia de un hombre que narr\u00f3 que hab\u00edan ingresado a casa de su padre y le hab\u00edan sustra\u00eddo objetos,\u2026","rel":"","context":"En \u00abDESTACADAS\u00bb","block_context":{"text":"DESTACADAS","link":"https:\/\/larevistadigital.com.ar\/blog\/category\/destacadas\/"},"img":{"alt_text":"","src":"https:\/\/i0.wp.com\/larevistadigital.com.ar\/blog\/wp-content\/uploads\/1620734310362.jpg?fit=1200%2C798&ssl=1&resize=350%2C200","width":350,"height":200,"srcset":"https:\/\/i0.wp.com\/larevistadigital.com.ar\/blog\/wp-content\/uploads\/1620734310362.jpg?fit=1200%2C798&ssl=1&resize=350%2C200 1x, https:\/\/i0.wp.com\/larevistadigital.com.ar\/blog\/wp-content\/uploads\/1620734310362.jpg?fit=1200%2C798&ssl=1&resize=525%2C300 1.5x, https:\/\/i0.wp.com\/larevistadigital.com.ar\/blog\/wp-content\/uploads\/1620734310362.jpg?fit=1200%2C798&ssl=1&resize=700%2C400 2x, https:\/\/i0.wp.com\/larevistadigital.com.ar\/blog\/wp-content\/uploads\/1620734310362.jpg?fit=1200%2C798&ssl=1&resize=1050%2C600 3x"},"classes":[]},{"id":41703,"url":"https:\/\/larevistadigital.com.ar\/blog\/chascomus-un-hombre-fue-detenido-tras-tiroteo-y-persecucion\/","url_meta":{"origin":34808,"position":4},"title":"Chascom\u00fas: Un hombre fue detenido tras tiroteo y persecuci\u00f3n","author":"Alejandro Sosa Ruda","date":"2 octubre, 2025","format":false,"excerpt":"El individuo portaba un arma con pedido de secuestro y llevaba coca\u00edna fraccionada. Qued\u00f3 detenido por m\u00faltiples delitos. 02 de Octubre de 2025 CHASCOM\u00daS -\u00a0 \u00a0Un operativo policial desarrollado en la madrugada de este jueves en Chascom\u00fas termin\u00f3 con la detenci\u00f3n de un hombre armado, luego de una persecuci\u00f3n y\u2026","rel":"","context":"En \u00abDESTACADAS\u00bb","block_context":{"text":"DESTACADAS","link":"https:\/\/larevistadigital.com.ar\/blog\/category\/destacadas\/"},"img":{"alt_text":"","src":"https:\/\/i0.wp.com\/larevistadigital.com.ar\/blog\/wp-content\/uploads\/WhatsApp-Image-2025-10-02-at-20.20.27.jpg?fit=996%2C1200&ssl=1&resize=350%2C200","width":350,"height":200,"srcset":"https:\/\/i0.wp.com\/larevistadigital.com.ar\/blog\/wp-content\/uploads\/WhatsApp-Image-2025-10-02-at-20.20.27.jpg?fit=996%2C1200&ssl=1&resize=350%2C200 1x, https:\/\/i0.wp.com\/larevistadigital.com.ar\/blog\/wp-content\/uploads\/WhatsApp-Image-2025-10-02-at-20.20.27.jpg?fit=996%2C1200&ssl=1&resize=525%2C300 1.5x, https:\/\/i0.wp.com\/larevistadigital.com.ar\/blog\/wp-content\/uploads\/WhatsApp-Image-2025-10-02-at-20.20.27.jpg?fit=996%2C1200&ssl=1&resize=700%2C400 2x"},"classes":[]},{"id":18345,"url":"https:\/\/larevistadigital.com.ar\/blog\/festejos-navidenos-en-algun-momento-de-la-noche-hubo-un-herido-de-arma-blanca-que-fue-atendido-en-el-hospital-y-la-policia-desalojo-la-bajadita-a-las-7-am\/","url_meta":{"origin":34808,"position":5},"title":"FESTEJOS NAVIDE\u00d1OS: EN ALG\u00daN MOMENTO DE LA NOCHE HUBO UN HERIDO DE ARMA BLANCA QUE FUE ATENDIDO EN EL HOSPITAL, Y LA POLIC\u00cdA DESALOJ\u00d3 \u00abLA BAJADITA\u00bb A LAS 7 AM.","author":"Alejandro Sosa Ruda","date":"26 diciembre, 2020","format":false,"excerpt":"Lo inform\u00f3 el portal Chascom\u00fasciudad, sin detallar d\u00f3nde ocurri\u00f3 el incidente con el herido. Hubo presencia policial durante la noche, pero a las 7 de la ma\u00f1ana, las autoridades policiales procedieron a desalojar la bajadita. Tambi\u00e9n hubieron festejos en varios puntos de la costanera, y se habla de otro herido\u2026","rel":"","context":"En \u00abCHASCOM\u00daS\u00bb","block_context":{"text":"CHASCOM\u00daS","link":"https:\/\/larevistadigital.com.ar\/blog\/category\/chascomus\/"},"img":{"alt_text":"","src":"https:\/\/i0.wp.com\/larevistadigital.com.ar\/blog\/wp-content\/uploads\/133128067_2862655400682957_8169293739554723468_n.jpg?fit=540%2C960&ssl=1&resize=350%2C200","width":350,"height":200,"srcset":"https:\/\/i0.wp.com\/larevistadigital.com.ar\/blog\/wp-content\/uploads\/133128067_2862655400682957_8169293739554723468_n.jpg?fit=540%2C960&ssl=1&resize=350%2C200 1x, https:\/\/i0.wp.com\/larevistadigital.com.ar\/blog\/wp-content\/uploads\/133128067_2862655400682957_8169293739554723468_n.jpg?fit=540%2C960&ssl=1&resize=525%2C300 1.5x"},"classes":[]}],"_links":{"self":[{"href":"https:\/\/larevistadigital.com.ar\/blog\/wp-json\/wp\/v2\/posts\/34808","targetHints":{"allow":["GET"]}}],"collection":[{"href":"https:\/\/larevistadigital.com.ar\/blog\/wp-json\/wp\/v2\/posts"}],"about":[{"href":"https:\/\/larevistadigital.com.ar\/blog\/wp-json\/wp\/v2\/types\/post"}],"author":[{"embeddable":true,"href":"https:\/\/larevistadigital.com.ar\/blog\/wp-json\/wp\/v2\/users\/3"}],"replies":[{"embeddable":true,"href":"https:\/\/larevistadigital.com.ar\/blog\/wp-json\/wp\/v2\/comments?post=34808"}],"version-history":[{"count":1,"href":"https:\/\/larevistadigital.com.ar\/blog\/wp-json\/wp\/v2\/posts\/34808\/revisions"}],"predecessor-version":[{"id":34810,"href":"https:\/\/larevistadigital.com.ar\/blog\/wp-json\/wp\/v2\/posts\/34808\/revisions\/34810"}],"wp:featuredmedia":[{"embeddable":true,"href":"https:\/\/larevistadigital.com.ar\/blog\/wp-json\/wp\/v2\/media\/34809"}],"wp:attachment":[{"href":"https:\/\/larevistadigital.com.ar\/blog\/wp-json\/wp\/v2\/media?parent=34808"}],"wp:term":[{"taxonomy":"category","embeddable":true,"href":"https:\/\/larevistadigital.com.ar\/blog\/wp-json\/wp\/v2\/categories?post=34808"},{"taxonomy":"post_tag","embeddable":true,"href":"https:\/\/larevistadigital.com.ar\/blog\/wp-json\/wp\/v2\/tags?post=34808"}],"curies":[{"name":"wp","href":"https:\/\/api.w.org\/{rel}","templated":true}]}}