{"id":34811,"date":"2023-12-08T15:08:38","date_gmt":"2023-12-08T18:08:38","guid":{"rendered":"https:\/\/larevistadigital.com.ar\/blog\/?p=34811"},"modified":"2023-12-10T10:21:15","modified_gmt":"2023-12-10T13:21:15","slug":"la-policia-comunal-recupero-una-moto-robada-2","status":"publish","type":"post","link":"https:\/\/larevistadigital.com.ar\/blog\/la-policia-comunal-recupero-una-moto-robada-2\/","title":{"rendered":"LA POLIC\u00cdA COMUNAL RECUPER\u00d3 UNA MOTO ROBADA"},"content":{"rendered":"<h2>La hab\u00edan robado el 4 hace tres d\u00edas en el Barrio F\u00e1tima. Ya fue restitu\u00edda.<\/h2>\n<p>7 de diciembre de 2023<\/p>\n<p><strong>CHASCOM\u00daS &#8211;\u00a0<\/strong> En horas de la noche del d\u00eda de ayer y personal policial de E.P.C. Chasomus 1ra. procedi\u00f3 a incautar una motocicleta Zanella ZB de color negro la cual hab\u00eda sido sustra\u00edda el d\u00eda 4 del corriente mes en el barrio F\u00e1tima.<\/p>\n<p>La misma fue reconocida y restituida a la v\u00edctima. Se preserva los pormenores del procedimiento ya que son materia de investigaci\u00f3n. Interviene U.F.I.D. N 9 a cargo de la <strong>Dra. Daniela Bartoletti.<\/strong><\/p>\n","protected":false},"excerpt":{"rendered":"<div class=\"mh-excerpt\"><p>La hab\u00edan robado el 4 hace tres d\u00edas en el Barrio F\u00e1tima. Ya fue restitu\u00edda. 7 de diciembre de 2023 CHASCOM\u00daS &#8211;\u00a0 En horas de la noche del d\u00eda de ayer y personal policial de <a class=\"mh-excerpt-more\" href=\"https:\/\/larevistadigital.com.ar\/blog\/la-policia-comunal-recupero-una-moto-robada-2\/\" title=\"LA POLIC\u00cdA COMUNAL RECUPER\u00d3 UNA MOTO ROBADA\">[Leer M\u00e1s]<\/a><\/p>\n<\/div>","protected":false},"author":3,"featured_media":34812,"comment_status":"open","ping_status":"open","sticky":false,"template":"","format":"standard","meta":{"_jetpack_memberships_contains_paid_content":false,"footnotes":"","jetpack_publicize_message":"","jetpack_publicize_feature_enabled":true,"jetpack_social_post_already_shared":true,"jetpack_social_options":{"image_generator_settings":{"template":"highway","default_image_id":0,"font":"","enabled":false},"version":2}},"categories":[6],"tags":[],"class_list":{"0":"post-34811","1":"post","2":"type-post","3":"status-publish","4":"format-standard","5":"has-post-thumbnail","7":"category-chascomus"},"jetpack_publicize_connections":[],"jetpack_featured_media_url":"https:\/\/i0.wp.com\/larevistadigital.com.ar\/blog\/wp-content\/uploads\/WhatsApp-Image-2023-12-06-at-20.49.36.jpeg?fit=1600%2C1090&ssl=1","jetpack_sharing_enabled":true,"jetpack_shortlink":"https:\/\/wp.me\/p8qtrQ-93t","jetpack-related-posts":[{"id":31238,"url":"https:\/\/larevistadigital.com.ar\/blog\/chascomus-aprehenden-a-un-menor-que-robo-elementos-en-el-barrio-fatima\/","url_meta":{"origin":34811,"position":0},"title":"CHASCOM\u00daS: APREHENDEN A UN MENOR QUE ROBO ELEMENTOS EN EL BARRIO F\u00c1TIMA","author":"Alejandro Sosa Ruda","date":"25 abril, 2023","format":false,"excerpt":"Rob\u00f3 distintos elementos y termin\u00f3 aprehendido. 25 de abril de 2023 CHASCOM\u00daS -\u00a0 Durante el d\u00eda de hoy, y aproximadamente a las 10:30 hs. personal de Polic\u00eda Comunal procedi\u00f3 a la aprehensi\u00f3n de un menor de edad. El joven hab\u00eda sustra\u00eddo elementos de un veh\u00edculo en el Barrio F\u00e1tima, los\u2026","rel":"","context":"En \u00abINTERES GENERAL\u00bb","block_context":{"text":"INTERES GENERAL","link":"https:\/\/larevistadigital.com.ar\/blog\/category\/interes-general\/"},"img":{"alt_text":"","src":"https:\/\/i0.wp.com\/larevistadigital.com.ar\/blog\/wp-content\/uploads\/WhatsApp-Image-2023-04-25-at-11.30.20.jpeg?fit=675%2C1200&ssl=1&resize=350%2C200","width":350,"height":200,"srcset":"https:\/\/i0.wp.com\/larevistadigital.com.ar\/blog\/wp-content\/uploads\/WhatsApp-Image-2023-04-25-at-11.30.20.jpeg?fit=675%2C1200&ssl=1&resize=350%2C200 1x, https:\/\/i0.wp.com\/larevistadigital.com.ar\/blog\/wp-content\/uploads\/WhatsApp-Image-2023-04-25-at-11.30.20.jpeg?fit=675%2C1200&ssl=1&resize=525%2C300 1.5x"},"classes":[]},{"id":34505,"url":"https:\/\/larevistadigital.com.ar\/blog\/chascomus-la-policia-comunal-recupero-una-moto-robada-de-calle-libres-del-sur-y-soler\/","url_meta":{"origin":34811,"position":1},"title":"CHASCOM\u00daS: LA POLIC\u00cdA COMUNAL RECUPER\u00d3 UNA MOTO ROBADA DE CALLE LIBRES DEL SUR Y SOLER.","author":"Alejandro Sosa Ruda","date":"10 noviembre, 2023","format":false,"excerpt":"La Polic\u00eda recuper\u00f3 el veh\u00edculo que fue denunciado como robado por la ma\u00f1ana. 10 de Noviembre de 2023 CHASCOM\u00daS -\u00a0 En las \u00faltimas horas del d\u00eda de ayer, se recibi\u00f3 la denuncia del robo de una motocicleta que se hallaba estacionada en libres del sur y soler, iniciadas las tareas\u2026","rel":"","context":"En \u00abCHASCOM\u00daS\u00bb","block_context":{"text":"CHASCOM\u00daS","link":"https:\/\/larevistadigital.com.ar\/blog\/category\/chascomus\/"},"img":{"alt_text":"","src":"https:\/\/i0.wp.com\/larevistadigital.com.ar\/blog\/wp-content\/uploads\/WhatsApp-Image-2023-11-10-at-11.20.33.jpeg?fit=901%2C1200&ssl=1&resize=350%2C200","width":350,"height":200,"srcset":"https:\/\/i0.wp.com\/larevistadigital.com.ar\/blog\/wp-content\/uploads\/WhatsApp-Image-2023-11-10-at-11.20.33.jpeg?fit=901%2C1200&ssl=1&resize=350%2C200 1x, https:\/\/i0.wp.com\/larevistadigital.com.ar\/blog\/wp-content\/uploads\/WhatsApp-Image-2023-11-10-at-11.20.33.jpeg?fit=901%2C1200&ssl=1&resize=525%2C300 1.5x, https:\/\/i0.wp.com\/larevistadigital.com.ar\/blog\/wp-content\/uploads\/WhatsApp-Image-2023-11-10-at-11.20.33.jpeg?fit=901%2C1200&ssl=1&resize=700%2C400 2x"},"classes":[]},{"id":41285,"url":"https:\/\/larevistadigital.com.ar\/blog\/chascomus-reconversion-luminica-en-el-barrio-fatima\/","url_meta":{"origin":34811,"position":2},"title":"Chascom\u00fas: Reconversi\u00f3n lum\u00ednica en el Barrio F\u00e1tima","author":"Alejandro Sosa Ruda","date":"3 septiembre, 2025","format":false,"excerpt":"Se instalaron 120 nuevas luminarias LED en diferentes calles de ese sector de la ciudad. 03 de Septiembre de 2025 CHASCOM\u00daS -\u00a0 \u00a0La Municipalidad de Chascom\u00fas contin\u00faa con el Plan de Reconversi\u00f3n Lum\u00ednica en distintos puntos de la ciudad y esta semana se realizaron trabajos en el barrio F\u00e1tima. El\u2026","rel":"","context":"En \u00abCHASCOM\u00daS\u00bb","block_context":{"text":"CHASCOM\u00daS","link":"https:\/\/larevistadigital.com.ar\/blog\/category\/chascomus\/"},"img":{"alt_text":"","src":"https:\/\/i0.wp.com\/larevistadigital.com.ar\/blog\/wp-content\/uploads\/68b86dc857fd5.png?fit=668%2C445&ssl=1&resize=350%2C200","width":350,"height":200,"srcset":"https:\/\/i0.wp.com\/larevistadigital.com.ar\/blog\/wp-content\/uploads\/68b86dc857fd5.png?fit=668%2C445&ssl=1&resize=350%2C200 1x, https:\/\/i0.wp.com\/larevistadigital.com.ar\/blog\/wp-content\/uploads\/68b86dc857fd5.png?fit=668%2C445&ssl=1&resize=525%2C300 1.5x"},"classes":[]},{"id":30390,"url":"https:\/\/larevistadigital.com.ar\/blog\/chascomus-robo-en-el-comercio-la-grulla-y-fue-aprehendido\/","url_meta":{"origin":34811,"position":3},"title":"CHASCOM\u00daS: ROB\u00d3 EN EL COMERCIO \u00abLA GRULLA\u00bb Y FUE APREHENDIDO","author":"Alejandro Sosa Ruda","date":"5 marzo, 2023","format":false,"excerpt":"Se hab\u00eda llevado una notebook y la polic\u00eda logr\u00f3 aprehenderlo. Era muy agresivo, de nacionalidad brasilera y se alojaba en un hotel. CHASCOM\u00daS -\u00a0 Luego de un llamado, la polic\u00eda acudi\u00f3 al comercio llamado \"La Grulla\", donde refieren que un sujeto muy agresivo de sexo masculino, hab\u00eda robado una computadora\u2026","rel":"","context":"En \u00abINTERES GENERAL\u00bb","block_context":{"text":"INTERES GENERAL","link":"https:\/\/larevistadigital.com.ar\/blog\/category\/interes-general\/"},"img":{"alt_text":"","src":"https:\/\/i0.wp.com\/larevistadigital.com.ar\/blog\/wp-content\/uploads\/WhatsApp-Image-2023-03-05-at-10.26.31-2-e1678030221345.jpeg?fit=899%2C832&ssl=1&resize=350%2C200","width":350,"height":200,"srcset":"https:\/\/i0.wp.com\/larevistadigital.com.ar\/blog\/wp-content\/uploads\/WhatsApp-Image-2023-03-05-at-10.26.31-2-e1678030221345.jpeg?fit=899%2C832&ssl=1&resize=350%2C200 1x, https:\/\/i0.wp.com\/larevistadigital.com.ar\/blog\/wp-content\/uploads\/WhatsApp-Image-2023-03-05-at-10.26.31-2-e1678030221345.jpeg?fit=899%2C832&ssl=1&resize=525%2C300 1.5x, https:\/\/i0.wp.com\/larevistadigital.com.ar\/blog\/wp-content\/uploads\/WhatsApp-Image-2023-03-05-at-10.26.31-2-e1678030221345.jpeg?fit=899%2C832&ssl=1&resize=700%2C400 2x"},"classes":[]},{"id":2628,"url":"https:\/\/larevistadigital.com.ar\/blog\/chascomus-la-policia-recupero-la-totalidad-de-elementos-robados-el-ultimo-sabado\/","url_meta":{"origin":34811,"position":4},"title":"CHASCOM\u00daS: LA POLIC\u00cdA RECUPERO LA TOTALIDAD DE ELEMENTOS ROBADOS EL \u00daLTIMO S\u00c1BADO","author":"Alejandro Sosa Ruda","date":"11 julio, 2017","format":false,"excerpt":"Inform\u00f3 la comisar\u00eda local que a\u00a0ra\u00edz de robo en un domicilio de calle Varela del \u00a0barrio F\u00e1tima, en la tarde noche del s\u00e1bado 8 de julio, \u00a0el d\u00eda de hoy y\u00a0en horas de la madrugada se allan\u00f3 una vivienda en barrio 139 viviendas ubicada en la calle Carlos Gardel donde\u2026","rel":"","context":"En \u00abCHASCOM\u00daS\u00bb","block_context":{"text":"CHASCOM\u00daS","link":"https:\/\/larevistadigital.com.ar\/blog\/category\/chascomus\/"},"img":{"alt_text":"","src":"https:\/\/i0.wp.com\/larevistadigital.com.ar\/blog\/wp-content\/uploads\/2017\/07\/WhatsApp-Image-2017-07-10-at-17.37.41-2.jpeg?fit=896%2C1200&ssl=1&resize=350%2C200","width":350,"height":200,"srcset":"https:\/\/i0.wp.com\/larevistadigital.com.ar\/blog\/wp-content\/uploads\/2017\/07\/WhatsApp-Image-2017-07-10-at-17.37.41-2.jpeg?fit=896%2C1200&ssl=1&resize=350%2C200 1x, https:\/\/i0.wp.com\/larevistadigital.com.ar\/blog\/wp-content\/uploads\/2017\/07\/WhatsApp-Image-2017-07-10-at-17.37.41-2.jpeg?fit=896%2C1200&ssl=1&resize=525%2C300 1.5x, https:\/\/i0.wp.com\/larevistadigital.com.ar\/blog\/wp-content\/uploads\/2017\/07\/WhatsApp-Image-2017-07-10-at-17.37.41-2.jpeg?fit=896%2C1200&ssl=1&resize=700%2C400 2x"},"classes":[]},{"id":38659,"url":"https:\/\/larevistadigital.com.ar\/blog\/chascomus-allanan-y-detienen-a-menor-de-14-anos-autor-de-distintos-robos\/","url_meta":{"origin":34811,"position":5},"title":"Chascom\u00fas: Allanan y detienen a menor de 14 a\u00f1os, autor de distintos robos","author":"Alejandro Sosa Ruda","date":"10 febrero, 2025","format":false,"excerpt":"El menor est\u00e1 sindicado como el responsable del robo en el Club de Pelotas; distintas motos y robos en el barrio El Tambor. 10 de Febrero de 2025 CHASCOM\u00daS -\u00a0 En horas de la ma\u00f1ana personal de E.P.C. Chascomus 1ra. hizo efectivo un allanamiento en un domicilio de calle Belbeze.\u2026","rel":"","context":"En \u00abDESTACADAS\u00bb","block_context":{"text":"DESTACADAS","link":"https:\/\/larevistadigital.com.ar\/blog\/category\/destacadas\/"},"img":{"alt_text":"","src":"https:\/\/i0.wp.com\/larevistadigital.com.ar\/blog\/wp-content\/uploads\/menor-detenido.jpg?fit=850%2C479&ssl=1&resize=350%2C200","width":350,"height":200,"srcset":"https:\/\/i0.wp.com\/larevistadigital.com.ar\/blog\/wp-content\/uploads\/menor-detenido.jpg?fit=850%2C479&ssl=1&resize=350%2C200 1x, https:\/\/i0.wp.com\/larevistadigital.com.ar\/blog\/wp-content\/uploads\/menor-detenido.jpg?fit=850%2C479&ssl=1&resize=525%2C300 1.5x, https:\/\/i0.wp.com\/larevistadigital.com.ar\/blog\/wp-content\/uploads\/menor-detenido.jpg?fit=850%2C479&ssl=1&resize=700%2C400 2x"},"classes":[]}],"_links":{"self":[{"href":"https:\/\/larevistadigital.com.ar\/blog\/wp-json\/wp\/v2\/posts\/34811","targetHints":{"allow":["GET"]}}],"collection":[{"href":"https:\/\/larevistadigital.com.ar\/blog\/wp-json\/wp\/v2\/posts"}],"about":[{"href":"https:\/\/larevistadigital.com.ar\/blog\/wp-json\/wp\/v2\/types\/post"}],"author":[{"embeddable":true,"href":"https:\/\/larevistadigital.com.ar\/blog\/wp-json\/wp\/v2\/users\/3"}],"replies":[{"embeddable":true,"href":"https:\/\/larevistadigital.com.ar\/blog\/wp-json\/wp\/v2\/comments?post=34811"}],"version-history":[{"count":1,"href":"https:\/\/larevistadigital.com.ar\/blog\/wp-json\/wp\/v2\/posts\/34811\/revisions"}],"predecessor-version":[{"id":34813,"href":"https:\/\/larevistadigital.com.ar\/blog\/wp-json\/wp\/v2\/posts\/34811\/revisions\/34813"}],"wp:featuredmedia":[{"embeddable":true,"href":"https:\/\/larevistadigital.com.ar\/blog\/wp-json\/wp\/v2\/media\/34812"}],"wp:attachment":[{"href":"https:\/\/larevistadigital.com.ar\/blog\/wp-json\/wp\/v2\/media?parent=34811"}],"wp:term":[{"taxonomy":"category","embeddable":true,"href":"https:\/\/larevistadigital.com.ar\/blog\/wp-json\/wp\/v2\/categories?post=34811"},{"taxonomy":"post_tag","embeddable":true,"href":"https:\/\/larevistadigital.com.ar\/blog\/wp-json\/wp\/v2\/tags?post=34811"}],"curies":[{"name":"wp","href":"https:\/\/api.w.org\/{rel}","templated":true}]}}