{"id":34830,"date":"2023-12-13T20:32:25","date_gmt":"2023-12-13T23:32:25","guid":{"rendered":"https:\/\/larevistadigital.com.ar\/blog\/?p=34830"},"modified":"2023-12-13T22:35:50","modified_gmt":"2023-12-14T01:35:50","slug":"chascomus-malestar-en-el-pro-la-ucr-ya-tenia-todo-arreglado-con-uxch-y-la-campora","status":"publish","type":"post","link":"https:\/\/larevistadigital.com.ar\/blog\/chascomus-malestar-en-el-pro-la-ucr-ya-tenia-todo-arreglado-con-uxch-y-la-campora\/","title":{"rendered":"CHASCOM\u00daS: MALESTAR EN EL PRO. \u00abLA UCR YA TEN\u00cdA TODO ARREGLADO CON UXCH Y LA C\u00c1MPORA\u00bb"},"content":{"rendered":"<h2>Algunos ediles del pro, en di\u00e1logo con La Revista Digital, tambi\u00e9n aseguraron que la nueva presidencia de Sanuci aument\u00f3 la planta pol\u00edtica en un 100%. Todo esto origin\u00f3 que la coalici\u00f3n est\u00e9 virtualmente rota.<\/h2>\n<p>13 de diciembre de 2023<\/p>\n<p><strong>CHASCOM\u00daS &#8211;\u00a0 \u00a0<\/strong>El pasado 9 de diciembre, fue el d\u00eda en que juraron los Concejales electos, y adem\u00e1s se eligieron las autoridades del Concejo Deliberante de Chascom\u00fas, donde seg\u00fan asegura el PRO local en un comunicado, <em><strong>\u00abquedando en evidencia el acuerdo pol\u00edtico entre la UCR, Unidad por Chascom\u00fas y La C\u00e1mpora\u00bb.\u00a0<\/strong><\/em><\/p>\n<p>En di\u00e1logo con nosotros, desde el seno de \u00abJuntos Chascom\u00fas\u00bb, dijeron con todas las letras que desde el inicio de las conversaciones entre el PRO y la UCR, siempre cedieron posiciones para consensuar un acuerdo conjunto, tal como se pretende lograr en una coalici\u00f3n o frente pol\u00edtico, pero <strong><em>\u00abLa UCR n\u00fanca quiso acordar. Evidenciaron que tal como en su momento lo hizo Osvaldo Casalins, ahora hab\u00edan acordado la presidencia para Andr\u00e9s Sanuci, y no aceptaron otra variante\u00bb.<\/em><\/strong><\/p>\n<h3><span style=\"color: #ff0000\">EL COMUNICADO DE \u00abJUNTOS CHASCOM\u00daS\u00bb\u00a0<\/span><\/h3>\n<p><img data-recalc-dims=\"1\" loading=\"lazy\" decoding=\"async\" class=\"alignnone size-full wp-image-34831\" src=\"https:\/\/i0.wp.com\/larevistadigital.com.ar\/blog\/wp-content\/uploads\/WhatsApp-Image-2023-12-13-at-13.43.37.jpeg?resize=1080%2C1350&#038;ssl=1\" alt=\"\" width=\"1080\" height=\"1350\" srcset=\"https:\/\/i0.wp.com\/larevistadigital.com.ar\/blog\/wp-content\/uploads\/WhatsApp-Image-2023-12-13-at-13.43.37.jpeg?w=1080&amp;ssl=1 1080w, https:\/\/i0.wp.com\/larevistadigital.com.ar\/blog\/wp-content\/uploads\/WhatsApp-Image-2023-12-13-at-13.43.37.jpeg?resize=240%2C300&amp;ssl=1 240w, https:\/\/i0.wp.com\/larevistadigital.com.ar\/blog\/wp-content\/uploads\/WhatsApp-Image-2023-12-13-at-13.43.37.jpeg?resize=819%2C1024&amp;ssl=1 819w, https:\/\/i0.wp.com\/larevistadigital.com.ar\/blog\/wp-content\/uploads\/WhatsApp-Image-2023-12-13-at-13.43.37.jpeg?resize=768%2C960&amp;ssl=1 768w\" sizes=\"auto, (max-width: 1000px) 100vw, 1000px\" \/><\/p>\n<blockquote>\n<h3>Lo grave, es que seg\u00fan aseguraron desde el PRO, <strong><em>\u00abesto fue totalmente premeditado, ya que si acordaban con ellos, se les ca\u00eda lo acordado con el oficialismo local\u00bb.\u00a0<\/em><\/strong><\/h3>\n<\/blockquote>\n<p>Esto, afirman que queda de manifiesto ya que : <em><strong>\u00abFerrante cedi\u00f3 su posici\u00f3n, entonces propusieron a Soledad Nivio, que no fue aceptada. Luego volvieron a ceder y propusieron a Lorena Escaray, pero la UCR (pese a que Escaray es edil radical) tampoco la acept\u00f3, y finalmente se impuso la voluntad de que presida Sanuci, con 12 votos y cuatro en contra, que fueron los de Juntos Chascom\u00fas)\u00bb. Ni cedieron, ni negociaron y se mantuvieron en su postura. NUNCA TUVIERON INTENCI\u00d3N DE LLEGAR A UN ACUERDO.<\/strong><\/em><\/p>\n<blockquote>\n<h3>Adem\u00e1s afirmaron que pensaron en Escaray, ya que fue parte de la lista que apoy\u00f3 a <strong>Patricia Bullrich<\/strong>, por lo tanto parec\u00eda la indicada para el cargo, \u00ab<strong><em>pero esto tampoco influy\u00f3 en el sector de la UCR que acord\u00f3 con UxCH y La C\u00e1mpora&#8230;\u00bb. Tambi\u00e9n, continuaron diciendo que \u00abellos jugaron para Massa, ya que Hugo (Denot) mismo asegur\u00f3 que hab\u00eda \u00abarreglado para fiscalizar los comicios para Massa\u00bb.<\/em><\/strong><\/h3>\n<\/blockquote>\n<p style=\"text-align: left\">Hoy, qued\u00f3 demostrado que el bloque qued\u00f3 virtualmente roto, ya que en la sesi\u00f3n del Concejo que se llevar\u00e1 a cabo ma\u00f1ana, <strong>los proyectos se presentaron por separado, y no conjuntamente como se vino haciendo siempre. Como se suele decir&#8230; \u00aba confesi\u00f3n de parte, relevo de pruebas\u00bb.<\/strong><\/p>\n<p><span style=\"color: #ff0000\"><strong>AGREGARON QUE: \u00abEL SECTOR DE LA UCR QUE PROPUSO A SANUCI, EST\u00c1 LEJOS DE LA REALIDAD Y NOMBRARON M\u00c1S GENTE EN LA PRESIDENCIA&#8230;\u00bb<\/strong><\/span><\/p>\n<p>Aseguraron que sacaron algunas personas, pero terminaron haciendo ingresar m\u00e1s gente, por lo que sumaron empleados,<strong><span style=\"color: #ff0000\"> incrementando la planta pol\u00edtica en un 100%, ya que de tres empleados, p\u00e1sar\u00e1n a ser seis.<\/span><\/strong><\/p>\n<p>&nbsp;<\/p>\n","protected":false},"excerpt":{"rendered":"<div class=\"mh-excerpt\"><p>Algunos ediles del pro, en di\u00e1logo con La Revista Digital, tambi\u00e9n aseguraron que la nueva presidencia de Sanuci aument\u00f3 la planta pol\u00edtica en un 100%. Todo esto origin\u00f3 que la coalici\u00f3n est\u00e9 virtualmente rota. 13 <a class=\"mh-excerpt-more\" href=\"https:\/\/larevistadigital.com.ar\/blog\/chascomus-malestar-en-el-pro-la-ucr-ya-tenia-todo-arreglado-con-uxch-y-la-campora\/\" title=\"CHASCOM\u00daS: MALESTAR EN EL PRO. \u00abLA UCR YA TEN\u00cdA TODO ARREGLADO CON UXCH Y LA C\u00c1MPORA\u00bb\">[Leer M\u00e1s]<\/a><\/p>\n<\/div>","protected":false},"author":3,"featured_media":34832,"comment_status":"open","ping_status":"open","sticky":false,"template":"","format":"standard","meta":{"_jetpack_memberships_contains_paid_content":false,"footnotes":"","jetpack_publicize_message":"","jetpack_publicize_feature_enabled":true,"jetpack_social_post_already_shared":true,"jetpack_social_options":{"image_generator_settings":{"template":"highway","default_image_id":0,"font":"","enabled":false},"version":2}},"categories":[41],"tags":[],"class_list":{"0":"post-34830","1":"post","2":"type-post","3":"status-publish","4":"format-standard","5":"has-post-thumbnail","7":"category-destacadas"},"jetpack_publicize_connections":[],"jetpack_featured_media_url":"https:\/\/i0.wp.com\/larevistadigital.com.ar\/blog\/wp-content\/uploads\/410273143_10230578348219824_3663735131259813259_n-e1702510287892.jpg?fit=1200%2C840&ssl=1","jetpack_sharing_enabled":true,"jetpack_shortlink":"https:\/\/wp.me\/p8qtrQ-93M","jetpack-related-posts":[{"id":3015,"url":"https:\/\/larevistadigital.com.ar\/blog\/chascomus-jorge-brucetta-resalto-que-el-domingo-13-hay-paso-en-cambiemos-entre-la-ucr-y-el-pro-y-no-una-interna-radical\/","url_meta":{"origin":34830,"position":0},"title":"CHASCOM\u00daS: JORGE BRUCETTA RESALT\u00d3 QUE \u00abEL DOMINGO 13 HAY PASO EN CAMBIEMOS ENTRE LA UCR Y EL PRO, Y NO UNA INTERNA RADICAL\u00bb","author":"Alejandro Sosa Ruda","date":"6 agosto, 2017","format":false,"excerpt":"El Presidente de la UCR local asegur\u00f3 con firmeza que \u201cEl domingo 13 en Chascom\u00fas hay PASO en Cambiemos entre la UCR y el PRO, no una interna radical\u201d En declaraciones period\u00edsticas, \u00a0el Presidente de la UCR de Chascom\u00fas, Jorge Brucetta record\u00f3 que el pr\u00f3ximo domingo 13 de agosto no\u2026","rel":"","context":"En \u00abCHASCOM\u00daS\u00bb","block_context":{"text":"CHASCOM\u00daS","link":"https:\/\/larevistadigital.com.ar\/blog\/category\/chascomus\/"},"img":{"alt_text":"","src":"https:\/\/i0.wp.com\/larevistadigital.com.ar\/blog\/wp-content\/uploads\/2017\/08\/12792206_519174541589315_2556223910099242137_o.jpg?fit=1200%2C748&ssl=1&resize=350%2C200","width":350,"height":200,"srcset":"https:\/\/i0.wp.com\/larevistadigital.com.ar\/blog\/wp-content\/uploads\/2017\/08\/12792206_519174541589315_2556223910099242137_o.jpg?fit=1200%2C748&ssl=1&resize=350%2C200 1x, https:\/\/i0.wp.com\/larevistadigital.com.ar\/blog\/wp-content\/uploads\/2017\/08\/12792206_519174541589315_2556223910099242137_o.jpg?fit=1200%2C748&ssl=1&resize=525%2C300 1.5x, https:\/\/i0.wp.com\/larevistadigital.com.ar\/blog\/wp-content\/uploads\/2017\/08\/12792206_519174541589315_2556223910099242137_o.jpg?fit=1200%2C748&ssl=1&resize=700%2C400 2x, https:\/\/i0.wp.com\/larevistadigital.com.ar\/blog\/wp-content\/uploads\/2017\/08\/12792206_519174541589315_2556223910099242137_o.jpg?fit=1200%2C748&ssl=1&resize=1050%2C600 3x"},"classes":[]},{"id":27725,"url":"https:\/\/larevistadigital.com.ar\/blog\/chascomus-se-brindara-una-interesante-charla-de-salud-organizada-por-la-la-ucr-en-la-bancaria\/","url_meta":{"origin":34830,"position":1},"title":"CHASCOM\u00daS: SE BRINDAR\u00c1 UNA INTERESANTE CHARLA DE SALUD, ORGANIZADA POR LA LA UCR EN LA BANCARIA","author":"Alejandro Sosa Ruda","date":"13 septiembre, 2022","format":false,"excerpt":"La charla estar\u00e1 a cargo de la doctora Viviana Bernabei, Secretaria de Salud de Gral. Pueyrred\u00f3n. Tambi\u00e9n los integrantes de la \"Mesa de Salud\" de la UCR. 13 de septiembre de 2022 CHASCOM\u00daS -\u00a0 Desde la \"Mesa de Salud\" de la UCR local, se invita a la poblaci\u00f3n a participar\u2026","rel":"","context":"En \u00abPOLITICA LOCAL\u00bb","block_context":{"text":"POLITICA LOCAL","link":"https:\/\/larevistadigital.com.ar\/blog\/category\/politica\/politica-local\/"},"img":{"alt_text":"","src":"https:\/\/i0.wp.com\/larevistadigital.com.ar\/blog\/wp-content\/uploads\/WhatsApp-Image-2022-09-13-at-10.26.27.jpeg?fit=1200%2C1200&ssl=1&resize=350%2C200","width":350,"height":200,"srcset":"https:\/\/i0.wp.com\/larevistadigital.com.ar\/blog\/wp-content\/uploads\/WhatsApp-Image-2022-09-13-at-10.26.27.jpeg?fit=1200%2C1200&ssl=1&resize=350%2C200 1x, https:\/\/i0.wp.com\/larevistadigital.com.ar\/blog\/wp-content\/uploads\/WhatsApp-Image-2022-09-13-at-10.26.27.jpeg?fit=1200%2C1200&ssl=1&resize=525%2C300 1.5x, https:\/\/i0.wp.com\/larevistadigital.com.ar\/blog\/wp-content\/uploads\/WhatsApp-Image-2022-09-13-at-10.26.27.jpeg?fit=1200%2C1200&ssl=1&resize=700%2C400 2x, https:\/\/i0.wp.com\/larevistadigital.com.ar\/blog\/wp-content\/uploads\/WhatsApp-Image-2022-09-13-at-10.26.27.jpeg?fit=1200%2C1200&ssl=1&resize=1050%2C600 3x"},"classes":[]},{"id":28773,"url":"https:\/\/larevistadigital.com.ar\/blog\/video-las-10-preguntas-para-los-candidatos-que-disputan-la-presidencia-de-la-ucr-de-chascomus\/","url_meta":{"origin":34830,"position":2},"title":"[VIDEO] LAS 10 PREGUNTAS PARA LOS CANDIDATOS QUE DISPUTAN LA PRESIDENCIA DE LA UCR DE CHASCOM\u00daS.","author":"Alejandro Sosa Ruda","date":"4 noviembre, 2022","format":false,"excerpt":"Un \"picante\" cuestionario, en el que opinaron de distintos temas como por ejemplo la participaci\u00f3n de algunos dirigentes en el gobierno de Alberto Fern\u00e1ndez, o con quien acordar\u00edan a nivel local o no, o si le har\u00edan interna a Ramiro Ferrante. 4 de noviembre de 2022 La Revista Digital presenta\u2026","rel":"","context":"En \u00abDESTACADAS\u00bb","block_context":{"text":"DESTACADAS","link":"https:\/\/larevistadigital.com.ar\/blog\/category\/destacadas\/"},"img":{"alt_text":"","src":"https:\/\/i0.wp.com\/larevistadigital.com.ar\/blog\/wp-content\/uploads\/ELECCIONES-UCR.jpg?fit=831%2C502&ssl=1&resize=350%2C200","width":350,"height":200,"srcset":"https:\/\/i0.wp.com\/larevistadigital.com.ar\/blog\/wp-content\/uploads\/ELECCIONES-UCR.jpg?fit=831%2C502&ssl=1&resize=350%2C200 1x, https:\/\/i0.wp.com\/larevistadigital.com.ar\/blog\/wp-content\/uploads\/ELECCIONES-UCR.jpg?fit=831%2C502&ssl=1&resize=525%2C300 1.5x, https:\/\/i0.wp.com\/larevistadigital.com.ar\/blog\/wp-content\/uploads\/ELECCIONES-UCR.jpg?fit=831%2C502&ssl=1&resize=700%2C400 2x"},"classes":[]},{"id":16666,"url":"https:\/\/larevistadigital.com.ar\/blog\/video-las-diez-preguntas-de-la-revista-digital-hoy-flavio-ponce-proximo-presidente-de-la-ucr-de-chascomus\/","url_meta":{"origin":34830,"position":3},"title":"[VIDEO] LAS DIEZ PREGUNTAS DE LA REVISTA DIGITAL: HOY FLAVIO PONCE, PROXIMO PRESIDENTE DE LA UCR DE CHASCOM\u00daS","author":"Alejandro Sosa Ruda","date":"2 octubre, 2020","format":false,"excerpt":"Extrenamos una nueva secci\u00f3n semanal, que se trata de una especie de ping pong de 10 preguntas en video, a distintos personajes de actualidad. Hoy empezamos con quien presidir\u00e1 la UCR de Chascom\u00fas, Flavio Ponce, que se prest\u00f3 a la requisitoria. Aqu\u00ed el video, que adem\u00e1s subimos a nuestro canal\u2026","rel":"","context":"En \u00abDESTACADAS\u00bb","block_context":{"text":"DESTACADAS","link":"https:\/\/larevistadigital.com.ar\/blog\/category\/destacadas\/"},"img":{"alt_text":"","src":"https:\/\/i0.wp.com\/larevistadigital.com.ar\/blog\/wp-content\/uploads\/FLAVIO-PONCE-REPORTAJE.jpg?fit=1000%2C1007&ssl=1&resize=350%2C200","width":350,"height":200,"srcset":"https:\/\/i0.wp.com\/larevistadigital.com.ar\/blog\/wp-content\/uploads\/FLAVIO-PONCE-REPORTAJE.jpg?fit=1000%2C1007&ssl=1&resize=350%2C200 1x, https:\/\/i0.wp.com\/larevistadigital.com.ar\/blog\/wp-content\/uploads\/FLAVIO-PONCE-REPORTAJE.jpg?fit=1000%2C1007&ssl=1&resize=525%2C300 1.5x, https:\/\/i0.wp.com\/larevistadigital.com.ar\/blog\/wp-content\/uploads\/FLAVIO-PONCE-REPORTAJE.jpg?fit=1000%2C1007&ssl=1&resize=700%2C400 2x"},"classes":[]},{"id":4194,"url":"https:\/\/larevistadigital.com.ar\/blog\/chascomus-implosiono-la-ucr-lapidaria-carta-del-secretario-general-la-ucr-alfonsinismo\/","url_meta":{"origin":34830,"position":4},"title":"CHASCOM\u00daS: \u00bfIMPLOSION\u00d3 LA UCR?&#8230; LAPIDARIA CARTA DEL SECRETARIO GENERAL DE LA UCR CONTRA EL ALFONSINISMO","author":"Alejandro Sosa Ruda","date":"12 diciembre, 2017","format":false,"excerpt":"Luego de la puja por la presidencia del Concejo Deliberante, el Secretario General de la Uni\u00f3n C\u00edvica Radical, Flavio Ponce escribi\u00f3 un comunicado que a continuaci\u00f3n reproducimos, en el que muestra su indignaci\u00f3n para con sus \"correligionarios\" del MORENA, sector que responde a la diputada Liliana Denot, y al dirigente\u2026","rel":"","context":"En \u00abDESTACADAS\u00bb","block_context":{"text":"DESTACADAS","link":"https:\/\/larevistadigital.com.ar\/blog\/category\/destacadas\/"},"img":{"alt_text":"","src":"https:\/\/i0.wp.com\/larevistadigital.com.ar\/blog\/wp-content\/uploads\/2017\/12\/15540655_10211551417163941_5225436794095271720_o.jpg?fit=1200%2C675&ssl=1&resize=350%2C200","width":350,"height":200,"srcset":"https:\/\/i0.wp.com\/larevistadigital.com.ar\/blog\/wp-content\/uploads\/2017\/12\/15540655_10211551417163941_5225436794095271720_o.jpg?fit=1200%2C675&ssl=1&resize=350%2C200 1x, https:\/\/i0.wp.com\/larevistadigital.com.ar\/blog\/wp-content\/uploads\/2017\/12\/15540655_10211551417163941_5225436794095271720_o.jpg?fit=1200%2C675&ssl=1&resize=525%2C300 1.5x, https:\/\/i0.wp.com\/larevistadigital.com.ar\/blog\/wp-content\/uploads\/2017\/12\/15540655_10211551417163941_5225436794095271720_o.jpg?fit=1200%2C675&ssl=1&resize=700%2C400 2x, https:\/\/i0.wp.com\/larevistadigital.com.ar\/blog\/wp-content\/uploads\/2017\/12\/15540655_10211551417163941_5225436794095271720_o.jpg?fit=1200%2C675&ssl=1&resize=1050%2C600 3x"},"classes":[]},{"id":2503,"url":"https:\/\/larevistadigital.com.ar\/blog\/habra-internas-en-cambiemos-en-chascomus-aqui-las-dos-listas\/","url_meta":{"origin":34830,"position":5},"title":"CHASCOM\u00daS: HABR\u00c1 INTERNAS EN CAMBIEMOS . AQU\u00cd LAS DOS LISTAS","author":"Alejandro Sosa Ruda","date":"25 junio, 2017","format":false,"excerpt":"Como se ve\u00eda venir, finalmente en el distrito de Chascom\u00fas habr\u00e1 elecciones internas para definir qui\u00e9nes son los que encabezan las listas de Cambiemos en octubre. Las discusiones y deliberaciones finalmente no fueron tan largas, porque el principal problema que se present\u00f3 fue la disputa por qui\u00e9n encabezaba la lista,\u2026","rel":"","context":"En \u00abCHASCOM\u00daS\u00bb","block_context":{"text":"CHASCOM\u00daS","link":"https:\/\/larevistadigital.com.ar\/blog\/category\/chascomus\/"},"img":{"alt_text":"","src":"https:\/\/i0.wp.com\/larevistadigital.com.ar\/blog\/wp-content\/uploads\/2017\/06\/cambiemos-pablo.jpg?fit=950%2C712&ssl=1&resize=350%2C200","width":350,"height":200,"srcset":"https:\/\/i0.wp.com\/larevistadigital.com.ar\/blog\/wp-content\/uploads\/2017\/06\/cambiemos-pablo.jpg?fit=950%2C712&ssl=1&resize=350%2C200 1x, https:\/\/i0.wp.com\/larevistadigital.com.ar\/blog\/wp-content\/uploads\/2017\/06\/cambiemos-pablo.jpg?fit=950%2C712&ssl=1&resize=525%2C300 1.5x, https:\/\/i0.wp.com\/larevistadigital.com.ar\/blog\/wp-content\/uploads\/2017\/06\/cambiemos-pablo.jpg?fit=950%2C712&ssl=1&resize=700%2C400 2x"},"classes":[]}],"_links":{"self":[{"href":"https:\/\/larevistadigital.com.ar\/blog\/wp-json\/wp\/v2\/posts\/34830","targetHints":{"allow":["GET"]}}],"collection":[{"href":"https:\/\/larevistadigital.com.ar\/blog\/wp-json\/wp\/v2\/posts"}],"about":[{"href":"https:\/\/larevistadigital.com.ar\/blog\/wp-json\/wp\/v2\/types\/post"}],"author":[{"embeddable":true,"href":"https:\/\/larevistadigital.com.ar\/blog\/wp-json\/wp\/v2\/users\/3"}],"replies":[{"embeddable":true,"href":"https:\/\/larevistadigital.com.ar\/blog\/wp-json\/wp\/v2\/comments?post=34830"}],"version-history":[{"count":3,"href":"https:\/\/larevistadigital.com.ar\/blog\/wp-json\/wp\/v2\/posts\/34830\/revisions"}],"predecessor-version":[{"id":34835,"href":"https:\/\/larevistadigital.com.ar\/blog\/wp-json\/wp\/v2\/posts\/34830\/revisions\/34835"}],"wp:featuredmedia":[{"embeddable":true,"href":"https:\/\/larevistadigital.com.ar\/blog\/wp-json\/wp\/v2\/media\/34832"}],"wp:attachment":[{"href":"https:\/\/larevistadigital.com.ar\/blog\/wp-json\/wp\/v2\/media?parent=34830"}],"wp:term":[{"taxonomy":"category","embeddable":true,"href":"https:\/\/larevistadigital.com.ar\/blog\/wp-json\/wp\/v2\/categories?post=34830"},{"taxonomy":"post_tag","embeddable":true,"href":"https:\/\/larevistadigital.com.ar\/blog\/wp-json\/wp\/v2\/tags?post=34830"}],"curies":[{"name":"wp","href":"https:\/\/api.w.org\/{rel}","templated":true}]}}