{"id":34837,"date":"2023-12-14T11:13:15","date_gmt":"2023-12-14T14:13:15","guid":{"rendered":"https:\/\/larevistadigital.com.ar\/blog\/?p=34837"},"modified":"2023-12-14T11:13:15","modified_gmt":"2023-12-14T14:13:15","slug":"la-canciller-diana-mondino-presento-en-el-palacio-san-martin-a-su-equipo-de-funcionarios","status":"publish","type":"post","link":"https:\/\/larevistadigital.com.ar\/blog\/la-canciller-diana-mondino-presento-en-el-palacio-san-martin-a-su-equipo-de-funcionarios\/","title":{"rendered":"LA CANCILLER DIANA MONDINO PRESENT\u00d3 EN EL PALACIO SAN MART\u00cdN A SU EQUIPO DE FUNCIONARIOS"},"content":{"rendered":"<p>14 de diciembre de 2023<\/p>\n<p>La\u00a0canciller <strong>Diana Mondino<\/strong>\u00a0present\u00f3 esta tarde en el Palacio San Mart\u00edn al equipo de autoridades que la acompa\u00f1ar\u00e1n en su gesti\u00f3n al frente del\u00a0Ministerio de Relaciones Exteriores, Comercio Internacional y Culto, y junto a ellos traz\u00f3 un detallado panorama de los alcances y desaf\u00edos de la pol\u00edtica exterior argentina a partir del gobierno del presidente Javier Milei.<\/p>\n<p>Con la presencia de funcionarios y personal de la Canciller\u00eda,\u00a0Mondino expres\u00f3 la necesidad de que, en esta nueva etapa, <strong><em>\u201cla Argentina pueda tener un rol much\u00edsimo m\u00e1s destacado, no solo en el \u00e1rea de relaciones internacionales, sino en el \u00e1rea de comercio exterior\u201d.<\/em><\/strong><\/p>\n<p>Luego de describir una situaci\u00f3n econ\u00f3mica \u201cextremadamente delicada\u201d,\u00a0Mondino confi\u00f3 en que<strong><em> \u201cArgentina pueda trabajar much\u00edsimo m\u00e1s que hasta ahora y para eso una herramienta fundamental ser\u00e1 justamente esta Canciller\u00eda. Si no exportamos no vamos a poder crecer: tenemos el potencial de producir, as\u00ed que nos vamos a acercar al mundo, con exportaciones pero sobre todo en integraci\u00f3n, en traer tecnolog\u00eda, y en poder mostrar la innovaci\u00f3n de las empresas argentinas. Vamos a tratar que lo m\u00e1s r\u00e1pido posible nuestra Canciller\u00eda nos represente en el mundo, nos acerque al mundo y nos integre lo m\u00e1s r\u00e1pido posible\u201d<\/em><\/strong>.<\/p>\n<p>En ese sentido, se\u00f1al\u00f3 adem\u00e1s: <em><strong>\u201cHay que desplegar los recursos que ya tiene el Ministerio, ustedes son esos recursos, vamos a tratar de potenciar al m\u00e1ximo a las personas que ya han tenido la experiencia, la preparaci\u00f3n, la capacitaci\u00f3n, y vamos a tratar de reducir todos los aspectos ideol\u00f3gicos\u201d<\/strong><\/em>. Y concluy\u00f3: <strong><em>\u201cCreo que vamos a lograr la mejor Canciller\u00eda que Argentina nunca pudo ver\u201d.<\/em><\/strong><\/p>\n<p>El nuevo equipo de autoridades de la Canciller\u00eda argentina est\u00e1 conformado por diplom\u00e1ticos de carrera que ocuparon cargos de importancia tanto en el ministerio como en embajadas y consulados de nuestro pa\u00eds en exterior, y a ellos se suman funcionarios con experiencia y reconocidos antecedentes en el \u00e1mbito que van a presidir.<\/p>\n<h3>Entre los designados por Diana Mondino est\u00e1n:<\/h3>\n<p>Leopoldo Sahores, Secretario de Relaciones Exteriores (vicecanciller);<\/p>\n<p>Marcelo Cima, Secretario de Relaciones Econ\u00f3micas Internacionales;<\/p>\n<p>Ernesto Gaspari, Secretario de Coordinaci\u00f3n y Planificaci\u00f3n Exterior;<\/p>\n<p>Paola Di Chiaro, Secretaria de Malvinas, Ant\u00e1rtida y Atl\u00e1ntico Sur;<\/p>\n<p>Federico Barttfeld, Jefe del Gabinete de asesores de la canciller Mondino.<\/p>\n","protected":false},"excerpt":{"rendered":"<div class=\"mh-excerpt\"><p>14 de diciembre de 2023 La\u00a0canciller Diana Mondino\u00a0present\u00f3 esta tarde en el Palacio San Mart\u00edn al equipo de autoridades que la acompa\u00f1ar\u00e1n en su gesti\u00f3n al frente del\u00a0Ministerio de Relaciones Exteriores, Comercio Internacional y Culto, <a class=\"mh-excerpt-more\" href=\"https:\/\/larevistadigital.com.ar\/blog\/la-canciller-diana-mondino-presento-en-el-palacio-san-martin-a-su-equipo-de-funcionarios\/\" title=\"LA CANCILLER DIANA MONDINO PRESENT\u00d3 EN EL PALACIO SAN MART\u00cdN A SU EQUIPO DE FUNCIONARIOS\">[Leer M\u00e1s]<\/a><\/p>\n<\/div>","protected":false},"author":3,"featured_media":34838,"comment_status":"open","ping_status":"open","sticky":false,"template":"","format":"standard","meta":{"_jetpack_memberships_contains_paid_content":false,"footnotes":"","jetpack_publicize_message":"","jetpack_publicize_feature_enabled":true,"jetpack_social_post_already_shared":true,"jetpack_social_options":{"image_generator_settings":{"template":"highway","default_image_id":0,"font":"","enabled":false},"version":2}},"categories":[50],"tags":[],"class_list":{"0":"post-34837","1":"post","2":"type-post","3":"status-publish","4":"format-standard","5":"has-post-thumbnail","7":"category-interes-general"},"jetpack_publicize_connections":[],"jetpack_featured_media_url":"https:\/\/i0.wp.com\/larevistadigital.com.ar\/blog\/wp-content\/uploads\/z231213c-2-scaled.jpg?fit=2560%2C2131&ssl=1","jetpack_sharing_enabled":true,"jetpack_shortlink":"https:\/\/wp.me\/p8qtrQ-93T","jetpack-related-posts":[{"id":37638,"url":"https:\/\/larevistadigital.com.ar\/blog\/milei-echo-a-otro-funcionario-del-gobierno-ahora-mondino-afuera\/","url_meta":{"origin":34837,"position":0},"title":"Milei ech\u00f3 a otro funcionario del gobierno: Ahora Mondino&#8230;\u00a1Afuera!","author":"Alejandro Sosa Ruda","date":"30 octubre, 2024","format":false,"excerpt":"Aseguran que Diana Mondino fue despedida por no reflejar \"Los valores de la libertad\". Aqu\u00ed el comunicado oficial. 30 de Octubre de 2024 Luego que la noticia corri\u00f3 como un reguero de p\u00f3lvora, el gobierno emiti\u00f3 un comunicado donde confirmaba oficialmente el despido de la Canciller Diana Mondino, de gran\u2026","rel":"","context":"En \u00abDESTACADAS\u00bb","block_context":{"text":"DESTACADAS","link":"https:\/\/larevistadigital.com.ar\/blog\/category\/destacadas\/"},"img":{"alt_text":"","src":"https:\/\/i0.wp.com\/larevistadigital.com.ar\/blog\/wp-content\/uploads\/MILEI-Y-MONDINO.png?fit=572%2C447&ssl=1&resize=350%2C200","width":350,"height":200,"srcset":"https:\/\/i0.wp.com\/larevistadigital.com.ar\/blog\/wp-content\/uploads\/MILEI-Y-MONDINO.png?fit=572%2C447&ssl=1&resize=350%2C200 1x, https:\/\/i0.wp.com\/larevistadigital.com.ar\/blog\/wp-content\/uploads\/MILEI-Y-MONDINO.png?fit=572%2C447&ssl=1&resize=525%2C300 1.5x"},"classes":[]},{"id":34883,"url":"https:\/\/larevistadigital.com.ar\/blog\/intensa-agenda-de-la-canciller-mondino-en-francia\/","url_meta":{"origin":34837,"position":1},"title":"INTENSA AGENDA DE LA CANCILLER MONDINO EN FRANCIA","author":"Alejandro Sosa Ruda","date":"21 diciembre, 2023","format":false,"excerpt":"Paris, FRANCIA -\u00a0 Tras su arribo ayer\u00a0por a la tarde en la ciudad de Par\u00eds, la canciller Diana Mondino mantuvo un encuentro Emmanuel Bonne, Consejero diplom\u00e1tico de Emmanuel Macron, y se reuni\u00f3 con autoridades de Eramet, gigante del litio que invertir\u00e1 m\u00e1s de 800 millones de d\u00f3lares en Salta. En\u2026","rel":"","context":"En \u00abINTERES GENERAL\u00bb","block_context":{"text":"INTERES GENERAL","link":"https:\/\/larevistadigital.com.ar\/blog\/category\/interes-general\/"},"img":{"alt_text":"","src":"https:\/\/i0.wp.com\/larevistadigital.com.ar\/blog\/wp-content\/uploads\/mondino_en_francia.jpg?fit=1200%2C1174&ssl=1&resize=350%2C200","width":350,"height":200,"srcset":"https:\/\/i0.wp.com\/larevistadigital.com.ar\/blog\/wp-content\/uploads\/mondino_en_francia.jpg?fit=1200%2C1174&ssl=1&resize=350%2C200 1x, https:\/\/i0.wp.com\/larevistadigital.com.ar\/blog\/wp-content\/uploads\/mondino_en_francia.jpg?fit=1200%2C1174&ssl=1&resize=525%2C300 1.5x, https:\/\/i0.wp.com\/larevistadigital.com.ar\/blog\/wp-content\/uploads\/mondino_en_francia.jpg?fit=1200%2C1174&ssl=1&resize=700%2C400 2x, https:\/\/i0.wp.com\/larevistadigital.com.ar\/blog\/wp-content\/uploads\/mondino_en_francia.jpg?fit=1200%2C1174&ssl=1&resize=1050%2C600 3x"},"classes":[]},{"id":33740,"url":"https:\/\/larevistadigital.com.ar\/blog\/cafiero-cascos-blancos-es-un-pilar-de-la-politica-exterior-argentina\/","url_meta":{"origin":34837,"position":2},"title":"CAFIERO: \u201cCASCOS BLANCOS ES UN PILAR DE LA POL\u00cdTICA EXTERIOR ARGENTINA\u201d","author":"Alejandro Sosa Ruda","date":"3 octubre, 2023","format":false,"excerpt":"Se present\u00f3 e el Palacio San Mart\u00edn un libro que recopila 30 a\u00f1os de labor humanitaria de la Comisi\u00f3n de Cascos Blancos. 3 de Octubre de 2023 El canciller\u00a0Santiago Cafiero\u00a0encabez\u00f3 hoy junto a la Presidenta de la Agencia Argentina de Cooperaci\u00f3n Internacional y Asistencia Humanitaria \u2013 Cascos Blancos (ACIAH),\u00a0Sabina Frederic,\u2026","rel":"","context":"En \u00abINTERES GENERAL\u00bb","block_context":{"text":"INTERES GENERAL","link":"https:\/\/larevistadigital.com.ar\/blog\/category\/interes-general\/"},"img":{"alt_text":"","src":"https:\/\/i0.wp.com\/larevistadigital.com.ar\/blog\/wp-content\/uploads\/30_anos_de_cacsos_blancis_0.jpg?fit=1200%2C693&ssl=1&resize=350%2C200","width":350,"height":200,"srcset":"https:\/\/i0.wp.com\/larevistadigital.com.ar\/blog\/wp-content\/uploads\/30_anos_de_cacsos_blancis_0.jpg?fit=1200%2C693&ssl=1&resize=350%2C200 1x, https:\/\/i0.wp.com\/larevistadigital.com.ar\/blog\/wp-content\/uploads\/30_anos_de_cacsos_blancis_0.jpg?fit=1200%2C693&ssl=1&resize=525%2C300 1.5x, https:\/\/i0.wp.com\/larevistadigital.com.ar\/blog\/wp-content\/uploads\/30_anos_de_cacsos_blancis_0.jpg?fit=1200%2C693&ssl=1&resize=700%2C400 2x, https:\/\/i0.wp.com\/larevistadigital.com.ar\/blog\/wp-content\/uploads\/30_anos_de_cacsos_blancis_0.jpg?fit=1200%2C693&ssl=1&resize=1050%2C600 3x"},"classes":[]},{"id":34739,"url":"https:\/\/larevistadigital.com.ar\/blog\/luis-petri-sera-el-ministro-de-defensa-del-gobierno-de-milei\/","url_meta":{"origin":34837,"position":3},"title":"LUIS PETRI SER\u00c1 EL MINISTRO DE DEFENSA DEL GOBIERNO DE MILEI","author":"Alejandro Sosa Ruda","date":"4 diciembre, 2023","format":false,"excerpt":"El presidente electo confirm\u00f3 que el dirigente radical estar\u00e1 al frente de la cartera que hoy conduce Jorge Taiana. \u201cLa f\u00f3rmula completa de Juntos por el Cambio ha quedado integrada al gobierno\u201d, inform\u00f3 la oficina del presidente electo. 4 de Diciembre de 2023 La f\u00f3rmula presidencial de Juntos por el\u2026","rel":"","context":"En \u00abINTERES GENERAL\u00bb","block_context":{"text":"INTERES GENERAL","link":"https:\/\/larevistadigital.com.ar\/blog\/category\/interes-general\/"},"img":{"alt_text":"","src":"https:\/\/i0.wp.com\/larevistadigital.com.ar\/blog\/wp-content\/uploads\/Captura-de-pantalla-2023-12-04-170029.png?fit=800%2C511&ssl=1&resize=350%2C200","width":350,"height":200,"srcset":"https:\/\/i0.wp.com\/larevistadigital.com.ar\/blog\/wp-content\/uploads\/Captura-de-pantalla-2023-12-04-170029.png?fit=800%2C511&ssl=1&resize=350%2C200 1x, https:\/\/i0.wp.com\/larevistadigital.com.ar\/blog\/wp-content\/uploads\/Captura-de-pantalla-2023-12-04-170029.png?fit=800%2C511&ssl=1&resize=525%2C300 1.5x, https:\/\/i0.wp.com\/larevistadigital.com.ar\/blog\/wp-content\/uploads\/Captura-de-pantalla-2023-12-04-170029.png?fit=800%2C511&ssl=1&resize=700%2C400 2x"},"classes":[]},{"id":34632,"url":"https:\/\/larevistadigital.com.ar\/blog\/que-presidentes-estaran-en-la-asuncion-de-javier-milei\/","url_meta":{"origin":34837,"position":4},"title":"\u00bfQU\u00c9 PRESIDENTES ESTAR\u00c1N EN LA ASUNCI\u00d3N DE JAVIER MILEI?","author":"Alejandro Sosa Ruda","date":"26 noviembre, 2023","format":false,"excerpt":"Esta semana siguieron los encuentros del equipo entrante con los ministros que se van. Que confirmar d\u00f3nde serpa la entrega del mando. 26 de Noviembre de 2023 A 15 d\u00edas de la asunci\u00f3n de Javier Milei como presidente, el gobierno saliente de Alberto Fern\u00e1ndez\u00a0y el entrante mantuvieron esta semana distintas\u2026","rel":"","context":"En \u00abINTERES GENERAL\u00bb","block_context":{"text":"INTERES GENERAL","link":"https:\/\/larevistadigital.com.ar\/blog\/category\/interes-general\/"},"img":{"alt_text":"","src":"https:\/\/i0.wp.com\/larevistadigital.com.ar\/blog\/wp-content\/uploads\/Captura-de-pantalla-2023-11-26-133234.png?fit=834%2C509&ssl=1&resize=350%2C200","width":350,"height":200,"srcset":"https:\/\/i0.wp.com\/larevistadigital.com.ar\/blog\/wp-content\/uploads\/Captura-de-pantalla-2023-11-26-133234.png?fit=834%2C509&ssl=1&resize=350%2C200 1x, https:\/\/i0.wp.com\/larevistadigital.com.ar\/blog\/wp-content\/uploads\/Captura-de-pantalla-2023-11-26-133234.png?fit=834%2C509&ssl=1&resize=525%2C300 1.5x, https:\/\/i0.wp.com\/larevistadigital.com.ar\/blog\/wp-content\/uploads\/Captura-de-pantalla-2023-11-26-133234.png?fit=834%2C509&ssl=1&resize=700%2C400 2x"},"classes":[]},{"id":32681,"url":"https:\/\/larevistadigital.com.ar\/blog\/cafiero-cuando-hablamos-de-malvinas-estamos-reivindicando-los-intereses-argentinos-en-el-mar\/","url_meta":{"origin":34837,"position":5},"title":"CAFIERO: \u201cCUANDO HABLAMOS DE MALVINAS ESTAMOS REIVINDICANDO LOS INTERESES ARGENTINOS EN EL MAR\u201d","author":"Alejandro Sosa Ruda","date":"31 julio, 2023","format":false,"excerpt":"El canciller\u00a0Santiago Cafiero\u00a0encabez\u00f3 hoy en el puerto de la ciudad de La Plata la apertura de la jornada especial \u201cLa Importancia Estrat\u00e9gica de los Recursos Marinos\u201d en el marco del\u00a0Mes de los Intereses Argentinos en el Mar. 31 de julio de 2023 En 2003, el Congreso Nacional sancion\u00f3 la Ley\u2026","rel":"","context":"En \u00abINTERES GENERAL\u00bb","block_context":{"text":"INTERES GENERAL","link":"https:\/\/larevistadigital.com.ar\/blog\/category\/interes-general\/"},"img":{"alt_text":"","src":"https:\/\/i0.wp.com\/larevistadigital.com.ar\/blog\/wp-content\/uploads\/puero_de_la_plata.jpg?fit=1200%2C800&ssl=1&resize=350%2C200","width":350,"height":200,"srcset":"https:\/\/i0.wp.com\/larevistadigital.com.ar\/blog\/wp-content\/uploads\/puero_de_la_plata.jpg?fit=1200%2C800&ssl=1&resize=350%2C200 1x, https:\/\/i0.wp.com\/larevistadigital.com.ar\/blog\/wp-content\/uploads\/puero_de_la_plata.jpg?fit=1200%2C800&ssl=1&resize=525%2C300 1.5x, https:\/\/i0.wp.com\/larevistadigital.com.ar\/blog\/wp-content\/uploads\/puero_de_la_plata.jpg?fit=1200%2C800&ssl=1&resize=700%2C400 2x, https:\/\/i0.wp.com\/larevistadigital.com.ar\/blog\/wp-content\/uploads\/puero_de_la_plata.jpg?fit=1200%2C800&ssl=1&resize=1050%2C600 3x"},"classes":[]}],"_links":{"self":[{"href":"https:\/\/larevistadigital.com.ar\/blog\/wp-json\/wp\/v2\/posts\/34837","targetHints":{"allow":["GET"]}}],"collection":[{"href":"https:\/\/larevistadigital.com.ar\/blog\/wp-json\/wp\/v2\/posts"}],"about":[{"href":"https:\/\/larevistadigital.com.ar\/blog\/wp-json\/wp\/v2\/types\/post"}],"author":[{"embeddable":true,"href":"https:\/\/larevistadigital.com.ar\/blog\/wp-json\/wp\/v2\/users\/3"}],"replies":[{"embeddable":true,"href":"https:\/\/larevistadigital.com.ar\/blog\/wp-json\/wp\/v2\/comments?post=34837"}],"version-history":[{"count":1,"href":"https:\/\/larevistadigital.com.ar\/blog\/wp-json\/wp\/v2\/posts\/34837\/revisions"}],"predecessor-version":[{"id":34839,"href":"https:\/\/larevistadigital.com.ar\/blog\/wp-json\/wp\/v2\/posts\/34837\/revisions\/34839"}],"wp:featuredmedia":[{"embeddable":true,"href":"https:\/\/larevistadigital.com.ar\/blog\/wp-json\/wp\/v2\/media\/34838"}],"wp:attachment":[{"href":"https:\/\/larevistadigital.com.ar\/blog\/wp-json\/wp\/v2\/media?parent=34837"}],"wp:term":[{"taxonomy":"category","embeddable":true,"href":"https:\/\/larevistadigital.com.ar\/blog\/wp-json\/wp\/v2\/categories?post=34837"},{"taxonomy":"post_tag","embeddable":true,"href":"https:\/\/larevistadigital.com.ar\/blog\/wp-json\/wp\/v2\/tags?post=34837"}],"curies":[{"name":"wp","href":"https:\/\/api.w.org\/{rel}","templated":true}]}}